{"id":1897846,"date":"2026-04-20T11:47:22","date_gmt":"2026-04-20T08:47:22","guid":{"rendered":"https:\/\/analyse.optim.biz\/?p=1897846"},"modified":"2026-04-20T11:47:22","modified_gmt":"2026-04-20T08:47:22","slug":"scandal-urias-in-politica-aur-cere-alegeri-anticipate-si-ataca-dur-guvernul-nu-vom-face-parte-dintr-un","status":"publish","type":"post","link":"https:\/\/analyse.optim.biz\/?p=1897846","title":{"rendered":"Scandal uria\u0219 \u00een politic\u0103. AUR cere alegeri anticipate \u0219i atac\u0103 dur Guvernul: \u201eNu vom face parte dintr-un&#8230;"},"content":{"rendered":"<p>[analyse_image type=&#8221;featured&#8221; src=&#8221;https:\/\/cdn.adh.reperio.news\/image-0\/082249bf-0062-41e3-83e0-c1f78532f452\/index.jpeg?p=f%3Djpeg%26w%3D1200%26h%3D630%26r%3Dcover&#8221;]<\/p>\n<article class=\"svelte-t0js42\">\n<nav>\n<ul class=\"breadcrump svelte-xauq0s\">\n<li class=\"svelte-xauq0s\"><a href=\"\/\" title=\"Adev\u0103rul\" class=\"svelte-xauq0s\">Home<\/a><\/li>\n<li class=\"svelte-xauq0s\"><a href=\"\/politica\" class=\"svelte-xauq0s\">Politic\u0103<\/a><\/li>\n<li class=\"svelte-xauq0s\"><a href=\"https:\/\/adevarul.ro\/politica\/scandal-urias-in-politica-aur-cere-alegeri-2523950.html\" class=\"svelte-xauq0s\">Scandal uria\u0219 \u00een politic\u0103. AUR cere alegeri anticipate \u0219i atac\u0103 dur Guvernul: \u201eNu vom face parte dintr-un guvern cu PSD sau cu PNL\u201d<\/a><\/li>\n<\/ul>\n<\/nav>\n<p><main class=\"svelte-t0js42\"><\/p>\n<p>George Simion a declarat, \u00eentr-o conferin\u021b\u0103 de pres\u0103 sus\u021binut\u0103 luni, 20 aprilie, c\u0103 AUR \u00ee\u0219i propune declan\u0219area de alegeri anticipate \u00een cazul unei crize politice. De asemenea, va sus\u021bine toate mo\u021biunile de cenzur\u0103 \u00eendreptate \u00eempotriva Guvernului.\u00a0<\/p>\n<div class=\"container-image  svelte-jd4qiv\"><source type=\"image\/webp\" srcset=\"https:\/\/cdn.adh.reperio.news\/image-0\/082249bf-0062-41e3-83e0-c1f78532f452\/index.jpeg?p=a%3D1%26co%3D1.05%26w%3D1400%26h%3D750%26r%3Dcontain%26f%3Dwebp 1400w\" media=\"(min-width: 1400px)\" \/><\/p>\n<div class=\"caption\">George Simion Foto: Inquam Photos<\/div>\n<\/div>\n<p><a href=\"https:\/\/adevarul.ro\/blogurile-adevarul\/cum-a-ajuns-aur-sa-faca-toate-jocurile-de-putere-2523943.html\">Liderul AUR\u00a0<\/a>a afirmat c\u0103 forma\u021biunea pe care o conduce urm\u0103re\u0219te \u201e<i>\u00eentoarcerea la rom\u00e2ni\u201d<\/i> \u0219i o posibil\u0103 reconfigurare a scenei politice prin alegeri anticipate.\u00a0<\/p>\n<p><i>\u201eNe dorim \u00eentoarcerea la rom\u00e2ni, ne dorim alegeri anticipate, cu siguran\u021b\u0103 vor ar\u0103ta alt\u0103 arhitectur\u0103 politic\u0103. (&#8230;)AUR nu va\u00a0face parte dintru-un guvern cu PSD sau cu PNL\u201d\u00a0,\u00a0<\/i>a declarat George Simion.<\/p>\n<div class=\"raw-block\"><iframe loading=\"lazy\" src=\"https:\/\/www.facebook.com\/plugins\/video.php?height=314&amp;href=https%3A%2F%2Fwww.facebook.com%2FpartidulAUR%2Fvideos%2F982433167795251%2F&amp;show_text=true&amp;width=390&amp;t=0\" width=\"560\" height=\"429\" frameborder allowfullscreen=\"true\" allow=\"autoplay; clipboard-write; encrypted-media; picture-in-picture; web-share\" class=\"facebook-iframe\"><\/iframe><\/div>\n<p>Totodat\u0103, Simion a precizat c\u0103 parlamentarii AUR vor vota orice mo\u021biune de cenzur\u0103 depus\u0103 \u00eempotriva guvernului \u0219i c\u0103 partidul va ini\u021bia la r\u00e2ndul s\u0103u o astfel de mo\u021biune<\/p>\n<p><i>\u00a0\u201eVom sus\u021bine mo\u021biunile de cenzur\u0103, vom depune propria mo\u021biune \u00een luna mai \u0219i vom vedea cum evolueaz\u0103 situa\u021bia\u201d,<\/i> a declarat Simion.<\/p>\n<p>Potrivit acestuia, AUR este deschis dialogului cu toate forma\u021biunile politice, subliniind disponibilitatea pentru discu\u021bii transparente \u201e<i>\u00een interesul cet\u0103\u021benilor\u201d.<\/i><\/p>\n<p>De asemenea, Simion a lansat critici la adresa pre\u0219edintelui Rom\u00e2niei, Nicu\u0219or Dan, pe care \u00eel acuz\u0103 c\u0103 ar dep\u0103\u0219i atribu\u021biile constitu\u021bionale prin pozi\u021bionarea \u00eempotriva accept\u0103rii unui premier sus\u021binut de AUR.<\/p>\n<p><i>\u201eCritic\u0103m \u00een termenii cei mai duri exprim\u0103rile pe care Nicu\u0219or Dan le-a avut \u00een ultima s\u0103pt\u0103m\u00e2n\u0103 fa\u021b\u0103 de Alian\u021ba pentru Unirea Rom\u00e2nilor\u2026 Nu este o pozi\u021bie demn\u0103 de pre\u0219edinte. Nicu\u0219or Dan \u00ee\u0219i dep\u0103\u0219e\u0219te atribu\u021biile\u201d,<\/i> a declarat Simion.<\/p>\n<p>Acesta a spus c\u0103 actuala coali\u021bie este\u00a0<i>\u201etoxic\u0103 pentru Rom\u00e2nia\u201d <\/i>\u0219i se va destr\u0103ma.<\/p>\n<p><i>\u00a0<\/i><i>\u201eE o problem\u0103 de zile, e o problem\u0103 de s\u0103pt\u0103m\u00e2ni. AUR nu este unealta unora \u0219i altora \u0219i nu ne vom implica \u00een certurile iresponsabile dintre ei<\/i>\u201d, a mai spus liderul AUR.\u00a0<\/p>\n<p>Reamitim c\u0103\u00a0<a href=\"https:\/\/adevarul.ro\/stiri-interne\/evenimente\/intrebarea-de-la-referendumul-psd-privind-2523894.html\">PSD urmeaz\u0103 s\u0103 decid\u0103\u00a0<\/a>luni sear\u0103 dac\u0103 \u00ee\u0219i retrage sprijinul pentru premierul Ilie Bolojan.\u00a0<\/p>\n<p>Sorin Grindeanu a declarat, la finalul \u0219edin\u021bei Biroului Permanent Na\u021bional, c\u0103 \u00eentrebarea adresat\u0103 membrilor partidului \u00een cadrul consult\u0103rii interne a fost adoptat\u0103 f\u0103r\u0103 nicio opozi\u021bie \u0219i reprezint\u0103 \u201eo chestiune pur tehnic\u0103\u201d.<\/p>\n<p><i>\u201eAv\u00e2nd \u00een vedere pr\u0103bu\u015firea economico-social\u0103 din ultimele 10 luni &#8211; cu recesiune, infla\u0163ie, afaceri care se \u00eenchid, \u015fomaj, sc\u0103derea investi\u0163iilor publice \u015fi a nivelului de trai, \u00een special pentru tineri, pentru pensionari \u015fi categoriile vulnerabile, plus lipsa dialogului real \u00een Coali\u0163ie \u015fi cu partenerii sociali: Considera\u0163i c\u0103 PSD trebuie s\u0103 \u00eei retrag\u0103 sprijinul politic prim-ministrului Ilie Bolojan?<\/i>\u201d &#8211; este \u00eentrebarea la care vor r\u0103spunde membrii PSD la referendumul intern de luni.\u00a0<\/p>\n<p><i>\u201e\u015eti\u0163i contextul \u015fi economic \u015fi social, e o \u00eentrebare pe care, a\u015fa cum am spus, am adoptat-o \u00een Biroul Permanent Na\u0163ional, f\u0103r\u0103 niciun vot \u00eempotriv\u0103\u201d<\/i>, a afirmat Sorin Grindeanu.<\/p>\n<p>Premierul Ilie Bolojan a transmis, \u00eens\u0103, c\u0103 nu inten\u021bioneaz\u0103 s\u0103 \u00ee\u0219i dea demisia.<\/p>\n<p><\/main><\/p>\n<footer class=\"svelte-t0js42\">\n<div class=\"related-wrap related-footer svelte-1t8qpgs\"><span class=\"related-label svelte-1t8qpgs\">Cite\u0219te \u0219i<\/span><a class=\"related svelte-1t8qpgs\" data-gtrack='{\"event\":\"utm_click\",\"data\":{\"event_category\":\"article_related\"}}' href=\"https:\/\/adevarul.ro\/politica\/guvernul-bolojan-la-mana-aur-va-accepta-george-2523831.html\" title=\"Alt articol de interes pentru tine\"><img decoding=\"async\" class=\"thumb svelte-1t8qpgs\" src=\"https:\/\/cdn.adh.reperio.news\/image-9\/9d0de302-6ec7-464a-8a57-4e30ce850e4d\/index.jpeg\" alt loading=\"lazy\" width=\"80\" height=\"54\"><span class=\"title svelte-1t8qpgs\">Guvernul Bolojan, la m\u00e2na AUR. Va accepta George Simion s\u0103-i ofere lui Sorin Grindeanu \u00abcapul\u00bb premierului pe tav\u0103?<\/span><\/a><a class=\"related svelte-1t8qpgs\" data-gtrack='{\"event\":\"utm_click\",\"data\":{\"event_category\":\"article_related\"}}' href=\"https:\/\/adevarul.ro\/politica\/presedintele-nicusor-dan-romania-se-afla-intr-un-2523898.html\" title=\"Alt articol de interes pentru tine\"><img decoding=\"async\" class=\"thumb svelte-1t8qpgs\" src=\"https:\/\/cdn.adh.reperio.news\/image-6\/6baf3091-805b-4086-b09f-5dd95b0e2935\/index.jpeg\" alt loading=\"lazy\" width=\"80\" height=\"54\"><span class=\"title svelte-1t8qpgs\">Pre\u0219edintele Nicu\u0219or Dan spune c\u0103 Rom\u00e2nia se afl\u0103 \u00eentr-un \u201er\u0103zboi informa\u021bional\u201d: \u201eCine are o educa\u021bie financiar\u0103 va \u0219ti c\u0103 nu exist\u0103 profit de 300%\u201d<\/span><\/a><a class=\"related svelte-1t8qpgs\" data-gtrack='{\"event\":\"utm_click\",\"data\":{\"event_category\":\"article_related\"}}' href=\"https:\/\/adevarul.ro\/blogurile-adevarul\/cum-a-ajuns-aur-sa-faca-toate-jocurile-de-putere-2523943.html\" title=\"Alt articol de interes pentru tine\"><img decoding=\"async\" class=\"thumb svelte-1t8qpgs\" src=\"https:\/\/cdn.adh.reperio.news\/image-a\/a20f7119-4130-43c5-856c-2a26e9185d60\/index.webp\" alt loading=\"lazy\" width=\"80\" height=\"54\"><span class=\"title svelte-1t8qpgs\">Cum a ajuns AUR s\u0103 fac\u0103 toate jocurile de putere<\/span><\/a><\/div>\n<div class=\"meta svelte-t0js42\">\n<div class=\"authors svelte-t0js42\"><a href=\"\/author\/1889\" rel=\"author\" class=\"svelte-t0js42\">Cornelia Mazilu<\/a><\/div>\n<div class=\"tags svelte-12okeyl\"><span class=\"tags-label metaFont svelte-12okeyl\">Cite\u0219te mai multe despre<\/span><\/p>\n<div class=\"tags-list svelte-12okeyl\"><a href=\"\/tag\/video\" title=\"Ultimele \u0219tiri despre video\" class=\"tag-pill svelte-12okeyl\">video<\/a><a href=\"\/tag\/psd\" title=\"Ultimele \u0219tiri despre psd\" class=\"tag-pill svelte-12okeyl\">psd<\/a><a href=\"\/tag\/aur\" title=\"Ultimele \u0219tiri despre aur\" class=\"tag-pill svelte-12okeyl\">aur<\/a><\/div>\n<\/div>\n<\/div>\n<p><a class=\"moreFromCategory svelte-t0js42\" href=\"\/politica\" title=\"Politic\u0103\">Mai multe din <strong class=\"svelte-t0js42\">Politic\u0103<\/strong> \u203a<\/a><\/footer>\n<\/article>\n<p>[analyse_source url=&#8221;https:\/\/adevarul.ro\/politica\/scandal-urias-in-politica-aur-cere-alegeri-2523950.html&#8221;]<\/p>\n","protected":false},"excerpt":{"rendered":"<p>[analyse_image type=&#8221;featured&#8221; src=&#8221;https:\/\/cdn.adh.reperio.news\/image-0\/082249bf-0062-41e3-83e0-c1f78532f452\/index.jpeg?p=f%3Djpeg%26w%3D1200%26h%3D630%26r%3Dcover&#8221;] Home Politic\u0103 Scandal uria\u0219 \u00een politic\u0103. AUR cere alegeri anticipate \u0219i atac\u0103 dur Guvernul: \u201eNu vom face parte dintr-un guvern cu PSD sau cu PNL\u201d George Simion a declarat, \u00eentr-o conferin\u021b\u0103 de pres\u0103 sus\u021binut\u0103 luni, 20 aprilie, c\u0103 AUR \u00ee\u0219i propune declan\u0219area de alegeri anticipate \u00een cazul unei crize politice. De asemenea, [&hellip;]<\/p>\n","protected":false},"author":1,"featured_media":0,"comment_status":"open","ping_status":"","sticky":false,"template":"","format":"standard","meta":{"footnotes":""},"categories":[89],"tags":[19,226],"class_list":["post-1897846","post","type-post","status-publish","format-standard","hentry","category-romania","tag-adevarul","tag-crawlmanager"],"_links":{"self":[{"href":"https:\/\/analyse.optim.biz\/index.php?rest_route=\/wp\/v2\/posts\/1897846","targetHints":{"allow":["GET"]}}],"collection":[{"href":"https:\/\/analyse.optim.biz\/index.php?rest_route=\/wp\/v2\/posts"}],"about":[{"href":"https:\/\/analyse.optim.biz\/index.php?rest_route=\/wp\/v2\/types\/post"}],"author":[{"embeddable":true,"href":"https:\/\/analyse.optim.biz\/index.php?rest_route=\/wp\/v2\/users\/1"}],"replies":[{"embeddable":true,"href":"https:\/\/analyse.optim.biz\/index.php?rest_route=%2Fwp%2Fv2%2Fcomments&post=1897846"}],"version-history":[{"count":0,"href":"https:\/\/analyse.optim.biz\/index.php?rest_route=\/wp\/v2\/posts\/1897846\/revisions"}],"wp:attachment":[{"href":"https:\/\/analyse.optim.biz\/index.php?rest_route=%2Fwp%2Fv2%2Fmedia&parent=1897846"}],"wp:term":[{"taxonomy":"category","embeddable":true,"href":"https:\/\/analyse.optim.biz\/index.php?rest_route=%2Fwp%2Fv2%2Fcategories&post=1897846"},{"taxonomy":"post_tag","embeddable":true,"href":"https:\/\/analyse.optim.biz\/index.php?rest_route=%2Fwp%2Fv2%2Ftags&post=1897846"}],"curies":[{"name":"wp","href":"https:\/\/api.w.org\/{rel}","templated":true}]}}