{"id":189780,"date":"2014-12-21T14:46:17","date_gmt":"2014-12-21T11:46:17","guid":{"rendered":"https:\/\/analyse.optim.biz\/?p=189780"},"modified":"2014-12-21T14:46:17","modified_gmt":"2014-12-21T11:46:17","slug":"comuna-in-care-aproape-toti-alegatorii-l-au-votat-pe-klaus-iohannis","status":"publish","type":"post","link":"https:\/\/analyse.optim.biz\/?p=189780","title":{"rendered":"Comuna \u00een care aproape to\u021bi aleg\u0103torii l-au votat pe Klaus Iohannis"},"content":{"rendered":"<div class=\"entry data-app-meta data-app-meta-article\" data-embed-base-url-canonical=\"https:\/\/www.digi24.ro\/embed\/stiri\/actualitate\/politica\/comuna-in-care-aproape-toti-alegatorii-l-au-votat-pe-klaus-iohannis-337899\">\n<p data-index=\"1\">Klaus Iohannis a ob\u0163inut 92,46 la sut\u0103 din voturi \u00een comuna Sic la scrutinul din 16 noiembrie. A fost cel mai mare procent ob\u0163inut de candidatul ACL din toat\u0103 \u0163ara. Locuitorii din Sic au v\u0103zut \u00een fostul primar al Sibiului un om care poate aduce o schimbare major\u0103 \u00een via\u0163a politic\u0103 rom\u00e2neasc\u0103, dar \u015fi un om care le-ar putea rezolva problemele.<\/p>\n<p data-index=\"2\">Filip Alexandru, reprezentant funda\u0163ie de promovare a tradi\u0163iilor: <strong>\u015ei pentru mine \u015fi pentru ceilal\u0163i oameni din Sic a fost surprinz\u0103tor pentru c\u0103 de\u015fi UDMR-ul \u00eendemna, \u00eendruma aleg\u0103torii s\u0103 voteze pe Ponta, toat\u0103 lumea din sat, 90 \u015fi ceva la sut\u0103 l-au votat totu\u015fi pe Iohannis. Toat\u0103 lumea a\u015fteapt\u0103 o schimbare \u00een plan financiar. Eu cred c\u0103 trebuie o schimbare \u00een plan cultural.<\/strong><\/p>\n<p data-index=\"3\">Dup\u0103 ce i-au demonstrat c\u0103 \u00eel sus\u0163in, oamenii \u00ee\u015fi doresc acum ca noul pre\u015fedinte s\u0103 ajung\u0103 \u015fi pe la ei prin comun\u0103.<\/p>\n<p data-index=\"4\">Ioan Sallai, primarul comunei Sic: <strong>Consilierii vor s\u0103 \u00eei fac\u0103 o invita\u0163ie, s\u0103 vin\u0103 la zilele comunei. O s\u0103 \u00eencerc s\u0103 fac \u015fi treaba asta. Sper c\u0103 o s\u0103 vin\u0103. Nu cred c\u0103 conteaz\u0103 foarte mult c\u0103 e minoritar. Cred c\u0103 e important s\u0103 fie un o corect. C\u0103 noi nu am sim\u0163it nicioadat\u0103 c\u0103 nu avem acelea\u015fi drepturi ca \u015fi concet\u0103\u0163enii no\u015ftrii rom\u00e2ni.<\/strong><\/p>\n<p data-index=\"5\">Autorit\u0103\u0163ile din Sic au \u015fi a\u015ftept\u0103ri de la noul pre\u015fedinte.<\/p>\n<p data-index=\"6\">Ioan Sallai, primarul comunei Sic: <strong>S\u0103 revin\u0103 acea 30-34% c\u00e2t s-ar reveni s\u0103 vin\u0103 direct la noi, s\u0103 nu mai treac\u0103 prin Consiuliul Jude\u0163ean, s\u0103 mai umbl\u0103m cu cioara vopsit\u0103 la toat\u0103 lumea s\u0103 ne dea fonduri. Investi\u0163ie mai mult\u0103. De exemplu a\u0163i v\u0103zut cum arat\u0103 drumul jude\u0163ean de la Gherla la Sic, de 22 de ani de c\u00e2nd sunt primar nu am reu\u015fit s\u0103 mergem s\u0103 fac\u0103 cineva \u015fi apar\u0163ine jude\u0163ului.<\/strong><\/p>\n<p data-index=\"7\">Comuna Sic are aproximativ 2.500 de locuitori, dintre care peste 93% sunt de etnie maghiar\u0103.<\/p>\n<\/div>\n<p> Source URL: https:\/\/www.digi24.ro\/stiri\/actualitate\/politica\/comuna-in-care-aproape-toti-alegatorii-l-au-votat-pe-klaus-iohannis-337899<\/p>\n","protected":false},"excerpt":{"rendered":"<p>Klaus Iohannis a ob\u0163inut 92,46 la sut\u0103 din voturi \u00een comuna Sic la scrutinul din 16 noiembrie. A fost cel mai mare procent ob\u0163inut de candidatul ACL din toat\u0103 \u0163ara. Locuitorii din Sic au v\u0103zut \u00een fostul primar al Sibiului un om care poate aduce o schimbare major\u0103 \u00een via\u0163a politic\u0103 rom\u00e2neasc\u0103, dar \u015fi un [&hellip;]<\/p>\n","protected":false},"author":1,"featured_media":189781,"comment_status":"open","ping_status":"","sticky":false,"template":"","format":"standard","meta":{"footnotes":""},"categories":[2],"tags":[11],"class_list":["post-189780","post","type-post","status-publish","format-standard","has-post-thumbnail","hentry","category-politics","tag-digi24"],"_links":{"self":[{"href":"https:\/\/analyse.optim.biz\/index.php?rest_route=\/wp\/v2\/posts\/189780","targetHints":{"allow":["GET"]}}],"collection":[{"href":"https:\/\/analyse.optim.biz\/index.php?rest_route=\/wp\/v2\/posts"}],"about":[{"href":"https:\/\/analyse.optim.biz\/index.php?rest_route=\/wp\/v2\/types\/post"}],"author":[{"embeddable":true,"href":"https:\/\/analyse.optim.biz\/index.php?rest_route=\/wp\/v2\/users\/1"}],"replies":[{"embeddable":true,"href":"https:\/\/analyse.optim.biz\/index.php?rest_route=%2Fwp%2Fv2%2Fcomments&post=189780"}],"version-history":[{"count":0,"href":"https:\/\/analyse.optim.biz\/index.php?rest_route=\/wp\/v2\/posts\/189780\/revisions"}],"wp:featuredmedia":[{"embeddable":true,"href":"https:\/\/analyse.optim.biz\/index.php?rest_route=\/wp\/v2\/media\/189781"}],"wp:attachment":[{"href":"https:\/\/analyse.optim.biz\/index.php?rest_route=%2Fwp%2Fv2%2Fmedia&parent=189780"}],"wp:term":[{"taxonomy":"category","embeddable":true,"href":"https:\/\/analyse.optim.biz\/index.php?rest_route=%2Fwp%2Fv2%2Fcategories&post=189780"},{"taxonomy":"post_tag","embeddable":true,"href":"https:\/\/analyse.optim.biz\/index.php?rest_route=%2Fwp%2Fv2%2Ftags&post=189780"}],"curies":[{"name":"wp","href":"https:\/\/api.w.org\/{rel}","templated":true}]}}