{"id":189777,"date":"2014-12-21T15:15:05","date_gmt":"2014-12-21T12:15:05","guid":{"rendered":"https:\/\/analyse.optim.biz\/?p=189777"},"modified":"2014-12-21T15:15:05","modified_gmt":"2014-12-21T12:15:05","slug":"klaus-iohannis-cheama-partidele-la-masa-dialogului-pentru-stabilirea-obiectivelor-de-tara","status":"publish","type":"post","link":"https:\/\/analyse.optim.biz\/?p=189777","title":{"rendered":"Klaus Iohannis cheam\u0103 partidele la \u201emasa dialogului\u201d\u00a0pentru stabilirea obiectivelor de\u00a0\u0163ar\u0103"},"content":{"rendered":"<div class=\"entry data-app-meta data-app-meta-article\" data-embed-base-url-canonical=\"https:\/\/www.digi24.ro\/embed\/stiri\/actualitate\/politica\/klaus-iohannis-cheama-partidele-la-masa-dialogului-pentru-stabilirea-obiectivelor-de-tara-337904\">\n<p data-index=\"1\"><img decoding=\"async\" src=\"https:\/\/analyse.optim.biz\/wp-content\/uploads\/2024\/09\/ymjhowm0otg5mwezzmmwytnmmwu4nduxyq-thumb_.jpg\" data-skip-htmlfix=\"1\" title=\"ymjhowm0otg5mwezzmmwytnmmwu4nduxyq-thumb_\"><\/p>\n<p data-index=\"2\"><strong>Klaus Iohannis<\/strong> a f\u0103cut aceast\u0103 precizare dup\u0103 ce a ar\u0103tat c\u0103 un capitol esen\u0163ial care trebuie reconstruit este &#8220;acela al marilor sisteme publice&#8221;, scrie Mediafax.<\/p>\n<p data-index=\"3\">&#8220;Va trebui s\u0103 ne uit\u0103m \u00een perspectiv\u0103, cum facem ca ele s\u0103 func\u0163ioneze, nu doar acum, ci peste una sau dou\u0103 genera\u0163ii&#8221;, a spus el.<\/p>\n<h2 id=\"highlight-337904-1\"><a href=\"https:\/\/www.digi24.ro\/Stiri\/Digi24\/Special\/COTROCENI+2014\/KLAUS+IOHANNIS+PRESEDINTE\" target=\"_blank\" data-skip-linkfix=\"1\" rel=\"noopener\"><span>Traian B\u0103sescu a predat mandatul. Klaus Iohannis este noul pre\u0219edinte al Rom\u00e2niei<\/span><\/a><\/h2>\n<p data-index=\"4\">Klaus Iohannis a declarat c\u0103 to\u0163i spun c\u0103 educa\u0163ia este o prioritate \u015fi c\u0103 se vrea reforma sistemului sanitar \u015fi a sistemului de pensii. \u201eDe\u015fi to\u0163i afirm\u0103m c\u0103 ni le dorim, totu\u015fi de ce nu le avem?\u201d, a spus el.<\/p>\n<p data-index=\"5\">\u201eCu aceste teme va trebui s\u0103 ne a\u015fez\u0103m la masa dialogului \u015fi \u00een jurul lor s\u0103 construim consens. \u00cen cel mai scurt timp<strong> voi chema la consult\u0103ri partidele politice<\/strong> pentru a decide \u00eempreun\u0103 pe trei chestiuni fundamentale: ce obiective de \u0163ar\u0103 ne asum\u0103m la aceste capitole, o modalitate de lucru \u015fi de dialog permanent \u015fi un calendar cu etape \u015fi ac\u0163iuni pentru a trece de la vorbe la fapte\u201d, a declarat pre\u015fedintele.<\/p>\n<\/div>\n<p> Source URL: https:\/\/www.digi24.ro\/stiri\/actualitate\/politica\/klaus-iohannis-cheama-partidele-la-masa-dialogului-pentru-stabilirea-obiectivelor-de-tara-337904<\/p>\n","protected":false},"excerpt":{"rendered":"<p>Klaus Iohannis a f\u0103cut aceast\u0103 precizare dup\u0103 ce a ar\u0103tat c\u0103 un capitol esen\u0163ial care trebuie reconstruit este &#8220;acela al marilor sisteme publice&#8221;, scrie Mediafax. &#8220;Va trebui s\u0103 ne uit\u0103m \u00een perspectiv\u0103, cum facem ca ele s\u0103 func\u0163ioneze, nu doar acum, ci peste una sau dou\u0103 genera\u0163ii&#8221;, a spus el. Traian B\u0103sescu a predat mandatul. [&hellip;]<\/p>\n","protected":false},"author":1,"featured_media":189778,"comment_status":"open","ping_status":"","sticky":false,"template":"","format":"standard","meta":{"footnotes":""},"categories":[2],"tags":[11],"class_list":["post-189777","post","type-post","status-publish","format-standard","has-post-thumbnail","hentry","category-politics","tag-digi24"],"_links":{"self":[{"href":"https:\/\/analyse.optim.biz\/index.php?rest_route=\/wp\/v2\/posts\/189777","targetHints":{"allow":["GET"]}}],"collection":[{"href":"https:\/\/analyse.optim.biz\/index.php?rest_route=\/wp\/v2\/posts"}],"about":[{"href":"https:\/\/analyse.optim.biz\/index.php?rest_route=\/wp\/v2\/types\/post"}],"author":[{"embeddable":true,"href":"https:\/\/analyse.optim.biz\/index.php?rest_route=\/wp\/v2\/users\/1"}],"replies":[{"embeddable":true,"href":"https:\/\/analyse.optim.biz\/index.php?rest_route=%2Fwp%2Fv2%2Fcomments&post=189777"}],"version-history":[{"count":0,"href":"https:\/\/analyse.optim.biz\/index.php?rest_route=\/wp\/v2\/posts\/189777\/revisions"}],"wp:featuredmedia":[{"embeddable":true,"href":"https:\/\/analyse.optim.biz\/index.php?rest_route=\/wp\/v2\/media\/189778"}],"wp:attachment":[{"href":"https:\/\/analyse.optim.biz\/index.php?rest_route=%2Fwp%2Fv2%2Fmedia&parent=189777"}],"wp:term":[{"taxonomy":"category","embeddable":true,"href":"https:\/\/analyse.optim.biz\/index.php?rest_route=%2Fwp%2Fv2%2Fcategories&post=189777"},{"taxonomy":"post_tag","embeddable":true,"href":"https:\/\/analyse.optim.biz\/index.php?rest_route=%2Fwp%2Fv2%2Ftags&post=189777"}],"curies":[{"name":"wp","href":"https:\/\/api.w.org\/{rel}","templated":true}]}}