{"id":1897672,"date":"2026-04-22T10:37:00","date_gmt":"2026-04-22T07:37:00","guid":{"rendered":"https:\/\/analyse.optim.biz\/?p=1897672"},"modified":"2026-04-22T10:37:00","modified_gmt":"2026-04-22T07:37:00","slug":"cauti-o-cresa-cu-program-prelungit-in-suceava-ce-este-util-sa-stii-despre-bambino","status":"publish","type":"post","link":"https:\/\/analyse.optim.biz\/?p=1897672","title":{"rendered":"Cau\u021bi o cre\u0219\u0103 cu program prelungit \u00een Suceava? Ce este util s\u0103 \u0219tii despre Bambino"},"content":{"rendered":"<p>[analyse_image type=&#8221;featured&#8221; src=&#8221;https:\/\/blogger.googleusercontent.com\/img\/a\/AVvXsEg3KZ1j5-01o_5PcW4uHXmjfVKNDXsqL8_RxYc3uyu1Heo72HHwMcl8U4ujwcNfoJHO7uMhZZo6_P1z4XNR6PXCZ3UNUJwOg0y4F2VKjrxQaaZRXlh7klAAvbsVBA-K0T4zngt2eIBjDuna_PLmRZ6iaYgeP8XkyCxRYcywrJ0UQSd4gshl87skxI8KqrWf=w1600&#8243;]<\/p>\n<div class=\"post-body entry-content\" id=\"post-body\">\n<div class=\"separator\"><a href=\"https:\/\/blogger.googleusercontent.com\/img\/a\/AVvXsEg3KZ1j5-01o_5PcW4uHXmjfVKNDXsqL8_RxYc3uyu1Heo72HHwMcl8U4ujwcNfoJHO7uMhZZo6_P1z4XNR6PXCZ3UNUJwOg0y4F2VKjrxQaaZRXlh7klAAvbsVBA-K0T4zngt2eIBjDuna_PLmRZ6iaYgeP8XkyCxRYcywrJ0UQSd4gshl87skxI8KqrWf\"><img decoding=\"async\" loading=\"lazy\" src=\"https:\/\/blogger.googleusercontent.com\/img\/a\/AVvXsEg3KZ1j5-01o_5PcW4uHXmjfVKNDXsqL8_RxYc3uyu1Heo72HHwMcl8U4ujwcNfoJHO7uMhZZo6_P1z4XNR6PXCZ3UNUJwOg0y4F2VKjrxQaaZRXlh7klAAvbsVBA-K0T4zngt2eIBjDuna_PLmRZ6iaYgeP8XkyCxRYcywrJ0UQSd4gshl87skxI8KqrWf=s16000-rw\"><\/a><\/div>\n<p><span>Primul an de colectivitate sperie pe mul\u021bi<br \/>\np\u0103rin\u021bi. De la teama de a nu alege locul potrivit \u0219i p\u00e2n\u0103 la emo\u021bia de a se<br \/>\nadapta la un alt ritm zilnic, orice p\u0103rinte \u0219tie ce provoc\u0103ri implic\u0103<br \/>\n\u00eenscrierea la cre\u0219\u0103.<\/span><\/p>\n<p class=\"MsoNormal\"><span lang=\"EN\">Cau\u021bi locuri disponibile pentru \u00eenscrierea la<\/span><span lang=\"EN\"><a href=\"https:\/\/www.bambinosuceava.ro\/\"><span>cresa Suceava<\/span><\/a><\/span><span lang=\"EN\">? Bambino are disponibilitate pentru \u00eenscrieri la grupa<br \/>\nbaby, pentru copii de 1-3 ani. Programul este prelungit, masa este asigurat\u0103,<br \/>\niar despre activit\u0103\u021bile pe care cei mici le pot experimenta, detaliem \u00een<br \/>\nr\u00e2ndurile ce urmeaz\u0103.<\/span><\/p>\n<p class=\"MsoNormal\"><b><span lang=\"EN\">Ce este de interes pentru orice p\u0103rinte la o<br \/>\ncre\u0219\u0103 cu program prelungit \u00een Suceava?<\/span><\/b><\/p>\n<p class=\"MsoNormal\"><span lang=\"EN\">Pentru p\u0103rin\u021bii activi, este mai practic s\u0103<br \/>\naleag\u0103 o cre\u0219\u0103 cu program prelungit. \u00cen felul acesta, ziua poate fi mai u\u0219or<br \/>\norganizat\u0103, exist\u0103 mai mult\u0103 flexibilitate pentru p\u0103rin\u021bi, iar copilul are un<br \/>\nprogram structurat. Se va adapta \u00een colectivitate cu toate etapele unei zile &#8211;<br \/>\nrutina de mas\u0103, de somn, joac\u0103 \u0219i distrac\u021bie.<\/span><\/p>\n<p class=\"MsoNormal\"><span lang=\"EN\">Pentru mul\u021bi p\u0103rin\u021bi, conteaz\u0103 \u0219i supravegherea<br \/>\nconstant\u0103, precum \u0219i transparen\u021ba \u00een rela\u021bia cu familia. Un alt aspect urm\u0103rit<br \/>\nde p\u0103rin\u021bi este posibilitatea de monitorizare, acolo unde acest lucru este<br \/>\ndisponibil conform regulilor interne. Personalul care lucreaz\u0103 cu copiii este<br \/>\natent \u0219i calificat. La Bambino, grupa baby beneficiaz\u0103 de un mediu organizat<br \/>\npentru v\u00e2rste mici.<\/span><\/p>\n<p class=\"MsoNormal\"><b><span lang=\"EN\">Ce face Bambino din Suceava diferit?<\/span><\/b><\/p>\n<p class=\"MsoNormal\"><span lang=\"EN\">Cum alegi un loc potrivit<br \/>\npentru acomodarea copilului la grupa baby? La Bambino, p\u0103rin\u021bii pot g\u0103si o<br \/>\nechip\u0103 de educatoare atente, empatice, care urm\u0103resc nevoile fiec\u0103rui copil.<br \/>\nGrupele sunt restr\u00e2nse, tocmai pentru a exista timp \u0219i aten\u021bie dedicate fiec\u0103rui<br \/>\ncopil.<\/span><\/p>\n<p class=\"MsoNormal\"><span lang=\"EN\">P\u0103rin\u021bii apreciaz\u0103 grija<br \/>\nconstant\u0103 \u0219i abordarea calm\u0103 \u00een rela\u021bia cu cei mici, loca\u021bia central\u0103 \u0219i u\u0219or<br \/>\naccesibil\u0103, programul variat \u0219i, nu \u00een ultimul r\u00e2nd, faptul c\u0103 \u0219tiu c\u0103 cei mici<br \/>\nsunt pe m\u00e2ini bune. Nu doar c\u0103 \u0219tiu, au acces la camerele de supraveghere,<br \/>\nastfel \u00eenc\u00e2t pot urm\u0103ri activitatea copilului.<\/span><\/p>\n<p class=\"MsoNormal\"><b><span lang=\"EN\">\u00centreb\u0103ri frecvente despre<br \/>\ncre\u0219\u0103<\/span><\/b><\/p>\n<p class=\"MsoNormal\"><span lang=\"EN\">\u00ce1: Este important ca un<br \/>\ncopil de la grupa baby s\u0103 se descurce singur la mas\u0103?<\/span><\/p>\n<p class=\"MsoNormal\"><span lang=\"EN\">R1: <span>\u00cencuraj\u0103m independen\u021ba fiec\u0103rui<br \/>\ncopil, dar \u00een\u021belegem c\u0103 la 1 an exist\u0103 multe provoc\u0103ri. Suntem al\u0103turi de<br \/>\ncopii, cu grij\u0103, sprijinindu-i la mas\u0103 \u0219i \u00een toate activit\u0103\u021bile desf\u0103\u0219urate,<br \/>\np\u00e2n\u0103 c\u00e2nd reu\u0219esc s\u0103 se descurce singuri.<\/span><\/span><\/p>\n<div class=\"separator\"><span lang=\"EN\"><span><a href=\"https:\/\/blogger.googleusercontent.com\/img\/a\/AVvXsEjmdUNcmTtfSFlBUwqXUMkTZ3EeEJrxLZGlMkrwumH4-jgagYY8a4eb4jSAhgzr72mjTGecfkAJ-P9tqfoCEWfeQvBhx2g5zQC53ulY9az7FKLkGEbkrxZPZofI5HbwEoeaBTIoD1IaPhH42Tk86IwhXg9cfR-I9YUWWEq9WPZxw9pYjBSdnxud5ZVWYjHF\"><img decoding=\"async\" loading=\"lazy\" src=\"https:\/\/blogger.googleusercontent.com\/img\/a\/AVvXsEjmdUNcmTtfSFlBUwqXUMkTZ3EeEJrxLZGlMkrwumH4-jgagYY8a4eb4jSAhgzr72mjTGecfkAJ-P9tqfoCEWfeQvBhx2g5zQC53ulY9az7FKLkGEbkrxZPZofI5HbwEoeaBTIoD1IaPhH42Tk86IwhXg9cfR-I9YUWWEq9WPZxw9pYjBSdnxud5ZVWYjHF=s16000-rw\"><\/a><\/span><\/span><\/div>\n<p><span lang=\"EN\"><span><br \/><\/span><\/span><\/p>\n<p class=\"MsoNormal\"><span lang=\"EN\">\u00ce2: Cum arat\u0103 programul<br \/>\ncopilului la<a href=\"https:\/\/www.bambinosuceava.ro\/grupe-cresa-si-gradinita-suceava\/\"><span>cresa program prelungit Suceava<\/span><\/a><\/span><span lang=\"EN\">?<\/span><\/p>\n<p class=\"MsoNormal\"><span lang=\"EN\">R2: O zi tipic\u0103 \u00eencepe cu<br \/>\nprimirea \u0219i acomodarea de diminea\u021b\u0103, continu\u0103 cu activit\u0103\u021bi potrivite v\u00e2rstei,<br \/>\ncu momente de joac\u0103 \u0219i socializare, apoi cu masa \u0219i timpul de odihn\u0103, urmate de<br \/>\nactivit\u0103\u021bi u\u0219oare de dup\u0103-amiaz\u0103, \u00eentr-un ritm adaptat copilului.<span> Activit\u0103\u021bile pot include, conform<br \/>\ninforma\u021biilor prezentate oficial, jocuri, mi\u0219care \u0219i exerci\u021bii de socializare.<br \/>\nCopiii de la toate grupele particip\u0103 zilnic \u0219i la activit\u0103\u021bi desf\u0103\u0219urate \u00een aer<br \/>\nliber.<\/span><\/span><\/p>\n<p class=\"MsoNormal\"><span lang=\"EN\">\u00ce3: Pot alege meniul<br \/>\ncopilului la cre\u0219\u0103?<\/span><\/p>\n<p class=\"MsoNormal\"><span lang=\"EN\">R3: <span>Meniul este realizat s\u0103pt\u0103m\u00e2nal,<br \/>\n\u021bine cont de necesit\u0103\u021bile nutri\u021bionale ale copiilor, este diversificat \u0219i<br \/>\ncalculat caloric, \u00eens\u0103 nu poate fi ales individual. La \u00eenscriere, p\u0103rin\u021bii sunt<br \/>\n\u00eencuraja\u021bi s\u0103 comunice detalii despre meniu, alergiile copilului, preferin\u021bele<br \/>\nlui etc.<\/span><\/span><\/p>\n<p class=\"MsoNormal\"><b><span lang=\"EN\">Mini-rezumat<\/span><\/b><\/p>\n<p class=\"MsoNormal\"><span lang=\"EN\">Cum se va adapta copilul<br \/>\nmeu la cre\u0219\u0103? Este una dintre temerile fire\u0219ti. La Bambino, adaptarea este<br \/>\ngratuit\u0103. Cu o bun\u0103 organizare, rutina pe care copilul o va avea, parcursul de<br \/>\nla primele zile emo\u021bionante p\u00e2n\u0103 la adaptarea complet\u0103 poate fi mai lin. Cadrele<br \/>\ndidactice de la Bambino se vor asigura de comunicare constant\u0103 cu p\u0103rin\u021bii.<\/span><\/p>\n<p class=\"MsoNormal\"><span lang=\"EN\">Dac\u0103 sunte\u021bi gata s\u0103<br \/>\n\u00eencepe\u021bi aventura la cre\u0219\u0103, s\u0103 vizita\u021bi loca\u021bia unde copilul va fi primit cu<br \/>\ndrag \u0219i c\u0103ldur\u0103, Bambino v\u0103 a\u0219teapt\u0103 \u00een Suceava, pe strada Alexandru Ienceanu<br \/>\n2A. Pentru detalii despre \u00eenscriere \u0219i program, contacta\u021bi echipa.<\/span><\/p>\n<p class=\"MsoNormal\"><span lang=\"EN\"><br \/><\/span><\/p>\n<p class=\"MsoNormal\"><span lang=\"EN\">Contact:<\/span><\/p>\n<p class=\"MsoNormal\"><span lang=\"EN\"><a href=\"https:\/\/maps.app.goo.gl\/gU9Yt88wnLgHuqWm6\"><span>Str.<br \/>\nAlexandru Ienceanu 2A, Suceava (vis-a-vis de Colegiul Na\u021bional &#8220;Petru<br \/>\nRare\u0219&#8221;)<\/span><\/a><\/span><\/p>\n<p class=\"MsoNormal\"><span lang=\"EN\">0748 979 521<\/span><\/p>\n<p class=\"MsoNormal\"><span lang=\"EN\">www.bambinosuceava.ro<\/span><\/p>\n<p class=\"MsoNormal\"><span lang=\"EN\">Surs\u0103 foto:<br \/>\nbambinosuceava.ro<\/span><\/p>\n<\/div>\n<div class=\"post-body entry-content\" id=\"post-body\">\n<div class=\"separator\"><a href=\"https:\/\/blogger.googleusercontent.com\/img\/a\/AVvXsEg3KZ1j5-01o_5PcW4uHXmjfVKNDXsqL8_RxYc3uyu1Heo72HHwMcl8U4ujwcNfoJHO7uMhZZo6_P1z4XNR6PXCZ3UNUJwOg0y4F2VKjrxQaaZRXlh7klAAvbsVBA-K0T4zngt2eIBjDuna_PLmRZ6iaYgeP8XkyCxRYcywrJ0UQSd4gshl87skxI8KqrWf\"><img decoding=\"async\" loading=\"lazy\" src=\"https:\/\/blogger.googleusercontent.com\/img\/a\/AVvXsEg3KZ1j5-01o_5PcW4uHXmjfVKNDXsqL8_RxYc3uyu1Heo72HHwMcl8U4ujwcNfoJHO7uMhZZo6_P1z4XNR6PXCZ3UNUJwOg0y4F2VKjrxQaaZRXlh7klAAvbsVBA-K0T4zngt2eIBjDuna_PLmRZ6iaYgeP8XkyCxRYcywrJ0UQSd4gshl87skxI8KqrWf=s16000-rw\"><\/a><\/div>\n<p><span>Primul an de colectivitate sperie pe mul\u021bi<br \/>\np\u0103rin\u021bi. De la teama de a nu alege locul potrivit \u0219i p\u00e2n\u0103 la emo\u021bia de a se<br \/>\nadapta la un alt ritm zilnic, orice p\u0103rinte \u0219tie ce provoc\u0103ri implic\u0103<br \/>\n\u00eenscrierea la cre\u0219\u0103.<\/span><\/p>\n<p class=\"MsoNormal\"><span lang=\"EN\">Cau\u021bi locuri disponibile pentru \u00eenscrierea la<\/span><span lang=\"EN\"><a href=\"https:\/\/www.bambinosuceava.ro\/\"><span>cresa Suceava<\/span><\/a><\/span><span lang=\"EN\">? Bambino are disponibilitate pentru \u00eenscrieri la grupa<br \/>\nbaby, pentru copii de 1-3 ani. Programul este prelungit, masa este asigurat\u0103,<br \/>\niar despre activit\u0103\u021bile pe care cei mici le pot experimenta, detaliem \u00een<br \/>\nr\u00e2ndurile ce urmeaz\u0103.<\/span><\/p>\n<p class=\"MsoNormal\"><b><span lang=\"EN\">Ce este de interes pentru orice p\u0103rinte la o<br \/>\ncre\u0219\u0103 cu program prelungit \u00een Suceava?<\/span><\/b><\/p>\n<p class=\"MsoNormal\"><span lang=\"EN\">Pentru p\u0103rin\u021bii activi, este mai practic s\u0103<br \/>\naleag\u0103 o cre\u0219\u0103 cu program prelungit. \u00cen felul acesta, ziua poate fi mai u\u0219or<br \/>\norganizat\u0103, exist\u0103 mai mult\u0103 flexibilitate pentru p\u0103rin\u021bi, iar copilul are un<br \/>\nprogram structurat. Se va adapta \u00een colectivitate cu toate etapele unei zile &#8211;<br \/>\nrutina de mas\u0103, de somn, joac\u0103 \u0219i distrac\u021bie.<\/span><\/p>\n<p class=\"MsoNormal\"><span lang=\"EN\">Pentru mul\u021bi p\u0103rin\u021bi, conteaz\u0103 \u0219i supravegherea<br \/>\nconstant\u0103, precum \u0219i transparen\u021ba \u00een rela\u021bia cu familia. Un alt aspect urm\u0103rit<br \/>\nde p\u0103rin\u021bi este posibilitatea de monitorizare, acolo unde acest lucru este<br \/>\ndisponibil conform regulilor interne. Personalul care lucreaz\u0103 cu copiii este<br \/>\natent \u0219i calificat. La Bambino, grupa baby beneficiaz\u0103 de un mediu organizat<br \/>\npentru v\u00e2rste mici.<\/span><\/p>\n<p class=\"MsoNormal\"><b><span lang=\"EN\">Ce face Bambino din Suceava diferit?<\/span><\/b><\/p>\n<p class=\"MsoNormal\"><span lang=\"EN\">Cum alegi un loc potrivit<br \/>\npentru acomodarea copilului la grupa baby? La Bambino, p\u0103rin\u021bii pot g\u0103si o<br \/>\nechip\u0103 de educatoare atente, empatice, care urm\u0103resc nevoile fiec\u0103rui copil.<br \/>\nGrupele sunt restr\u00e2nse, tocmai pentru a exista timp \u0219i aten\u021bie dedicate fiec\u0103rui<br \/>\ncopil.<\/span><\/p>\n<p class=\"MsoNormal\"><span lang=\"EN\">P\u0103rin\u021bii apreciaz\u0103 grija<br \/>\nconstant\u0103 \u0219i abordarea calm\u0103 \u00een rela\u021bia cu cei mici, loca\u021bia central\u0103 \u0219i u\u0219or<br \/>\naccesibil\u0103, programul variat \u0219i, nu \u00een ultimul r\u00e2nd, faptul c\u0103 \u0219tiu c\u0103 cei mici<br \/>\nsunt pe m\u00e2ini bune. Nu doar c\u0103 \u0219tiu, au acces la camerele de supraveghere,<br \/>\nastfel \u00eenc\u00e2t pot urm\u0103ri activitatea copilului.<\/span><\/p>\n<p class=\"MsoNormal\"><b><span lang=\"EN\">\u00centreb\u0103ri frecvente despre<br \/>\ncre\u0219\u0103<\/span><\/b><\/p>\n<p class=\"MsoNormal\"><span lang=\"EN\">\u00ce1: Este important ca un<br \/>\ncopil de la grupa baby s\u0103 se descurce singur la mas\u0103?<\/span><\/p>\n<p class=\"MsoNormal\"><span lang=\"EN\">R1: <span>\u00cencuraj\u0103m independen\u021ba fiec\u0103rui<br \/>\ncopil, dar \u00een\u021belegem c\u0103 la 1 an exist\u0103 multe provoc\u0103ri. Suntem al\u0103turi de<br \/>\ncopii, cu grij\u0103, sprijinindu-i la mas\u0103 \u0219i \u00een toate activit\u0103\u021bile desf\u0103\u0219urate,<br \/>\np\u00e2n\u0103 c\u00e2nd reu\u0219esc s\u0103 se descurce singuri.<\/span><\/span><\/p>\n<div class=\"separator\"><span lang=\"EN\"><span><a href=\"https:\/\/blogger.googleusercontent.com\/img\/a\/AVvXsEjmdUNcmTtfSFlBUwqXUMkTZ3EeEJrxLZGlMkrwumH4-jgagYY8a4eb4jSAhgzr72mjTGecfkAJ-P9tqfoCEWfeQvBhx2g5zQC53ulY9az7FKLkGEbkrxZPZofI5HbwEoeaBTIoD1IaPhH42Tk86IwhXg9cfR-I9YUWWEq9WPZxw9pYjBSdnxud5ZVWYjHF\"><img decoding=\"async\" loading=\"lazy\" src=\"https:\/\/blogger.googleusercontent.com\/img\/a\/AVvXsEjmdUNcmTtfSFlBUwqXUMkTZ3EeEJrxLZGlMkrwumH4-jgagYY8a4eb4jSAhgzr72mjTGecfkAJ-P9tqfoCEWfeQvBhx2g5zQC53ulY9az7FKLkGEbkrxZPZofI5HbwEoeaBTIoD1IaPhH42Tk86IwhXg9cfR-I9YUWWEq9WPZxw9pYjBSdnxud5ZVWYjHF=s16000-rw\"><\/a><\/span><\/span><\/div>\n<p><span lang=\"EN\"><span><br \/><\/span><\/span><\/p>\n<p class=\"MsoNormal\"><span lang=\"EN\">\u00ce2: Cum arat\u0103 programul<br \/>\ncopilului la<a href=\"https:\/\/www.bambinosuceava.ro\/grupe-cresa-si-gradinita-suceava\/\"><span>cresa program prelungit Suceava<\/span><\/a><\/span><span lang=\"EN\">?<\/span><\/p>\n<p class=\"MsoNormal\"><span lang=\"EN\">R2: O zi tipic\u0103 \u00eencepe cu<br \/>\nprimirea \u0219i acomodarea de diminea\u021b\u0103, continu\u0103 cu activit\u0103\u021bi potrivite v\u00e2rstei,<br \/>\ncu momente de joac\u0103 \u0219i socializare, apoi cu masa \u0219i timpul de odihn\u0103, urmate de<br \/>\nactivit\u0103\u021bi u\u0219oare de dup\u0103-amiaz\u0103, \u00eentr-un ritm adaptat copilului.<span> Activit\u0103\u021bile pot include, conform<br \/>\ninforma\u021biilor prezentate oficial, jocuri, mi\u0219care \u0219i exerci\u021bii de socializare.<br \/>\nCopiii de la toate grupele particip\u0103 zilnic \u0219i la activit\u0103\u021bi desf\u0103\u0219urate \u00een aer<br \/>\nliber.<\/span><\/span><\/p>\n<p class=\"MsoNormal\"><span lang=\"EN\">\u00ce3: Pot alege meniul<br \/>\ncopilului la cre\u0219\u0103?<\/span><\/p>\n<p class=\"MsoNormal\"><span lang=\"EN\">R3: <span>Meniul este realizat s\u0103pt\u0103m\u00e2nal,<br \/>\n\u021bine cont de necesit\u0103\u021bile nutri\u021bionale ale copiilor, este diversificat \u0219i<br \/>\ncalculat caloric, \u00eens\u0103 nu poate fi ales individual. La \u00eenscriere, p\u0103rin\u021bii sunt<br \/>\n\u00eencuraja\u021bi s\u0103 comunice detalii despre meniu, alergiile copilului, preferin\u021bele<br \/>\nlui etc.<\/span><\/span><\/p>\n<p class=\"MsoNormal\"><b><span lang=\"EN\">Mini-rezumat<\/span><\/b><\/p>\n<p class=\"MsoNormal\"><span lang=\"EN\">Cum se va adapta copilul<br \/>\nmeu la cre\u0219\u0103? Este una dintre temerile fire\u0219ti. La Bambino, adaptarea este<br \/>\ngratuit\u0103. Cu o bun\u0103 organizare, rutina pe care copilul o va avea, parcursul de<br \/>\nla primele zile emo\u021bionante p\u00e2n\u0103 la adaptarea complet\u0103 poate fi mai lin. Cadrele<br \/>\ndidactice de la Bambino se vor asigura de comunicare constant\u0103 cu p\u0103rin\u021bii.<\/span><\/p>\n<p class=\"MsoNormal\"><span lang=\"EN\">Dac\u0103 sunte\u021bi gata s\u0103<br \/>\n\u00eencepe\u021bi aventura la cre\u0219\u0103, s\u0103 vizita\u021bi loca\u021bia unde copilul va fi primit cu<br \/>\ndrag \u0219i c\u0103ldur\u0103, Bambino v\u0103 a\u0219teapt\u0103 \u00een Suceava, pe strada Alexandru Ienceanu<br \/>\n2A. Pentru detalii despre \u00eenscriere \u0219i program, contacta\u021bi echipa.<\/span><\/p>\n<p class=\"MsoNormal\"><span lang=\"EN\"><br \/><\/span><\/p>\n<p class=\"MsoNormal\"><span lang=\"EN\">Contact:<\/span><\/p>\n<p class=\"MsoNormal\"><span lang=\"EN\"><a href=\"https:\/\/maps.app.goo.gl\/gU9Yt88wnLgHuqWm6\"><span>Str.<br \/>\nAlexandru Ienceanu 2A, Suceava (vis-a-vis de Colegiul Na\u021bional &#8220;Petru<br \/>\nRare\u0219&#8221;)<\/span><\/a><\/span><\/p>\n<p class=\"MsoNormal\"><span lang=\"EN\">0748 979 521<\/span><\/p>\n<p class=\"MsoNormal\"><span lang=\"EN\">www.bambinosuceava.ro<\/span><\/p>\n<p class=\"MsoNormal\"><span lang=\"EN\">Surs\u0103 foto:<br \/>\nbambinosuceava.ro<\/span><\/p>\n<\/div>\n<p>[analyse_source url=&#8221;https:\/\/www.stirisuceava.net\/2026\/04\/cauti-o-cresa-cu-program-prelungit-in.html&#8221;]<\/p>\n","protected":false},"excerpt":{"rendered":"<p>[analyse_image type=&#8221;featured&#8221; src=&#8221;https:\/\/blogger.googleusercontent.com\/img\/a\/AVvXsEg3KZ1j5-01o_5PcW4uHXmjfVKNDXsqL8_RxYc3uyu1Heo72HHwMcl8U4ujwcNfoJHO7uMhZZo6_P1z4XNR6PXCZ3UNUJwOg0y4F2VKjrxQaaZRXlh7klAAvbsVBA-K0T4zngt2eIBjDuna_PLmRZ6iaYgeP8XkyCxRYcywrJ0UQSd4gshl87skxI8KqrWf=w1600&#8243;] Primul an de colectivitate sperie pe mul\u021bi p\u0103rin\u021bi. De la teama de a nu alege locul potrivit \u0219i p\u00e2n\u0103 la emo\u021bia de a se adapta la un alt ritm zilnic, orice p\u0103rinte \u0219tie ce provoc\u0103ri implic\u0103 \u00eenscrierea la cre\u0219\u0103. Cau\u021bi locuri disponibile pentru \u00eenscrierea lacresa Suceava? Bambino are disponibilitate pentru \u00eenscrieri la [&hellip;]<\/p>\n","protected":false},"author":1,"featured_media":0,"comment_status":"open","ping_status":"","sticky":false,"template":"","format":"standard","meta":{"footnotes":""},"categories":[89],"tags":[226,172],"class_list":["post-1897672","post","type-post","status-publish","format-standard","hentry","category-romania","tag-crawlmanager","tag-stirisuceava-net"],"_links":{"self":[{"href":"https:\/\/analyse.optim.biz\/index.php?rest_route=\/wp\/v2\/posts\/1897672","targetHints":{"allow":["GET"]}}],"collection":[{"href":"https:\/\/analyse.optim.biz\/index.php?rest_route=\/wp\/v2\/posts"}],"about":[{"href":"https:\/\/analyse.optim.biz\/index.php?rest_route=\/wp\/v2\/types\/post"}],"author":[{"embeddable":true,"href":"https:\/\/analyse.optim.biz\/index.php?rest_route=\/wp\/v2\/users\/1"}],"replies":[{"embeddable":true,"href":"https:\/\/analyse.optim.biz\/index.php?rest_route=%2Fwp%2Fv2%2Fcomments&post=1897672"}],"version-history":[{"count":0,"href":"https:\/\/analyse.optim.biz\/index.php?rest_route=\/wp\/v2\/posts\/1897672\/revisions"}],"wp:attachment":[{"href":"https:\/\/analyse.optim.biz\/index.php?rest_route=%2Fwp%2Fv2%2Fmedia&parent=1897672"}],"wp:term":[{"taxonomy":"category","embeddable":true,"href":"https:\/\/analyse.optim.biz\/index.php?rest_route=%2Fwp%2Fv2%2Fcategories&post=1897672"},{"taxonomy":"post_tag","embeddable":true,"href":"https:\/\/analyse.optim.biz\/index.php?rest_route=%2Fwp%2Fv2%2Ftags&post=1897672"}],"curies":[{"name":"wp","href":"https:\/\/api.w.org\/{rel}","templated":true}]}}