{"id":1897511,"date":"2026-04-22T14:19:59","date_gmt":"2026-04-22T11:19:59","guid":{"rendered":"https:\/\/analyse.optim.biz\/?p=1897511"},"modified":"2026-04-22T14:19:59","modified_gmt":"2026-04-22T11:19:59","slug":"stenograme-la-varful-psd-grindeanu-noi-nu-am-invatat-politica-la-scoala-de-maici-olguta-vasilescu","status":"publish","type":"post","link":"https:\/\/analyse.optim.biz\/?p=1897511","title":{"rendered":"Stenograme la v\u00e2rful PSD. Grindeanu: \u201eNoi nu am \u00eenv\u0103\u021bat politica la \u0219coala de maici\u201d; Olgu\u021ba Vasilescu:&#8230;"},"content":{"rendered":"<p>[analyse_image type=&#8221;featured&#8221; src=&#8221;https:\/\/cdn.adh.reperio.news\/image-4\/439b5fbc-05dc-41f8-b120-1fa0bbb7912e\/index.jpeg?p=f%3Djpeg%26w%3D1200%26h%3D630%26r%3Dcover&#8221;]<\/p>\n<article class=\"svelte-t0js42\">\n<nav>\n<ul class=\"breadcrump svelte-xauq0s\">\n<li class=\"svelte-xauq0s\"><a href=\"\/\" title=\"Adev\u0103rul\" class=\"svelte-xauq0s\">Home<\/a><\/li>\n<li class=\"svelte-xauq0s\"><a href=\"\/politica\" class=\"svelte-xauq0s\">Politic\u0103<\/a><\/li>\n<li class=\"svelte-xauq0s\"><a href=\"https:\/\/adevarul.ro\/politica\/stenograme-la-varful-psd-grindeanu-noi-nu-am-2524529.html\" class=\"svelte-xauq0s\">Stenograme la v\u00e2rful PSD. Grindeanu: \u201eNoi nu am \u00eenv\u0103\u021bat politica la \u0219coala de maici\u201d; Olgu\u021ba Vasilescu: \u201eTrebuie s\u0103 ar\u0103t\u0103m c\u0103 avem s\u00e2nge \u00een instala\u021bie\u201d<\/a><\/li>\n<\/ul>\n<\/nav>\n<p><main class=\"svelte-t0js42\"><\/p>\n<p>PSD a decis miercuri ie\u0219irea mini\u0219trilor PSD din Guvernul Bolojan, dup\u0103 consult\u0103rile de la Palatul Cotroceni, cu pre\u0219edintele Nicu\u0219or Dan, \u00een urma votului de retragere a sprijinului politic pentru actualul premier.<\/p>\n<div class=\"container-image  svelte-jd4qiv\"><source type=\"image\/webp\" srcset=\"https:\/\/cdn.adh.reperio.news\/image-4\/439b5fbc-05dc-41f8-b120-1fa0bbb7912e\/index.jpeg?p=a%3D1%26co%3D1.05%26w%3D1400%26h%3D750%26r%3Dcontain%26f%3Dwebp 1400w\" media=\"(min-width: 1400px)\" \/><\/p>\n<div class=\"caption\">Olgu\u021ba Vasilescu \u0219i Sorin Grindeanu FOTO: Facebook<\/div>\n<\/div>\n<p>Conducerea PSD, reunit\u0103 \u00een Biroul Permanent Na\u021bional, a votat, \u00een unanimitate,<a href=\"https:\/\/adevarul.ro\/politica\/liderii-psd-au-intrat-in-sedinta-dupa-consultarile-2524470.html\"> retragerea mini\u0219trilor din Guvernul Bolojan.<\/a> Acest lucru se va \u00eent\u00e2mpla joi, \u00eenaintea \u0219edin\u021bei de Guvern.\u00a0<\/p>\n<p>\u00cen cadrul \u0219edin\u021bei, liderii partidului au\u00a0 vorbit despre ceea ce au de g\u00e2nd s\u0103 fac\u0103 \u00een urm\u0103toarea perioad\u0103, potrivit surselor \u201dAdev\u0103rul\u201d.<\/p>\n<p>Sorin Grindeanu, pre\u0219edinte PSD: \u201d<i>Bolojan care le d\u0103 tuturor lec\u021bii<br \/>\nde etic\u0103 a ie\u0219it la racolat de parlamentari. V\u0103 asigur, \u0219i i-am spus \u0219i<br \/>\npre\u0219edintelui, c\u0103 nici noi nu st\u0103m s\u0103 contempl\u0103m ca \u00een Miori\u021ba, pentru c\u0103 noi<br \/>\nnu am \u00eenv\u0103\u021bat politica la \u0219coala de maici. Vom concretiza anumite discu\u021bii \u00een<br \/>\nperioada urm\u0103toare\u201d<\/i><\/p>\n<p>Olgu\u021ba Vasilescu, primar Craiova: \u201d<i>C\u00e2nd al\u021bii sunt m\u0103m\u0103ligi, noi<br \/>\ntrebuie s\u0103 ar\u0103t\u0103m c\u0103 avem s\u00e2nge \u00een instala\u021bie\u201d. <\/i><\/p>\n<p>Adrian Solomon, lider PSD Vaslui: <i>\u201dDemisia mini\u0219trilor ar trebui urmat\u0103<br \/>\nrapid de o mo\u021biune de cenzur\u0103\u201d. <\/i><\/p>\n<p>Gheorghe \u0218oldan, lider PSD Suceava: \u201d<i>Dac\u0103 am scos sabia din teac\u0103,<br \/>\natunci trebuie s\u0103 o folosim. Niciun pas \u00eenapoi\u201d.<\/i><\/p>\n<p>Marius Oprescu, prim-vicepre\u0219edinte PSD: <i>\u201dVom merge p\u00e2n\u0103 la cap\u0103t. Ei vor s\u0103<br \/>\ntemporizeze, ca s\u0103 ne sinucidem noi politic. Nu exist\u0103 aceast\u0103 variant\u0103. P\u00e2n\u0103<br \/>\nla cap\u0103t\u201d<\/i>.<\/p>\n<p>Marian Neac\u0219u, vicepre\u0219edinte PSD: <i>\u201dVom face lucrurile cu o anumit\u0103<br \/>\ngradualitate. Avem to\u021bi pa\u0219ii preg\u0103ti\u021bi\u201d.<\/i><\/p>\n<h2>Membrii PSD din Guvern care se vor retrage din Guvern<\/h2>\n<ul>\n<li>Marian Neac\u0219u \u2013 viceprim-ministru<\/li>\n<li><a href=\"https:\/\/adevarul.ro\/politica\/ministrul-sanatatii-alexandru-rogobete-maine-2524483.html\">Alexandru Rogobete<\/a> \u2013 ministrul S\u0103n\u0103t\u0103\u021bii<\/li>\n<li>Ciprian \u0218erban \u2013 ministrul Transporturilor \u0219i Infrastructurii<\/li>\n<li>Florin-Ionu\u021b Barbu \u2013 ministrul Agriculturii \u0219i Dezvolt\u0103rii rurale<\/li>\n<li>Bogdan Ivan \u2013 ministrul Energiei<\/li>\n<li>Radu Marinescu \u2013 ministrul Justi\u021biei<\/li>\n<li>Petre Florin-Manole \u2013 ministrul Muncii \u0219i Solidarit\u0103\u021bii sociale<\/li>\n<\/ul>\n<p>Surse politice spun c\u0103 liderii PSD sus\u021bin \u0219i varianta unui premier tehnocrat care s\u0103-i ia locul lui Ilie Bolojan, caz \u00een care ar considera rezolvat\u0103 criza guvernamental\u0103.<\/p>\n<p>De altfel, tot din surse politice, pre\u0219edintele<a href=\"https:\/\/adevarul.ro\/politica\/surse-nicusor-dan-vrea-premier-tehnocrat-2524384.html\">\u00a0Nicu\u0219or Dan ar agrea aceast\u0103 variant\u0103,<\/a>\u00a0doar c\u0103 liderii PNL i-au transmis clar c\u0103 nu renun\u021b\u0103 la Ilie Bolojan \u00een fruntea Guvernului.<\/p>\n<p><i>\u201dDac\u0103 nu se ajunge la o armonizare a punctelor de vedere, evident PSD-ul poate s\u0103 treac\u0103 \u00een opozi\u021bie, noi, de asemenea, nesus\u021bin\u00e2nd un guvern minoritar sau f\u0103c\u00e2nd o alt\u0103 majoritate dec\u00e2t cele pe care le-am anun\u021bat\u201d,<\/i>\u00a0a anun\u021bat Sorin Grindeanu\u00a0<a href=\"https:\/\/adevarul.ro\/politica\/consultari-la-cotroceni-intre-presedintele-nicusor-2524350.html\">imediat dup\u0103 consult\u0103rile de la Cotroceni.<\/a><\/p>\n<p>Situa\u021bia politic\u0103 din \u021bar\u0103 s-a acutizat dup\u0103 ce\u00a0<a href=\"https:\/\/adevarul.ro\/economie\/efectele-votului-din-psd-asupra-economiei-2524210.html\">PSD a votat cov\u00e2r\u0219itor retragerea sprijinului pentru premierul Ilie Bolojan.<\/a>\u00a0\u00cen replic\u0103, liderii PNL au transmis semnale de sus\u021binere pentru actualul prim-ministru, \u00een ciuda divergen\u021belor tot mai evidente din interiorul coali\u021biei.<\/p>\n<p>Surse politice citate de Adev\u0103rul sus\u021bin c\u0103 premierul ar inten\u021biona s\u0103 demit\u0103, \u00een \u0219edin\u021ba de guvern de joi, to\u021bi demnitarii PSD \u2013 de la mini\u0219tri la prefec\u021bi \u2013 urm\u00e2nd s\u0103 \u00eei \u00eenlocuiasc\u0103 cu tehnocra\u021bi \u0219i reprezentan\u021bi ai societ\u0103\u021bii civile.<\/p>\n<p><\/main><\/p>\n<footer class=\"svelte-t0js42\">\n<div class=\"related-wrap related-footer svelte-1t8qpgs\"><span class=\"related-label svelte-1t8qpgs\">Cite\u0219te \u0219i<\/span><a class=\"related svelte-1t8qpgs\" data-gtrack='{\"event\":\"utm_click\",\"data\":{\"event_category\":\"article_related\"}}' href=\"https:\/\/adevarul.ro\/stiri-interne\/evenimente\/ministrul-justitiei-radu-marinescu-nu-mi-am-2524407.html\" title=\"Alt articol de interes pentru tine\"><img decoding=\"async\" class=\"thumb svelte-1t8qpgs\" src=\"https:\/\/cdn.adh.reperio.news\/image-9\/91ea60d6-bba2-44ed-9c0d-895f519a4ba6\/index.jpeg\" alt loading=\"lazy\" width=\"80\" height=\"54\"><span class=\"title svelte-1t8qpgs\">Ministrul Justi\u021biei, Radu Marinescu: \u201eNu mi-am preg\u0103tit demisia\u201d. PSD respinge acuza\u021biile privind provocarea unei crize politice<\/span><\/a><a class=\"related svelte-1t8qpgs\" data-gtrack='{\"event\":\"utm_click\",\"data\":{\"event_category\":\"article_related\"}}' href=\"https:\/\/adevarul.ro\/politica\/liderii-psd-au-intrat-in-sedinta-dupa-consultarile-2524470.html\" title=\"Alt articol de interes pentru tine\"><img decoding=\"async\" class=\"thumb svelte-1t8qpgs\" src=\"https:\/\/cdn.adh.reperio.news\/image-6\/64605eef-2147-4f9d-bd59-acbfbc1dde23\/index.jpeg\" alt loading=\"lazy\" width=\"80\" height=\"54\"><span class=\"title svelte-1t8qpgs\">Liderii PSD au votat \u00een unanimitare retragerea mini\u0219trilor din Guvern, dup\u0103 consult\u0103rile de la Cotroceni<\/span><\/a><a class=\"related svelte-1t8qpgs\" data-gtrack='{\"event\":\"utm_click\",\"data\":{\"event_category\":\"article_related\"}}' href=\"https:\/\/adevarul.ro\/politica\/ministrul-sanatatii-alexandru-rogobete-maine-2524483.html\" title=\"Alt articol de interes pentru tine\"><img decoding=\"async\" class=\"thumb svelte-1t8qpgs\" src=\"https:\/\/cdn.adh.reperio.news\/image-b\/ba080c31-dd45-4dc3-b62d-04570a374b5b\/index.jpeg\" alt loading=\"lazy\" width=\"80\" height=\"54\"><span class=\"title svelte-1t8qpgs\">Ministrul S\u0103n\u0103t\u0103\u021bii, Alexandru Rogobete: \u201eM\u00e2ine este ziua demisiei, o voi scrie repede\u201d<\/span><\/a><\/div>\n<div class=\"meta svelte-t0js42\">\n<div class=\"authors svelte-t0js42\"><a href=\"\/author\/672\" rel=\"author\" class=\"svelte-t0js42\">\u0218tefan Borcea<\/a><\/div>\n<div class=\"tags svelte-12okeyl\"><span class=\"tags-label metaFont svelte-12okeyl\">Cite\u0219te mai multe despre<\/span><\/p>\n<div class=\"tags-list svelte-12okeyl\"><a href=\"\/tag\/psd\" title=\"Ultimele \u0219tiri despre psd\" class=\"tag-pill svelte-12okeyl\">psd<\/a><a href=\"\/tag\/sorin%20grindeanu\" title=\"Ultimele \u0219tiri despre sorin grindeanu\" class=\"tag-pill svelte-12okeyl\">sorin grindeanu<\/a><a href=\"\/tag\/olguta%20vasilescu\" title=\"Ultimele \u0219tiri despre olguta vasilescu\" class=\"tag-pill svelte-12okeyl\">olguta vasilescu<\/a><\/div>\n<\/div>\n<\/div>\n<p><a class=\"moreFromCategory svelte-t0js42\" href=\"\/politica\" title=\"Politic\u0103\">Mai multe din <strong class=\"svelte-t0js42\">Politic\u0103<\/strong> \u203a<\/a><\/footer>\n<\/article>\n<p>[analyse_source url=&#8221;https:\/\/adevarul.ro\/politica\/stenograme-la-varful-psd-grindeanu-noi-nu-am-2524529.html&#8221;]<\/p>\n","protected":false},"excerpt":{"rendered":"<p>[analyse_image type=&#8221;featured&#8221; src=&#8221;https:\/\/cdn.adh.reperio.news\/image-4\/439b5fbc-05dc-41f8-b120-1fa0bbb7912e\/index.jpeg?p=f%3Djpeg%26w%3D1200%26h%3D630%26r%3Dcover&#8221;] Home Politic\u0103 Stenograme la v\u00e2rful PSD. Grindeanu: \u201eNoi nu am \u00eenv\u0103\u021bat politica la \u0219coala de maici\u201d; Olgu\u021ba Vasilescu: \u201eTrebuie s\u0103 ar\u0103t\u0103m c\u0103 avem s\u00e2nge \u00een instala\u021bie\u201d PSD a decis miercuri ie\u0219irea mini\u0219trilor PSD din Guvernul Bolojan, dup\u0103 consult\u0103rile de la Palatul Cotroceni, cu pre\u0219edintele Nicu\u0219or Dan, \u00een urma votului de retragere a [&hellip;]<\/p>\n","protected":false},"author":1,"featured_media":0,"comment_status":"open","ping_status":"","sticky":false,"template":"","format":"standard","meta":{"footnotes":""},"categories":[89],"tags":[19,226],"class_list":["post-1897511","post","type-post","status-publish","format-standard","hentry","category-romania","tag-adevarul","tag-crawlmanager"],"_links":{"self":[{"href":"https:\/\/analyse.optim.biz\/index.php?rest_route=\/wp\/v2\/posts\/1897511","targetHints":{"allow":["GET"]}}],"collection":[{"href":"https:\/\/analyse.optim.biz\/index.php?rest_route=\/wp\/v2\/posts"}],"about":[{"href":"https:\/\/analyse.optim.biz\/index.php?rest_route=\/wp\/v2\/types\/post"}],"author":[{"embeddable":true,"href":"https:\/\/analyse.optim.biz\/index.php?rest_route=\/wp\/v2\/users\/1"}],"replies":[{"embeddable":true,"href":"https:\/\/analyse.optim.biz\/index.php?rest_route=%2Fwp%2Fv2%2Fcomments&post=1897511"}],"version-history":[{"count":0,"href":"https:\/\/analyse.optim.biz\/index.php?rest_route=\/wp\/v2\/posts\/1897511\/revisions"}],"wp:attachment":[{"href":"https:\/\/analyse.optim.biz\/index.php?rest_route=%2Fwp%2Fv2%2Fmedia&parent=1897511"}],"wp:term":[{"taxonomy":"category","embeddable":true,"href":"https:\/\/analyse.optim.biz\/index.php?rest_route=%2Fwp%2Fv2%2Fcategories&post=1897511"},{"taxonomy":"post_tag","embeddable":true,"href":"https:\/\/analyse.optim.biz\/index.php?rest_route=%2Fwp%2Fv2%2Ftags&post=1897511"}],"curies":[{"name":"wp","href":"https:\/\/api.w.org\/{rel}","templated":true}]}}