{"id":1897497,"date":"2026-04-22T12:06:28","date_gmt":"2026-04-22T09:06:28","guid":{"rendered":"https:\/\/analyse.optim.biz\/?p=1897497"},"modified":"2026-04-22T12:06:28","modified_gmt":"2026-04-22T09:06:28","slug":"ministrul-sanatatii-alexandru-rogobete-maine-este-ziua-demisiei-o-voi-scrie-repede","status":"publish","type":"post","link":"https:\/\/analyse.optim.biz\/?p=1897497","title":{"rendered":"Ministrul S\u0103n\u0103t\u0103\u021bii, Alexandru Rogobete: \u201eM\u00e2ine este ziua demisiei, o voi scrie repede\u201d"},"content":{"rendered":"<p>[analyse_image type=&#8221;featured&#8221; src=&#8221;https:\/\/cdn.adh.reperio.news\/image-b\/ba080c31-dd45-4dc3-b62d-04570a374b5b\/index.jpeg?p=f%3Djpeg%26w%3D1200%26h%3D630%26r%3Dcover&#8221;]<\/p>\n<article class=\"svelte-t0js42\">\n<nav>\n<ul class=\"breadcrump svelte-xauq0s\">\n<li class=\"svelte-xauq0s\"><a href=\"\/\" title=\"Adev\u0103rul\" class=\"svelte-xauq0s\">Home<\/a><\/li>\n<li class=\"svelte-xauq0s\"><a href=\"\/politica\" class=\"svelte-xauq0s\">Politic\u0103<\/a><\/li>\n<li class=\"svelte-xauq0s\"><a href=\"https:\/\/adevarul.ro\/politica\/ministrul-sanatatii-alexandru-rogobete-maine-2524483.html\" class=\"svelte-xauq0s\">Ministrul S\u0103n\u0103t\u0103\u021bii, Alexandru Rogobete: \u201eM\u00e2ine este ziua demisiei, o voi scrie repede\u201d<\/a><\/li>\n<\/ul>\n<\/nav>\n<p><main class=\"svelte-t0js42\"><\/p>\n<p>Ministrul S\u0103n\u0103t\u0103\u021bii din Guvernul condus de Ilie Bolojan a anun\u021bat c\u0103 \u00ee\u0219i va depune demisia joi, \u00een contextul crizei politice din coali\u021bie, afirm\u00e2nd c\u0103 decizia este iminent\u0103 \u0219i deja asumat\u0103.<\/p>\n<div class=\"container-image  svelte-jd4qiv\"><source type=\"image\/webp\" srcset=\"https:\/\/cdn.adh.reperio.news\/image-b\/ba080c31-dd45-4dc3-b62d-04570a374b5b\/index.jpeg?p=a%3D1%26co%3D1.05%26w%3D1400%26h%3D750%26r%3Dcontain%26f%3Dwebp 1400w\" media=\"(min-width: 1400px)\" \/><\/p>\n<div class=\"caption\">FOTO: Gov.ro. <\/div>\n<\/div>\n<p><i>\u201eM\u00e2ine este ziua demisiei, o voi scrie repede\u201d<\/i>, a declarat ministrul Rogobete, \u00eentrebat dac\u0103 \u0219i-a redactat deja demisia, noteaz\u0103\u00a0<a href=\"https:\/\/www.mediafax.ro\/politic\/un-ministru-isi-anunta-plecarea-iminenta-din-guvern-maine-este-ziua-demisiei-o-voi-scrie-repede-23724417\" rel=\"nofollow\">Mediafax<\/a>.\u00a0<\/p>\n<p>Acesta a vorbit \u0219i despre nemul\u021bumirile legate de actualul context politic: <i>\u201eTot ce regret este c\u0103 democra\u021bia din Rom\u00e2nia a ajuns s\u0103 stea \u00eentr-un singur om\u201d.<\/i><\/p>\n<p>\u00cen ceea ce prive\u0219te succesiunea la conducerea Ministerului S\u0103n\u0103t\u0103\u021bii, Rogobete a precizat c\u0103 nu exist\u0103, deocamdat\u0103, o variant\u0103 clar\u0103: \u201e<i>Nu cred c\u0103 va fi delegat un secretar de stat, probabil prim-ministrul va numi pe cineva interimar din componen\u021ba actual\u0103 a Guvernului\u201d.<\/i><\/p>\n<p>Anun\u021bul vine \u00een contextul tensiunilor tot mai mari din coali\u021bia de guvernare, care ar putea duce la plecarea mai multor mini\u0219tri \u0219i la reconfigurarea Executivului.<\/p>\n<h2>Situa\u021bia politic\u0103 din Rom\u00e2nia s-a acutizat<\/h2>\n<p>Situa\u021bia politic\u0103 s-a acutizat dup\u0103 ce\u00a0<a href=\"https:\/\/adevarul.ro\/economie\/efectele-votului-din-psd-asupra-economiei-2524210.html\">PSD a votat cov\u00e2r\u0219itor retragerea sprijinului pentru premierul Ilie Bolojan.<\/a>\u00a0\u00cen replic\u0103, liderii PNL s-au reunit mar\u021bi \u00eentr-o \u0219edin\u021b\u0103 decisiv\u0103, \u00een care au transmis semnale de sus\u021binere pentru actualul prim-ministru, \u00een ciuda divergen\u021belor tot mai evidente din interiorul coali\u021biei.<\/p>\n<p>Surse politice citate de Adev\u0103rul sus\u021bin c\u0103 premierul ar inten\u021biona s\u0103 demit\u0103, \u00een \u0219edin\u021ba de guvern de joi, to\u021bi demnitarii PSD \u2013 de la mini\u0219tri la prefec\u021bi \u2013 urm\u00e2nd s\u0103 \u00eei \u00eenlocuiasc\u0103 cu tehnocra\u021bi \u0219i reprezentan\u021bi ai societ\u0103\u021bii civile.<\/p>\n<p>Conducerea PNL ar urma s\u0103 \u00eei solicite lui Sorin Grindeanu s\u0103 renun\u021be la func\u021bia de pre\u0219edinte al Camerei Deputa\u021bilor. PSD consider\u0103 c\u0103 actuala coali\u021bie poate continua, \u00eens\u0103 cu un alt premier. USR acuz\u0103 PSD c\u0103 a provocat deliberat criza politic\u0103, pun\u00e2nd \u00een pericol stabilitatea guvern\u0103rii \u0219i accesarea fondurilor europene.<\/p>\n<p>Pe fondul acestor tensiuni, pre\u0219edintele Nicu\u0219or Dan are programate tot miercuri, 22 aprilie, la Palatul Cotroceni,\u00a0<a href=\"https:\/\/adevarul.ro\/politica\/consultari-la-cotroceni-intre-presedintele-nicusor-2524350.html\">\u00eent\u00e2lniri cu liderii forma\u021biunilor din coali\u021bia de guvernare.<\/a><\/p>\n<p><\/main><\/p>\n<footer class=\"svelte-t0js42\">\n<div class=\"related-wrap related-footer svelte-1t8qpgs\"><span class=\"related-label svelte-1t8qpgs\">Cite\u0219te \u0219i<\/span><a class=\"related svelte-1t8qpgs\" data-gtrack='{\"event\":\"utm_click\",\"data\":{\"event_category\":\"article_related\"}}' href=\"https:\/\/adevarul.ro\/evenimente\/healthcare-forum-2026\/alexandru-rogobete-vom-include-expertiza-2517485.html\" title=\"Alt articol de interes pentru tine\"><img decoding=\"async\" class=\"thumb svelte-1t8qpgs\" src=\"https:\/\/cdn.adh.reperio.news\/image-b\/ba080c31-dd45-4dc3-b62d-04570a374b5b\/index.jpeg\" alt loading=\"lazy\" width=\"80\" height=\"54\"><span class=\"title svelte-1t8qpgs\">Alexandru Rogobete: ,,Vom include expertiza Spitalului Militar din Bruxelles pentru pornirea centrelor de mari ar\u0219i din Rom\u00e2nia&#8221;<\/span><\/a><a class=\"related svelte-1t8qpgs\" data-gtrack='{\"event\":\"utm_click\",\"data\":{\"event_category\":\"article_related\"}}' href=\"https:\/\/adevarul.ro\/stiri-interne\/sanatate\/alexandru-rogobete-despre-datoria-romaniei-la-2522951.html\" title=\"Alt articol de interes pentru tine\"><img decoding=\"async\" class=\"thumb svelte-1t8qpgs\" src=\"https:\/\/cdn.adh.reperio.news\/image-b\/ba080c31-dd45-4dc3-b62d-04570a374b5b\/index.jpeg\" alt loading=\"lazy\" width=\"80\" height=\"54\"><span class=\"title svelte-1t8qpgs\">Alexandru Rogobete despre datoria Rom\u00e2niei la Pfizer: \u201eEste o discu\u021bie exploratorie, nu se va lua o decizie m\u00e2ine\u201d<\/span><\/a><a class=\"related svelte-1t8qpgs\" data-gtrack='{\"event\":\"utm_click\",\"data\":{\"event_category\":\"article_related\"}}' href=\"https:\/\/adevarul.ro\/stiri-interne\/sanatate\/propunerea-inedita-a-romaniei-catre-pfizer-pentru-2523296.html\" title=\"Alt articol de interes pentru tine\"><img decoding=\"async\" class=\"thumb svelte-1t8qpgs\" src=\"https:\/\/cdn.adh.reperio.news\/image-d\/dae74bb2-e9c5-430c-a34b-d49bd5ec52ec\/index.png\" alt loading=\"lazy\" width=\"80\" height=\"54\"><span class=\"title svelte-1t8qpgs\">Propunerea inedit\u0103 a Rom\u00e2niei c\u0103tre Pfizer, pentru a \u201e\u0219terge\u201d datoria de 600 de milioane de euro<\/span><\/a><\/div>\n<div class=\"meta svelte-t0js42\">\n<div class=\"authors svelte-t0js42\"><a href=\"\/author\/1899\" rel=\"author\" class=\"svelte-t0js42\">Maria \u0162aga<\/a><\/div>\n<div class=\"tags svelte-12okeyl\"><span class=\"tags-label metaFont svelte-12okeyl\">Cite\u0219te mai multe despre<\/span><\/p>\n<div class=\"tags-list svelte-12okeyl\"><a href=\"\/tag\/psd\" title=\"Ultimele \u0219tiri despre psd\" class=\"tag-pill svelte-12okeyl\">psd<\/a><a href=\"\/tag\/pnl\" title=\"Ultimele \u0219tiri despre pnl\" class=\"tag-pill svelte-12okeyl\">pnl<\/a><a href=\"\/tag\/ministrul%20sanatatii\" title=\"Ultimele \u0219tiri despre ministrul sanatatii\" class=\"tag-pill svelte-12okeyl\">ministrul sanatatii<\/a><\/div>\n<\/div>\n<\/div>\n<p><a class=\"moreFromCategory svelte-t0js42\" href=\"\/politica\" title=\"Politic\u0103\">Mai multe din <strong class=\"svelte-t0js42\">Politic\u0103<\/strong> \u203a<\/a><\/footer>\n<\/article>\n<p>[analyse_source url=&#8221;https:\/\/adevarul.ro\/politica\/ministrul-sanatatii-alexandru-rogobete-maine-2524483.html&#8221;]<\/p>\n","protected":false},"excerpt":{"rendered":"<p>[analyse_image type=&#8221;featured&#8221; src=&#8221;https:\/\/cdn.adh.reperio.news\/image-b\/ba080c31-dd45-4dc3-b62d-04570a374b5b\/index.jpeg?p=f%3Djpeg%26w%3D1200%26h%3D630%26r%3Dcover&#8221;] Home Politic\u0103 Ministrul S\u0103n\u0103t\u0103\u021bii, Alexandru Rogobete: \u201eM\u00e2ine este ziua demisiei, o voi scrie repede\u201d Ministrul S\u0103n\u0103t\u0103\u021bii din Guvernul condus de Ilie Bolojan a anun\u021bat c\u0103 \u00ee\u0219i va depune demisia joi, \u00een contextul crizei politice din coali\u021bie, afirm\u00e2nd c\u0103 decizia este iminent\u0103 \u0219i deja asumat\u0103. FOTO: Gov.ro. \u201eM\u00e2ine este ziua demisiei, o voi [&hellip;]<\/p>\n","protected":false},"author":1,"featured_media":0,"comment_status":"open","ping_status":"","sticky":false,"template":"","format":"standard","meta":{"footnotes":""},"categories":[89],"tags":[19,226],"class_list":["post-1897497","post","type-post","status-publish","format-standard","hentry","category-romania","tag-adevarul","tag-crawlmanager"],"_links":{"self":[{"href":"https:\/\/analyse.optim.biz\/index.php?rest_route=\/wp\/v2\/posts\/1897497","targetHints":{"allow":["GET"]}}],"collection":[{"href":"https:\/\/analyse.optim.biz\/index.php?rest_route=\/wp\/v2\/posts"}],"about":[{"href":"https:\/\/analyse.optim.biz\/index.php?rest_route=\/wp\/v2\/types\/post"}],"author":[{"embeddable":true,"href":"https:\/\/analyse.optim.biz\/index.php?rest_route=\/wp\/v2\/users\/1"}],"replies":[{"embeddable":true,"href":"https:\/\/analyse.optim.biz\/index.php?rest_route=%2Fwp%2Fv2%2Fcomments&post=1897497"}],"version-history":[{"count":0,"href":"https:\/\/analyse.optim.biz\/index.php?rest_route=\/wp\/v2\/posts\/1897497\/revisions"}],"wp:attachment":[{"href":"https:\/\/analyse.optim.biz\/index.php?rest_route=%2Fwp%2Fv2%2Fmedia&parent=1897497"}],"wp:term":[{"taxonomy":"category","embeddable":true,"href":"https:\/\/analyse.optim.biz\/index.php?rest_route=%2Fwp%2Fv2%2Fcategories&post=1897497"},{"taxonomy":"post_tag","embeddable":true,"href":"https:\/\/analyse.optim.biz\/index.php?rest_route=%2Fwp%2Fv2%2Ftags&post=1897497"}],"curies":[{"name":"wp","href":"https:\/\/api.w.org\/{rel}","templated":true}]}}