{"id":1897493,"date":"2026-04-22T11:54:12","date_gmt":"2026-04-22T08:54:12","guid":{"rendered":"https:\/\/analyse.optim.biz\/?p=1897493"},"modified":"2026-04-22T11:54:12","modified_gmt":"2026-04-22T08:54:12","slug":"criza-din-coalitia-pro-europeana-din-romania-slabeste-bariera-impotriva-extremei-drepte-arata-o-analiza","status":"publish","type":"post","link":"https:\/\/analyse.optim.biz\/?p=1897493","title":{"rendered":"Criza din coali\u021bia pro\u2011european\u0103 din Rom\u00e2nia sl\u0103be\u0219te \u201ebariera\u201d \u00eempotriva extremei drepte, arat\u0103 o analiz\u0103&#8230;"},"content":{"rendered":"<p>[analyse_image type=&#8221;featured&#8221; src=&#8221;https:\/\/cdn.adh.reperio.news\/image-1\/1586dfa5-7472-4461-b490-c877535652fa\/index.jpeg?p=f%3Djpeg%26w%3D1200%26h%3D630%26r%3Dcover&#8221;]<\/p>\n<article class=\"svelte-t0js42\">\n<nav>\n<ul class=\"breadcrump svelte-xauq0s\">\n<li class=\"svelte-xauq0s\"><a href=\"\/\" title=\"Adev\u0103rul\" class=\"svelte-xauq0s\">Home<\/a><\/li>\n<li class=\"svelte-xauq0s\"><a href=\"\/politica\" class=\"svelte-xauq0s\">Politic\u0103<\/a><\/li>\n<li class=\"svelte-xauq0s\"><a href=\"https:\/\/adevarul.ro\/politica\/criza-din-coalitia-proeuropeana-din-romania-2524457.html\" class=\"svelte-xauq0s\">Criza din coali\u021bia pro\u2011european\u0103 din Rom\u00e2nia sl\u0103be\u0219te \u201ebariera\u201d \u00eempotriva extremei drepte, arat\u0103 o analiz\u0103 str\u0103in\u0103<\/a><\/li>\n<\/ul>\n<\/nav>\n<p><main class=\"svelte-t0js42\"><\/p>\n<p>Decizia Partidului Social Democrat (PSD) din 20 aprilie de a retrage sprijinul politic pentru premierul Ilie Bolojan a deschis <a href=\"https:\/\/adevarul.ro\/politica\/poate-nicusor-dan-sa-refuze-un-premier-psd-aur-un-2524290.html\">o nou\u0103 etap\u0103 de instabilitate \u00een coali\u021bia format\u0103 anul trecut<\/a> pentru a limita ascensiunea forma\u021biunii de extrem\u0103 dreapta AUR. O analiz\u0103 a televiziunii poloneze\u00a0<a href=\"https:\/\/tvpworld.com\/92831853\/romania-coalition-crisis-austerity-deficit-sees-aur-rise\" rel=\"nofollow\">TVP World<\/a>\u00a0atrage aten\u021bia c\u0103 \u201e<i>bariera care a \u021binut extrema dreapt\u0103 departe de putere se cr\u0103p\u0103 din propriile sale temelii\u201d.<\/i><\/p>\n<div class=\"container-image  svelte-jd4qiv\"><source type=\"image\/webp\" srcset=\"https:\/\/cdn.adh.reperio.news\/image-1\/1586dfa5-7472-4461-b490-c877535652fa\/index.jpeg?p=a%3D1%26co%3D1.05%26w%3D1400%26h%3D750%26r%3Dcontain%26f%3Dwebp 1400w\" media=\"(min-width: 1400px)\" \/><\/p>\n<div class=\"caption\">Sorin Grindeanu \u0219i Ilie Bolojan. FOTO Inquam Photos \/ Octav Ganea<\/div>\n<\/div>\n<p>\u00cen analiz\u0103 se arat\u0103 c\u0103 PSD, cea mai mare for\u021b\u0103 din alian\u021ba de guvernare, \u00ee\u0219i justific\u0103 gestul prin impactul austerit\u0103\u021bii asupra propriului electorat, \u00een timp ce tensiunile interne pun sub semnul \u00eentreb\u0103rii capacitatea coali\u021biei de a-\u0219i men\u021bine obiectivele asumate.<\/p>\n<h2>O coali\u021bie n\u0103scut\u0103 pentru a bloca extrema dreapt\u0103<\/h2>\n<p>Actuala formul\u0103 de guvernare a fost constituit\u0103 \u00een iunie 2025, dup\u0103 anularea de c\u0103tre Curtea Constitu\u021bional\u0103 a primului tur al alegerilor preziden\u021biale din 2024, \u00een contextul unor suspiciuni de ingerin\u021b\u0103 extern\u0103, subliniaz\u0103 aceea\u0219i analiz\u0103: scopul principal al coali\u021biei era stabilizarea institu\u021biilor, accesarea fondurilor europene din PNRR \u0219i men\u021binerea ratingului de \u021bar\u0103,\u00a0explic\u0103 Stuart Dowell, autorul articolului de la TVP World.<\/p>\n<p>\u00cen analiza sa, autorul subliniaz\u0103 c\u0103 aceste obiective au presupus m\u0103suri de austeritate, care au erodat \u00eens\u0103 sprijinul electoral al partidelor din coali\u021bie \u0219i au alimentat cre\u0219terea AUR, creditat \u00een prezent cu aproximativ 36% \u00een sondaje. <\/p>\n<p>Premierul Ilie Bolojan a preluat mandatul \u00een contextul celui mai mare deficit bugetar din UE. Pachetul fiscal adoptat \u00een iulie 2025 &#8211; agreat la acel moment \u0219i de PSD -a inclus majorarea TVA, cre\u0219terea accizelor, extinderea contribu\u021biilor de s\u0103n\u0103tate pentru anumite categorii de pensionari, \u00eenghe\u021barea salariilor \u0219i pensiilor \u00een sectorul public \u0219i reducerea posturilor din administra\u021bie, potrivit aceleia\u0219i analize.<\/p>\n<p>Pe pagina TVP World se mai arat\u0103 c\u0103 aceste m\u0103suri au afectat \u00een special electoratul tradi\u021bional al PSD, format din persoane cu venituri mici \u0219i pensionari, ceea ce explic\u0103 presiunea intern\u0103 asupra conducerii partidului.<\/p>\n<p> Analiza prezint\u0103 \u0219i un sondaj Sociopol din aprilie plaseaz\u0103 PSD la 18%, la egalitate cu USR \u0219i sub PNL, \u00een timp ce AUR conduce deta\u0219at.<\/p>\n<p><i>\u201eSurse Reuters sugereaz\u0103 c\u0103 PSD ar putea accepta o remaniere a coali\u021biei dac\u0103 liberalii ar alege pe altcineva dec\u00e2t Bolojan ca prim-ministru, chiar dac\u0103, conform acordului de coali\u021bie, biroul prim-ministrului ar fi rotit c\u0103tre ei \u00een prim\u0103vara anului 2027.\u00a0<\/i><i>Grindeanu vrea distan\u021b\u0103 fa\u021b\u0103 de austeritate f\u0103r\u0103 a-\u0219i asuma pr\u0103bu\u0219irea pe care opozi\u021bia total\u0103 ar aduce-o\u201d, <\/i>se arat\u0103 pe site-ul TVP.<\/p>\n<p>Analiza aminte\u0219te c\u0103 Rom\u00e2nia a trecut prin numeroase crize politice \u00een ultimul deceniu, \u00eens\u0103 acestea au fost de regul\u0103 rezolvate prin negocieri interne, f\u0103r\u0103 alegeri anticipate, un mecanism descris adesea drept \u201e<i>instabilitate stabil\u0103\u201d<\/i>. Aceea\u0219i surs\u0103 arat\u0103 c\u0103 pre\u0219edintele Nicu\u0219or Dan a exclus organizarea de alegeri anticipate \u0219i a declarat c\u0103 nu va nominaliza un premier sus\u021binut de AUR.<\/p>\n<p>De aceast\u0103 dat\u0103 \u00eens\u0103, instabilitatea se suprapune peste obiective financiare majore: ap\u0103rarea ratingului de \u021bar\u0103, derularea contractelor de ap\u0103rare din cadrul ini\u021biativei europene SAFE \u0219i respectarea termenelor din PNRR, remarc\u0103 Stuart Dowell.<\/p>\n<h2>Riscul unui cerc vicios<\/h2>\n<p><a href=\"https:\/\/adevarul.ro\/politica\/consultari-la-cotroceni-intre-presedintele-nicusor-2524350.html\">Criza politic\u0103 <\/a>risc\u0103 s\u0103 genereze un \u201e<i>efect de spiral\u0103\u201d<\/i>: instabilitatea cre\u0219te costurile de finan\u021bare, ceea ce oblig\u0103 la noi m\u0103suri de austeritate, care la r\u00e2ndul lor amplific\u0103 nemul\u021bumirea public\u0103 \u0219i sprijinul pentru AUR, potrivit aceleia\u0219i analize.<\/p>\n<p> Un barometru Political Rating Agency arat\u0103 c\u0103 39,2% dintre rom\u00e2ni consider\u0103 c\u0103 sistemul politic trebuie \u201e<i>complet \u00eenlocuit, prin orice mijloac<\/i>e\u201d.<\/p>\n<h2>\u201eDac\u0103 o mo\u021biune de cenzur\u0103 ar trece, Rom\u00e2nia ar intra \u00eentr-o perioad\u0103 prelungit\u0103 de negocieri\u201d<\/h2>\n<p>\u00cen aceea\u0219i analiz\u0103 se arat\u0103 c\u0103 cel mai probabil scenariu este o reconfigurare a aceleia\u0219i coali\u021bii pro\u2011europene, posibil cu un alt premier sau cu o ajustare a programului de reforme. Dac\u0103 o mo\u021biune de cenzur\u0103 ar trece, Rom\u00e2nia ar intra \u00eentr-o perioad\u0103 prelungit\u0103 de negocieri pentru formarea unui nou guvern, sintetizeaz\u0103 autorul.<\/p>\n<p>Pie\u021bele financiare vor urm\u0103ri \u00eendeaproape continuitatea \u00een reducerea deficitului, iar orice semnal de recul ar putea cre\u0219te costurile de \u00eemprumut, arat\u0103\u00a0Stuart Dowell, explic\u00e2nd c\u0103, \u00een plan politic, instabilitatea repetat\u0103 risc\u0103 s\u0103 \u00eent\u0103reasc\u0103 discursul anti-sistem al AUR, chiar dac\u0103 partidul r\u0103m\u00e2ne \u00een afara guvern\u0103rii.<\/p>\n<p><\/main><\/p>\n<footer class=\"svelte-t0js42\">\n<div class=\"related-wrap related-footer svelte-1t8qpgs\"><span class=\"related-label svelte-1t8qpgs\">Cite\u0219te \u0219i<\/span><a class=\"related svelte-1t8qpgs\" data-gtrack='{\"event\":\"utm_click\",\"data\":{\"event_category\":\"article_related\"}}' href=\"https:\/\/adevarul.ro\/politica\/poate-nicusor-dan-sa-refuze-un-premier-psd-aur-un-2524290.html\" title=\"Alt articol de interes pentru tine\"><img decoding=\"async\" class=\"thumb svelte-1t8qpgs\" src=\"https:\/\/cdn.adh.reperio.news\/image-4\/4d54071b-beca-4e5b-bc4f-42e90834b135\/index.png\" alt loading=\"lazy\" width=\"80\" height=\"54\"><span class=\"title svelte-1t8qpgs\">Poate Nicu\u0219or Dan s\u0103 refuze un premier PSD-AUR? Un judec\u0103tor constitu\u021bional clarific\u0103: \u201eNu prea are spa\u021biu de manevr\u0103 dac\u0103 exist\u0103 o majoritate\u201d<\/span><\/a><a class=\"related svelte-1t8qpgs\" data-gtrack='{\"event\":\"utm_click\",\"data\":{\"event_category\":\"article_related\"}}' href=\"https:\/\/adevarul.ro\/politica\/consultari-la-cotroceni-intre-presedintele-nicusor-2524350.html\" title=\"Alt articol de interes pentru tine\"><img decoding=\"async\" class=\"thumb svelte-1t8qpgs\" src=\"https:\/\/cdn.adh.reperio.news\/image-1\/11f87ea2-2b64-490f-a922-600a8e890be2\/index.jpeg\" alt loading=\"lazy\" width=\"80\" height=\"54\"><span class=\"title svelte-1t8qpgs\">LIVE TEXT Ziua decisiv\u0103 la Cotroceni. Nicu\u0219or Dan, fa\u021b\u0103 \u00een fa\u021b\u0103 cu liderii Coali\u021biei. Ilie Bolojan: \u201e\u00cemi asum \u00een continuare mandatul de premier\u201d<\/span><\/a><a class=\"related svelte-1t8qpgs\" data-gtrack='{\"event\":\"utm_click\",\"data\":{\"event_category\":\"article_related\"}}' href=\"https:\/\/adevarul.ro\/politica\/surse-nicusor-dan-vrea-premier-tehnocrat-2524384.html\" title=\"Alt articol de interes pentru tine\"><img decoding=\"async\" class=\"thumb svelte-1t8qpgs\" src=\"https:\/\/cdn.adh.reperio.news\/image-0\/04ff9ef5-bbb3-4b00-9e97-357bfaee6715\/index.jpeg\" alt loading=\"lazy\" width=\"80\" height=\"54\"><span class=\"title svelte-1t8qpgs\">SURSE Pre\u0219edintele Nicu\u0219or Dan vrea premier tehnocrat <\/span><\/a><\/div>\n<div class=\"meta svelte-t0js42\">\n<div class=\"authors svelte-t0js42\"><a href=\"\/author\/1228\" rel=\"author\" class=\"svelte-t0js42\">Cristina Stancu<\/a><\/div>\n<div class=\"tags svelte-12okeyl\"><span class=\"tags-label metaFont svelte-12okeyl\">Cite\u0219te mai multe despre<\/span><\/p>\n<div class=\"tags-list svelte-12okeyl\"><a href=\"\/tag\/psd\" title=\"Ultimele \u0219tiri despre psd\" class=\"tag-pill svelte-12okeyl\">psd<\/a><a href=\"\/tag\/aur\" title=\"Ultimele \u0219tiri despre aur\" class=\"tag-pill svelte-12okeyl\">aur<\/a><a href=\"\/tag\/ilie%20bolojan\" title=\"Ultimele \u0219tiri despre ilie bolojan\" class=\"tag-pill svelte-12okeyl\">ilie bolojan<\/a><\/div>\n<\/div>\n<\/div>\n<p><a class=\"moreFromCategory svelte-t0js42\" href=\"\/politica\" title=\"Politic\u0103\">Mai multe din <strong class=\"svelte-t0js42\">Politic\u0103<\/strong> \u203a<\/a><\/footer>\n<\/article>\n<p>[analyse_source url=&#8221;https:\/\/adevarul.ro\/politica\/criza-din-coalitia-proeuropeana-din-romania-2524457.html&#8221;]<\/p>\n","protected":false},"excerpt":{"rendered":"<p>[analyse_image type=&#8221;featured&#8221; src=&#8221;https:\/\/cdn.adh.reperio.news\/image-1\/1586dfa5-7472-4461-b490-c877535652fa\/index.jpeg?p=f%3Djpeg%26w%3D1200%26h%3D630%26r%3Dcover&#8221;] Home Politic\u0103 Criza din coali\u021bia pro\u2011european\u0103 din Rom\u00e2nia sl\u0103be\u0219te \u201ebariera\u201d \u00eempotriva extremei drepte, arat\u0103 o analiz\u0103 str\u0103in\u0103 Decizia Partidului Social Democrat (PSD) din 20 aprilie de a retrage sprijinul politic pentru premierul Ilie Bolojan a deschis o nou\u0103 etap\u0103 de instabilitate \u00een coali\u021bia format\u0103 anul trecut pentru a limita ascensiunea forma\u021biunii de [&hellip;]<\/p>\n","protected":false},"author":1,"featured_media":0,"comment_status":"open","ping_status":"","sticky":false,"template":"","format":"standard","meta":{"footnotes":""},"categories":[89],"tags":[19,226],"class_list":["post-1897493","post","type-post","status-publish","format-standard","hentry","category-romania","tag-adevarul","tag-crawlmanager"],"_links":{"self":[{"href":"https:\/\/analyse.optim.biz\/index.php?rest_route=\/wp\/v2\/posts\/1897493","targetHints":{"allow":["GET"]}}],"collection":[{"href":"https:\/\/analyse.optim.biz\/index.php?rest_route=\/wp\/v2\/posts"}],"about":[{"href":"https:\/\/analyse.optim.biz\/index.php?rest_route=\/wp\/v2\/types\/post"}],"author":[{"embeddable":true,"href":"https:\/\/analyse.optim.biz\/index.php?rest_route=\/wp\/v2\/users\/1"}],"replies":[{"embeddable":true,"href":"https:\/\/analyse.optim.biz\/index.php?rest_route=%2Fwp%2Fv2%2Fcomments&post=1897493"}],"version-history":[{"count":0,"href":"https:\/\/analyse.optim.biz\/index.php?rest_route=\/wp\/v2\/posts\/1897493\/revisions"}],"wp:attachment":[{"href":"https:\/\/analyse.optim.biz\/index.php?rest_route=%2Fwp%2Fv2%2Fmedia&parent=1897493"}],"wp:term":[{"taxonomy":"category","embeddable":true,"href":"https:\/\/analyse.optim.biz\/index.php?rest_route=%2Fwp%2Fv2%2Fcategories&post=1897493"},{"taxonomy":"post_tag","embeddable":true,"href":"https:\/\/analyse.optim.biz\/index.php?rest_route=%2Fwp%2Fv2%2Ftags&post=1897493"}],"curies":[{"name":"wp","href":"https:\/\/api.w.org\/{rel}","templated":true}]}}