{"id":1897488,"date":"2026-04-22T11:39:05","date_gmt":"2026-04-22T08:39:05","guid":{"rendered":"https:\/\/analyse.optim.biz\/?p=1897488"},"modified":"2026-04-22T11:39:05","modified_gmt":"2026-04-22T08:39:05","slug":"liderii-psd-au-votat-in-unanimitare-retragerea-ministrilor-din-guvern-dupa-consultarile-de-la-cotroceni","status":"publish","type":"post","link":"https:\/\/analyse.optim.biz\/?p=1897488","title":{"rendered":"Liderii PSD au votat \u00een unanimitare retragerea mini\u0219trilor din Guvern, dup\u0103 consult\u0103rile de la Cotroceni"},"content":{"rendered":"<p>[analyse_image type=&#8221;featured&#8221; src=&#8221;https:\/\/cdn.adh.reperio.news\/image-6\/64605eef-2147-4f9d-bd59-acbfbc1dde23\/index.jpeg?p=f%3Djpeg%26w%3D1200%26h%3D630%26r%3Dcover&#8221;]<\/p>\n<article class=\"svelte-t0js42\">\n<nav>\n<ul class=\"breadcrump svelte-xauq0s\">\n<li class=\"svelte-xauq0s\"><a href=\"\/\" title=\"Adev\u0103rul\" class=\"svelte-xauq0s\">Home<\/a><\/li>\n<li class=\"svelte-xauq0s\"><a href=\"\/politica\" class=\"svelte-xauq0s\">Politic\u0103<\/a><\/li>\n<li class=\"svelte-xauq0s\"><a href=\"https:\/\/adevarul.ro\/politica\/liderii-psd-au-intrat-in-sedinta-dupa-consultarile-2524470.html\" class=\"svelte-xauq0s\">Liderii PSD au votat \u00een unanimitare retragerea mini\u0219trilor din Guvern, dup\u0103 consult\u0103rile de la Cotroceni<\/a><\/li>\n<\/ul>\n<\/nav>\n<p><main class=\"svelte-t0js42\"><\/p>\n<p>Potrivit unor surse politice, PSD sus\u021bine \u0219i varianta unui premier tehnocrat \u0219i va insista pe aceast\u0103 posibil\u0103 solu\u021bie pentru rezolvarea crizei guvernamentale.<\/p>\n<div class=\"container-image  svelte-jd4qiv\"><source type=\"image\/webp\" srcset=\"https:\/\/cdn.adh.reperio.news\/image-6\/64605eef-2147-4f9d-bd59-acbfbc1dde23\/index.jpeg?p=a%3D1%26co%3D1.05%26w%3D1400%26h%3D750%26r%3Dcontain%26f%3Dwebp 1400w\" media=\"(min-width: 1400px)\" \/><\/p>\n<div class=\"caption\">Liderii PSD decid calea de urmat FOTO: Inquam Photos<\/div>\n<\/div>\n<h2>UPDATE PSD \u00ee\u0219i retrage mini\u0219trii<\/h2>\n<p>Liderii PSD au votat \u00een unanimitate retragerea celor \u0219apte mini\u0219tri din Guvern. Acest lucru se va \u00eent\u00e2mpla joi, \u00eenainte de \u0219edin\u021ba Executivului condus de Ilie Bolojan.<\/p>\n<p>\u00cencep\u00e2nd cu ora 14.00, liderii PSD s-au reunit \u00eentr-o \u0219edin\u021b\u0103 de partid, pentru a decide pa\u0219ii de urmat dup\u0103 consult\u0103rile din cursul dimine\u021bii de la Cotroceni, cu pre\u0219edintele Nicu\u0219or Dan.<\/p>\n<p>Surse politice spun c\u0103 liderii PSD sus\u021bin varianta unui premier tehnocrat care s\u0103-i ia locul lui Ilie Bolojan, caz \u00een care consider\u0103 rezolvat\u0103 criza guvernamental\u0103. <\/p>\n<p>De altfel, tot din surse politice, pre\u0219edintele<a href=\"https:\/\/adevarul.ro\/politica\/surse-nicusor-dan-vrea-premier-tehnocrat-2524384.html\"> Nicu\u0219or Dan ar agrea aceast\u0103 variant\u0103,<\/a> doar c\u0103 liderii PNL i-au transmis clar c\u0103 nu renun\u021b\u0103 la Ilie Bolojan \u00een fruntea Guvernului.<\/p>\n<p><i>\u201dDac\u0103 nu se ajunge la o armonizare a punctelor de vedere, evident PSD-ul poate s\u0103 treac\u0103 \u00een opozi\u021bie, noi, de asemenea, nesus\u021bin\u00e2nd un guvern minoritar sau f\u0103c\u00e2nd o alt\u0103 majoritate dec\u00e2t cele pe care le-am anun\u021bat\u201d,<\/i> a anun\u021bat Sorin Grindeanu <a href=\"https:\/\/adevarul.ro\/politica\/consultari-la-cotroceni-intre-presedintele-nicusor-2524350.html\">imediat dup\u0103 consult\u0103rile de la Cotroceni.<\/a><\/p>\n<p>Situa\u021bia politic\u0103 din \u021bar\u0103 s-a acutizat dup\u0103 ce\u00a0<a href=\"https:\/\/adevarul.ro\/economie\/efectele-votului-din-psd-asupra-economiei-2524210.html\">PSD a votat cov\u00e2r\u0219itor retragerea sprijinului pentru premierul Ilie Bolojan.<\/a>\u00a0\u00cen replic\u0103, liderii PNL au transmis semnale de sus\u021binere pentru actualul prim-ministru, \u00een ciuda divergen\u021belor tot mai evidente din interiorul coali\u021biei.<\/p>\n<p>Surse politice citate de Adev\u0103rul sus\u021bin c\u0103 premierul ar inten\u021biona s\u0103 demit\u0103, \u00een \u0219edin\u021ba de guvern de joi, to\u021bi demnitarii PSD \u2013 de la mini\u0219tri la prefec\u021bi \u2013 urm\u00e2nd s\u0103 \u00eei \u00eenlocuiasc\u0103 cu tehnocra\u021bi \u0219i reprezentan\u021bi ai societ\u0103\u021bii civile.<\/p>\n<p><\/main><\/p>\n<footer class=\"svelte-t0js42\">\n<div class=\"related-wrap related-footer svelte-1t8qpgs\"><span class=\"related-label svelte-1t8qpgs\">Cite\u0219te \u0219i<\/span><a class=\"related svelte-1t8qpgs\" data-gtrack='{\"event\":\"utm_click\",\"data\":{\"event_category\":\"article_related\"}}' href=\"https:\/\/adevarul.ro\/politica\/poate-nicusor-dan-sa-refuze-un-premier-psd-aur-un-2524290.html\" title=\"Alt articol de interes pentru tine\"><img decoding=\"async\" class=\"thumb svelte-1t8qpgs\" src=\"https:\/\/cdn.adh.reperio.news\/image-4\/4d54071b-beca-4e5b-bc4f-42e90834b135\/index.png\" alt loading=\"lazy\" width=\"80\" height=\"54\"><span class=\"title svelte-1t8qpgs\">Poate Nicu\u0219or Dan s\u0103 refuze un premier PSD-AUR? Un judec\u0103tor constitu\u021bional clarific\u0103: \u201eNu prea are spa\u021biu de manevr\u0103 dac\u0103 exist\u0103 o majoritate\u201d<\/span><\/a><a class=\"related svelte-1t8qpgs\" data-gtrack='{\"event\":\"utm_click\",\"data\":{\"event_category\":\"article_related\"}}' href=\"https:\/\/adevarul.ro\/politica\/consultari-la-cotroceni-intre-presedintele-nicusor-2524350.html\" title=\"Alt articol de interes pentru tine\"><img decoding=\"async\" class=\"thumb svelte-1t8qpgs\" src=\"https:\/\/cdn.adh.reperio.news\/image-1\/11f87ea2-2b64-490f-a922-600a8e890be2\/index.jpeg\" alt loading=\"lazy\" width=\"80\" height=\"54\"><span class=\"title svelte-1t8qpgs\">LIVE TEXT Ziua decisiv\u0103 la Cotroceni. Nicu\u0219or Dan, fa\u021b\u0103 \u00een fa\u021b\u0103 cu liderii Coali\u021biei. Ilie Bolojan: \u201e\u00cemi asum \u00een continuare mandatul de premier\u201d<\/span><\/a><a class=\"related svelte-1t8qpgs\" data-gtrack='{\"event\":\"utm_click\",\"data\":{\"event_category\":\"article_related\"}}' href=\"https:\/\/adevarul.ro\/politica\/surse-nicusor-dan-vrea-premier-tehnocrat-2524384.html\" title=\"Alt articol de interes pentru tine\"><img decoding=\"async\" class=\"thumb svelte-1t8qpgs\" src=\"https:\/\/cdn.adh.reperio.news\/image-0\/04ff9ef5-bbb3-4b00-9e97-357bfaee6715\/index.jpeg\" alt loading=\"lazy\" width=\"80\" height=\"54\"><span class=\"title svelte-1t8qpgs\">SURSE Pre\u0219edintele Nicu\u0219or Dan vrea premier tehnocrat <\/span><\/a><\/div>\n<div class=\"meta svelte-t0js42\">\n<div class=\"authors svelte-t0js42\"><a href=\"\/author\/672\" rel=\"author\" class=\"svelte-t0js42\">\u0218tefan Borcea<\/a><\/div>\n<div class=\"tags svelte-12okeyl\"><span class=\"tags-label metaFont svelte-12okeyl\">Cite\u0219te mai multe despre<\/span><\/p>\n<div class=\"tags-list svelte-12okeyl\"><a href=\"\/tag\/psd\" title=\"Ultimele \u0219tiri despre psd\" class=\"tag-pill svelte-12okeyl\">psd<\/a><a href=\"\/tag\/guvern\" title=\"Ultimele \u0219tiri despre guvern\" class=\"tag-pill svelte-12okeyl\">guvern<\/a><a href=\"\/tag\/sedinta\" title=\"Ultimele \u0219tiri despre sedinta\" class=\"tag-pill svelte-12okeyl\">sedinta<\/a><\/div>\n<\/div>\n<\/div>\n<p><a class=\"moreFromCategory svelte-t0js42\" href=\"\/politica\" title=\"Politic\u0103\">Mai multe din <strong class=\"svelte-t0js42\">Politic\u0103<\/strong> \u203a<\/a><\/footer>\n<\/article>\n<p>[analyse_source url=&#8221;https:\/\/adevarul.ro\/politica\/liderii-psd-au-intrat-in-sedinta-dupa-consultarile-2524470.html&#8221;]<\/p>\n","protected":false},"excerpt":{"rendered":"<p>[analyse_image type=&#8221;featured&#8221; src=&#8221;https:\/\/cdn.adh.reperio.news\/image-6\/64605eef-2147-4f9d-bd59-acbfbc1dde23\/index.jpeg?p=f%3Djpeg%26w%3D1200%26h%3D630%26r%3Dcover&#8221;] Home Politic\u0103 Liderii PSD au votat \u00een unanimitare retragerea mini\u0219trilor din Guvern, dup\u0103 consult\u0103rile de la Cotroceni Potrivit unor surse politice, PSD sus\u021bine \u0219i varianta unui premier tehnocrat \u0219i va insista pe aceast\u0103 posibil\u0103 solu\u021bie pentru rezolvarea crizei guvernamentale. Liderii PSD decid calea de urmat FOTO: Inquam Photos UPDATE PSD \u00ee\u0219i retrage [&hellip;]<\/p>\n","protected":false},"author":1,"featured_media":0,"comment_status":"open","ping_status":"","sticky":false,"template":"","format":"standard","meta":{"footnotes":""},"categories":[89],"tags":[19,226],"class_list":["post-1897488","post","type-post","status-publish","format-standard","hentry","category-romania","tag-adevarul","tag-crawlmanager"],"_links":{"self":[{"href":"https:\/\/analyse.optim.biz\/index.php?rest_route=\/wp\/v2\/posts\/1897488","targetHints":{"allow":["GET"]}}],"collection":[{"href":"https:\/\/analyse.optim.biz\/index.php?rest_route=\/wp\/v2\/posts"}],"about":[{"href":"https:\/\/analyse.optim.biz\/index.php?rest_route=\/wp\/v2\/types\/post"}],"author":[{"embeddable":true,"href":"https:\/\/analyse.optim.biz\/index.php?rest_route=\/wp\/v2\/users\/1"}],"replies":[{"embeddable":true,"href":"https:\/\/analyse.optim.biz\/index.php?rest_route=%2Fwp%2Fv2%2Fcomments&post=1897488"}],"version-history":[{"count":0,"href":"https:\/\/analyse.optim.biz\/index.php?rest_route=\/wp\/v2\/posts\/1897488\/revisions"}],"wp:attachment":[{"href":"https:\/\/analyse.optim.biz\/index.php?rest_route=%2Fwp%2Fv2%2Fmedia&parent=1897488"}],"wp:term":[{"taxonomy":"category","embeddable":true,"href":"https:\/\/analyse.optim.biz\/index.php?rest_route=%2Fwp%2Fv2%2Fcategories&post=1897488"},{"taxonomy":"post_tag","embeddable":true,"href":"https:\/\/analyse.optim.biz\/index.php?rest_route=%2Fwp%2Fv2%2Ftags&post=1897488"}],"curies":[{"name":"wp","href":"https:\/\/api.w.org\/{rel}","templated":true}]}}