{"id":1897485,"date":"2026-04-22T04:14:26","date_gmt":"2026-04-22T01:14:26","guid":{"rendered":"https:\/\/analyse.optim.biz\/?p=1897485"},"modified":"2026-04-22T04:14:26","modified_gmt":"2026-04-22T01:14:26","slug":"bolojan-tine-cu-dintii-de-functie-ce-va-face-presedintele-nicusor-dan-surse-premier-tehnocrat-solutia-de-compromis","status":"publish","type":"post","link":"https:\/\/analyse.optim.biz\/?p=1897485","title":{"rendered":"Bolojan \u021bine cu din\u021bii de func\u021bie: ce va face pre\u0219edintele Nicu\u0219or Dan? SURSE: Premier tehnocrat, solu\u021bia de compromis"},"content":{"rendered":"<p>[analyse_image type=&#8221;featured&#8221; src=&#8221;https:\/\/media.realitatea.net\/multimedia\/image\/202601\/w1920\/62570343_a0a28695bb.jpg&#8221;]<\/p>\n<div class=\"article-box-content\">\n&lt;!&#8211;            <\/p>\n<div class=\"article-box-content\" role=\"section\" aria-label=\"Con&#539;inutul articolului\">&#8211;&gt;<\/p>\n<div id=\"digital-atelier-mobile\"><\/div>\n<div id=\"permanent-position-before-content\"><\/div>\n<div id=\"digital-atelier-desktop\"><\/div>\n<div class=\"realitatea-article-content-box\">\n<p>Am avut aceast\u0103 discu\u021bie cu domnul pre\u0219edinte, l am informat c\u0103 nu voi demisiona pentru c\u0103 v am spus dac\u0103 ar fi o rezerv\u0103 financiar\u0103 \u0219i a \u0219ti c\u0103 schimb\u00e2nd o persoan\u0103 toate lucrurile se rezolv\u0103, dac\u0103 problemele Rom\u00e2niei dispar, dac\u0103 exist\u0103 ni\u0219te solu\u021bii pe care le are \u00een sertar Partidul Social Democrat \u0219i dac\u0103 le pune pe mas\u0103 totul se va rezolva, dar n au propus nici o solu\u021bie alta dec\u00e2t cele care au fost puse \u00een practic\u0103 de guvern pentru c\u0103 aici nu ai foarte multe \u0103 solu\u021bii. Ori cre\u0219ti venituri, ori scazi cheltuieli. Dac\u0103 a\u0219 \u0219ti c\u0103 asta este situa\u021bia, crede\u021bi m\u0103, m\u00e2ine n-a\u0219 mai fi.<\/p>\n<div id=\"adocean-mobile-positon\">\n<div data-ao-pid=\"1s3nVeO8d7fVQQxZ8qBwmwF8nJdHUjAHhp2PqUhQfRb.D7\"><\/div>\n<\/p><\/div>\n<p>Vom vedea \u00een zilele urm\u0103toare ce se va \u00eent\u00e2mpla, pentru c\u0103 e o situa\u021bie complicat\u0103 cu un parlament pulverizat \u00een care e greu s\u0103 faci majorit\u0103\u021bi pentru c\u0103 unii se condi\u021bioneaz\u0103 pe al\u021bii, dar \u0219tiu c\u00e2teva lucruri. Rom\u00e2nia are nevoie de un guvern care s\u0103 lucreze \u0219i \u00een aceast\u0103 situa\u021bie, dac\u0103 joi mini\u0219trii PSD se retrag, suntem preg\u0103ti\u021bi s\u0103 \u00eenlocuim ace\u0219ti mini\u0219tri cu titularii care r\u0103m\u00e2n la celelalte ministere \u00een a\u0219a fel \u00eenc\u00e2t s\u0103 continu\u0103m activitatea guvernamental\u0103&#8221;, a declarat Bolojan.\u00a0<\/p>\n<div id=\"truvid-desktop-postion\"><\/div>\n<div id=\"truvid-mobile-postion\"><\/div>\n<div id=\"adocean-desktop-positon\">\n<div data-ao-pid=\"1s3nVeO8d7fVQQxZ8qBwmwF8nJdHUjAHhp2PqUhQfRb.D7\"><\/div>\n<\/div>\n<\/div>\n<div data-ao-pid=\"acVcznEUnS79iL7oRf2OfNAAE8XviPKkQ6AW09XriFv.87\"><\/div>\n<div class=\"realitatea-add\">\n<div class=\"realitatea-in-article-partner\"><\/div>\n<\/div>\n<div class=\"realitatea-partners-news realitatea-partners-design\">\n<hr class=\"realitatea-partners-news-hr\">\n<div class=\"d-flex justify-content-center w-100 flex-row mt-5 mb-5\">\n                                <!--  &amp; \/32628511\/Realitatea.netV2_articol_mobile\/300x250_1 --><\/p>\n<div id=\"div-gpt-ad-1625071005196-0\"><\/div>\n<\/p><\/div>\n<hr class=\"realitatea-partners-news-hr\">\n<article class>\n<div class=\"article-box-image\">\n<figure>\n                    <a href=\"https:\/\/www.tabu.ro\/designerul-care-a-socat-cu-o-colectie-inspirata-din-tragedia-de-la-colectiv-a-murit-la-doar-42-de-ani\/\" data-href=\"\/\/locale.realitatea.net\/2026\/04\/c2fa3a143eb31f2c6066b5b4832e3c96.jpg\" class=\"progressive replace\" title=\"Designerul care a \u0219ocat cu o colec\u021bie inspirat\u0103 din tragedia de la Colectiv a murit la doar 42 de ani\" rel=\"noopener external nofollow\" target=\"_blank\"><br \/>\n                                    <img decoding=\"async\" src=\"https:\/\/media.realitatea.net\/multimedia\/placeholder\/placeholder-article.webp\" class=\"preview w-100\" alt=\"Articol partener\"><br \/>\n                    <\/a><br \/>\n                <\/figure>\n<\/p><\/div>\n<div class=\"article-box-section\">\n<h3>TABU.RO<\/h3>\n<\/p><\/div>\n<div class=\"article-box-title\">\n                <a href=\"https:\/\/www.tabu.ro\/designerul-care-a-socat-cu-o-colectie-inspirata-din-tragedia-de-la-colectiv-a-murit-la-doar-42-de-ani\/\" title=\"Designerul care a \u0219ocat cu o colec\u021bie inspirat\u0103 din tragedia de la Colectiv a murit la doar 42 de ani\" rel=\"noopener external nofollow\" target=\"_blank\"><br \/>\n                    <span>Designerul care a \u0219ocat cu o colec\u021bie inspirat\u0103 din tragedia de la Colectiv a murit la doar 42 de ani<\/span><br \/>\n                <\/a>\n            <\/div>\n<\/article>\n<hr class=\"realitatea-partners-news-hr\">\n            <\/div>\n<\/p><\/div>\n<div class=\"articleBody\" data-key=\"articleBody\">Am avut aceasta discutie cu domnul presedinte, l am informat ca nu voi demisiona pentru ca v am spus daca ar fi o rezerva financiara si a sti ca schimband o persoana toate lucrurile se rezolva, daca problemele Romaniei dispar, daca exista niste solutii pe care le are in sertar Partidul Social Democrat si daca le pune pe masa totul se va rezolva, dar n au propus nici o solutie alta decat cele care au fost puse in practica de guvern pentru ca aici nu ai foarte multe a solutii. Ori cresti venituri, ori scazi cheltuieli. Daca as sti ca asta este situatia, credeti ma, maine n-as mai fi.Vom vedea in zilele urmatoare ce se va intampla, pentru ca e o situatie complicata cu un parlament pulverizat in care e greu sa faci majoritati pentru ca unii se conditioneaza pe altii, dar stiu cateva lucruri. Romania are nevoie de un guvern care sa lucreze si in aceasta situatie, daca joi ministrii PSD se retrag, suntem pregatiti sa inlocuim acesti ministri cu titularii care raman la celelalte ministere in asa fel incat sa continuam activitatea guvernamentala&#8221;, a declarat Bolojan. <\/div>\n<\/p>\n<p>[analyse_source url=&#8221;https:\/\/www.realitatea.net\/stiri\/politica\/bolojan-tine-cu-dintii-de-functie-ce-va-face-presedintele-nicusor-dan-surse-premier-tehnocrat-solutia-de-compromis_69e84b2256fc87597f422562&#8243;]<\/p>\n","protected":false},"excerpt":{"rendered":"<p>[analyse_image type=&#8221;featured&#8221; src=&#8221;https:\/\/media.realitatea.net\/multimedia\/image\/202601\/w1920\/62570343_a0a28695bb.jpg&#8221;] &lt;!&#8211; &#8211;&gt; Am avut aceast\u0103 discu\u021bie cu domnul pre\u0219edinte, l am informat c\u0103 nu voi demisiona pentru c\u0103 v am spus dac\u0103 ar fi o rezerv\u0103 financiar\u0103 \u0219i a \u0219ti c\u0103 schimb\u00e2nd o persoan\u0103 toate lucrurile se rezolv\u0103, dac\u0103 problemele Rom\u00e2niei dispar, dac\u0103 exist\u0103 ni\u0219te solu\u021bii pe care le are \u00een sertar [&hellip;]<\/p>\n","protected":false},"author":1,"featured_media":0,"comment_status":"open","ping_status":"","sticky":false,"template":"","format":"standard","meta":{"footnotes":""},"categories":[89],"tags":[226,15],"class_list":["post-1897485","post","type-post","status-publish","format-standard","hentry","category-romania","tag-crawlmanager","tag-realitatea-net"],"_links":{"self":[{"href":"https:\/\/analyse.optim.biz\/index.php?rest_route=\/wp\/v2\/posts\/1897485","targetHints":{"allow":["GET"]}}],"collection":[{"href":"https:\/\/analyse.optim.biz\/index.php?rest_route=\/wp\/v2\/posts"}],"about":[{"href":"https:\/\/analyse.optim.biz\/index.php?rest_route=\/wp\/v2\/types\/post"}],"author":[{"embeddable":true,"href":"https:\/\/analyse.optim.biz\/index.php?rest_route=\/wp\/v2\/users\/1"}],"replies":[{"embeddable":true,"href":"https:\/\/analyse.optim.biz\/index.php?rest_route=%2Fwp%2Fv2%2Fcomments&post=1897485"}],"version-history":[{"count":0,"href":"https:\/\/analyse.optim.biz\/index.php?rest_route=\/wp\/v2\/posts\/1897485\/revisions"}],"wp:attachment":[{"href":"https:\/\/analyse.optim.biz\/index.php?rest_route=%2Fwp%2Fv2%2Fmedia&parent=1897485"}],"wp:term":[{"taxonomy":"category","embeddable":true,"href":"https:\/\/analyse.optim.biz\/index.php?rest_route=%2Fwp%2Fv2%2Fcategories&post=1897485"},{"taxonomy":"post_tag","embeddable":true,"href":"https:\/\/analyse.optim.biz\/index.php?rest_route=%2Fwp%2Fv2%2Ftags&post=1897485"}],"curies":[{"name":"wp","href":"https:\/\/api.w.org\/{rel}","templated":true}]}}