{"id":1897483,"date":"2026-04-22T10:38:59","date_gmt":"2026-04-22T07:38:59","guid":{"rendered":"https:\/\/analyse.optim.biz\/?p=1897483"},"modified":"2026-04-22T10:38:59","modified_gmt":"2026-04-22T07:38:59","slug":"robert-negoita-nu-sunt-bolojenist-sunt-satul-sa-constat-ca-sunt-foarte-multi-care-iau-salarii-si-nu-fac","status":"publish","type":"post","link":"https:\/\/analyse.optim.biz\/?p=1897483","title":{"rendered":"Robert Negoi\u021b\u0103 \u201eNu sunt bolojenist. Sunt s\u0103tul s\u0103 constat c\u0103 sunt foarte mul\u021bi care iau salarii \u0219i nu fac&#8230;"},"content":{"rendered":"<p>[analyse_image type=&#8221;featured&#8221; src=&#8221;https:\/\/cdn.adh.reperio.news\/image-8\/8e189fdc-394f-476f-aa68-df7e5f70bf84\/index.jpeg?p=f%3Djpeg%26w%3D1200%26h%3D630%26r%3Dcover&#8221;]<\/p>\n<article class=\"svelte-t0js42\">\n<nav>\n<ul class=\"breadcrump svelte-xauq0s\">\n<li class=\"svelte-xauq0s\"><a href=\"\/\" title=\"Adev\u0103rul\" class=\"svelte-xauq0s\">Home<\/a><\/li>\n<li class=\"svelte-xauq0s\"><a href=\"\/politica\" class=\"svelte-xauq0s\">Politic\u0103<\/a><\/li>\n<li class=\"svelte-xauq0s\"><a href=\"https:\/\/adevarul.ro\/politica\/robert-negoita-nu-sunt-bolojenist-sunt-satul-sa-2524443.html\" class=\"svelte-xauq0s\">Robert Negoi\u021b\u0103 \u201eNu sunt bolojenist. Sunt s\u0103tul s\u0103 constat c\u0103 sunt foarte mul\u021bi care iau salarii \u0219i nu fac nimic, consum\u0103 resurse \u0219i mai fac \u0219i prostii\u201d<\/a><\/li>\n<\/ul>\n<\/nav>\n<p><main class=\"svelte-t0js42\"><\/p>\n<p>Robert Negoi\u021b\u0103,\u00a0primarul Sectorului 3, insist\u0103 cu sus\u021binerea pentru premierul Ilie Bolojan \u00een actuala criz\u0103 politic\u0103 din Coali\u021bia de guvernare, de\u0219i forma\u021biunea sa politic\u0103, Partidul Social Democrat, a decis retragerea sprijinului politic pentru liderul PNL. Edilul a declarat miercuri, 22 aprilie, la <a href=\"https:\/\/www.digi24.ro\/stiri\/actualitate\/politica\/robert-negoita-nu-intelege-de-ce-i-s-a-cerut-demisia-lui-bolojan-lipsa-ciclurilor-democratice-cu-psd-la-putere-este-nesanatoasa-3739421\" rel=\"nofollow\">Digi24<\/a>, c\u0103 mai mul\u021bi colegi social-democra\u021bi \u00eemp\u0103rt\u0103\u0219esc aceea\u0219i pozi\u021bie.<\/p>\n<div class=\"container-image  svelte-jd4qiv\"><source type=\"image\/webp\" srcset=\"https:\/\/cdn.adh.reperio.news\/image-8\/8e189fdc-394f-476f-aa68-df7e5f70bf84\/index.jpeg?p=a%3D1%26co%3D1.05%26w%3D1400%26h%3D750%26r%3Dcontain%26f%3Dwebp 1400w\" media=\"(min-width: 1400px)\" \/><\/p>\n<div class=\"caption\">Robert Negoi\u021b\u0103, primarul Sectorului 3. FOTO Inquam Photos \/ George C\u0103lin<\/div>\n<\/div>\n<p><i>\u201eAm vorbit \u0219i cu colegi de partid. Nu sunt singurul care g\u00e2nde\u0219te similar. Aici nu trebuie discutat pro sau contra o persoan\u0103, ci de ni\u0219te obiective \u0219i principii\u201d, a <\/i>spus Negoi\u021b\u0103, miercuri, \u00een direct.<\/p>\n<h2>\u201eNu sunt bolojenist\u201d<\/h2>\n<p>Primarul Sectorului 3 a subliniat c\u0103 sus\u021binerea sa nu este una personal\u0103, ci legat\u0103 de necesitatea unor reforme pe care le consider\u0103 esen\u021biale pentru func\u021bionarea statului.<\/p>\n<p><i>\u201eNu sunt bolojenist, sunt cet\u0103\u021bean s\u0103tul s\u0103 v\u0103d pensii care n-au nicio leg\u0103tur\u0103 cu normalitatea, s\u0103 constat, inclusiv din zona administrativ\u0103, c\u0103 sunt foarte mul\u021bi care iau salarii \u0219i nu fac nimic \u0219i consum\u0103 resurse. Mai mult dec\u00e2t at\u00e2t, fac \u0219i prostii\u201d,<\/i> a afirmat Negoi\u021b\u0103.<\/p>\n<p>Edilul social-democrat a criticat \u0219i situa\u021bia din domeniul energiei \u0219i pierderile constante ale companiilor de stat: <i>\u201eV\u0103d \u0219i eu c\u0103 pe zona de energie sunt mari probleme de reglementare, mari probleme de sistem&#8230; \u0218i s\u0103 pl\u0103tim cu to\u021bii pierderile pe care, an de an, le fac societ\u0103\u021bile de stat\u201d.<\/i><\/p>\n<h2>\u201eCred c\u0103 anumite reforme trebuie f\u0103cute\u201d<\/h2>\n<p>Negoi\u021b\u0103 a ad\u0103ugat c\u0103 sus\u021bine reformele asumate de premier:<\/p>\n<p><i>\u201eNu sunt bolojenist, dar cred \u00eentr-o anumit\u0103 normalitate \u0219i \u00een anumite reforme care trebuie f\u0103cute. Cred c\u0103 anumite reforme trebuie f\u0103cute \u0219i cred c\u0103 o discu\u021bie serioas\u0103 la ce ne propunem \u0219i cum anume reu\u0219im s\u0103 le rezolv\u0103m sunt absolut necesare. Faptul c\u0103 anumite persoane \u0219i-au asumat acest rol de reform\u0103, eu n-am dec\u00e2t s\u0103 apreciez, \u0219i asta dincolo de persoane, dincolo de structuri politice \u0219i a\u0219a mai departe\u201d.<\/i><\/p>\n<h2>\u201e\u0218tiu c\u0103 nu e o pozi\u021bie foarte comod\u0103, posibil c\u0103 pe unii deranjeaz\u0103, dar fix a\u0219a g\u00e2ndesc\u201d<\/h2>\n<p>Amintim c\u0103, mar\u021bi, 21 aprilie,\u00a0<a href=\"https:\/\/adevarul.ro\/politica\/robert-negoita-primarul-psd-de-la-sectorul-3-2524306.html\">Robert Negoi\u021b\u0103, primarul Sectorului 3, a transmis \u00eentr-un mesaj video c\u0103 \u00eel sus\u021bine pe premierul Ilie Bolojan \u0219i reformele ini\u021biate de acesta. <\/a>Negoi\u021b\u0103 a subliniat c\u0103, indiferent de percep\u021biile publice, \u201ei<i>mportant este c\u0103 s-au \u00eent\u00e2mplat ni\u0219te reforme\u201d<\/i>.<\/p>\n<p>Edilul a f\u0103cut referire \u00een special la reforma administrativ\u0103, pe care o consider\u0103 esen\u021bial\u0103 pentru reducerea cheltuielilor \u0219i eliminarea practicilor clientelare. <\/p>\n<p><i>\u201eReforma administrativ\u0103, foarte important. C\u0103 mai reducem din aparatul \u0103sta mare consumator de resurse \u0219i generator de mari probleme cu clientele, nenorociri, rubedenii\u201d<\/i>, a spus Negoi\u021b\u0103, ad\u0103ug\u00e2nd c\u0103 \u201e<i>lucrurile bune nu avem cum s\u0103 nu le apreciem<\/i>\u201d.<\/p>\n<p>Negoi\u021b\u0103 \u0219i-a ar\u0103tat sus\u021binerea \u0219i pentru m\u0103surile privind companiile de stat:<i> \u201eAm \u00een\u0163eles c\u0103 exist\u0103 \u015fanse s\u0103 fie pu\u0163in\u0103 cur\u0103\u0163enie \u015fi \u00een societ\u0103\u0163ile astea de stat care genereaz\u0103 pierderi \u00een fiecare an \u015fi, de asemenea, toate colc\u0103ie de clientel\u0103 politic\u0103. Cred c\u0103 ar merita pu\u0163in\u0103 sus\u0163inere m\u0103car pentru chestiunea asta<\/i>\u201d.<\/p>\n<p>Negoi\u021b\u0103 a subliniat c\u0103 \u00ee\u0219i asum\u0103 public pozi\u021bia, chiar dac\u0103 aceasta poate genera nemul\u021bumiri: <i>\u201e\u0218tiu c\u0103 nu e o pozi\u021bie foarte comod\u0103, posibil c\u0103 pe unii deranjeaz\u0103, dar fix a\u0219a g\u00e2ndesc. Asta este pozi\u021bia m<\/i>ea\u201d.<\/p>\n<p>Edilul Sectorului 3 nu este singurul social-democrat care s-a distan\u021bat de decizia PSD de a retrage sprijinul politic premierului Ilie Bolojan. <\/p>\n<p>Primarul PSD al Buz\u0103ului, Constantin Toma, a votat pentru men\u021binerea sprijinului.<\/p>\n<p>Amintim c\u0103 <a href=\"https:\/\/adevarul.ro\/stiri-interne\/evenimente\/a-2524350.html?_reperio_admin_preview=2524350%7C25%7C1776844441%7C58d6eb188649f6ca7e35735ad2cfe1208126666bac4de81467a6f39b6cf05548\">pre\u0219edintele Nicu\u0219or Dan se \u00eent\u00e2lne\u0219te miercuri, 22 aprilie, la Palatul Cotroceni, cu liderii forma\u021biunilor din Coali\u021bia de guvernare<\/a>. \u00cent\u00e2lnirile au loc pe fondul crizei politice declan\u0219ate dup\u0103 ce PSD a decis retragerea sprijinului politic pentru premierul Ilie Bolojan.<\/p>\n<p>\u00a0Decizia oficial\u0103 a PSD de retragere a sprijinului a fost adoptat\u0103 cu 97,7% din voturile celor aproximativ 5.000 de membri participan\u021bi.<\/p>\n<p><\/main><\/p>\n<footer class=\"svelte-t0js42\">\n<div class=\"related-wrap related-footer svelte-1t8qpgs\"><span class=\"related-label svelte-1t8qpgs\">Cite\u0219te \u0219i<\/span><a class=\"related svelte-1t8qpgs\" data-gtrack='{\"event\":\"utm_click\",\"data\":{\"event_category\":\"article_related\"}}' href=\"https:\/\/adevarul.ro\/politica\/robert-negoita-primarul-psd-de-la-sectorul-3-2524306.html\" title=\"Alt articol de interes pentru tine\"><img decoding=\"async\" class=\"thumb svelte-1t8qpgs\" src=\"https:\/\/cdn.adh.reperio.news\/image-3\/378a8608-a2d8-45a7-a47a-8295f20e24e9\/index.jpeg\" alt loading=\"lazy\" width=\"80\" height=\"54\"><span class=\"title svelte-1t8qpgs\">Robert Negoi\u021b\u0103, primarul PSD de la Sectorul 3, mesaj de sus\u021binere pentru premierul Ilie Bolojan: \u201eFix a\u0219a g\u00e2ndesc\u201d<\/span><\/a><a class=\"related svelte-1t8qpgs\" data-gtrack='{\"event\":\"utm_click\",\"data\":{\"event_category\":\"article_related\"}}' href=\"https:\/\/adevarul.ro\/stiri-interne\/evenimente\/ministrul-justitiei-radu-marinescu-nu-mi-am-2524407.html\" title=\"Alt articol de interes pentru tine\"><img decoding=\"async\" class=\"thumb svelte-1t8qpgs\" src=\"https:\/\/cdn.adh.reperio.news\/image-9\/91ea60d6-bba2-44ed-9c0d-895f519a4ba6\/index.jpeg\" alt loading=\"lazy\" width=\"80\" height=\"54\"><span class=\"title svelte-1t8qpgs\">Ministrul Justi\u021biei, Radu Marinescu: \u201eNu mi-am preg\u0103tit demisia\u201d. PSD respinge acuza\u021biile privind provocarea unei crize politice<\/span><\/a><a class=\"related svelte-1t8qpgs\" data-gtrack='{\"event\":\"utm_click\",\"data\":{\"event_category\":\"article_related\"}}' href=\"https:\/\/adevarul.ro\/politica\/sustinere-europeana-pentru-premierul-ilie-bolojan-2524423.html\" title=\"Alt articol de interes pentru tine\"><img decoding=\"async\" class=\"thumb svelte-1t8qpgs\" src=\"https:\/\/cdn.adh.reperio.news\/image-1\/10005017-2232-4825-bf05-a756c439e11a\/index.jpeg\" alt loading=\"lazy\" width=\"80\" height=\"54\"><span class=\"title svelte-1t8qpgs\">Sus\u021binere european\u0103 pentru premierul Ilie Bolojan \u00een plin\u0103 criz\u0103 politic\u0103: Manfred Weber, liderul PPE, l-a felicitat pentru \u201erezultatele ob\u021binute \u00een timp record\u201d<\/span><\/a><\/div>\n<div class=\"meta svelte-t0js42\">\n<div class=\"authors svelte-t0js42\"><a href=\"\/author\/1228\" rel=\"author\" class=\"svelte-t0js42\">Cristina Stancu<\/a><\/div>\n<div class=\"tags svelte-12okeyl\"><span class=\"tags-label metaFont svelte-12okeyl\">Cite\u0219te mai multe despre<\/span><\/p>\n<div class=\"tags-list svelte-12okeyl\"><a href=\"\/tag\/psd\" title=\"Ultimele \u0219tiri despre psd\" class=\"tag-pill svelte-12okeyl\">psd<\/a><a href=\"\/tag\/ilie%20bolojan\" title=\"Ultimele \u0219tiri despre ilie bolojan\" class=\"tag-pill svelte-12okeyl\">ilie bolojan<\/a><a href=\"\/tag\/criza%20politica\" title=\"Ultimele \u0219tiri despre criza politica\" class=\"tag-pill svelte-12okeyl\">criza politica<\/a><\/div>\n<\/div>\n<\/div>\n<p><a class=\"moreFromCategory svelte-t0js42\" href=\"\/politica\" title=\"Politic\u0103\">Mai multe din <strong class=\"svelte-t0js42\">Politic\u0103<\/strong> \u203a<\/a><\/footer>\n<\/article>\n<p>[analyse_source url=&#8221;https:\/\/adevarul.ro\/politica\/robert-negoita-nu-sunt-bolojenist-sunt-satul-sa-2524443.html&#8221;]<\/p>\n","protected":false},"excerpt":{"rendered":"<p>[analyse_image type=&#8221;featured&#8221; src=&#8221;https:\/\/cdn.adh.reperio.news\/image-8\/8e189fdc-394f-476f-aa68-df7e5f70bf84\/index.jpeg?p=f%3Djpeg%26w%3D1200%26h%3D630%26r%3Dcover&#8221;] Home Politic\u0103 Robert Negoi\u021b\u0103 \u201eNu sunt bolojenist. Sunt s\u0103tul s\u0103 constat c\u0103 sunt foarte mul\u021bi care iau salarii \u0219i nu fac nimic, consum\u0103 resurse \u0219i mai fac \u0219i prostii\u201d Robert Negoi\u021b\u0103,\u00a0primarul Sectorului 3, insist\u0103 cu sus\u021binerea pentru premierul Ilie Bolojan \u00een actuala criz\u0103 politic\u0103 din Coali\u021bia de guvernare, de\u0219i forma\u021biunea sa politic\u0103, [&hellip;]<\/p>\n","protected":false},"author":1,"featured_media":0,"comment_status":"open","ping_status":"","sticky":false,"template":"","format":"standard","meta":{"footnotes":""},"categories":[89],"tags":[19,226],"class_list":["post-1897483","post","type-post","status-publish","format-standard","hentry","category-romania","tag-adevarul","tag-crawlmanager"],"_links":{"self":[{"href":"https:\/\/analyse.optim.biz\/index.php?rest_route=\/wp\/v2\/posts\/1897483","targetHints":{"allow":["GET"]}}],"collection":[{"href":"https:\/\/analyse.optim.biz\/index.php?rest_route=\/wp\/v2\/posts"}],"about":[{"href":"https:\/\/analyse.optim.biz\/index.php?rest_route=\/wp\/v2\/types\/post"}],"author":[{"embeddable":true,"href":"https:\/\/analyse.optim.biz\/index.php?rest_route=\/wp\/v2\/users\/1"}],"replies":[{"embeddable":true,"href":"https:\/\/analyse.optim.biz\/index.php?rest_route=%2Fwp%2Fv2%2Fcomments&post=1897483"}],"version-history":[{"count":0,"href":"https:\/\/analyse.optim.biz\/index.php?rest_route=\/wp\/v2\/posts\/1897483\/revisions"}],"wp:attachment":[{"href":"https:\/\/analyse.optim.biz\/index.php?rest_route=%2Fwp%2Fv2%2Fmedia&parent=1897483"}],"wp:term":[{"taxonomy":"category","embeddable":true,"href":"https:\/\/analyse.optim.biz\/index.php?rest_route=%2Fwp%2Fv2%2Fcategories&post=1897483"},{"taxonomy":"post_tag","embeddable":true,"href":"https:\/\/analyse.optim.biz\/index.php?rest_route=%2Fwp%2Fv2%2Ftags&post=1897483"}],"curies":[{"name":"wp","href":"https:\/\/api.w.org\/{rel}","templated":true}]}}