{"id":1897480,"date":"2026-04-22T04:10:22","date_gmt":"2026-04-22T01:10:22","guid":{"rendered":"https:\/\/analyse.optim.biz\/?p=1897480"},"modified":"2026-04-22T04:10:22","modified_gmt":"2026-04-22T01:10:22","slug":"sarbatoarea-22-aprilie-2026-sfantul-teodor-sarbatorit-azi-de-crestinii-ortodocsi-cruce-neagra-in-calendar","status":"publish","type":"post","link":"https:\/\/analyse.optim.biz\/?p=1897480","title":{"rendered":"S\u0103rb\u0103toarea 22 aprilie 2026. Sf\u00e2ntul Teodor, s\u0103rb\u0103torit azi de cre\u0219tinii ortodoc\u0219i. Cruce neagr\u0103 \u00een calendar"},"content":{"rendered":"<p>[analyse_image type=&#8221;featured&#8221; src=&#8221;https:\/\/media.realitatea.net\/multimedia\/image\/202503\/w1920\/99544_sfantul_conon_b19bbb6036.jpg&#8221;]<\/p>\n<div class=\"article-box-content\">\n&lt;!&#8211;            <\/p>\n<div class=\"article-box-content\" role=\"section\" aria-label=\"Con&#539;inutul articolului\">&#8211;&gt;<\/p>\n<div id=\"digital-atelier-mobile\"><\/div>\n<div id=\"permanent-position-before-content\"><\/div>\n<div id=\"digital-atelier-desktop\"><\/div>\n<div class=\"realitatea-article-content-box\">\n<p>Sfantul Teodor s-a nascut in satul Sicheon din Galatia. Inca din copilarie, acesta ravnind spre viata ascetica, a indragit postul si rugaciunea. Mamei sale care dorea sa-l inroleze in armata, i-a aparut in vis Sfantul Mucenic Gheorghe spunandu-i ca Teodor era chemat la slujirea imparatului Cerurilor, si nu cea a imparatului pamantesc. Atat Sfantul Gheorghe cat si Maica Domnului aveau sa i se arate in numeroase randuri Cuviosului Teodor, povatuindu-l si salvandu-l din cursele vrasmajului diavol.<\/p>\n<p>Pentru ravna deosebita si pentru dragostea sa, Dumnezeu i-a daruit Sfantului Teodor darul facerii de minuni. El a devenit astfel cunoscut mai ales ca vindecator al bolilor.<\/p>\n<p>Sfantul Teodor Sicheotul a fost numit Episcop in Anastasiopolis, in pofida vointei lui, unde a pastorit vreme de unsprezece ani, dupa care s-a intors la manastirea de metanie, unde s-a nevoit pana la sfarsitul vietii sale. Sfantul Cuvios Teodor Sicheotul s-a mutat la Domnul la anul 613, in vremea domniei imparatului bizantin Heraclius.<\/p>\n<p><strong>Troparul Sf\u00e2ntului Ierarh Teodor Sicheotul<\/strong><br \/>Glasul 2<br \/>Cunoscut fiind din scutece sfin\u0163it \u015fi ar\u0103t\u00e2ndu-te plin de haruri, ai luminat lumea cu minunile \u015fi mul\u0163imile demonilor ai alungat, lucr\u0103torule de sfin\u0163enie, P\u0103rinte Ierarhe Teodor. Pentru aceasta roag\u0103-te Domnului pentru noi.<br \/><strong><br \/>Condacul Sf\u00e2ntului Ierarh Teodor Sicheotul<\/strong><br \/>Glasul 3<br \/>Fecioara ast\u0103zi&#8230;<br \/>Ca pe unul ce prin faptele cele bune te-ai suit ca \u00eentr-un car de foc, purt\u0103torule de Dumnezeu, ai alergat c\u0103tre Loca\u015furile cele Cere\u015fti \u015fi ca un \u00eenger vie\u0163uind, \u00eempreun\u0103 cu oamenii, ca un om, d\u0103n\u0163uie\u015fti \u00eempreun\u0103 cu \u00eengerii. Pentru aceasta te-ai \u015fi ar\u0103tat vas Dumnezeiesc al minunilor, Preacuvioase P\u0103rinte Teodor.<br \/>\u00a0<br \/>Tot in aceasta zi, facem pomenirea:<\/p>\n<div id=\"truvid-mobile-postion\"><\/div>\n<div id=\"adocean-desktop-positon\">\n<div data-ao-pid=\"1s3nVeO8d7fVQQxZ8qBwmwF8nJdHUjAHhp2PqUhQfRb.D7\"><\/div>\n<\/div>\n<div id=\"adocean-mobile-positon\">\n<div data-ao-pid=\"1s3nVeO8d7fVQQxZ8qBwmwF8nJdHUjAHhp2PqUhQfRb.D7\"><\/div>\n<\/p><\/div>\n<p>&#8211; Sfantului Mucenic Nearh;<\/p>\n<p>&#8211; Sfantului Apostol Natanael;<\/p>\n<div id=\"truvid-desktop-postion\"><\/div>\n<p>Maine, 23 aprilie, facem pomenirea Sfantului Mucenic Gheorghe.<\/p>\n<p><a href=\"https:\/\/www.realitatea.net\/stiri\/lifestyle\/sarbatoarea-zilei-21-aprilie-2026-un-mare-sfant-cinstit-de-biserica-cruce-neagra-in-calendar_69e6f8b1d29f3511340a8c72\">S\u0103rb\u0103toarea zilei: 21 aprilie 2026. Un mare sf\u00e2nt, cinstit de Biseric\u0103. Cruce neagr\u0103 \u00een calendar<\/a><\/p>\n<p><strong>Sursa: CrestinOrtodox.ro<\/strong><\/p>\n<p>\u00a0<\/p>\n<\/div>\n<div data-ao-pid=\"acVcznEUnS79iL7oRf2OfNAAE8XviPKkQ6AW09XriFv.87\"><\/div>\n<div class=\"realitatea-add\">\n<div class=\"realitatea-in-article-partner\"><\/div>\n<\/div>\n<div class=\"realitatea-partners-news realitatea-partners-design\">\n<hr class=\"realitatea-partners-news-hr\">\n<div class=\"d-flex justify-content-center w-100 flex-row mt-5 mb-5\">\n                                <!--  &amp; \/32628511\/Realitatea.netV2_articol_mobile\/300x250_1 --><\/p>\n<div id=\"div-gpt-ad-1625071005196-0\"><\/div>\n<\/p><\/div>\n<hr class=\"realitatea-partners-news-hr\">\n<article class>\n<div class=\"article-box-image\">\n<figure>\n                    <a href=\"https:\/\/www.tabu.ro\/designerul-care-a-socat-cu-o-colectie-inspirata-din-tragedia-de-la-colectiv-a-murit-la-doar-42-de-ani\/\" data-href=\"\/\/locale.realitatea.net\/2026\/04\/c2fa3a143eb31f2c6066b5b4832e3c96.jpg\" class=\"progressive replace\" title=\"Designerul care a \u0219ocat cu o colec\u021bie inspirat\u0103 din tragedia de la Colectiv a murit la doar 42 de ani\" rel=\"noopener external nofollow\" target=\"_blank\"><br \/>\n                                    <img decoding=\"async\" src=\"https:\/\/media.realitatea.net\/multimedia\/placeholder\/placeholder-article.webp\" class=\"preview w-100\" alt=\"Articol partener\"><br \/>\n                    <\/a><br \/>\n                <\/figure>\n<\/p><\/div>\n<div class=\"article-box-section\">\n<h3>TABU.RO<\/h3>\n<\/p><\/div>\n<div class=\"article-box-title\">\n                <a href=\"https:\/\/www.tabu.ro\/designerul-care-a-socat-cu-o-colectie-inspirata-din-tragedia-de-la-colectiv-a-murit-la-doar-42-de-ani\/\" title=\"Designerul care a \u0219ocat cu o colec\u021bie inspirat\u0103 din tragedia de la Colectiv a murit la doar 42 de ani\" rel=\"noopener external nofollow\" target=\"_blank\"><br \/>\n                    <span>Designerul care a \u0219ocat cu o colec\u021bie inspirat\u0103 din tragedia de la Colectiv a murit la doar 42 de ani<\/span><br \/>\n                <\/a>\n            <\/div>\n<\/article>\n<hr class=\"realitatea-partners-news-hr\">\n            <\/div>\n<\/p><\/div>\n<div class=\"articleBody\" data-key=\"articleBody\">Sfantul Teodor s-a nascut in satul Sicheon din Galatia. Inca din copilarie, acesta ravnind spre viata ascetica, a indragit postul si rugaciunea. Mamei sale care dorea sa-l inroleze in armata, i-a aparut in vis Sfantul Mucenic Gheorghe spunandu-i ca Teodor era chemat la slujirea imparatului Cerurilor, si nu cea a imparatului pamantesc. Atat Sfantul Gheorghe cat si Maica Domnului aveau sa i se arate in numeroase randuri Cuviosului Teodor, povatuindu-l si salvandu-l din cursele vrasmajului diavol.Pentru ravna deosebita si pentru dragostea sa, Dumnezeu i-a daruit Sfantului Teodor darul facerii de minuni. El a devenit astfel cunoscut mai ales ca vindecator al bolilor.Sfantul Teodor Sicheotul a fost numit Episcop in Anastasiopolis, in pofida vointei lui, unde a pastorit vreme de unsprezece ani, dupa care s-a intors la manastirea de metanie, unde s-a nevoit pana la sfarsitul vietii sale. Sfantul Cuvios Teodor Sicheotul s-a mutat la Domnul la anul 613, in vremea domniei imparatului bizantin Heraclius.Troparul Sfantului Ierarh Teodor SicheotulGlasul 2Cunoscut fiind din scutece sfintit si aratandu-te plin de haruri, ai luminat lumea cu minunile si multimile demonilor ai alungat, lucratorule de sfintenie, Parinte Ierarhe Teodor. Pentru aceasta roaga-te Domnului pentru noi.Condacul Sfantului Ierarh Teodor SicheotulGlasul 3Fecioara astazi&#8230;Ca pe unul ce prin faptele cele bune te-ai suit ca intr-un car de foc, purtatorule de Dumnezeu, ai alergat catre Locasurile cele Ceresti si ca un inger vietuind, impreuna cu oamenii, ca un om, dantuiesti impreuna cu ingerii. Pentru aceasta te-ai si aratat vas Dumnezeiesc al minunilor, Preacuvioase Parinte Teodor. Tot in aceasta zi, facem pomenirea:- Sfantului Mucenic Nearh;- Sfantului Apostol Natanael;Maine, 23 aprilie, facem pomenirea Sfantului Mucenic Gheorghe.Sarbatoarea zilei: 21 aprilie 2026. Un mare sfant, cinstit de Biserica. Cruce neagra in calendarSursa: CrestinOrtodox.ro <\/div>\n<\/p>\n<p>[analyse_source url=&#8221;https:\/\/www.realitatea.net\/stiri\/lifestyle\/sarbatoarea-22-aprilie-2026-sfantul-teodor-sarbatorit-azi-de-crestinii-ortodocsi-cruce-neagra-in-calendar_69e84a2ea1cc1c3fe70749f2&#8243;]<\/p>\n","protected":false},"excerpt":{"rendered":"<p>[analyse_image type=&#8221;featured&#8221; src=&#8221;https:\/\/media.realitatea.net\/multimedia\/image\/202503\/w1920\/99544_sfantul_conon_b19bbb6036.jpg&#8221;] &lt;!&#8211; &#8211;&gt; Sfantul Teodor s-a nascut in satul Sicheon din Galatia. Inca din copilarie, acesta ravnind spre viata ascetica, a indragit postul si rugaciunea. Mamei sale care dorea sa-l inroleze in armata, i-a aparut in vis Sfantul Mucenic Gheorghe spunandu-i ca Teodor era chemat la slujirea imparatului Cerurilor, si nu cea a [&hellip;]<\/p>\n","protected":false},"author":1,"featured_media":0,"comment_status":"open","ping_status":"","sticky":false,"template":"","format":"standard","meta":{"footnotes":""},"categories":[89],"tags":[226,15],"class_list":["post-1897480","post","type-post","status-publish","format-standard","hentry","category-romania","tag-crawlmanager","tag-realitatea-net"],"_links":{"self":[{"href":"https:\/\/analyse.optim.biz\/index.php?rest_route=\/wp\/v2\/posts\/1897480","targetHints":{"allow":["GET"]}}],"collection":[{"href":"https:\/\/analyse.optim.biz\/index.php?rest_route=\/wp\/v2\/posts"}],"about":[{"href":"https:\/\/analyse.optim.biz\/index.php?rest_route=\/wp\/v2\/types\/post"}],"author":[{"embeddable":true,"href":"https:\/\/analyse.optim.biz\/index.php?rest_route=\/wp\/v2\/users\/1"}],"replies":[{"embeddable":true,"href":"https:\/\/analyse.optim.biz\/index.php?rest_route=%2Fwp%2Fv2%2Fcomments&post=1897480"}],"version-history":[{"count":0,"href":"https:\/\/analyse.optim.biz\/index.php?rest_route=\/wp\/v2\/posts\/1897480\/revisions"}],"wp:attachment":[{"href":"https:\/\/analyse.optim.biz\/index.php?rest_route=%2Fwp%2Fv2%2Fmedia&parent=1897480"}],"wp:term":[{"taxonomy":"category","embeddable":true,"href":"https:\/\/analyse.optim.biz\/index.php?rest_route=%2Fwp%2Fv2%2Fcategories&post=1897480"},{"taxonomy":"post_tag","embeddable":true,"href":"https:\/\/analyse.optim.biz\/index.php?rest_route=%2Fwp%2Fv2%2Ftags&post=1897480"}],"curies":[{"name":"wp","href":"https:\/\/api.w.org\/{rel}","templated":true}]}}