{"id":1897478,"date":"2026-04-22T10:06:31","date_gmt":"2026-04-22T07:06:31","guid":{"rendered":"https:\/\/analyse.optim.biz\/?p=1897478"},"modified":"2026-04-22T10:06:31","modified_gmt":"2026-04-22T07:06:31","slug":"poate-nicusor-dan-sa-refuze-un-premier-psd-aur-un-judecator-constitutional-clarifica-nu-prea-are-spatiu","status":"publish","type":"post","link":"https:\/\/analyse.optim.biz\/?p=1897478","title":{"rendered":"Poate Nicu\u0219or Dan s\u0103 refuze un premier PSD-AUR? Un judec\u0103tor constitu\u021bional clarific\u0103: \u201eNu prea are spa\u021biu&#8230;"},"content":{"rendered":"<p>[analyse_image type=&#8221;featured&#8221; src=&#8221;https:\/\/cdn.adh.reperio.news\/image-4\/4d54071b-beca-4e5b-bc4f-42e90834b135\/index.png?p=f%3Djpeg%26w%3D1200%26h%3D630%26r%3Dcover&#8221;]<\/p>\n<article class=\"svelte-t0js42\">\n<nav>\n<ul class=\"breadcrump svelte-xauq0s\">\n<li class=\"svelte-xauq0s\"><a href=\"\/\" title=\"Adev\u0103rul\" class=\"svelte-xauq0s\">Home<\/a><\/li>\n<li class=\"svelte-xauq0s\"><a href=\"\/politica\" class=\"svelte-xauq0s\">Politic\u0103<\/a><\/li>\n<li class=\"svelte-xauq0s\"><a href=\"https:\/\/adevarul.ro\/politica\/poate-nicusor-dan-sa-refuze-un-premier-psd-aur-un-2524290.html\" class=\"svelte-xauq0s\">Poate Nicu\u0219or Dan s\u0103 refuze un premier PSD-AUR? Un judec\u0103tor constitu\u021bional clarific\u0103: \u201eNu prea are spa\u021biu de manevr\u0103 dac\u0103 exist\u0103 o majoritate\u201d<\/a><\/li>\n<\/ul>\n<\/nav>\n<p><main class=\"svelte-t0js42\"><\/p>\n<p>Retragerea mini\u0219trilor de c\u0103tre Partidul Social Democrat ar putea declan\u0219a o disput\u0103 de natur\u0103 constitu\u021bional\u0103, \u00een contextul \u00een care\u00a0<a href=\"https:\/\/adevarul.ro\/politica\/stenograme-din-sedinta-pnl-ilie-bolojan-stie-de-2524047.html\">Ilie Bolojan<\/a>\u00a0ar avea din acel moment 45 zile la dispozi\u021bie pentru a propune noi persoane care s\u0103 ocupe aceste func\u021bii. Fostul pre\u0219edinte al Cur\u021bii Constitu\u021bionale, Augustin Zegrean,\u00a0explic\u0103 pentru \u201eAdev\u0103rul\u201d faptul c\u0103 acest termen nu poate fi ignorat, iar executivul este obligat s\u0103 \u00ee\u0219i completeze structura prin mini\u0219tri valida\u021bi de Parlament.\u00a0Procedura nu echivaleaz\u0103 \u00eens\u0103 cu un nou vot de \u00eenvestitur\u0103 pentru \u00eentregul cabinetul.<\/p>\n<div class=\"container-image  svelte-jd4qiv\"><source type=\"image\/webp\" srcset=\"https:\/\/cdn.adh.reperio.news\/image-4\/4d54071b-beca-4e5b-bc4f-42e90834b135\/index.png?p=a%3D1%26co%3D1.05%26w%3D1400%26h%3D750%26r%3Dcontain%26f%3Dwebp 1400w\" media=\"(min-width: 1400px)\" \/><\/p>\n<div class=\"caption\">Ilie Bolojan. FOTO: Guvernul Rom\u00e2niei<\/div>\n<\/div>\n<p>Retragerea mini\u0219trilor PSD din guvernul Bolojan nu declan\u0219eaz\u0103 automat c\u0103derea executivului \u0219i nici nu oblig\u0103 premierul s\u0103 se \u00eentoarc\u0103 \u00een Parlament pentru un vot de \u00eenvestitur\u0103. Articolul 85, alineatul (3) din Constitu\u021bie prevede \u00eens\u0103 c\u0103 orice remaniere prin care se schimb\u0103 structura sau compozi\u021bia politic\u0103 a guvernului necesit\u0103 aprobarea Parlamentului.<\/p>\n<p><i>\u201eDizolvarea Parlamentului \u00a0<\/i><\/p>\n<p><i>(1) Dup\u0103 consultarea pre\u015fedin\u0163ilor celor dou\u0103 Camere \u015fi a liderilor grupurilor parlamentare, Pre\u015fedintele Rom\u00e2niei poate s\u0103 dizolve Parlamentul, dac\u0103 acesta nu a acordat votul de \u00eencredere pentru formarea Guvernului \u00een termen de 60 de zile de la prima solicitare \u015fi numai dup\u0103 respingerea a cel pu\u0163in dou\u0103 solicit\u0103ri de \u00eenvestitur\u0103.<\/i><\/p>\n<p><i>(2) \u00cen cursul unui an, Parlamentul poate fi dizolvat o singur\u0103 dat\u0103.<\/i><\/p>\n<p><i>(3) Parlamentul nu poate fi dizolvat \u00een ultimele 6 luni ale mandatului Pre\u015fedintelui Rom\u00e2niei \u015fi nici \u00een timpul st\u0103rii de mobilizare, de r\u0103zboi, de asediu sau de urgen\u0163\u0103\u201d,<\/i>\u00a0prevede Articolul 85 din Constitu\u021bie.\u00a0\u00a0<\/p>\n<p>Concret, \u00eenseamn\u0103 c\u0103 Ilie Bolojan trebuie s\u0103 propun\u0103 mini\u0219tri titulari pe locurile r\u0103mase vacante, iar ace\u0219tia s\u0103 treac\u0103 prin audieri \u00een comisii \u0219i vot \u00een plen. Procedura nu echivaleaz\u0103 \u00eens\u0103 cu un nou vot de \u00eenvestitur\u0103 pentru \u00eentregul cabinetul. Augustin Zegrean, fostul pre\u0219edinte al Cur\u021bii Constitu\u021bionale, clarific\u0103 situa\u021bia.<\/p>\n<p><i>\u201eDac\u0103, prin numirea unuia sau mai multor mini\u0219tri, se schimb\u0103 structura sau compozi\u021bia politic\u0103 a Guvernului, atunci este obligatoriu s\u0103 se mearg\u0103 \u00een Parlament pentru a cere votul de \u00eencredere. Dar acest vot nu este pentru \u00eentreg Guvernul, ci doar pentru mini\u0219trii propu\u0219i. Pre\u0219edintele nu \u00eei poate numi dec\u00e2t dup\u0103 ce primesc acest vot favorabil. Practic, este aceea\u0219i procedur\u0103 ca la \u00eenvestirea Guvernului, doar c\u0103 se aplic\u0103 punctual&#8221;<\/i>, a explicat Augustin Zegrean pentru \u201eAdev\u0103rul\u201d.<\/p>\n<h2>Desemnarea unor interimari, doar solu\u021bie temporar\u0103<\/h2>\n<p>O alt\u0103 variant\u0103 pe care o are premierul este\u00a0<a href=\"https:\/\/adevarul.ro\/politica\/bolojan-anunta-cine-va-prelua-ministerele-2524257.html\">numirea de mini\u0219tri interimari<\/a>, f\u0103r\u0103 a mai merge \u00een Parlament. Constitu\u021bia permite aceast\u0103 solu\u021bie, dar o limiteaz\u0103 la 45 de zile. \u00centrebarea care se pune acum este dac\u0103 Bolojan ar putea ocoli la nesf\u00e2r\u0219it votul parlamentar prin simpla rotire a interimarii la expirarea fiec\u0103rui termen. \u00cen opinia lui Augustin Zegrean, schimbarea interimarilor nu modific\u0103 cu nimic termenul de 45 zile.<\/p>\n<p><a class=\"related-inline svelte-1t8qpgs\" data-gtrack='{\"event\":\"utm_click\",\"data\":{\"event_category\":\"article_related\"}}' href=\"https:\/\/adevarul.ro\/politica\/ciprian-ciucu-spune-ca-liberalii-nu-vor-negocia-cu-2524245.html\" title=\"Alt articol de interes pentru tine\"><span class=\"inline-title svelte-1t8qpgs\">Ciprian Ciucu spune c\u0103 liberalii nu vor negocia cu AUR pentru sprijin politic. \u201eNoi nu suntem aici din cauza PNL\u201d<\/span><\/a><\/p>\n<p><i>\u201eSchimbarea mini\u0219trilor interimari \u00een acest interval nu schimb\u0103 cu nimic situa\u021bia. Nu prelunge\u0219te termenul \u0219i nu elimin\u0103 obliga\u021bia de a merge \u00een Parlament. Singura variant\u0103 f\u0103r\u0103 complica\u021bii ar fi men\u021binerea aceleia\u0219i structuri politice&#8221;<\/i>, men\u021bioneaz\u0103 Augustin Zegrean.<\/p>\n<p>Mai mult, fostul judec\u0103tor constitu\u021bional subliniaz\u0103 c\u0103 nici respingerea succesiv\u0103 a candida\u021bilor nu reseteaz\u0103 termenul constitu\u021bional.<\/p>\n<p><i>\u201eFoarte important: respingerea unor mini\u0219tri nu \u00eenseamn\u0103 c\u0103 \u00eencepe un nou termen de 45 de zile. Termenul curge \u00een continuare. Nu poate fi prelungit prin schimbarea propunerilor sau a interimarii lor&#8221;, <\/i>subliniaz\u0103 Zegrean.<\/p>\n<p>Iar dac\u0103 termenul expir\u0103 f\u0103r\u0103 o rezolvare, Guvernul nu pic\u0103 automat, \u00eens\u0103 Curtea Constitu\u021bional\u0103 ar putea fi sesizat\u0103 pentru conflict de natur\u0103 juridic\u0103, explic\u0103 fostul judec\u0103tor CCR.<\/p>\n<p><i>\u201eGuvernarea nu este o joac\u0103. Prim-ministrul nu poate am\u00e2na la nesf\u00e2r\u0219it aceste proceduri. Dac\u0103 nu se respect\u0103 Constitu\u021bia, se poate ajunge la un conflict de natur\u0103 constitu\u021bional\u0103 \u00eentre Guvern \u0219i Parlament, care poate fi sesizat la Curtea Constitu\u021bional\u0103, inclusiv de c\u0103tre pre\u0219edinte&#8221;, <\/i>arat\u0103 Zegrean.<\/p>\n<h2>Poate Nicu\u0219or Dan s\u0103 refuze un premier propus de majoritate?<\/h2>\n<p>Pre\u0219edintele Nicu\u0219or Dan a declarat public c\u0103 nu va numi un premier sus\u021binut de PSD \u0219i AUR. Declara\u021bia ridic\u0103 \u00eens\u0103 o problem\u0103 constitu\u021bional\u0103. Dac\u0103 cele dou\u0103 partide au \u00eempreun\u0103 o majoritate parlamentar\u0103, mai are \u0219eful statului posibilitatea legal\u0103 de a ignora propunerea lor? \u00cen opinia lui Augustin Zegrean, Legea Fundamental\u0103 \u00eel oblig\u0103 pe \u0219eful statului s\u0103 \u021bin\u0103 cont la desemnarea premierului\u00a0de rezultatul consult\u0103rilor cu partidele.<\/p>\n<p><i>\u201e\u00cen ceea ce prive\u0219te desemnarea unui premier, dac\u0103 exist\u0103 o majoritate parlamentar\u0103 clar\u0103, pre\u0219edintele nu prea are spa\u021biu de manevr\u0103. Constitu\u021bia \u00eel oblig\u0103 s\u0103 \u021bin\u0103 cont de rezultatul consult\u0103rilor cu partidele. Dac\u0103 acestea vin cu o propunere sus\u021binut\u0103 de majoritate, ea trebuie luat\u0103 \u00een considerare. Nu exist\u0103 \u00een Constitu\u021bie o prevedere care s\u0103 \u00eei permit\u0103 pre\u0219edintelui s\u0103 refuze o propunere doar pe criterii politice. El trebuie s\u0103 respecte procedura constitu\u021bional\u0103&#8221;, <\/i>explic\u0103 fostul pre\u0219edinte al Cur\u021bii Constitu\u021bionale.\u00a0<\/p>\n<h2>Alegerile anticipate, extrem de dificile<\/h2>\n<p>Scenariul alegerilor anticipate, luat \u00een calcul de anali\u0219ti, este constitu\u021bional posibil, dar presupune un mecanism anevoios. Constitu\u021bia prevede dizolvarea Parlamentului numai dup\u0103 ce dou\u0103 propuneri succesive de premier sunt respinse \u00een termen de 60 zile. Nici atunci dizolvarea nu este automat\u0103, fiind \u00een m\u00e2na pre\u0219edintelui, care ar putea \u00eencerca s\u0103 fac\u0103 noi propuneri pentru instalarea unui nou guvern.<\/p>\n<p><i>\u201eAlegerile anticipate sunt foarte greu de realizat. Este nevoie de respingerea a dou\u0103 propuneri succesive de premier \u00een termen de 60 de zile. Abia dup\u0103 aceea pre\u0219edintele poate dizolva Parlamentul, dar nu este obligat s\u0103 o fac\u0103. Chiar \u0219i \u00een aceast\u0103 situa\u021bie, decizia de dizolvare nu este automat\u0103. Constitu\u021bia spune clar c\u0103 pre\u0219edintele poate lua aceast\u0103 decizie dup\u0103 consulta\u021bii cu liderii politici. Este o op\u021biune, nu o obliga\u021bie&#8221;<\/i>, a explicat fostul pre\u0219edinte al Cur\u021bii Constitu\u021bionale, Augustin Zegrean.<\/p>\n<p><\/main><\/p>\n<footer class=\"svelte-t0js42\">\n<div class=\"related-wrap related-footer svelte-1t8qpgs\"><span class=\"related-label svelte-1t8qpgs\">Cite\u0219te \u0219i<\/span><a class=\"related svelte-1t8qpgs\" data-gtrack='{\"event\":\"utm_click\",\"data\":{\"event_category\":\"article_related\"}}' href=\"https:\/\/adevarul.ro\/politica\/bolojan-anunta-cine-va-prelua-ministerele-2524257.html\" title=\"Alt articol de interes pentru tine\"><img decoding=\"async\" class=\"thumb svelte-1t8qpgs\" src=\"https:\/\/cdn.adh.reperio.news\/image-3\/30c19e61-4e1a-455c-a40e-4959d05c11b7\/index.png\" alt loading=\"lazy\" width=\"80\" height=\"54\"><span class=\"title svelte-1t8qpgs\">Bolojan anun\u021b\u0103 cine va prelua ministerele \u201ep\u0103r\u0103site\u201d de PSD. PNL \u0219i USR au convenit pentru o coordonare \u201efoarte str\u00e2ns\u0103\u201d \u00een criza politic\u0103<\/span><\/a><a class=\"related svelte-1t8qpgs\" data-gtrack='{\"event\":\"utm_click\",\"data\":{\"event_category\":\"article_related\"}}' href=\"https:\/\/adevarul.ro\/politica\/catalin-predoiu-respinge-scenariul-de-preluare-a-2524274.html\" title=\"Alt articol de interes pentru tine\"><img decoding=\"async\" class=\"thumb svelte-1t8qpgs\" src=\"https:\/\/cdn.adh.reperio.news\/image-a\/ad762edd-20da-471c-9812-bf01a81b118c\/index.jpeg\" alt loading=\"lazy\" width=\"80\" height=\"54\"><span class=\"title svelte-1t8qpgs\">C\u0103t\u0103lin Predoiu respinge scenariul de preluare a mandatului de premier: \u201eEste exclus, nu s-a discutat acest lucru \u00een partid\u201d<\/span><\/a><\/div>\n<div class=\"meta svelte-t0js42\">\n<div class=\"authors svelte-t0js42\"><a href=\"\/author\/2121\" rel=\"author\" class=\"svelte-t0js42\">Robert V\u00eerban<\/a><\/div>\n<div class=\"tags svelte-12okeyl\"><span class=\"tags-label metaFont svelte-12okeyl\">Cite\u0219te mai multe despre<\/span><\/p>\n<div class=\"tags-list svelte-12okeyl\"><a href=\"\/tag\/curtea%20constitutionala\" title=\"Ultimele \u0219tiri despre curtea constitutionala\" class=\"tag-pill svelte-12okeyl\">curtea constitutionala<\/a><a href=\"\/tag\/ilie%20bolojan\" title=\"Ultimele \u0219tiri despre ilie bolojan\" class=\"tag-pill svelte-12okeyl\">ilie bolojan<\/a><a href=\"\/tag\/analiza\" title=\"Ultimele \u0219tiri despre analiza\" class=\"tag-pill svelte-12okeyl\">analiza<\/a><\/div>\n<\/div>\n<\/div>\n<p><a class=\"moreFromCategory svelte-t0js42\" href=\"\/politica\" title=\"Politic\u0103\">Mai multe din <strong class=\"svelte-t0js42\">Politic\u0103<\/strong> \u203a<\/a><\/footer>\n<\/article>\n<p>[analyse_source url=&#8221;https:\/\/adevarul.ro\/politica\/poate-nicusor-dan-sa-refuze-un-premier-psd-aur-un-2524290.html&#8221;]<\/p>\n","protected":false},"excerpt":{"rendered":"<p>[analyse_image type=&#8221;featured&#8221; src=&#8221;https:\/\/cdn.adh.reperio.news\/image-4\/4d54071b-beca-4e5b-bc4f-42e90834b135\/index.png?p=f%3Djpeg%26w%3D1200%26h%3D630%26r%3Dcover&#8221;] Home Politic\u0103 Poate Nicu\u0219or Dan s\u0103 refuze un premier PSD-AUR? Un judec\u0103tor constitu\u021bional clarific\u0103: \u201eNu prea are spa\u021biu de manevr\u0103 dac\u0103 exist\u0103 o majoritate\u201d Retragerea mini\u0219trilor de c\u0103tre Partidul Social Democrat ar putea declan\u0219a o disput\u0103 de natur\u0103 constitu\u021bional\u0103, \u00een contextul \u00een care\u00a0Ilie Bolojan\u00a0ar avea din acel moment 45 zile la dispozi\u021bie [&hellip;]<\/p>\n","protected":false},"author":1,"featured_media":0,"comment_status":"open","ping_status":"","sticky":false,"template":"","format":"standard","meta":{"footnotes":""},"categories":[89],"tags":[19,226],"class_list":["post-1897478","post","type-post","status-publish","format-standard","hentry","category-romania","tag-adevarul","tag-crawlmanager"],"_links":{"self":[{"href":"https:\/\/analyse.optim.biz\/index.php?rest_route=\/wp\/v2\/posts\/1897478","targetHints":{"allow":["GET"]}}],"collection":[{"href":"https:\/\/analyse.optim.biz\/index.php?rest_route=\/wp\/v2\/posts"}],"about":[{"href":"https:\/\/analyse.optim.biz\/index.php?rest_route=\/wp\/v2\/types\/post"}],"author":[{"embeddable":true,"href":"https:\/\/analyse.optim.biz\/index.php?rest_route=\/wp\/v2\/users\/1"}],"replies":[{"embeddable":true,"href":"https:\/\/analyse.optim.biz\/index.php?rest_route=%2Fwp%2Fv2%2Fcomments&post=1897478"}],"version-history":[{"count":0,"href":"https:\/\/analyse.optim.biz\/index.php?rest_route=\/wp\/v2\/posts\/1897478\/revisions"}],"wp:attachment":[{"href":"https:\/\/analyse.optim.biz\/index.php?rest_route=%2Fwp%2Fv2%2Fmedia&parent=1897478"}],"wp:term":[{"taxonomy":"category","embeddable":true,"href":"https:\/\/analyse.optim.biz\/index.php?rest_route=%2Fwp%2Fv2%2Fcategories&post=1897478"},{"taxonomy":"post_tag","embeddable":true,"href":"https:\/\/analyse.optim.biz\/index.php?rest_route=%2Fwp%2Fv2%2Ftags&post=1897478"}],"curies":[{"name":"wp","href":"https:\/\/api.w.org\/{rel}","templated":true}]}}