{"id":1897476,"date":"2026-04-22T04:05:17","date_gmt":"2026-04-22T01:05:17","guid":{"rendered":"https:\/\/analyse.optim.biz\/?p=1897476"},"modified":"2026-04-22T04:05:17","modified_gmt":"2026-04-22T01:05:17","slug":"consultari-maraton-la-cotroceni-nicusor-dan-discuta-cu-partidele-despre-viitorul-guvernului-live-textvideo","status":"publish","type":"post","link":"https:\/\/analyse.optim.biz\/?p=1897476","title":{"rendered":"Consult\u0103ri-maraton la Cotroceni: Nicu\u0219or Dan discut\u0103 cu partidele despre viitorul Guvernului &#8211; LIVE TEXT&amp;VIDEO"},"content":{"rendered":"<p>[analyse_image type=&#8221;featured&#8221; src=&#8221;https:\/\/media.realitatea.net\/multimedia\/image\/202604\/w1920\/INSTANT_CONSULTARI_PSD_71_INQUAM_Photos_Octav_Ganea_168d2aed90.jpg&#8221;]<\/p>\n<div class=\"article-box-content\">\n&lt;!&#8211;            <\/p>\n<div class=\"article-box-content\" role=\"section\" aria-label=\"Con&#539;inutul articolului\">&#8211;&gt;<\/p>\n<div id=\"digital-atelier-mobile\"><\/div>\n<div id=\"permanent-position-before-content\"><\/div>\n<div id=\"digital-atelier-desktop\"><\/div>\n<div class=\"realitatea-article-content-box\">\n<h3>UPDATE 21:40 &#8211; <a title=\"Mesajul presedintelui Nicusor Dan, dupa o zi intreaga de consultari cu partidele pollitice\" href=\"https:\/\/www.realitatea.net\/stiri\/actual\/mesajul-presedintelui-nicusor-dan-dupa-o-zi-intreaga-de-consultari-cu-partidele-pollitice_69e916756ac9b82b523c71f2\">Mesajul pre\u0219edintelui Nicu\u0219or Dan, dup\u0103 o zi \u00eentreag\u0103 de consult\u0103ri cu partidele pollitice<\/a><\/h3>\n<p data-start=\"0\" data-end=\"495\">\u201dAm avut toat\u0103 ziua de azi consult\u0103ri cu partidele pro-occidentale din actuala coali\u021bie. O s\u0103 precizez c\u0103 au fost consult\u0103ri informale, pentru c\u0103 la acest moment politic Constitu\u021bia nu d\u0103 pre\u0219edintelui vreo atribu\u021bie, vreun act direct pe care s\u0103 \u00eel fac\u0103, \u00eens\u0103 evident c\u0103 e important s\u0103 \u0219tim cum vedem fiecare dintre noi viitorul. Suntem evident \u00eentr-o criz\u0103 politic\u0103, criza asta nu a \u00eenceput azi, de luni de zile ne\u00een\u021belegerile, diferen\u021bele de opinie \u00eentre partidele din coali\u021bie s-au amplificat.<\/p>\n<div id=\"adocean-mobile-positon\">\n<div data-ao-pid=\"1s3nVeO8d7fVQQxZ8qBwmwF8nJdHUjAHhp2PqUhQfRb.D7\"><\/div>\n<\/p><\/div>\n<p data-start=\"497\" data-end=\"1089\">Ce am cerut eu partidelor la discu\u021biile pe care le-am avut, \u0219i o fac \u0219i public acum, este s\u0103 dezescaladeze retorica public\u0103, pe de o parte, apoi s\u0103 se uite la viitor, ce vom face, mai mult dec\u00e2t la trecut, s\u0103 se uite la solu\u021bii mai mult dec\u00e2t la probleme, pentru c\u0103, cred eu, c\u0103 p\u00e2n\u0103 \u00een momentul \u0103sta fiecare dintre actorii politici \u0219i-a expus nemul\u021bumirile. \u00centrebarea este cum proced\u0103m \u00een continuare, \u0219i \u00een orice formul\u0103 politic\u0103, majoritar\u0103, minoritar\u0103, vom avea nevoie de dialog \u00eentre for\u021bele politice pro-occidentale. Deci dezescaladare \u00een acest moment pentru a avea un dialog \u00een viitor.<\/p>\n<div id=\"truvid-mobile-postion\"><\/div>\n<div id=\"adocean-desktop-positon\">\n<div data-ao-pid=\"1s3nVeO8d7fVQQxZ8qBwmwF8nJdHUjAHhp2PqUhQfRb.D7\"><\/div>\n<\/div>\n<p data-start=\"1091\" data-end=\"1665\">Dincolo de criza asta politic\u0103, trebuie s\u0103 asigur\u0103m rom\u00e2nii c\u0103 avem institu\u021bii ale statului care func\u021bioneaz\u0103. Suntem un stat func\u021bional, cu o diferen\u021b\u0103 de opinie la nivel politic, nu se pune \u00een discu\u021bie direc\u021bia pro-occidental\u0103 a Rom\u00e2niei, fiecare din partidele care au venit azi \u0219i minorit\u0103\u021bile na\u021bionale au afirmat expres c\u0103 exclud o guvernare cu for\u021be anti-occidentale, recte AUR, \u0219i fiecare dintre ele \u0219i-a exprimat disponibilitatea de cooperare \u00een mod special, particular, pe proiectele esen\u021biale pe care Rom\u00e2nia le are \u00een perioada imediat urm\u0103toare, OECD, SAFE, PNRR.<\/p>\n<p data-start=\"1667\" data-end=\"1700\">Deci calm \u0219i vom trece prin asta.<\/p>\n<p data-start=\"1702\" data-end=\"1715\" data-is-last-node data-is-only-node>O sear\u0103 bun\u0103!\u201d<\/p>\n<h3>UPDATE 20:30 &#8211; USR a ie\u0219it de la consult\u0103rile cu Nicu\u0219or Dan<\/h3>\n<p>\u201eAm avut o discu\u021bie lung\u0103 \u0219i extrem de sincer\u0103 deschis\u0103 cu domnul pre\u0219edinte, i-am explicat viziunea noastr\u0103, principiile noastre pe baza c\u0103rora lu\u0103m decizii \u00een aceste zile, l-am asigurat c\u0103 \u00eel sus\u021binem pe premierul Ilie Bolojan, \u0219i pe continuarea \u0219i am spus c\u0103 o s\u0103 continu\u0103m prezen\u021ba noastr\u0103 \u00een acest guvern, tocmai pentru c\u0103 suntem \u00eengrijora\u021bi de pierderea celor 10 miliarde de euro din PNRR, din pierderea acelor 16 miliarde de euro din programul SAFE, \u0219i suntem \u00eengrijora\u021bi ca reformele pe care le-a \u00eenceput acest guvern cur\u0103\u021benia dreptatea pe care a \u00eenceput s\u0103 fac\u0103 acest guvern corectarea politicilor deficitare care au costat mult pe rom\u00e2ni ca aceste reforme s\u0103 fie acum \u0219terse cu buretele.<\/p>\n<div id=\"truvid-desktop-postion\"><\/div>\n<p>A fost o discu\u021bie cu destul de multe \u00eengrijor\u0103ri, este evident c\u0103 nu exist\u0103 o cale u\u0219oar\u0103 din criza \u00een care ne-a aruncat PSD. I-am exprimat pre\u0219edintelui a\u0219teptarea noastr\u0103 ca PSD, chiar \u00een aceast\u0103 criz\u0103, s\u0103 arate un minim de responsabilitate fa\u021b\u0103 de aceast\u0103 \u021bar\u0103, s\u0103 nu blocheze programele SAFE, s\u0103 nu blocheze PNRR, \u0219i, la fel, s\u0103 fac\u0103 posibil s\u0103 tragem o linie clar\u0103 \u00eentre momentul \u00een care PSD a f\u0103cut parte din acest guvern \u0219i \u00een care nu va mai face parte din acest guvern \u0219i am \u00een\u021beles c\u0103 acest moment va fi m\u00e2ine \u0219i ne a\u0219tept\u0103m ca PSD s\u0103-\u0219i retrag\u0103 rapid oamenii care au fost pu\u0219i \u00een func\u021bie pe cale politic\u0103.<\/p>\n<p>Am reiterat pre\u0219edintelui faptul c\u0103 un PSD care \u0219antajeaz\u0103 constant cu majoritate paralel\u0103 cu partidul extremist AUR, dac\u0103 merge at\u00e2t de departe s\u0103 voteze o mo\u021biune de cenzur\u0103 \u00eempotriva guvernului, nu va mai putea s\u0103 fie un partener pentru noi.<\/p>\n<p>Noi st\u0103m la dispozi\u021bie, inclusiv pentru o variant\u0103 de guvern minoritar, dar r\u0103spunderea pentru ce se va \u00eent\u00e2mpla cu guvernarea acestei \u021b\u0103ri dup\u0103 o posibil\u0103 c\u0103dere a guvernului, aceast\u0103 r\u0103spundere este 100% la PSD, \u0219i ei trebuie s\u0103 ne spun\u0103 cine vor ei sau cine cred ei ar trebui s\u0103 asigure guvernarea Rom\u00e2niei dup\u0103 o posibil\u0103 mo\u021biune de cenzur\u0103.<\/p>\n<p>R\u0103m\u00e2nem ferm al\u0103turi de to\u021bi rom\u00e2nii care urm\u0103resc aceast\u0103 criz\u0103 \u00een aceste zile, \u0219i suntem \u00eencuraja\u021bi de faptul c\u0103 sunt foarte mul\u021bi rom\u00e2ni care ne transmit pe toate canalele posibile s\u0103 continu\u0103m lupta noastr\u0103 pentru o Rom\u00e2nie mai modern\u0103, o Rom\u00e2nie mai prosper\u0103, o Rom\u00e2nie mai curat\u0103, \u0219i s\u0103 continu\u0103m pe calea reformelor.<\/p>\n<p>Nu am discutat deloc aceast\u0103 variant\u0103. (n.r. numirea unui premier tehnocrat).<\/p>\n<p>Argumente din partea pre\u0219edintelui? Pentru schimbare? Nu. Dar ca remarc\u0103 general\u0103, eu nu a\u0219 vrea acum s\u0103, dac\u0103 domnul pre\u0219edinte cu siguran\u021b\u0103 o s\u0103 dea \u0219i el o declara\u021bie, nu a\u0219 vrea acum s\u0103 transmit eu pozi\u021biile pre\u0219edintelui, ci doar pozi\u021biile noastre.<\/p>\n<div class=\"d-flex justify-content-center w-100 flex-row mt-5 mb-5 advert-970-250-m-300-250\">\n                                <!-- \/32628511\/Realitatea.netV2_articol\/300x250_ia_1 &amp; \/32628511\/Realitatea.netV2_articol_mobile\/300x250_2 --><\/p>\n<div id=\"div-gpt-ad-1625071038116-0\"><\/div>\n<div id=\"div-gpt-ad-1625070477342-0\"><\/div>\n<\/p><\/div>\n<p>Nu pot s\u0103 v\u0103 r\u0103spund ast\u0103zi la aceast\u0103 \u00eentrebare. Acum a\u0219tept\u0103m s\u0103 se produc\u0103 aceast\u0103 rupere \u0219i, cu siguran\u021b\u0103, \u00een urm\u0103toarele zile vor urma discu\u021bii cu parlamentarii neafilia\u021bi, parlamentari idin partide mai mici, care \u00ee\u0219i doresc s\u0103 arate o responsabilitate fa\u021b\u0103 de aceast\u0103 \u021bar\u0103.<\/p>\n<p>Nu, reformulez: la parlamentari care poate ast\u0103zi fac parte din astfel de partide, trebuie s\u0103 vorbim cu parlamentarii. Asta este clar. Dar \u0219i noi tragem linie \u0219i noi tragem linie la o colaborare formal\u0103 cu Partidul AUR.<\/p>\n<p>USR vede realitatea politic\u0103 \u00een aceste zile, cel mai important este s\u0103 nu pierdem banii, s\u0103 putem continua reformele \u0219i s\u0103 protej\u0103m prosperitatea rom\u00e2nilor. \u0218i, bine\u00een\u021beles, c\u0103 pentru asta trebuie s\u0103 vedem realit\u0103\u021bi \u00een ochi \u0219i nu putem s\u0103 tr\u0103im \u00eentr-o realitate paralel\u0103. \u0218i tocmai de aceea bine\u00een\u021beles c\u0103 suntem \u0219i noi for\u021ba\u021bi acum s\u0103 purt\u0103m discu\u021bii cu to\u021bi cei care au fost ale\u0219i to\u021bi de rom\u00e2ni.<\/p>\n<p>Cu siguran\u021b\u0103 vor exista echipe de lucru, bine\u00een\u021beles, nimeni nu e Superman \u0219i mini\u0219trii au o responsabilitate formal\u0103 \u0219i cu siguran\u021b\u0103 vor munci \u0219i mai mult \u0219i vor avea \u0219i mai pu\u021bin somn \u00een urm\u0103toarele s\u0103pt\u0103m\u00e2ni, dar astea nu \u00eenseamn\u0103 c\u0103 sunt singuri acolo.<\/p>\n<p>Miza este, \u00eenc\u0103 o dat\u0103, s\u0103 debloc\u0103m tot ce este blocat, \u0219i, bine\u00een\u021beles, \u0219i s\u0103 \u00eencerc\u0103m s\u0103 facem schimb\u0103ri pozitive \u0219i necesare \u00een aceste ministere. \u00cenc\u0103 nu exist\u0103 discu\u021bia sau discu\u021bia finalizat\u0103 despre portofolii. Exist\u0103 mai multe variante pe care le vom discuta \u00eentre pre\u0219edin\u021bi de partide \u0219i m\u0103 a\u0219tept ca destul de cur\u00e2nd s\u0103 putem comunica \u0219i un rezultat.<\/p>\n<p>Eu nu exclud c\u0103 exist\u0103 parlamentari care momentan se reg\u0103sesc la AUR care sunt \u0219i ei \u00eengrijora\u021bi de situa\u021bia actual\u0103 \u0219i, bine\u00een\u021beles, c\u0103 suntem oric\u00e2nd deschi\u0219i pentru o discu\u021bie. Ce excludem este o negociere formal\u0103 cu Partidul AUR.<\/p>\n<p>Nu vreau s\u0103 speculez acum (n.r. numirea lui Predoiu la Justi\u021bie). \u00cenc\u0103 o dat\u0103, este o discu\u021bie pe care o purt\u0103m la nivel de pre\u0219edin\u021bi de partide \u0219i vom reveni \u00een cur\u00e2nd cu \u00eemp\u0103r\u021birea portofoliilor.\u201d, a declarat Domnic Fritz, pre\u0219edintele USR.<\/p>\n<\/p>\n<h3>UPDATE 15:45<\/h3>\n<p>onsult\u0103rile delega\u021biei UDMR cu pre\u0219edintele Nicu\u0219or Dan s-au \u00eencheiat. Kelemen Hunor a declarat c\u0103 UDMR r\u0103m\u00e2ne la guvernare \u0219i a subliniat c\u0103 o perioad\u0103 \u201dputem merge cu un guvern minoritar\u201d, dar \u201dne trebuie un guvern cu majoritate\u201d.<\/p>\n<p>\u201d\u00cencerc\u0103m, o \u00een\u021belegere cu partidele pentru banii din PNRR\u201d, a declarat pre\u0219edintele UDMR.\u00a0<\/p>\n<h3>UPDATE 14:50 &#8211; Delega\u021bia UDMR a ajuns la Palatul Cotroceni, acolo unde urmeaz\u0103 s\u0103 aib\u0103 loc consult\u0103rile cu Nicu\u0219or Dan.<\/h3>\n<p>Anterior discu\u021biilor, liderul UDMR, <a href=\"https:\/\/www.realitatea.net\/stiri\/actual\/kelemen-hunor-nu-ne-retragem-de-la-guvernare-liderul-udmr-avertizeaza-asupra-riscurilor-economice-dupa-decizia-psd-privind-premierul-bolojan_69e67ac96df7ce037d660ef2\" target=\"_blank\" rel=\"noopener\">Kelemen Hunor<\/a>, a declarat c\u0103 forma\u021biunea sa nu inten\u021bioneaz\u0103 s\u0103 se retrag\u0103 de la guvernare, \u00een contextul \u00een care PSD a decis s\u0103 \u00eei retrag\u0103 sprijinul politic premierului Ilie Bolojan.<\/p>\n<h3>UPDATE 11:50<\/h3>\n<p>Consult\u0103rile delega\u021biei liberale cu pre\u0219edintele Nicu\u0219or Dan s-au \u00eencheiat. \u00cen declara\u021bia de pres\u0103 sus\u021binut\u0103 la fianl, <a href=\"https:\/\/www.realitatea.net\/stiri\/actual\/ilie-bolojan-nu-pleaca-de-la-palatul-victoria-ce-spune-despre-negocierile-cu-nicusor-dan_69e8921538b0520c691f59b9\" target=\"_blank\" rel=\"noopener\">Ilie Bolojan<\/a> a a afirmat c\u0103 \u00ee\u0219i asum\u0103 continuarea mandatului la conducerea Guvernului, \u00een ciuda crizei <a href=\"https:\/\/www.realitatea.net\/stiri\/actual\/ilie-bolojan-nu-pleaca-de-la-palatul-victoria-ce-spune-despre-negocierile-cu-nicusor-dan_69e8921538b0520c691f59b9\" data-google-vignette=\"false\" data-google-interstitial=\"false\">\u00a0politice<\/a>\u00a0declan\u0219ate de retragerea sprijinului din partea PSD.<\/p>\n<h3>UPDATE 10:30<\/h3>\n<p>Pre\u0219edintele Nicu\u0219or Dan a \u00eenceput, miercuri, la Cotroceni, discu\u021biile cu liderii PNL, \u00een contextul consult\u0103rilor cu reprezentan\u021bii coali\u021biei de guvernare pe care le-a convocat, dup\u0103 ce social-democra\u021bii i-au retras sprijinul politic premierului Ilie Bolojan.<\/p>\n<p><img decoding=\"async\" src=\"https:\/\/media.realitatea.net\/multimedia\/image\/202604\/full\/F%C4%83r%C4%83-titlu_48b6b015bc.jpg\" alt=\"Imagine\" width=\"100%\"><\/p>\n<p>Delega\u021bia liberalilor este format\u0103 din pre\u0219edintele partidului, prim-ministrul Ilie Bolojan, secretarul general al PNL, Dan Motreanu, \u0219i prim-vicepre\u0219edin\u021bii C\u0103t\u0103lin Predoiu, Nicoleta Pauliuc, Ciprian Ciucu \u0219i Adrian Ve\u0219tea.<\/p>\n<h3>UPDATE 10:20<\/h3>\n<p>Consult\u0103rile dintre social-decmocra\u021bi \u0219i Nicu\u0219or Dan s-au terminat. La finalul discu\u021bilor, <a href=\"https:\/\/www.realitatea.net\/stiri\/actual\/sorin-grindeanu-dupa-consultarile-de-la-cotroceni-psd-ar-putea-trece-si-in-opozitie_69e879016ac8934fec4e8d81\" target=\"_blank\" rel=\"noopener\">Sorin Grindeanu<\/a> a f\u0103cut o scurt\u0103 declara\u021bie de pres\u0103 \u00een cadrul c\u0103reia a precizat c\u0103 \u201ePSD ar putea trece \u0219i \u00een opozi\u021bie\u201d.\u00a0<\/p>\n<h3>UPDATE 9:00<\/h3>\n<p>\u00cent\u00eelnirea dintre Nicu\u0219or Dan \u0219i reprezentan\u021bii PSD, condu\u0219i de liderul social-democra\u021bilor Sorin Grindeanu, a \u00eenceput. Din delega\u021bie fac parte, pe l\u00e2ng\u0103 Grindeanu, viceprim-ministrul Marian Neac\u015fu \u015fi secretarul general Claudiu Manda.<\/p>\n<\/p>\n<p>Discu\u0163iile nu sunt publice, dar liderii PSD sunt a\u015ftepta\u0163i s\u0103 fac\u0103 declara\u0163ii la ie\u015firea de la consult\u0103ri.\u00a0<\/p>\n<p>Urmeaz\u0103 la consult\u0103ri reprezentan\u021bii PNL &#8211; 10.30, UDMR -15.00, ai Grupului Minorit\u0103\u021bilor Na\u021bionale &#8211; 16.30 \u0219i, la finalul zilei, reprezentan\u021bii USR &#8211; 18.30.<\/p>\n<h3>\u0218TIREA INI\u021aIAL\u0102<\/h3>\n<p>Consult\u0103ri tensionate au loc ast\u0103zi la Palatul Cotroceni, unde pre\u0219edintele Nicu\u0219or Dan a convocat partidele care au format p\u00e2n\u0103 recent coali\u021bia de guvernare. \u00cent\u00e2lnirea vine \u00eentr-un moment de instabilitate politic\u0103, dup\u0103 ce Partidul Social Democrat a decis retragerea mini\u0219trilor s\u0103i din Executiv, m\u0103sur\u0103 care urmeaz\u0103 s\u0103 intre \u00een vigoare de joi.<\/p>\n<h3>PSD insist\u0103 pentru demiterea lui Ilie Bolojan<\/h3>\n<p>Surse politice afirm\u0103 c\u0103 reprezentan\u021bii PSD \u00ee\u0219i men\u021bin solicitarea privind demiterea lui Ilie Bolojan. \u00cen paralel, PNL, USR \u0219i UDMR &#8211; forma\u021biunile care r\u0103m\u00e2n \u00een coali\u021bie dup\u0103 plecarea PSD &#8211; \u00eencearc\u0103 s\u0103 contureze o strategie comun\u0103 pentru perioada urm\u0103toare.<\/p>\n<h3>\u00cent\u00e2lniri decisive \u00eenainte de consult\u0103rile de la Cotroceni<\/h3>\n<p>Cu o zi \u00eenaintea discu\u021biilor cu pre\u0219edintele, au avut loc dou\u0103 reuniuni importante:<\/p>\n<p>Ilie Bolojan s-a \u00eent\u00e2lnit cu lideri ai USR \u0219i UDMR, \u00eentr-o discu\u021bie considerat\u0103 esen\u021bial\u0103 pentru men\u021binerea stabilit\u0103\u021bii \u00een coali\u021bia restr\u00e2ns\u0103.<\/p>\n<p>PNL a organizat o \u0219edin\u021b\u0103 intern\u0103, \u00een care au fost analizate scenariile politice posibile \u0219i direc\u021biile de ac\u021biune \u00een noua formul\u0103 guvernamental\u0103.<\/p>\n<h3>Ce urmeaz\u0103 dup\u0103 retragerea mini\u0219trilor PSD<\/h3>\n<p>De joi, Guvernul va func\u021biona f\u0103r\u0103 reprezentan\u021bii Partidului Social Democrat, ceea ce pune presiune suplimentar\u0103 pe partenerii r\u0103ma\u0219i \u00een coali\u021bie. Consult\u0103rile de ast\u0103zi sunt privite drept un moment-cheie pentru clarificarea pozi\u021biilor politice \u0219i pentru stabilirea unei direc\u021bii comune.<\/p>\n<p>R\u0103m\u00e2ne de v\u0103zut cum vor evolua discu\u021biile dintre liderii partidelor \u0219i pre\u0219edintele Nicu\u0219or Dan, \u00eentr-un context \u00een care echilibrul politic este fragil, iar deciziile luate \u00een aceste zile pot influen\u021ba semnificativ scena politic\u0103.<\/p>\n<\/div>\n<div data-ao-pid=\"acVcznEUnS79iL7oRf2OfNAAE8XviPKkQ6AW09XriFv.87\"><\/div>\n<div class=\"realitatea-add\">\n<div class=\"realitatea-in-article-partner\"><\/div>\n<\/div>\n<div class=\"realitatea-partners-news realitatea-partners-design\">\n<hr class=\"realitatea-partners-news-hr\">\n<div class=\"d-flex justify-content-center w-100 flex-row mt-5 mb-5\">\n                                <!--  &amp; \/32628511\/Realitatea.netV2_articol_mobile\/300x250_1 --><\/p>\n<div id=\"div-gpt-ad-1625071005196-0\"><\/div>\n<\/p><\/div>\n<hr class=\"realitatea-partners-news-hr\">\n<article class>\n<div class=\"article-box-image\">\n<figure>\n                    <a href=\"https:\/\/www.tabu.ro\/designerul-care-a-socat-cu-o-colectie-inspirata-din-tragedia-de-la-colectiv-a-murit-la-doar-42-de-ani\/\" data-href=\"\/\/locale.realitatea.net\/2026\/04\/c2fa3a143eb31f2c6066b5b4832e3c96.jpg\" class=\"progressive replace\" title=\"Designerul care a \u0219ocat cu o colec\u021bie inspirat\u0103 din tragedia de la Colectiv a murit la doar 42 de ani\" rel=\"noopener external nofollow\" target=\"_blank\"><br \/>\n                                    <img decoding=\"async\" src=\"https:\/\/media.realitatea.net\/multimedia\/placeholder\/placeholder-article.webp\" class=\"preview w-100\" alt=\"Articol partener\"><br \/>\n                    <\/a><br \/>\n                <\/figure>\n<\/p><\/div>\n<div class=\"article-box-section\">\n<h3>TABU.RO<\/h3>\n<\/p><\/div>\n<div class=\"article-box-title\">\n                <a href=\"https:\/\/www.tabu.ro\/designerul-care-a-socat-cu-o-colectie-inspirata-din-tragedia-de-la-colectiv-a-murit-la-doar-42-de-ani\/\" title=\"Designerul care a \u0219ocat cu o colec\u021bie inspirat\u0103 din tragedia de la Colectiv a murit la doar 42 de ani\" rel=\"noopener external nofollow\" target=\"_blank\"><br \/>\n                    <span>Designerul care a \u0219ocat cu o colec\u021bie inspirat\u0103 din tragedia de la Colectiv a murit la doar 42 de ani<\/span><br \/>\n                <\/a>\n            <\/div>\n<\/article>\n<hr class=\"realitatea-partners-news-hr\">\n            <\/div>\n<\/p><\/div>\n<div class=\"articleBody\" data-key=\"articleBody\">UPDATE 21:40 &#8211; Mesajul presedintelui Nicusor Dan, dupa o zi intreaga de consultari cu partidele pollitice&#8221;Am avut toata ziua de azi consultari cu partidele pro-occidentale din actuala coalitie. O sa precizez ca au fost consultari informale, pentru ca la acest moment politic Constitutia nu da presedintelui vreo atributie, vreun act direct pe care sa il faca, insa evident ca e important sa stim cum vedem fiecare dintre noi viitorul. Suntem evident intr-o criza politica, criza asta nu a inceput azi, de luni de zile neintelegerile, diferentele de opinie intre partidele din coalitie s-au amplificat.Ce am cerut eu partidelor la discutiile pe care le-am avut, si o fac si public acum, este sa dezescaladeze retorica publica, pe de o parte, apoi sa se uite la viitor, ce vom face, mai mult decat la trecut, sa se uite la solutii mai mult decat la probleme, pentru ca, cred eu, ca pana in momentul asta fiecare dintre actorii politici si-a expus nemultumirile. Intrebarea este cum procedam in continuare, si in orice formula politica, majoritara, minoritara, vom avea nevoie de dialog intre fortele politice pro-occidentale. Deci dezescaladare in acest moment pentru a avea un dialog in viitor.Dincolo de criza asta politica, trebuie sa asiguram romanii ca avem institutii ale statului care functioneaza. Suntem un stat functional, cu o diferenta de opinie la nivel politic, nu se pune in discutie directia pro-occidentala a Romaniei, fiecare din partidele care au venit azi si minoritatile nationale au afirmat expres ca exclud o guvernare cu forte anti-occidentale, recte AUR, si fiecare dintre ele si-a exprimat disponibilitatea de cooperare in mod special, particular, pe proiectele esentiale pe care Romania le are in perioada imediat urmatoare, OECD, SAFE, PNRR.Deci calm si vom trece prin asta.O seara buna!&#8221;UPDATE 20:30 &#8211; USR a iesit de la consultarile cu Nicusor Dan,,Am avut o discutie lunga si extrem de sincera deschisa cu domnul presedinte, i-am explicat viziunea noastra, principiile noastre pe baza carora luam decizii in aceste zile, l-am asigurat ca il sustinem pe premierul Ilie Bolojan, si pe continuarea si am spus ca o sa continuam prezenta noastra in acest guvern, tocmai pentru ca suntem ingrijorati de pierderea celor 10 miliarde de euro din PNRR, din pierderea acelor 16 miliarde de euro din programul SAFE, si suntem ingrijorati ca reformele pe care le-a inceput acest guvern curatenia dreptatea pe care a inceput sa faca acest guvern corectarea politicilor deficitare care au costat mult pe romani ca aceste reforme sa fie acum sterse cu buretele.A fost o discutie cu destul de multe ingrijorari, este evident ca nu exista o cale usoara din criza in care ne-a aruncat PSD. I-am exprimat presedintelui asteptarea noastra ca PSD, chiar in aceasta criza, sa arate un minim de responsabilitate fata de aceasta tara, sa nu blocheze programele SAFE, sa nu blocheze PNRR, si, la fel, sa faca posibil sa tragem o linie clara intre momentul in care PSD a facut parte din acest guvern si in care nu va mai face parte din acest guvern si am inteles ca acest moment va fi maine si ne asteptam ca PSD sa-si retraga rapid oamenii care au fost pusi in functie pe cale politica.Am reiterat presedintelui faptul ca un PSD care santajeaza constant cu majoritate paralela cu partidul extremist AUR, daca merge atat de departe sa voteze o motiune de cenzura impotriva guvernului, nu va mai putea sa fie un partener pentru noi.Noi stam la dispozitie, inclusiv pentru o varianta de guvern minoritar, dar raspunderea pentru ce se va intampla cu guvernarea acestei tari dupa o posibila cadere a guvernului, aceasta raspundere este 100% la PSD, si ei trebuie sa ne spuna cine vor ei sau cine cred ei ar trebui sa asigure guvernarea Romaniei dupa o posibila motiune de cenzura.Ramanem ferm alaturi de toti romanii care urmaresc aceasta criza in aceste zile, si suntem incurajati de faptul ca sunt foarte multi romani care ne transmit pe toate canalele posibile sa continuam lupta noastra pentru o Romanie mai moderna, o Romanie mai prospera, o Romanie mai curata, si sa continuam pe calea reformelor.Nu am discutat deloc aceasta varianta. (n.r. numirea unui premier tehnocrat).Argumente din partea presedintelui? Pentru schimbare? Nu. Dar ca remarca generala, eu nu as vrea acum sa, daca domnul presedinte cu siguranta o sa dea si el o declaratie, nu as vrea acum sa transmit eu pozitiile presedintelui, ci doar pozitiile noastre.Nu pot sa va raspund astazi la aceasta intrebare. Acum asteptam sa se produca aceasta rupere si, cu siguranta, in urmatoarele zile vor urma discutii cu parlamentarii neafiliati, parlamentari idin partide mai mici, care isi doresc sa arate o responsabilitate fata de aceasta tara.Nu, reformulez: la parlamentari care poate astazi fac parte din astfel de partide, trebuie sa vorbim cu parlamentarii. Asta este clar. Dar si noi tragem linie si noi tragem linie la o colaborare formala cu Partidul AUR.USR vede realitatea politica in aceste zile, cel mai important este sa nu pierdem banii, sa putem continua reformele si sa protejam prosperitatea romanilor. Si, bineinteles, ca pentru asta trebuie sa vedem realitati in ochi si nu putem sa traim intr-o realitate paralela. Si tocmai de aceea bineinteles ca suntem si noi fortati acum sa purtam discutii cu toti cei care au fost alesi toti de romani.Cu siguranta vor exista echipe de lucru, bineinteles, nimeni nu e Superman si ministrii au o responsabilitate formala si cu siguranta vor munci si mai mult si vor avea si mai putin somn in urmatoarele saptamani, dar astea nu inseamna ca sunt singuri acolo.Miza este, inca o data, sa deblocam tot ce este blocat, si, bineinteles, si sa incercam sa facem schimbari pozitive si necesare in aceste ministere. Inca nu exista discutia sau discutia finalizata despre portofolii. Exista mai multe variante pe care le vom discuta intre presedinti de partide si ma astept ca destul de curand sa putem comunica si un rezultat.Eu nu exclud ca exista parlamentari care momentan se regasesc la AUR care sunt si ei ingrijorati de situatia actuala si, bineinteles, ca suntem oricand deschisi pentru o discutie. Ce excludem este o negociere formala cu Partidul AUR.Nu vreau sa speculez acum (n.r. numirea lui Predoiu la Justitie). Inca o data, este o discutie pe care o purtam la nivel de presedinti de partide si vom reveni in curand cu impartirea portofoliilor.&#8221;, a declarat Domnic Fritz, presedintele USR.UPDATE 15:45onsultarile delegatiei UDMR cu presedintele Nicusor Dan s-au incheiat. Kelemen Hunor a declarat ca UDMR ramane la guvernare si a subliniat ca o perioada &#8220;putem merge cu un guvern minoritar&#8221;, dar &#8220;ne trebuie un guvern cu majoritate&#8221;.&#8221;Incercam, o intelegere cu partidele pentru banii din PNRR&#8221;, a declarat presedintele UDMR. UPDATE 14:50 &#8211; Delegatia UDMR a ajuns la Palatul Cotroceni, acolo unde urmeaza sa aiba loc consultarile cu Nicusor Dan.Anterior discutiilor, liderul UDMR, Kelemen Hunor, a declarat ca formatiunea sa nu intentioneaza sa se retraga de la guvernare, in contextul in care PSD a decis sa ii retraga sprijinul politic premierului Ilie Bolojan.UPDATE 11:50Consultarile delegatiei liberale cu presedintele Nicusor Dan s-au incheiat. In declaratia de presa sustinuta la fianl, Ilie Bolojan a a afirmat ca isi asuma continuarea mandatului la conducerea Guvernului, in ciuda crizei politice declansate de retragerea sprijinului din partea PSD.UPDATE 10:30Presedintele Nicusor Dan a inceput, miercuri, la Cotroceni, discutiile cu liderii PNL, in contextul consultarilor cu reprezentantii coalitiei de guvernare pe care le-a convocat, dupa ce social-democratii i-au retras sprijinul politic premierului Ilie Bolojan.Delegatia liberalilor este formata din presedintele partidului, prim-ministrul Ilie Bolojan, secretarul general al PNL, Dan Motreanu, si prim-vicepresedintii Catalin Predoiu, Nicoleta Pauliuc, Ciprian Ciucu si Adrian Vestea.UPDATE 10:20Consultarile dintre social-decmocrati si Nicusor Dan s-au terminat. La finalul discutilor, Sorin Grindeanu a facut o scurta declaratie de presa in cadrul careia a precizat ca ,,PSD ar putea trece si in opozitie&#8221;. UPDATE 9:00Intilnirea dintre Nicusor Dan si reprezentantii PSD, condusi de liderul social-democratilor Sorin Grindeanu, a inceput. Din delegatie fac parte, pe langa Grindeanu, viceprim-ministrul Marian Neacsu si secretarul general Claudiu Manda.Discutiile nu sunt publice, dar liderii PSD sunt asteptati sa faca declaratii la iesirea de la consultari. Urmeaza la consultari reprezentantii PNL &#8211; 10.30, UDMR -15.00, ai Grupului Minoritatilor Nationale &#8211; 16.30 si, la finalul zilei, reprezentantii USR &#8211; 18.30.STIREA INITIALAConsultari tensionate au loc astazi la Palatul Cotroceni, unde presedintele Nicusor Dan a convocat partidele care au format pana recent coalitia de guvernare. Intalnirea vine intr-un moment de instabilitate politica, dupa ce Partidul Social Democrat a decis retragerea ministrilor sai din Executiv, masura care urmeaza sa intre in vigoare de joi.PSD insista pentru demiterea lui Ilie BolojanSurse politice afirma ca reprezentantii PSD isi mentin solicitarea privind demiterea lui Ilie Bolojan. In paralel, PNL, USR si UDMR &#8211; formatiunile care raman in coalitie dupa plecarea PSD &#8211; incearca sa contureze o strategie comuna pentru perioada urmatoare.Intalniri decisive inainte de consultarile de la CotroceniCu o zi inaintea discutiilor cu presedintele, au avut loc doua reuniuni importante:Ilie Bolojan s-a intalnit cu lideri ai USR si UDMR, intr-o discutie considerata esentiala pentru mentinerea stabilitatii in coalitia restransa.PNL a organizat o sedinta interna, in care au fost analizate scenariile politice posibile si directiile de actiune in noua formula guvernamentala.Ce urmeaza dupa retragerea ministrilor PSDDe joi, Guvernul va functiona fara reprezentantii Partidului Social Democrat, ceea ce pune presiune suplimentara pe partenerii ramasi in coalitie. Consultarile de astazi sunt privite drept un moment-cheie pentru clarificarea pozitiilor politice si pentru stabilirea unei directii comune.Ramane de vazut cum vor evolua discutiile dintre liderii partidelor si presedintele Nicusor Dan, intr-un context in care echilibrul politic este fragil, iar deciziile luate in aceste zile pot influenta semnificativ scena politica.<\/div>\n<\/p>\n<p>[analyse_source url=&#8221;https:\/\/www.realitatea.net\/stiri\/actual\/consultarimaraton-la-cotroceni-nicusor-dan-discuta-cu-partidele-despre-viitorul-guvernului_69e848fd992ed415001b5f22&#8243;]<\/p>\n","protected":false},"excerpt":{"rendered":"<p>[analyse_image type=&#8221;featured&#8221; src=&#8221;https:\/\/media.realitatea.net\/multimedia\/image\/202604\/w1920\/INSTANT_CONSULTARI_PSD_71_INQUAM_Photos_Octav_Ganea_168d2aed90.jpg&#8221;] &lt;!&#8211; &#8211;&gt; UPDATE 21:40 &#8211; Mesajul pre\u0219edintelui Nicu\u0219or Dan, dup\u0103 o zi \u00eentreag\u0103 de consult\u0103ri cu partidele pollitice \u201dAm avut toat\u0103 ziua de azi consult\u0103ri cu partidele pro-occidentale din actuala coali\u021bie. O s\u0103 precizez c\u0103 au fost consult\u0103ri informale, pentru c\u0103 la acest moment politic Constitu\u021bia nu d\u0103 pre\u0219edintelui vreo atribu\u021bie, vreun [&hellip;]<\/p>\n","protected":false},"author":1,"featured_media":0,"comment_status":"open","ping_status":"","sticky":false,"template":"","format":"standard","meta":{"footnotes":""},"categories":[89],"tags":[226,15],"class_list":["post-1897476","post","type-post","status-publish","format-standard","hentry","category-romania","tag-crawlmanager","tag-realitatea-net"],"_links":{"self":[{"href":"https:\/\/analyse.optim.biz\/index.php?rest_route=\/wp\/v2\/posts\/1897476","targetHints":{"allow":["GET"]}}],"collection":[{"href":"https:\/\/analyse.optim.biz\/index.php?rest_route=\/wp\/v2\/posts"}],"about":[{"href":"https:\/\/analyse.optim.biz\/index.php?rest_route=\/wp\/v2\/types\/post"}],"author":[{"embeddable":true,"href":"https:\/\/analyse.optim.biz\/index.php?rest_route=\/wp\/v2\/users\/1"}],"replies":[{"embeddable":true,"href":"https:\/\/analyse.optim.biz\/index.php?rest_route=%2Fwp%2Fv2%2Fcomments&post=1897476"}],"version-history":[{"count":0,"href":"https:\/\/analyse.optim.biz\/index.php?rest_route=\/wp\/v2\/posts\/1897476\/revisions"}],"wp:attachment":[{"href":"https:\/\/analyse.optim.biz\/index.php?rest_route=%2Fwp%2Fv2%2Fmedia&parent=1897476"}],"wp:term":[{"taxonomy":"category","embeddable":true,"href":"https:\/\/analyse.optim.biz\/index.php?rest_route=%2Fwp%2Fv2%2Fcategories&post=1897476"},{"taxonomy":"post_tag","embeddable":true,"href":"https:\/\/analyse.optim.biz\/index.php?rest_route=%2Fwp%2Fv2%2Ftags&post=1897476"}],"curies":[{"name":"wp","href":"https:\/\/api.w.org\/{rel}","templated":true}]}}