{"id":1897473,"date":"2026-04-22T09:54:22","date_gmt":"2026-04-22T06:54:22","guid":{"rendered":"https:\/\/analyse.optim.biz\/?p=1897473"},"modified":"2026-04-22T09:54:22","modified_gmt":"2026-04-22T06:54:22","slug":"sustinere-europeana-pentru-premierul-ilie-bolojan-in-plina-criza-politica-manfred-weber-liderul-ppe-l-a","status":"publish","type":"post","link":"https:\/\/analyse.optim.biz\/?p=1897473","title":{"rendered":"Sus\u021binere european\u0103 pentru premierul Ilie Bolojan \u00een plin\u0103 criz\u0103 politic\u0103: Manfred Weber, liderul PPE, l-a&#8230;"},"content":{"rendered":"<p>[analyse_image type=&#8221;featured&#8221; src=&#8221;https:\/\/cdn.adh.reperio.news\/image-1\/10005017-2232-4825-bf05-a756c439e11a\/index.jpeg?p=f%3Djpeg%26w%3D1200%26h%3D630%26r%3Dcover&#8221;]<\/p>\n<article class=\"svelte-t0js42\">\n<nav>\n<ul class=\"breadcrump svelte-xauq0s\">\n<li class=\"svelte-xauq0s\"><a href=\"\/\" title=\"Adev\u0103rul\" class=\"svelte-xauq0s\">Home<\/a><\/li>\n<li class=\"svelte-xauq0s\"><a href=\"\/politica\" class=\"svelte-xauq0s\">Politic\u0103<\/a><\/li>\n<li class=\"svelte-xauq0s\"><a href=\"https:\/\/adevarul.ro\/politica\/sustinere-europeana-pentru-premierul-ilie-bolojan-2524423.html\" class=\"svelte-xauq0s\">Sus\u021binere european\u0103 pentru premierul Ilie Bolojan \u00een plin\u0103 criz\u0103 politic\u0103: Manfred Weber, liderul PPE, l-a felicitat pentru \u201erezultatele ob\u021binute \u00een timp record\u201d<\/a><\/li>\n<\/ul>\n<\/nav>\n<p><main class=\"svelte-t0js42\"><\/p>\n<p>\u00cen plin\u0103 criz\u0103 a Coali\u021biei de guvernare, Manfred Weber, pre\u0219edintele Partidului Popular European (PPE), a transmis c\u0103 a avut o discu\u021bie telefonic\u0103 <i>\u201eexcelent\u0103\u201d<\/i> cu<a href=\"https:\/\/adevarul.ro\/politica\/consultari-la-cotroceni-intre-presedintele-nicusor-2524350.html\"> premierul Rom\u00e2niei, Ilie Bolojan,<\/a> \u00een care a l\u0103udat m\u0103surile adoptate de acesta \u00een primele luni de mandat. \u00cen opinia sa, PSD \u201e<i>s-a \u00eendep\u0103rtat de angajamentele pro-europene\u201d.<\/i><\/p>\n<div class=\"container-image  svelte-jd4qiv\"><source type=\"image\/webp\" srcset=\"https:\/\/cdn.adh.reperio.news\/image-1\/10005017-2232-4825-bf05-a756c439e11a\/index.jpeg?p=a%3D1%26co%3D1.05%26w%3D1400%26h%3D750%26r%3Dcontain%26c%3D0%252C0%252C1%252C0.722%26f%3Dwebp 1400w\" media=\"(min-width: 1400px)\" \/><\/p>\n<div class=\"caption\">Manfred Weber \u0219i Ilie Bolojan. FOTO X<\/div>\n<\/div>\n<p>Potrivit aprecierilor lui Manfred Weber &#8211; postate pe pagina de Facebook a PNL &#8211; premierul Bolojan a reu\u0219it \u201e\u00eentr-un timp foarte scurt\u201d s\u0103 reduc\u0103 deficitul bugetar, s\u0103 stabilizeze economia \u0219i s\u0103 ini\u021bieze reforme considerate esen\u021biale la nivel european.<\/p>\n<p><i>\u201eAm avut o conversa\u021bie telefonic\u0103 excelent\u0103 cu Ilie Bolojan, prim-ministrul Rom\u00e2niei.\u00a0<\/i><i>L-am felicitat pentru ob\u021binerea de rezultate concrete \u00eentr-o perioad\u0103 at\u00e2t de scurt\u0103 de timp. A luat m\u0103suri pentru a reduce deficitul, a stabilizat economia \u0219i a demarat reforme esen\u021biale. A implementat un buget responsabil, sus\u021binut de investi\u021bii strategice, \u00een special prin fonduri europene \u0219i PNRR.\u00a0Prim-ministrul Ilie Bolojan \u0219i cu mine am evaluat, de asemenea, priorit\u0103\u021bile pentru perioada urm\u0103toare, at\u00e2t la nivel european, c\u00e2t \u0219i la nivel na\u021bional\u201d<\/i>, a spus\u00a0pre\u0219edintele PPE.<\/p>\n<p>Liderul  Partidului Popular European  a salutat \u0219i adoptarea unui buget \u201eresponsabil\u201d, bazat pe investi\u021bii strategice finan\u021bate \u00een special prin fonduri europene \u0219i prin Planul Na\u021bional de Redresare \u0219i Rezilien\u021b\u0103 (PNRR).\u00a0Manfred Weber a subliniat c\u0103, \u00een contextul global marcat de r\u0103zboiul din Ucraina, presiuni energetice \u0219i cre\u0219terea extremismului, partidele din familia PPE trebuie s\u0103 promoveze <i>\u201eguvernarea responsabil\u0103\u201d.<\/i><\/p>\n<p><i>\u201e\u00cen aceste vremuri dificile la nivel global, cu r\u0103zboiul din Ucraina, presiunile energetice \u0219i cre\u0219terea extremismului \u00een Europa, este esen\u021bial ca noi, familie PPE &#8211; Partidul Popular European, s\u0103 d\u0103m un exemplu. Guvernarea responsabil\u0103 \u00eenseamn\u0103 a pune cet\u0103\u021benii pe primul loc \u0219i a lua deciziile necesare: reducerea cheltuielilor excesive, reducerea birocra\u021biei, avansarea reformelor \u0219i modernizarea institu\u021biilor publice, \u00eentotdeauna cu respect deplin pentru banii contribuabililor. Acestea sunt priorit\u0103\u021bile de centru-dreapta ale PPE. Doar o astfel de conducere responsabil\u0103 va asigura c\u0103 guvernele \u00ee\u0219i pot proteja \u0219i sprijini cet\u0103\u021benii \u00een perioade de criz\u0103, fie c\u0103 se confrunt\u0103 cu presiuni energetice, amenin\u021b\u0103ri la adresa securit\u0103\u021bii sau incertitudini economice, a\u0219a cum este cazul acum \u00een \u00eentreaga Europ\u0103\u201d,<\/i> a mai spus\u00a0Manfred Weber.<\/p>\n<div class=\"raw-block\"><iframe loading=\"lazy\" src=\"https:\/\/www.facebook.com\/plugins\/post.php?href=https%3A%2F%2Fwww.facebook.com%2Fpnl.ro%2Fposts%2Fpfbid0TGudNHjwhfnUzxgL8bBKg1uuysQ3WpdWJAFxb8epDwze1Nt5Hsj84u1arD1Hns7Fl&amp;show_text=true&amp;width=390\" width=\"500\" height=\"737\" frameborder allowfullscreen=\"true\" allow=\"autoplay; clipboard-write; encrypted-media; picture-in-picture; web-share\" class=\"facebook-iframe\"><\/iframe><\/div>\n<h2>\u201eBolojan a fost unul dintre liderii europeni care au ob\u021binut rezultate la toate priorit\u0103\u021bile PPE\u201d<\/h2>\n<p>Liderul PPE a afirmat c\u0103 premierul Ilie Bolojan se num\u0103r\u0103 printre liderii europeni care au ob\u021binut rezultate \u0219i a l\u0103udat <i>\u201ecurajul <\/i>\u0219i determinarea\u201d acestuia:<\/p>\n<p><i>\u201ePrim-ministrul Bolojan a fost unul dintre liderii europeni care au ob\u021binut rezultate la toate priorit\u0103\u021bile PPE. De aceea, laud curajul \u0219i determinarea prim-ministrului Ilie Bolojan de a-\u0219i continua mandatul de \u0219ef al guvernului, dintr-un puternic sim\u021b al responsabilit\u0103\u021bii fa\u021b\u0103 de cet\u0103\u021beni \u0219i fa\u021b\u0103 de \u021bar\u0103, \u0219i de a continua pe calea reformelor \u0219i moderniz\u0103rii pe care a \u00eenceput-o acum 10 luni\u201d.\u00a0<\/i><\/p>\n<p>Manfred Weber a transmis c\u0103 premierul Rom\u00e2niei beneficiaz\u0103 de \u201esprijinul deplin al partenerilor europeni\u201d pentru continuarea reformelor \u0219i consolidarea stabilit\u0103\u021bii economice.<\/p>\n<h2>Critici la adresa PSD: \u201eSe opune m\u0103surilor convenite &#8211; consolidarea economiei rom\u00e2ne\u0219ti \u0219i cre\u0219terea rezisten\u021bei acesteia\u201d<\/h2>\n<p>\u00cen mesajul s\u0103u, Manfred Weber a sus\u021binut c\u0103 <a href=\"https:\/\/adevarul.ro\/politica\/joi-isi-vor-da-demisia-ministrii-psd-sustine-2524364.html\">Partidul\u00a0<\/a>Social Democrat\u00a0s-ar fi \u00eendep\u0103rtat de angajamentele pro-europene \u0219i ar fi \u00eenceput s\u0103 se opun\u0103 unor m\u0103suri convenite \u00een coali\u021bia de guvernare.<\/p>\n<p><i>\u201eDin p\u0103cate, vedem c\u0103 Partidul Social Democrat din Rom\u00e2nia s-a \u00eendep\u0103rtat de angajamentele sale pro-europene. Acum se opune chiar m\u0103surilor convenite \u00een cadrul coali\u021biei de guvernare: consolidarea economiei rom\u00e2ne\u0219ti \u0219i cre\u0219terea rezisten\u021bei acesteia, \u00een beneficiul cet\u0103\u021benilor, pun\u00e2nd totodat\u0103 \u00een pericol finan\u021barea prin PNRR. Privarea Rom\u00e2niei de miliardele de euro din finan\u021b\u0103rile UE din cauza ra\u021bionamentelor populiste ar fi o lovitur\u0103 major\u0103 pentru democra\u021bia \u0219i stabilitatea \u021b\u0103rii.<\/i><\/p>\n<p><i>\u00cen ciuda acestor provoc\u0103ri politice emergente, prim-ministrul Ilie Bolojan a ales calea mai dificil\u0103 &#8211; dar cea corect\u0103: s\u0103 asigure stabilitatea guvern\u0103rii \u0219i capacitatea de a realiza reformele necesare, men\u021bin\u00e2nd \u00een acela\u0219i timp Rom\u00e2nia pe o traiectorie stabil\u0103 \u00een acest context geopolitic foarte delicat\u201d, <\/i>se mai arat\u0103 \u00een mesajul lui\u00a0Manfred Weber.<\/p>\n<p><\/main><\/p>\n<footer class=\"svelte-t0js42\">\n<div class=\"related-wrap related-footer svelte-1t8qpgs\"><span class=\"related-label svelte-1t8qpgs\">Cite\u0219te \u0219i<\/span><a class=\"related svelte-1t8qpgs\" data-gtrack='{\"event\":\"utm_click\",\"data\":{\"event_category\":\"article_related\"}}' href=\"https:\/\/adevarul.ro\/politica\/zi-critica-pentru-executiv-premierul-ilie-bolojan-2524351.html\" title=\"Alt articol de interes pentru tine\"><img decoding=\"async\" class=\"thumb svelte-1t8qpgs\" src=\"https:\/\/cdn.adh.reperio.news\/image-4\/4b7c1790-3a65-40be-acd5-df711146ad5f\/index.jpeg\" alt loading=\"lazy\" width=\"80\" height=\"54\"><span class=\"title svelte-1t8qpgs\">Zi critic\u0103 pentru Executiv. Premierul Ilie Bolojan discut\u0103 miercuri cu UDMR \u0219i reprezentan\u021bii minorit\u0103\u021bilor na\u021bionale<\/span><\/a><a class=\"related svelte-1t8qpgs\" data-gtrack='{\"event\":\"utm_click\",\"data\":{\"event_category\":\"article_related\"}}' href=\"https:\/\/adevarul.ro\/politica\/joi-isi-vor-da-demisia-ministrii-psd-sustine-2524364.html\" title=\"Alt articol de interes pentru tine\"><img decoding=\"async\" class=\"thumb svelte-1t8qpgs\" src=\"https:\/\/cdn.adh.reperio.news\/image-7\/77b03ead-d5e2-48c4-a8bc-f518b226a255\/index.jpeg\" alt loading=\"lazy\" width=\"80\" height=\"54\"><span class=\"title svelte-1t8qpgs\">\u201eJoi \u00ee\u015fi vor da demisia mini\u015ftrii PSD\u201d, sus\u021bine Lia Olgu\u0163a Vasilescu. Ce a\u0219teapt\u0103 de la pre\u0219edintele Nicu\u015for Dan<\/span><\/a><a class=\"related svelte-1t8qpgs\" data-gtrack='{\"event\":\"utm_click\",\"data\":{\"event_category\":\"article_related\"}}' href=\"https:\/\/adevarul.ro\/politica\/surse-nicusor-dan-vrea-premier-tehnocrat-2524384.html\" title=\"Alt articol de interes pentru tine\"><img decoding=\"async\" class=\"thumb svelte-1t8qpgs\" src=\"https:\/\/cdn.adh.reperio.news\/image-0\/04ff9ef5-bbb3-4b00-9e97-357bfaee6715\/index.jpeg\" alt loading=\"lazy\" width=\"80\" height=\"54\"><span class=\"title svelte-1t8qpgs\">SURSE Pre\u0219edintele Nicu\u0219or Dan vrea premier tehnocrat <\/span><\/a><\/div>\n<div class=\"meta svelte-t0js42\">\n<div class=\"authors svelte-t0js42\"><a href=\"\/author\/1228\" rel=\"author\" class=\"svelte-t0js42\">Cristina Stancu<\/a><\/div>\n<div class=\"tags svelte-12okeyl\"><span class=\"tags-label metaFont svelte-12okeyl\">Cite\u0219te mai multe despre<\/span><\/p>\n<div class=\"tags-list svelte-12okeyl\"><a href=\"\/tag\/psd\" title=\"Ultimele \u0219tiri despre psd\" class=\"tag-pill svelte-12okeyl\">psd<\/a><a href=\"\/tag\/ilie%20bolojan\" title=\"Ultimele \u0219tiri despre ilie bolojan\" class=\"tag-pill svelte-12okeyl\">ilie bolojan<\/a><a href=\"\/tag\/criza%20politica\" title=\"Ultimele \u0219tiri despre criza politica\" class=\"tag-pill svelte-12okeyl\">criza politica<\/a><\/div>\n<\/div>\n<\/div>\n<p><a class=\"moreFromCategory svelte-t0js42\" href=\"\/politica\" title=\"Politic\u0103\">Mai multe din <strong class=\"svelte-t0js42\">Politic\u0103<\/strong> \u203a<\/a><\/footer>\n<\/article>\n<p>[analyse_source url=&#8221;https:\/\/adevarul.ro\/politica\/sustinere-europeana-pentru-premierul-ilie-bolojan-2524423.html&#8221;]<\/p>\n","protected":false},"excerpt":{"rendered":"<p>[analyse_image type=&#8221;featured&#8221; src=&#8221;https:\/\/cdn.adh.reperio.news\/image-1\/10005017-2232-4825-bf05-a756c439e11a\/index.jpeg?p=f%3Djpeg%26w%3D1200%26h%3D630%26r%3Dcover&#8221;] Home Politic\u0103 Sus\u021binere european\u0103 pentru premierul Ilie Bolojan \u00een plin\u0103 criz\u0103 politic\u0103: Manfred Weber, liderul PPE, l-a felicitat pentru \u201erezultatele ob\u021binute \u00een timp record\u201d \u00cen plin\u0103 criz\u0103 a Coali\u021biei de guvernare, Manfred Weber, pre\u0219edintele Partidului Popular European (PPE), a transmis c\u0103 a avut o discu\u021bie telefonic\u0103 \u201eexcelent\u0103\u201d cu premierul Rom\u00e2niei, Ilie Bolojan, [&hellip;]<\/p>\n","protected":false},"author":1,"featured_media":0,"comment_status":"open","ping_status":"","sticky":false,"template":"","format":"standard","meta":{"footnotes":""},"categories":[89],"tags":[19,226],"class_list":["post-1897473","post","type-post","status-publish","format-standard","hentry","category-romania","tag-adevarul","tag-crawlmanager"],"_links":{"self":[{"href":"https:\/\/analyse.optim.biz\/index.php?rest_route=\/wp\/v2\/posts\/1897473","targetHints":{"allow":["GET"]}}],"collection":[{"href":"https:\/\/analyse.optim.biz\/index.php?rest_route=\/wp\/v2\/posts"}],"about":[{"href":"https:\/\/analyse.optim.biz\/index.php?rest_route=\/wp\/v2\/types\/post"}],"author":[{"embeddable":true,"href":"https:\/\/analyse.optim.biz\/index.php?rest_route=\/wp\/v2\/users\/1"}],"replies":[{"embeddable":true,"href":"https:\/\/analyse.optim.biz\/index.php?rest_route=%2Fwp%2Fv2%2Fcomments&post=1897473"}],"version-history":[{"count":0,"href":"https:\/\/analyse.optim.biz\/index.php?rest_route=\/wp\/v2\/posts\/1897473\/revisions"}],"wp:attachment":[{"href":"https:\/\/analyse.optim.biz\/index.php?rest_route=%2Fwp%2Fv2%2Fmedia&parent=1897473"}],"wp:term":[{"taxonomy":"category","embeddable":true,"href":"https:\/\/analyse.optim.biz\/index.php?rest_route=%2Fwp%2Fv2%2Fcategories&post=1897473"},{"taxonomy":"post_tag","embeddable":true,"href":"https:\/\/analyse.optim.biz\/index.php?rest_route=%2Fwp%2Fv2%2Ftags&post=1897473"}],"curies":[{"name":"wp","href":"https:\/\/api.w.org\/{rel}","templated":true}]}}