{"id":1897465,"date":"2026-04-21T20:39:09","date_gmt":"2026-04-21T17:39:09","guid":{"rendered":"https:\/\/analyse.optim.biz\/?p=1897465"},"modified":"2026-04-21T20:39:09","modified_gmt":"2026-04-21T17:39:09","slug":"trump-prelungeste-armistitiul-cu-iranul-la-solicitarea-pakistanului-blocada-militara-americana-ramane-in-vigoare","status":"publish","type":"post","link":"https:\/\/analyse.optim.biz\/?p=1897465","title":{"rendered":"Trump prelunge\u0219te armisti\u021biul cu Iranul la solicitarea Pakistanului. Blocada militar\u0103 american\u0103 r\u0103m\u00e2ne \u00een vigoare"},"content":{"rendered":"<p>[analyse_image type=&#8221;featured&#8221; src=&#8221;https:\/\/media.realitatea.net\/multimedia\/image\/202603\/w1920\/Trump_52ee77da80.jpg&#8221;]<\/p>\n<div class=\"article-box-content\">\n&lt;!&#8211;            <\/p>\n<div class=\"article-box-content\" role=\"section\" aria-label=\"Con&#539;inutul articolului\">&#8211;&gt;<\/p>\n<div id=\"digital-atelier-mobile\"><\/div>\n<div id=\"permanent-position-before-content\"><\/div>\n<div id=\"digital-atelier-desktop\"><\/div>\n<div class=\"realitatea-article-content-box\">\n<p>Potrivit declara\u021biei f\u0103cute pe Truth Social, decizia vine \u00een contextul unor eforturi diplomatice intense menite s\u0103 evite reluarea confrunt\u0103rilor militare \u00een regiune. \u00cen acela\u0219i timp, armata american\u0103 va men\u021bine blocada existent\u0103, \u00een a\u0219teptarea unei propuneri unitare din partea guvernului iranian.<\/p>\n<div id=\"adocean-mobile-positon\">\n<div data-ao-pid=\"1s3nVeO8d7fVQQxZ8qBwmwF8nJdHUjAHhp2PqUhQfRb.D7\"><\/div>\n<\/p><\/div>\n<p>Administra\u021bia de la Washington a transmis c\u0103 orice evolu\u021bie ulterioar\u0103 va depinde de capacitatea Teheranului de a prezenta o pozi\u021bie coerent\u0103 \u0219i de a se angaja \u00een negocieri constructive.<\/p>\n<p>\u201eAv\u00e2nd \u00een vedere faptul c\u0103 guvernul Iranului este profund divizat \u2013 lucru care nu ne surprinde \u2013 \u0219i la cererea mare\u0219alului Asim Munir \u0219i a prim-ministrului Shehbaz Sharif din Pakistan, ni s-a solicitat s\u0103 am\u00e2n\u0103m atacul asupra Iranului p\u00e2n\u0103 c\u00e2nd liderii \u0219i reprezentan\u021bii acestei \u021b\u0103ri vor reu\u0219i s\u0103 prezinte o propunere comun\u0103. <strong>Prin urmare, am ordonat armatei noastre s\u0103 continue blocada \u0219i, \u00een toate celelalte privin\u021be, s\u0103 r\u0103m\u00e2n\u0103 preg\u0103tit\u0103 \u0219i capabil\u0103, \u0219i voi prelungi, a\u0219adar, \u00eencetarea focului p\u00e2n\u0103 \u00een momentul \u00een care propunerea lor va fi prezentat\u0103 \u0219i discu\u021biile vor fi \u00eencheiate, \u00eentr-un fel sau altul.\u201d<\/strong>, a declarat Donald Trump pe Truth Social.<\/p>\n<div id=\"truvid-mobile-postion\"><\/div>\n<div id=\"adocean-desktop-positon\">\n<div data-ao-pid=\"1s3nVeO8d7fVQQxZ8qBwmwF8nJdHUjAHhp2PqUhQfRb.D7\"><\/div>\n<\/div>\n<div id=\"truvid-desktop-postion\"><\/div>\n<\/div>\n<div data-ao-pid=\"acVcznEUnS79iL7oRf2OfNAAE8XviPKkQ6AW09XriFv.87\"><\/div>\n<div class=\"realitatea-add\">\n<div class=\"realitatea-in-article-partner\"><\/div>\n<\/div>\n<div class=\"realitatea-partners-news realitatea-partners-design\">\n<hr class=\"realitatea-partners-news-hr\">\n<div class=\"d-flex justify-content-center w-100 flex-row mt-5 mb-5\">\n                                <!--  &amp; \/32628511\/Realitatea.netV2_articol_mobile\/300x250_1 --><\/p>\n<div id=\"div-gpt-ad-1625071005196-0\"><\/div>\n<\/p><\/div>\n<hr class=\"realitatea-partners-news-hr\">\n<article class>\n<div class=\"article-box-image\">\n<figure>\n                    <a href=\"https:\/\/www.tabu.ro\/designerul-care-a-socat-cu-o-colectie-inspirata-din-tragedia-de-la-colectiv-a-murit-la-doar-42-de-ani\/\" data-href=\"\/\/locale.realitatea.net\/2026\/04\/c2fa3a143eb31f2c6066b5b4832e3c96.jpg\" class=\"progressive replace\" title=\"Designerul care a \u0219ocat cu o colec\u021bie inspirat\u0103 din tragedia de la Colectiv a murit la doar 42 de ani\" rel=\"noopener external nofollow\" target=\"_blank\"><br \/>\n                                    <img decoding=\"async\" src=\"https:\/\/media.realitatea.net\/multimedia\/placeholder\/placeholder-article.webp\" class=\"preview w-100\" alt=\"Articol partener\"><br \/>\n                    <\/a><br \/>\n                <\/figure>\n<\/p><\/div>\n<div class=\"article-box-section\">\n<h3>TABU.RO<\/h3>\n<\/p><\/div>\n<div class=\"article-box-title\">\n                <a href=\"https:\/\/www.tabu.ro\/designerul-care-a-socat-cu-o-colectie-inspirata-din-tragedia-de-la-colectiv-a-murit-la-doar-42-de-ani\/\" title=\"Designerul care a \u0219ocat cu o colec\u021bie inspirat\u0103 din tragedia de la Colectiv a murit la doar 42 de ani\" rel=\"noopener external nofollow\" target=\"_blank\"><br \/>\n                    <span>Designerul care a \u0219ocat cu o colec\u021bie inspirat\u0103 din tragedia de la Colectiv a murit la doar 42 de ani<\/span><br \/>\n                <\/a>\n            <\/div>\n<\/article>\n<hr class=\"realitatea-partners-news-hr\">\n            <\/div>\n<\/p><\/div>\n<div class=\"articleBody\" data-key=\"articleBody\">Potrivit declaratiei facute pe Truth Social, decizia vine in contextul unor eforturi diplomatice intense menite sa evite reluarea confruntarilor militare in regiune. In acelasi timp, armata americana va mentine blocada existenta, in asteptarea unei propuneri unitare din partea guvernului iranian.Administratia de la Washington a transmis ca orice evolutie ulterioara va depinde de capacitatea Teheranului de a prezenta o pozitie coerenta si de a se angaja in negocieri constructive.,,Avand in vedere faptul ca guvernul Iranului este profund divizat &#8211; lucru care nu ne surprinde &#8211; si la cererea maresalului Asim Munir si a prim-ministrului Shehbaz Sharif din Pakistan, ni s-a solicitat sa amanam atacul asupra Iranului pana cand liderii si reprezentantii acestei tari vor reusi sa prezinte o propunere comuna. Prin urmare, am ordonat armatei noastre sa continue blocada si, in toate celelalte privinte, sa ramana pregatita si capabila, si voi prelungi, asadar, incetarea focului pana in momentul in care propunerea lor va fi prezentata si discutiile vor fi incheiate, intr-un fel sau altul.&#8221;, a declarat Donald Trump pe Truth Social.<\/div>\n<\/p>\n<p>[analyse_source url=&#8221;https:\/\/www.realitatea.net\/stiri\/actual\/trump-prelungeste-armistitiul-cu-iranul-la-solicitarea-pakistanului-blocada-militara-ramane-in-vigoare_69e7e06d068d5a28e313413c&#8221;]<\/p>\n","protected":false},"excerpt":{"rendered":"<p>[analyse_image type=&#8221;featured&#8221; src=&#8221;https:\/\/media.realitatea.net\/multimedia\/image\/202603\/w1920\/Trump_52ee77da80.jpg&#8221;] &lt;!&#8211; &#8211;&gt; Potrivit declara\u021biei f\u0103cute pe Truth Social, decizia vine \u00een contextul unor eforturi diplomatice intense menite s\u0103 evite reluarea confrunt\u0103rilor militare \u00een regiune. \u00cen acela\u0219i timp, armata american\u0103 va men\u021bine blocada existent\u0103, \u00een a\u0219teptarea unei propuneri unitare din partea guvernului iranian. Administra\u021bia de la Washington a transmis c\u0103 orice evolu\u021bie ulterioar\u0103 [&hellip;]<\/p>\n","protected":false},"author":1,"featured_media":0,"comment_status":"open","ping_status":"","sticky":false,"template":"","format":"standard","meta":{"footnotes":""},"categories":[89],"tags":[226,15],"class_list":["post-1897465","post","type-post","status-publish","format-standard","hentry","category-romania","tag-crawlmanager","tag-realitatea-net"],"_links":{"self":[{"href":"https:\/\/analyse.optim.biz\/index.php?rest_route=\/wp\/v2\/posts\/1897465","targetHints":{"allow":["GET"]}}],"collection":[{"href":"https:\/\/analyse.optim.biz\/index.php?rest_route=\/wp\/v2\/posts"}],"about":[{"href":"https:\/\/analyse.optim.biz\/index.php?rest_route=\/wp\/v2\/types\/post"}],"author":[{"embeddable":true,"href":"https:\/\/analyse.optim.biz\/index.php?rest_route=\/wp\/v2\/users\/1"}],"replies":[{"embeddable":true,"href":"https:\/\/analyse.optim.biz\/index.php?rest_route=%2Fwp%2Fv2%2Fcomments&post=1897465"}],"version-history":[{"count":0,"href":"https:\/\/analyse.optim.biz\/index.php?rest_route=\/wp\/v2\/posts\/1897465\/revisions"}],"wp:attachment":[{"href":"https:\/\/analyse.optim.biz\/index.php?rest_route=%2Fwp%2Fv2%2Fmedia&parent=1897465"}],"wp:term":[{"taxonomy":"category","embeddable":true,"href":"https:\/\/analyse.optim.biz\/index.php?rest_route=%2Fwp%2Fv2%2Fcategories&post=1897465"},{"taxonomy":"post_tag","embeddable":true,"href":"https:\/\/analyse.optim.biz\/index.php?rest_route=%2Fwp%2Fv2%2Ftags&post=1897465"}],"curies":[{"name":"wp","href":"https:\/\/api.w.org\/{rel}","templated":true}]}}