{"id":1897461,"date":"2026-04-21T20:38:01","date_gmt":"2026-04-21T17:38:01","guid":{"rendered":"https:\/\/analyse.optim.biz\/?p=1897461"},"modified":"2026-04-21T20:38:01","modified_gmt":"2026-04-21T17:38:01","slug":"zi-decisiva-la-cotroceni-pentru-viitorul-lui-bolojan-nicusor-dan-negociaza-cu-liderii-partidelor-formule-de-guvern","status":"publish","type":"post","link":"https:\/\/analyse.optim.biz\/?p=1897461","title":{"rendered":"Zi decisiv\u0103 la Cotroceni, pentru viitorul lui Bolojan. Nicu\u0219or Dan negociaz\u0103 cu liderii partidelor formule de guvern."},"content":{"rendered":"<p>[analyse_image type=&#8221;featured&#8221; src=&#8221;https:\/\/media.realitatea.net\/multimedia\/image\/202604\/w1920\/bolojan-grindeanu-nicusor-dan_17b9cd1a04.jpg&#8221;]<\/p>\n<div class=\"article-box-content\">\n&lt;!&#8211;            <\/p>\n<div class=\"article-box-content\" role=\"section\" aria-label=\"Con&#539;inutul articolului\">&#8211;&gt;<\/p>\n<div id=\"digital-atelier-mobile\"><\/div>\n<div id=\"permanent-position-before-content\"><\/div>\n<div id=\"digital-atelier-desktop\"><\/div>\n<div class=\"realitatea-article-content-box\">\n<p>\u201e\u00cen temeiul prerogativelor constitu\u021bionale, Pre\u0219edintele Rom\u00e2niei, Nicu\u0219or Dan, a invitat miercuri, 22 aprilie 2026, la Palatul Cotroceni, liderii partidelor \u0219i forma\u021biunilor politice parlamentare, pentru\u00a0consult\u0103ri,\u201d, a transmis\u00a0 Administra\u021bia Preziden\u021bial\u0103.<\/p>\n<div id=\"adocean-mobile-positon\">\n<div data-ao-pid=\"1s3nVeO8d7fVQQxZ8qBwmwF8nJdHUjAHhp2PqUhQfRb.D7\"><\/div>\n<\/p><\/div>\n<h2>Programul complet:<\/h2>\n<p>ora 09:00 &#8211; Partidul Social Democrat (PSD);<br \/>ora 10:30 &#8211; Partidul Na\u021bional Liberal (PNL);<br \/>ora 15:00 &#8211; Uniunea Democrat\u0103 Maghiar\u0103 din Rom\u00e2nia (UDMR);<br \/>ora 16:30 &#8211; Grupul Parlamentar al Minorit\u0103\u021bilor Na\u021bionale;<br \/>ora 18:30 &#8211; Uniunea Salva\u021bi Rom\u00e2nia (USR).<\/p>\n<p>Pe de alt\u0103 parte, PNL \u0219i USR au purtat mar\u021bi discu\u021bii privind sus\u021binerea reciproc\u0103 \u00eentr-o formul\u0103 de guvernare minoritar\u0103.<\/p>\n<p>Miercuri, liberalii vor avea \u00eent\u00e2lniri cu liderul UDMR \u0219i cu cei ai grupului parlamentar al minorit\u0103\u021bilor.<\/p>\n<div id=\"truvid-mobile-postion\"><\/div>\n<div id=\"adocean-desktop-positon\">\n<div data-ao-pid=\"1s3nVeO8d7fVQQxZ8qBwmwF8nJdHUjAHhp2PqUhQfRb.D7\"><\/div>\n<\/div>\n<p>Joi, potrivit votului dat de PSD luni privind retragerea sprijinului acordat lui Ilie Bolojan, expir\u0103 ultimatumul social-democra\u021bilor, iar mini\u0219trii partidului condus de Sorin Grindeanu ar putea s\u0103-\u0219i depun\u0103 mandatele. \u0218eful guvernului a precizat deja c\u0103, \u00eentr-o astfel de situa\u021bie, posturile vacante vor fi preluate de mini\u0219trii care r\u0103m\u00e2n \u00een guvern.<\/p>\n<div id=\"truvid-desktop-postion\"><\/div>\n<\/div>\n<div data-ao-pid=\"acVcznEUnS79iL7oRf2OfNAAE8XviPKkQ6AW09XriFv.87\"><\/div>\n<div class=\"realitatea-add\">\n<div class=\"realitatea-in-article-partner\"><\/div>\n<\/div>\n<div class=\"realitatea-partners-news realitatea-partners-design\">\n<hr class=\"realitatea-partners-news-hr\">\n<div class=\"d-flex justify-content-center w-100 flex-row mt-5 mb-5\">\n                                <!--  &amp; \/32628511\/Realitatea.netV2_articol_mobile\/300x250_1 --><\/p>\n<div id=\"div-gpt-ad-1625071005196-0\"><\/div>\n<\/p><\/div>\n<hr class=\"realitatea-partners-news-hr\">\n<article class>\n<div class=\"article-box-image\">\n<figure>\n                    <a href=\"https:\/\/www.tabu.ro\/designerul-care-a-socat-cu-o-colectie-inspirata-din-tragedia-de-la-colectiv-a-murit-la-doar-42-de-ani\/\" data-href=\"\/\/locale.realitatea.net\/2026\/04\/c2fa3a143eb31f2c6066b5b4832e3c96.jpg\" class=\"progressive replace\" title=\"Designerul care a \u0219ocat cu o colec\u021bie inspirat\u0103 din tragedia de la Colectiv a murit la doar 42 de ani\" rel=\"noopener external nofollow\" target=\"_blank\"><br \/>\n                                    <img decoding=\"async\" src=\"https:\/\/media.realitatea.net\/multimedia\/placeholder\/placeholder-article.webp\" class=\"preview w-100\" alt=\"Articol partener\"><br \/>\n                    <\/a><br \/>\n                <\/figure>\n<\/p><\/div>\n<div class=\"article-box-section\">\n<h3>TABU.RO<\/h3>\n<\/p><\/div>\n<div class=\"article-box-title\">\n                <a href=\"https:\/\/www.tabu.ro\/designerul-care-a-socat-cu-o-colectie-inspirata-din-tragedia-de-la-colectiv-a-murit-la-doar-42-de-ani\/\" title=\"Designerul care a \u0219ocat cu o colec\u021bie inspirat\u0103 din tragedia de la Colectiv a murit la doar 42 de ani\" rel=\"noopener external nofollow\" target=\"_blank\"><br \/>\n                    <span>Designerul care a \u0219ocat cu o colec\u021bie inspirat\u0103 din tragedia de la Colectiv a murit la doar 42 de ani<\/span><br \/>\n                <\/a>\n            <\/div>\n<\/article>\n<hr class=\"realitatea-partners-news-hr\">\n            <\/div>\n<\/p><\/div>\n<div class=\"articleBody\" data-key=\"articleBody\">,,In temeiul prerogativelor constitutionale, Presedintele Romaniei, Nicusor Dan, a invitat miercuri, 22 aprilie 2026, la Palatul Cotroceni, liderii partidelor si formatiunilor politice parlamentare, pentru consultari,&#8221;, a transmis Administratia Prezidentiala.Programul complet:ora 09:00 &#8211; Partidul Social Democrat (PSD);ora 10:30 &#8211; Partidul National Liberal (PNL);ora 15:00 &#8211; Uniunea Democrata Maghiara din Romania (UDMR);ora 16:30 &#8211; Grupul Parlamentar al Minoritatilor Nationale;ora 18:30 &#8211; Uniunea Salvati Romania (USR).Pe de alta parte, PNL si USR au purtat marti discutii privind sustinerea reciproca intr-o formula de guvernare minoritara.Miercuri, liberalii vor avea intalniri cu liderul UDMR si cu cei ai grupului parlamentar al minoritatilor.Joi, potrivit votului dat de PSD luni privind retragerea sprijinului acordat lui Ilie Bolojan, expira ultimatumul social-democratilor, iar ministrii partidului condus de Sorin Grindeanu ar putea sa-si depuna mandatele. Seful guvernului a precizat deja ca, intr-o astfel de situatie, posturile vacante vor fi preluate de ministrii care raman in guvern.<\/div>\n<\/p>\n<p>[analyse_source url=&#8221;https:\/\/www.realitatea.net\/stiri\/actual\/zi-decisiva-la-cotroceni-pentru-viitorul-lui-bolojan-nicusor-dan-negociaza-cu-liderii-partidelor-formule-de-guvern_69e7e029068d5a28e3134137&#8243;]<\/p>\n","protected":false},"excerpt":{"rendered":"<p>[analyse_image type=&#8221;featured&#8221; src=&#8221;https:\/\/media.realitatea.net\/multimedia\/image\/202604\/w1920\/bolojan-grindeanu-nicusor-dan_17b9cd1a04.jpg&#8221;] &lt;!&#8211; &#8211;&gt; \u201e\u00cen temeiul prerogativelor constitu\u021bionale, Pre\u0219edintele Rom\u00e2niei, Nicu\u0219or Dan, a invitat miercuri, 22 aprilie 2026, la Palatul Cotroceni, liderii partidelor \u0219i forma\u021biunilor politice parlamentare, pentru\u00a0consult\u0103ri,\u201d, a transmis\u00a0 Administra\u021bia Preziden\u021bial\u0103. Programul complet: ora 09:00 &#8211; Partidul Social Democrat (PSD);ora 10:30 &#8211; Partidul Na\u021bional Liberal (PNL);ora 15:00 &#8211; Uniunea Democrat\u0103 Maghiar\u0103 din Rom\u00e2nia [&hellip;]<\/p>\n","protected":false},"author":1,"featured_media":0,"comment_status":"open","ping_status":"","sticky":false,"template":"","format":"standard","meta":{"footnotes":""},"categories":[89],"tags":[226,15],"class_list":["post-1897461","post","type-post","status-publish","format-standard","hentry","category-romania","tag-crawlmanager","tag-realitatea-net"],"_links":{"self":[{"href":"https:\/\/analyse.optim.biz\/index.php?rest_route=\/wp\/v2\/posts\/1897461","targetHints":{"allow":["GET"]}}],"collection":[{"href":"https:\/\/analyse.optim.biz\/index.php?rest_route=\/wp\/v2\/posts"}],"about":[{"href":"https:\/\/analyse.optim.biz\/index.php?rest_route=\/wp\/v2\/types\/post"}],"author":[{"embeddable":true,"href":"https:\/\/analyse.optim.biz\/index.php?rest_route=\/wp\/v2\/users\/1"}],"replies":[{"embeddable":true,"href":"https:\/\/analyse.optim.biz\/index.php?rest_route=%2Fwp%2Fv2%2Fcomments&post=1897461"}],"version-history":[{"count":0,"href":"https:\/\/analyse.optim.biz\/index.php?rest_route=\/wp\/v2\/posts\/1897461\/revisions"}],"wp:attachment":[{"href":"https:\/\/analyse.optim.biz\/index.php?rest_route=%2Fwp%2Fv2%2Fmedia&parent=1897461"}],"wp:term":[{"taxonomy":"category","embeddable":true,"href":"https:\/\/analyse.optim.biz\/index.php?rest_route=%2Fwp%2Fv2%2Fcategories&post=1897461"},{"taxonomy":"post_tag","embeddable":true,"href":"https:\/\/analyse.optim.biz\/index.php?rest_route=%2Fwp%2Fv2%2Ftags&post=1897461"}],"curies":[{"name":"wp","href":"https:\/\/api.w.org\/{rel}","templated":true}]}}