{"id":1897455,"date":"2026-04-21T20:14:43","date_gmt":"2026-04-21T17:14:43","guid":{"rendered":"https:\/\/analyse.optim.biz\/?p=1897455"},"modified":"2026-04-21T20:14:43","modified_gmt":"2026-04-21T17:14:43","slug":"soldatii-israelieni-care-au-profanat-statuia-lui-isus-condamnati-la-o-luna-de-inchisoare","status":"publish","type":"post","link":"https:\/\/analyse.optim.biz\/?p=1897455","title":{"rendered":"Solda\u021bii israelieni care au profanat statuia lui Isus, condamna\u021bi la o luna de \u00eenchisoare"},"content":{"rendered":"<p>[analyse_image type=&#8221;featured&#8221; src=&#8221;https:\/\/media.realitatea.net\/multimedia\/image\/202604\/w1920\/35b82990-3d91-11f1-b55d-0f258dce1735jpg_c918e17329.jpg&#8221;]<\/p>\n<div class=\"article-box-content\">\n&lt;!&#8211;            <\/p>\n<div class=\"article-box-content\" role=\"section\" aria-label=\"Con&#539;inutul articolului\">&#8211;&gt;<\/p>\n<div id=\"digital-atelier-mobile\"><\/div>\n<div id=\"permanent-position-before-content\"><\/div>\n<div id=\"digital-atelier-desktop\"><\/div>\n<div class=\"realitatea-article-content-box\">\n<p>\u201eSoldatul care a deteriorat simbolul cre\u015ftin, precum \u015fi cel care a fotografiat fapta, nu vor mai participa la opera\u0163iunile de lupt\u0103 \u015fi vor executa 30 de zile de deten\u0163ie militar\u0103\u201d, se arat\u0103 \u00eentr-un comunicat al armatei, citat de AFP<\/p>\n<div id=\"adocean-mobile-positon\">\n<div data-ao-pid=\"1s3nVeO8d7fVQQxZ8qBwmwF8nJdHUjAHhp2PqUhQfRb.D7\"><\/div>\n<\/p><\/div>\n<div>\n<div class=\"desktop-ad\">Fotografia, care a fost larg difuzat\u0103 pe re\u0163elele de socializare, arat\u0103 un soldat lovind capul unei statui a lui Iisus r\u0103stignit, c\u0103zut\u0103 de pe cruce, \u00een satul maronit Debel, l\u00e2ng\u0103 grani\u0163a cu Israelul.<\/div>\n<\/div>\n<div>\u00a0<\/div>\n<p>Prim-ministrul israelian Benyamin Netanyahu a condamnat luni acest act <em>\u201e\u00een cei mai fermi termeni\u201d,<\/em> iar armata a anun\u0163at pe X c\u0103 a \u00eenlocuit statuia deteriorat\u0103, <em>\u201e\u00een deplin\u0103 coordonare cu comunitatea local\u0103 din Debel\u201d<\/em>\u00a0\u015fi a publicat o fotografie care arat\u0103 un nou Hristos pe cruce.<\/p>\n<div id=\"truvid-desktop-postion\"><\/div>\n<div id=\"truvid-mobile-postion\"><\/div>\n<div id=\"adocean-desktop-positon\">\n<div data-ao-pid=\"1s3nVeO8d7fVQQxZ8qBwmwF8nJdHUjAHhp2PqUhQfRb.D7\"><\/div>\n<\/div>\n<\/div>\n<div data-ao-pid=\"acVcznEUnS79iL7oRf2OfNAAE8XviPKkQ6AW09XriFv.87\"><\/div>\n<div class=\"realitatea-add\">\n<div class=\"realitatea-in-article-partner\"><\/div>\n<\/div>\n<div class=\"realitatea-partners-news realitatea-partners-design\">\n<hr class=\"realitatea-partners-news-hr\">\n<div class=\"d-flex justify-content-center w-100 flex-row mt-5 mb-5\">\n                                <!--  &amp; \/32628511\/Realitatea.netV2_articol_mobile\/300x250_1 --><\/p>\n<div id=\"div-gpt-ad-1625071005196-0\"><\/div>\n<\/p><\/div>\n<hr class=\"realitatea-partners-news-hr\">\n<article class>\n<div class=\"article-box-image\">\n<figure>\n                    <a href=\"https:\/\/www.tabu.ro\/designerul-care-a-socat-cu-o-colectie-inspirata-din-tragedia-de-la-colectiv-a-murit-la-doar-42-de-ani\/\" data-href=\"\/\/locale.realitatea.net\/2026\/04\/c2fa3a143eb31f2c6066b5b4832e3c96.jpg\" class=\"progressive replace\" title=\"Designerul care a \u0219ocat cu o colec\u021bie inspirat\u0103 din tragedia de la Colectiv a murit la doar 42 de ani\" rel=\"noopener external nofollow\" target=\"_blank\"><br \/>\n                                    <img decoding=\"async\" src=\"https:\/\/media.realitatea.net\/multimedia\/placeholder\/placeholder-article.webp\" class=\"preview w-100\" alt=\"Articol partener\"><br \/>\n                    <\/a><br \/>\n                <\/figure>\n<\/p><\/div>\n<div class=\"article-box-section\">\n<h3>TABU.RO<\/h3>\n<\/p><\/div>\n<div class=\"article-box-title\">\n                <a href=\"https:\/\/www.tabu.ro\/designerul-care-a-socat-cu-o-colectie-inspirata-din-tragedia-de-la-colectiv-a-murit-la-doar-42-de-ani\/\" title=\"Designerul care a \u0219ocat cu o colec\u021bie inspirat\u0103 din tragedia de la Colectiv a murit la doar 42 de ani\" rel=\"noopener external nofollow\" target=\"_blank\"><br \/>\n                    <span>Designerul care a \u0219ocat cu o colec\u021bie inspirat\u0103 din tragedia de la Colectiv a murit la doar 42 de ani<\/span><br \/>\n                <\/a>\n            <\/div>\n<\/article>\n<hr class=\"realitatea-partners-news-hr\">\n            <\/div>\n<\/p><\/div>\n<div class=\"articleBody\" data-key=\"articleBody\">,,Soldatul care a deteriorat simbolul crestin, precum si cel care a fotografiat fapta, nu vor mai participa la operatiunile de lupta si vor executa 30 de zile de detentie militara&#8221;, se arata intr-un comunicat al armatei, citat de AFPFotografia, care a fost larg difuzata pe retelele de socializare, arata un soldat lovind capul unei statui a lui Iisus rastignit, cazuta de pe cruce, in satul maronit Debel, langa granita cu Israelul. Prim-ministrul israelian Benyamin Netanyahu a condamnat luni acest act ,,in cei mai fermi termeni&#8221;, iar armata a anuntat pe X ca a inlocuit statuia deteriorata, ,,in deplina coordonare cu comunitatea locala din Debel&#8221; si a publicat o fotografie care arata un nou Hristos pe cruce.<\/div>\n<\/p>\n<p>[analyse_source url=&#8221;https:\/\/www.realitatea.net\/stiri\/extern\/soldatii-israelieni-care-au-profanat-statuia-lui-isus-condamnati-la-o-luna-de-inchisoare_69e7dab3068d5a28e3134132&#8243;]<\/p>\n","protected":false},"excerpt":{"rendered":"<p>[analyse_image type=&#8221;featured&#8221; src=&#8221;https:\/\/media.realitatea.net\/multimedia\/image\/202604\/w1920\/35b82990-3d91-11f1-b55d-0f258dce1735jpg_c918e17329.jpg&#8221;] &lt;!&#8211; &#8211;&gt; \u201eSoldatul care a deteriorat simbolul cre\u015ftin, precum \u015fi cel care a fotografiat fapta, nu vor mai participa la opera\u0163iunile de lupt\u0103 \u015fi vor executa 30 de zile de deten\u0163ie militar\u0103\u201d, se arat\u0103 \u00eentr-un comunicat al armatei, citat de AFP Fotografia, care a fost larg difuzat\u0103 pe re\u0163elele de socializare, arat\u0103 [&hellip;]<\/p>\n","protected":false},"author":1,"featured_media":0,"comment_status":"open","ping_status":"","sticky":false,"template":"","format":"standard","meta":{"footnotes":""},"categories":[89],"tags":[226,15],"class_list":["post-1897455","post","type-post","status-publish","format-standard","hentry","category-romania","tag-crawlmanager","tag-realitatea-net"],"_links":{"self":[{"href":"https:\/\/analyse.optim.biz\/index.php?rest_route=\/wp\/v2\/posts\/1897455","targetHints":{"allow":["GET"]}}],"collection":[{"href":"https:\/\/analyse.optim.biz\/index.php?rest_route=\/wp\/v2\/posts"}],"about":[{"href":"https:\/\/analyse.optim.biz\/index.php?rest_route=\/wp\/v2\/types\/post"}],"author":[{"embeddable":true,"href":"https:\/\/analyse.optim.biz\/index.php?rest_route=\/wp\/v2\/users\/1"}],"replies":[{"embeddable":true,"href":"https:\/\/analyse.optim.biz\/index.php?rest_route=%2Fwp%2Fv2%2Fcomments&post=1897455"}],"version-history":[{"count":0,"href":"https:\/\/analyse.optim.biz\/index.php?rest_route=\/wp\/v2\/posts\/1897455\/revisions"}],"wp:attachment":[{"href":"https:\/\/analyse.optim.biz\/index.php?rest_route=%2Fwp%2Fv2%2Fmedia&parent=1897455"}],"wp:term":[{"taxonomy":"category","embeddable":true,"href":"https:\/\/analyse.optim.biz\/index.php?rest_route=%2Fwp%2Fv2%2Fcategories&post=1897455"},{"taxonomy":"post_tag","embeddable":true,"href":"https:\/\/analyse.optim.biz\/index.php?rest_route=%2Fwp%2Fv2%2Ftags&post=1897455"}],"curies":[{"name":"wp","href":"https:\/\/api.w.org\/{rel}","templated":true}]}}