{"id":1897364,"date":"2026-04-22T16:28:13","date_gmt":"2026-04-22T13:28:13","guid":{"rendered":"https:\/\/analyse.optim.biz\/?p=1897364"},"modified":"2026-04-22T16:28:13","modified_gmt":"2026-04-22T13:28:13","slug":"patru-elevi-ai-scolii-de-pompieri-pavel-zaganescu-au-inceput-stagiul-de-practica-in-cadrul-isu-vaslui","status":"publish","type":"post","link":"https:\/\/analyse.optim.biz\/?p=1897364","title":{"rendered":"Patru elevi ai \u0218colii de Pompieri \u201ePavel Z\u0103g\u0103nescu\u201d au \u00eenceput stagiul de practic\u0103 \u00een cadrul ISU Vaslui"},"content":{"rendered":"<p>[analyse_image type=&#8221;featured&#8221; src=&#8221;&#8221;]<\/p>\n<div class=\"tdb-block-inner td-fix-index\"><a class=\"tdb-logo-a\" href=\"https:\/\/vaslui.robo-stiri.ro\/\"><span class=\"tdb-logo-text-wrap\"><span class=\"tdb-logo-text-title\">VS<\/span><span class=\"tdb-logo-text-tagline\">ROBO \u0218TIRI<\/span><\/span><\/a><\/div>\n<div class=\"tdb-block-inner td-fix-index\">\n<div class=\"tdb-weather-deg-wrap\" data-block-uid=\"tdb_header_weather_uid\"><span class=\"tdb-weather-deg\">5.5<\/span><span class=\"tdb-weather-unit\">C<\/span><\/div>\n<div class=\"tdb-weather-city\">Vaslui<\/div>\n<\/div>\n<div class=\"tdb-block-inner td-fix-index\">\n<div class=\"tdb-head-date-txt\">23 aprilie, 2026<\/div>\n<\/div>\n<div class=\"tdb-block-inner td-fix-index\"><a class=\"tdb-logo-a\" href=\"https:\/\/vaslui.robo-stiri.ro\/\"><span class=\"tdb-logo-text-wrap\"><span class=\"tdb-logo-text-title\">VS<\/span><span class=\"tdb-logo-text-tagline\">ROBO \u0218TIRI<\/span><\/span><\/a><\/div>\n<div class=\"tdb-block-inner td-fix-index\">\n<div class=\"tdb-drop-down-search\" aria-labelledby=\"td-header-search-button\">\n<div class=\"tdb-drop-down-search-inner\">\n<div class=\"tdb-search-form-inner\">\n<div class=\"tdb-head-search-placeholder\">scrie aici<\/div>\n<\/div>\n<\/div>\n<\/div>\n<\/div>\n<div class=\"tdb-block-inner td-fix-index\">\n<h1 class=\"tdb-title-text\">Patru elevi ai \u0218colii de Pompieri \u201ePavel Z\u0103g\u0103nescu\u201d au \u00eenceput stagiul de practic\u0103 \u00een cadrul ISU Vaslui<\/h1>\n<\/div>\n<div class=\"tdb-block-inner td-fix-index\"><time class=\"entry-date updated td-module-date\" datetime=\"2026-04-22T18:14:19+03:00\">22 aprilie 2026<\/time><\/div>\n<div class=\"td_block_wrap tdb_single_content tdi_64 td-pb-border-top td_block_template_1 td-post-content tagdiv-type\" data-td-block-uid=\"tdi_64\">\n<div class=\"tdb-block-inner td-fix-index\">\n<p>Patru elevi ai \ud835\udc7a\u0326\ud835\udc84\ud835\udc90\ud835\udc8d\ud835\udc8a\ud835\udc8a \ud835\udc85\ud835\udc86 \ud835\udc7a\ud835\udc96\ud835\udc83\ud835\udc90\ud835\udc87\ud835\udc8a\ud835\udc95\u0326\ud835\udc86\ud835\udc93\ud835\udc8a \ud835\udc85\ud835\udc86 \ud835\udc77\ud835\udc90\ud835\udc8e\ud835\udc91\ud835\udc8a\ud835\udc86\ud835\udc93\ud835\udc8a \ud835\udc94\u0326\ud835\udc8a \ud835\udc77\ud835\udc93\ud835\udc90\ud835\udc95\ud835\udc86\ud835\udc84\ud835\udc95\u0326\ud835\udc8a\ud835\udc86 \ud835\udc6a\ud835\udc8a\ud835\udc97\ud835\udc8a\ud835\udc8d\ud835\udc82\u0306 \u201e\ud835\udc77\ud835\udc82\ud835\udc97\ud835\udc86\ud835\udc8d \ud835\udc81\ud835\udc82\u0306\ud835\udc88\ud835\udc82\u0306\ud835\udc8f\ud835\udc86\ud835\udc94\ud835\udc84\ud835\udc96\u201d \ud835\udc69\ud835\udc90\ud835\udc8d\ud835\udc85\ud835\udc86\ud835\udc94\u0326\ud835\udc95\ud835\udc8a au \u00eenceput s\u0103pt\u0103m\u00e2na aceasta stagiul de practic\u0103 \u00een cadrul \ud835\udc08\ud835\udc27\ud835\udc2c\ud835\udc29\ud835\udc1e\ud835\udc1c\ud835\udc2d\ud835\udc28\ud835\udc2b\ud835\udc1a\ud835\udc2d\ud835\udc2e\ud835\udc25\ud835\udc2e\ud835\udc22 \ud835\udc29\ud835\udc1e\ud835\udc27\ud835\udc2d\ud835\udc2b\ud835\udc2e \ud835\udc12\ud835\udc22\ud835\udc2d\ud835\udc2e\ud835\udc1a\ud835\udc2d\u0326\ud835\udc22\ud835\udc22 \ud835\udc1d\ud835\udc1e \ud835\udc14\ud835\udc2b\ud835\udc20\ud835\udc1e\ud835\udc27\ud835\udc2d\u0326\ud835\udc1a\u0306 \u201c\ud835\udc0f\ud835\udc28\ud835\udc1d\ud835\udc2e\ud835\udc25 \ud835\udc08\u0302\ud835\udc27\ud835\udc1a\ud835\udc25\ud835\udc2d\u201d \ud835\udc1a\ud835\udc25 \ud835\udc23\ud835\udc2e\ud835\udc1d\ud835\udc1e\ud835\udc2d\u0326\ud835\udc2e\ud835\udc25\ud835\udc2e\ud835\udc22 \ud835\udc15\ud835\udc1a\ud835\udc2c\ud835\udc25\ud835\udc2e\ud835\udc22.<\/p>\n<p>Ace\u0219ti tineri au fost repartiza\u021bi la subunit\u0103\u021bile de pompieri din Vaslui, B\u00e2rlad, Hu\u0219i \u0219i Negre\u0219ti, iar aici vor \u00eenva\u021ba direct de la profesioni\u0219ti ce \u00eenseamn\u0103 interven\u021bia \u00een situa\u021bii de urgen\u021b\u0103.<\/p>\n<p>Pe durata acestui stagiu, elevii vor desf\u0103\u0219ura activit\u0103\u021bi specifice al\u0103turi de pompierii militari vasluieni, av\u00e2nd oportunitatea de a-\u0219i consolida cuno\u0219tin\u021bele teoretice \u0219i de a dob\u00e2ndi deprinderi practice \u00een gestionarea situa\u021biilor de urgen\u021b\u0103.<\/p>\n<p>Stagiul de practic\u0103 reprezint\u0103 o etap\u0103 esen\u021bial\u0103 \u00een formarea viitorilor subofi\u021beri, contribuind la dezvoltarea abilit\u0103\u021bilor profesionale \u0219i la familiarizarea acestora cu situa\u021biile din teren.<\/p>\n<p><strong>Sursa:<\/strong><a href=\"https:\/\/estnews.ro\/patru-elevi-ai-scolii-de-pompieri-pavel-zaganescu-au-inceput-stagiul-de-practica-in-cadrul-isu-vaslui\/\" target=\"_blank\" rel=\"nofollow\">https:\/\/estnews.ro\/patru-elevi-ai-scolii-de-pompieri-pavel-zaganescu-au-inceput-stagiul-de-practica-in-cadrul-isu-vaslui\/<\/a><\/p>\n\n<\/div>\n<\/div>\n<div class=\"tdb-block-inner td-fix-index\">\n<p>Patru elevi ai \ud835\udc7a\u0326\ud835\udc84\ud835\udc90\ud835\udc8d\ud835\udc8a\ud835\udc8a \ud835\udc85\ud835\udc86 \ud835\udc7a\ud835\udc96\ud835\udc83\ud835\udc90\ud835\udc87\ud835\udc8a\ud835\udc95\u0326\ud835\udc86\ud835\udc93\ud835\udc8a \ud835\udc85\ud835\udc86 \ud835\udc77\ud835\udc90\ud835\udc8e\ud835\udc91\ud835\udc8a\ud835\udc86\ud835\udc93\ud835\udc8a \ud835\udc94\u0326\ud835\udc8a \ud835\udc77\ud835\udc93\ud835\udc90\ud835\udc95\ud835\udc86\ud835\udc84\ud835\udc95\u0326\ud835\udc8a\ud835\udc86 \ud835\udc6a\ud835\udc8a\ud835\udc97\ud835\udc8a\ud835\udc8d\ud835\udc82\u0306 \u201e\ud835\udc77\ud835\udc82\ud835\udc97\ud835\udc86\ud835\udc8d \ud835\udc81\ud835\udc82\u0306\ud835\udc88\ud835\udc82\u0306\ud835\udc8f\ud835\udc86\ud835\udc94\ud835\udc84\ud835\udc96\u201d \ud835\udc69\ud835\udc90\ud835\udc8d\ud835\udc85\ud835\udc86\ud835\udc94\u0326\ud835\udc95\ud835\udc8a au \u00eenceput s\u0103pt\u0103m\u00e2na aceasta stagiul de practic\u0103 \u00een cadrul \ud835\udc08\ud835\udc27\ud835\udc2c\ud835\udc29\ud835\udc1e\ud835\udc1c\ud835\udc2d\ud835\udc28\ud835\udc2b\ud835\udc1a\ud835\udc2d\ud835\udc2e\ud835\udc25\ud835\udc2e\ud835\udc22 \ud835\udc29\ud835\udc1e\ud835\udc27\ud835\udc2d\ud835\udc2b\ud835\udc2e \ud835\udc12\ud835\udc22\ud835\udc2d\ud835\udc2e\ud835\udc1a\ud835\udc2d\u0326\ud835\udc22\ud835\udc22 \ud835\udc1d\ud835\udc1e \ud835\udc14\ud835\udc2b\ud835\udc20\ud835\udc1e\ud835\udc27\ud835\udc2d\u0326\ud835\udc1a\u0306 \u201c\ud835\udc0f\ud835\udc28\ud835\udc1d\ud835\udc2e\ud835\udc25 \ud835\udc08\u0302\ud835\udc27\ud835\udc1a\ud835\udc25\ud835\udc2d\u201d \ud835\udc1a\ud835\udc25 \ud835\udc23\ud835\udc2e\ud835\udc1d\ud835\udc1e\ud835\udc2d\u0326\ud835\udc2e\ud835\udc25\ud835\udc2e\ud835\udc22 \ud835\udc15\ud835\udc1a\ud835\udc2c\ud835\udc25\ud835\udc2e\ud835\udc22.<\/p>\n<p>Ace\u0219ti tineri au fost repartiza\u021bi la subunit\u0103\u021bile de pompieri din Vaslui, B\u00e2rlad, Hu\u0219i \u0219i Negre\u0219ti, iar aici vor \u00eenva\u021ba direct de la profesioni\u0219ti ce \u00eenseamn\u0103 interven\u021bia \u00een situa\u021bii de urgen\u021b\u0103.<\/p>\n<p>Pe durata acestui stagiu, elevii vor desf\u0103\u0219ura activit\u0103\u021bi specifice al\u0103turi de pompierii militari vasluieni, av\u00e2nd oportunitatea de a-\u0219i consolida cuno\u0219tin\u021bele teoretice \u0219i de a dob\u00e2ndi deprinderi practice \u00een gestionarea situa\u021biilor de urgen\u021b\u0103.<\/p>\n<p>Stagiul de practic\u0103 reprezint\u0103 o etap\u0103 esen\u021bial\u0103 \u00een formarea viitorilor subofi\u021beri, contribuind la dezvoltarea abilit\u0103\u021bilor profesionale \u0219i la familiarizarea acestora cu situa\u021biile din teren.<\/p>\n<p><strong>Sursa:<\/strong><a href=\"https:\/\/estnews.ro\/patru-elevi-ai-scolii-de-pompieri-pavel-zaganescu-au-inceput-stagiul-de-practica-in-cadrul-isu-vaslui\/\" target=\"_blank\" rel=\"nofollow\">https:\/\/estnews.ro\/patru-elevi-ai-scolii-de-pompieri-pavel-zaganescu-au-inceput-stagiul-de-practica-in-cadrul-isu-vaslui\/<\/a><\/p>\n\n<\/div>\n<div class=\"tdb-block-inner td-fix-index\"><a class=\"tdb-logo-a\" href=\"https:\/\/vaslui.robo-stiri.ro\/\"><span class=\"tdb-logo-text-wrap\"><span class=\"tdb-logo-text-title\">VS<\/span><span class=\"tdb-logo-text-tagline\">ROBO \u0218TIRI<\/span><\/span><\/a><\/div>\n<p>[analyse_source url=&#8221;https:\/\/vaslui.robo-stiri.ro\/patru-elevi-ai-scolii-de-pompieri-pavel-zaganescu-au-inceput-stagiul-de-practica-in-cadrul-isu-vaslui\/&#8221;]<\/p>\n","protected":false},"excerpt":{"rendered":"<p>[analyse_image type=&#8221;featured&#8221; src=&#8221;&#8221;] VSROBO \u0218TIRI 5.5C Vaslui 23 aprilie, 2026 VSROBO \u0218TIRI scrie aici Patru elevi ai \u0218colii de Pompieri \u201ePavel Z\u0103g\u0103nescu\u201d au \u00eenceput stagiul de practic\u0103 \u00een cadrul ISU Vaslui 22 aprilie 2026 Patru elevi ai \ud835\udc7a\u0326\ud835\udc84\ud835\udc90\ud835\udc8d\ud835\udc8a\ud835\udc8a \ud835\udc85\ud835\udc86 \ud835\udc7a\ud835\udc96\ud835\udc83\ud835\udc90\ud835\udc87\ud835\udc8a\ud835\udc95\u0326\ud835\udc86\ud835\udc93\ud835\udc8a \ud835\udc85\ud835\udc86 \ud835\udc77\ud835\udc90\ud835\udc8e\ud835\udc91\ud835\udc8a\ud835\udc86\ud835\udc93\ud835\udc8a \ud835\udc94\u0326\ud835\udc8a \ud835\udc77\ud835\udc93\ud835\udc90\ud835\udc95\ud835\udc86\ud835\udc84\ud835\udc95\u0326\ud835\udc8a\ud835\udc86 \ud835\udc6a\ud835\udc8a\ud835\udc97\ud835\udc8a\ud835\udc8d\ud835\udc82\u0306 \u201e\ud835\udc77\ud835\udc82\ud835\udc97\ud835\udc86\ud835\udc8d \ud835\udc81\ud835\udc82\u0306\ud835\udc88\ud835\udc82\u0306\ud835\udc8f\ud835\udc86\ud835\udc94\ud835\udc84\ud835\udc96\u201d \ud835\udc69\ud835\udc90\ud835\udc8d\ud835\udc85\ud835\udc86\ud835\udc94\u0326\ud835\udc95\ud835\udc8a au \u00eenceput s\u0103pt\u0103m\u00e2na aceasta stagiul de practic\u0103 [&hellip;]<\/p>\n","protected":false},"author":1,"featured_media":0,"comment_status":"open","ping_status":"","sticky":false,"template":"","format":"standard","meta":{"footnotes":""},"categories":[89],"tags":[226,217],"class_list":["post-1897364","post","type-post","status-publish","format-standard","hentry","category-romania","tag-crawlmanager","tag-vaslui-robo-stiri-ro"],"_links":{"self":[{"href":"https:\/\/analyse.optim.biz\/index.php?rest_route=\/wp\/v2\/posts\/1897364","targetHints":{"allow":["GET"]}}],"collection":[{"href":"https:\/\/analyse.optim.biz\/index.php?rest_route=\/wp\/v2\/posts"}],"about":[{"href":"https:\/\/analyse.optim.biz\/index.php?rest_route=\/wp\/v2\/types\/post"}],"author":[{"embeddable":true,"href":"https:\/\/analyse.optim.biz\/index.php?rest_route=\/wp\/v2\/users\/1"}],"replies":[{"embeddable":true,"href":"https:\/\/analyse.optim.biz\/index.php?rest_route=%2Fwp%2Fv2%2Fcomments&post=1897364"}],"version-history":[{"count":0,"href":"https:\/\/analyse.optim.biz\/index.php?rest_route=\/wp\/v2\/posts\/1897364\/revisions"}],"wp:attachment":[{"href":"https:\/\/analyse.optim.biz\/index.php?rest_route=%2Fwp%2Fv2%2Fmedia&parent=1897364"}],"wp:term":[{"taxonomy":"category","embeddable":true,"href":"https:\/\/analyse.optim.biz\/index.php?rest_route=%2Fwp%2Fv2%2Fcategories&post=1897364"},{"taxonomy":"post_tag","embeddable":true,"href":"https:\/\/analyse.optim.biz\/index.php?rest_route=%2Fwp%2Fv2%2Ftags&post=1897364"}],"curies":[{"name":"wp","href":"https:\/\/api.w.org\/{rel}","templated":true}]}}