{"id":1897361,"date":"2026-04-22T16:15:41","date_gmt":"2026-04-22T13:15:41","guid":{"rendered":"https:\/\/analyse.optim.biz\/?p=1897361"},"modified":"2026-04-22T16:15:41","modified_gmt":"2026-04-22T13:15:41","slug":"accident-la-vacareni-un-barbat-de-71-ani-ce-conducea-un-triciclu-a-fost-acrosat-de-un-tractor","status":"publish","type":"post","link":"https:\/\/analyse.optim.biz\/?p=1897361","title":{"rendered":"Accident la V\u0103c\u0103reni: Un b\u0103rbat de 71 ani ce conducea un triciclu a fost acro\u0219at de un tractor"},"content":{"rendered":"<p>[analyse_image type=&#8221;featured&#8221; src=&#8221;https:\/\/dobrogeanews.b-cdn.net\/wp-content\/uploads\/2026\/04\/Barbat-care-conduce-un-triciclu_1.jpg&#8221;]<\/p>\n<div id=\"post-70179\" class=\"entry single-default post-70179 post type-post status-publish format-standard has-post-thumbnail hentry category-info\">\n<div>\n<div class=\"ss-follow-wrapper ss-clearfix ss-regular-buttons ss-columns-1 ss-default-style\">\n<div class=\"ss-follow-column\" data-ss-sf-network-id='\"facebook\"'><a href=\"https:\/\/www.facebook.com\/dobrogeanews\" class=\"ss-follow-network ss-facebook-color\" rel=\"nofollow noopener\" aria-label=\"facebook\" target=\"_blank\"><span class=\"ss-follow-network-label\">Urm\u0103re\u015fte-ne \u015fi pe Facebook!<\/span><span class=\"ss-follow-network-count\"><span class=\"ss-follow-network-count-number\">57K<\/span><span class=\"ss-follow-network-count-label\">Followers<\/span><\/span><\/a><\/div>\n<\/div>\n<\/div>\n<p>Poli\u021bi\u0219tii din cadrul Poli\u021biei ora\u0219ului M\u0103cin au fost sesiza\u021bi prin S.N.U.A.U. 112 cu privire la producerea unui eveniment rutier, \u00een comuna V\u0103c\u0103reni, jude\u021bul Tulcea.<\/p>\n<figure class=\"wp-block-image size-full is-resized\">\n<source type=\"image\/webp\" data-lazy-srcset=\"https:\/\/dobrogeanews.b-cdn.net\/wp-content\/uploads\/2026\/04\/Barbat-care-conduce-un-triciclu_1.jpg.webp 2560w, https:\/\/dobrogeanews.b-cdn.net\/wp-content\/uploads\/2026\/04\/Barbat-care-conduce-un-triciclu_1-300x227.jpg.webp 300w, https:\/\/dobrogeanews.b-cdn.net\/wp-content\/uploads\/2026\/04\/Barbat-care-conduce-un-triciclu_1-1024x774.jpg.webp 1024w, https:\/\/dobrogeanews.b-cdn.net\/wp-content\/uploads\/2026\/04\/Barbat-care-conduce-un-triciclu_1-768x581.jpg.webp 768w, https:\/\/dobrogeanews.b-cdn.net\/wp-content\/uploads\/2026\/04\/Barbat-care-conduce-un-triciclu_1-1536x1162.jpg.webp 1536w, https:\/\/dobrogeanews.b-cdn.net\/wp-content\/uploads\/2026\/04\/Barbat-care-conduce-un-triciclu_1-2048x1549.jpg.webp 2048w\" sizes=\"(max-width: 640px) 100vw, 640px\" \/><br \/>\n<img loading=\"lazy\" decoding=\"async\" src=\"https:\/\/dobrogeanews.b-cdn.net\/wp-content\/uploads\/2026\/04\/Barbat-care-conduce-un-triciclu_1.jpg\" alt=\"\" width=\"640\" height=\"484\"><\/figure>\n<p>Din primele verific\u0103ri efectuate la fa\u021ba locului a reie\u0219it c\u0103, un b\u0103rbat de 71 de ani, \u00een timp ce conducea un triciclu, ar fi fost acro\u0219at de un ansamblu rutier format din cap tractor cu semiremorc\u0103.<\/p>\n<p>\u00cen urma accidentului, a rezultat r\u0103nirea conduc\u0103torului de triciclu, acesta fiind transportat la Spitalul Jude\u021bean Gala\u021bi, pentru acordarea de \u00eengrijiri medicale.<\/p>\n<p>Din investiga\u021biile efectuate, s-a stabilit faptul c\u0103, conduc\u0103torul autovehiculului, un b\u0103rbat de 58 de ani, nu ar fi realizat c\u0103 semiremorca ar fi acro\u0219at triciclul, acesta continu\u00e2ndu-\u0219i deplasarea.<\/p>\n<p>La scurt timp, a fost depistat \u00een trafic \u0219i ulterior s-a \u00eentors la locul evenimentului.<\/p>\n<p>\u00cen urma test\u0103rii cu aparatul etilotest, rezultatul a indicat o valoare de 0.06 mg\/l alcool pur \u00een aerul expirat.<\/p>\n<p>Persoana \u00een cauz\u0103 a fost condus\u0103 la o unitate medical\u0103, unde i-au fost prelevate mostre biologice de s\u00e2nge, \u00een vederea stabilirii alcoolemiei.<\/p>\n<p>\u00cen cauz\u0103, a fost \u00eentocmit dosar penal sub aspectul s\u0103v\u00e2r\u0219irii infrac\u021biunii de v\u0103t\u0103mare corporal\u0103 din culp\u0103, iar cercet\u0103rile sunt continuate de poli\u021bi\u0219ti pentru stabilirea tuturor \u00eemprejur\u0103rilor \u00een care a avut loc evenimentul rutier.<\/p>\n<div class=\"monsterinsights-inline-popular-posts monsterinsights-inline-popular-posts-charlie monsterinsights-popular-posts-styled\">\n<div class=\"monsterinsights-inline-popular-posts-text\"><span class=\"monsterinsights-inline-popular-posts-label\">Vezi \u0219i:<\/span><\/p>\n<div class=\"monsterinsights-inline-popular-posts-post\"><a class=\"monsterinsights-inline-popular-posts-title\" href=\"https:\/\/www.dobrogeanews.ro\/liliana-marinescu-a-fost-semnat-contractul-de-finantare-pentru-alimentare-cu-gaze-la-baia-in-valoare-de-8-075-000-lei\/\">Liliana Marinescu: A fost semnat contractul de finan\u021bare pentru \u201eAlimentare cu gaze\u201d la Baia \u00een valoare de 8.075.000 lei<\/a><\/div>\n<div class=\"monsterinsights-inline-popular-posts-post\"><a class=\"monsterinsights-inline-popular-posts-title\" href=\"https:\/\/www.dobrogeanews.ro\/impozitul-pe-imobile-2026-in-municipiul-tulcea-pe-intelesul-tuturor-cine-benefiaza-de-reduceri-informatii-detaliate\/\">Impozitul pe imobile\/2026 \u00een Municipiul Tulcea, pe \u00een\u021belesul tuturor. Cine benefiaz\u0103 de reduceri. Informa\u021bii detaliate<\/a><\/div>\n<div class=\"monsterinsights-inline-popular-posts-post\"><a class=\"monsterinsights-inline-popular-posts-title\" href=\"https:\/\/www.dobrogeanews.ro\/dr-laurentiu-ivanof-fiti-atenti-la-taceri-la-retrageri-la-schimbari-subtile-uneori-cei-care-au-cea-mai-mare-nevoie-de-ajutor-sunt-cei-care-cer-cel-mai-putin\/\">Dr. Lauren\u021biu Ivanof: Fi\u021bi aten\u021bi la t\u0103ceri. La retrageri. La schimb\u0103ri subtile. Uneori, cei care au cea mai mare nevoie de ajutor sunt cei care cer cel mai pu\u021bin.<\/a><\/div>\n<\/div>\n<\/div>\n<p class=\"has-text-align-center has-white-color has-text-color has-background\"><span><a href=\"https:\/\/news.google.com\/publications\/CAAqBwgKMIu5pgsw88O-Aw?ceid=RO:ro&amp;oc=3\">Urm\u0103ri\u0163i \u015etirile Dobrogeanews \u015fi pe Google News<\/a><\/span><\/p>\n<\/div>\n<div id=\"post-70179\" class=\"entry single-default post-70179 post type-post status-publish format-standard has-post-thumbnail hentry category-info\">\n<div>\n<div class=\"ss-follow-wrapper ss-clearfix ss-regular-buttons ss-columns-1 ss-default-style\">\n<div class=\"ss-follow-column\" data-ss-sf-network-id='\"facebook\"'><a href=\"https:\/\/www.facebook.com\/dobrogeanews\" class=\"ss-follow-network ss-facebook-color\" rel=\"nofollow noopener\" aria-label=\"facebook\" target=\"_blank\"><span class=\"ss-follow-network-label\">Urm\u0103re\u015fte-ne \u015fi pe Facebook!<\/span><span class=\"ss-follow-network-count\"><span class=\"ss-follow-network-count-number\">57K<\/span><span class=\"ss-follow-network-count-label\">Followers<\/span><\/span><\/a><\/div>\n<\/div>\n<\/div>\n<p>Poli\u021bi\u0219tii din cadrul Poli\u021biei ora\u0219ului M\u0103cin au fost sesiza\u021bi prin S.N.U.A.U. 112 cu privire la producerea unui eveniment rutier, \u00een comuna V\u0103c\u0103reni, jude\u021bul Tulcea.<\/p>\n<figure class=\"wp-block-image size-full is-resized\">\n<source type=\"image\/webp\" data-lazy-srcset=\"https:\/\/dobrogeanews.b-cdn.net\/wp-content\/uploads\/2026\/04\/Barbat-care-conduce-un-triciclu_1.jpg.webp 2560w, https:\/\/dobrogeanews.b-cdn.net\/wp-content\/uploads\/2026\/04\/Barbat-care-conduce-un-triciclu_1-300x227.jpg.webp 300w, https:\/\/dobrogeanews.b-cdn.net\/wp-content\/uploads\/2026\/04\/Barbat-care-conduce-un-triciclu_1-1024x774.jpg.webp 1024w, https:\/\/dobrogeanews.b-cdn.net\/wp-content\/uploads\/2026\/04\/Barbat-care-conduce-un-triciclu_1-768x581.jpg.webp 768w, https:\/\/dobrogeanews.b-cdn.net\/wp-content\/uploads\/2026\/04\/Barbat-care-conduce-un-triciclu_1-1536x1162.jpg.webp 1536w, https:\/\/dobrogeanews.b-cdn.net\/wp-content\/uploads\/2026\/04\/Barbat-care-conduce-un-triciclu_1-2048x1549.jpg.webp 2048w\" sizes=\"(max-width: 640px) 100vw, 640px\" \/><br \/>\n<img loading=\"lazy\" decoding=\"async\" src=\"https:\/\/dobrogeanews.b-cdn.net\/wp-content\/uploads\/2026\/04\/Barbat-care-conduce-un-triciclu_1.jpg\" alt=\"\" width=\"640\" height=\"484\"><\/figure>\n<p>Din primele verific\u0103ri efectuate la fa\u021ba locului a reie\u0219it c\u0103, un b\u0103rbat de 71 de ani, \u00een timp ce conducea un triciclu, ar fi fost acro\u0219at de un ansamblu rutier format din cap tractor cu semiremorc\u0103.<\/p>\n<p>\u00cen urma accidentului, a rezultat r\u0103nirea conduc\u0103torului de triciclu, acesta fiind transportat la Spitalul Jude\u021bean Gala\u021bi, pentru acordarea de \u00eengrijiri medicale.<\/p>\n<p>Din investiga\u021biile efectuate, s-a stabilit faptul c\u0103, conduc\u0103torul autovehiculului, un b\u0103rbat de 58 de ani, nu ar fi realizat c\u0103 semiremorca ar fi acro\u0219at triciclul, acesta continu\u00e2ndu-\u0219i deplasarea.<\/p>\n<p>La scurt timp, a fost depistat \u00een trafic \u0219i ulterior s-a \u00eentors la locul evenimentului.<\/p>\n<p>\u00cen urma test\u0103rii cu aparatul etilotest, rezultatul a indicat o valoare de 0.06 mg\/l alcool pur \u00een aerul expirat.<\/p>\n<p>Persoana \u00een cauz\u0103 a fost condus\u0103 la o unitate medical\u0103, unde i-au fost prelevate mostre biologice de s\u00e2nge, \u00een vederea stabilirii alcoolemiei.<\/p>\n<p>\u00cen cauz\u0103, a fost \u00eentocmit dosar penal sub aspectul s\u0103v\u00e2r\u0219irii infrac\u021biunii de v\u0103t\u0103mare corporal\u0103 din culp\u0103, iar cercet\u0103rile sunt continuate de poli\u021bi\u0219ti pentru stabilirea tuturor \u00eemprejur\u0103rilor \u00een care a avut loc evenimentul rutier.<\/p>\n<div class=\"monsterinsights-inline-popular-posts monsterinsights-inline-popular-posts-charlie monsterinsights-popular-posts-styled\">\n<div class=\"monsterinsights-inline-popular-posts-text\"><span class=\"monsterinsights-inline-popular-posts-label\">Vezi \u0219i:<\/span><\/p>\n<div class=\"monsterinsights-inline-popular-posts-post\"><a class=\"monsterinsights-inline-popular-posts-title\" href=\"https:\/\/www.dobrogeanews.ro\/liliana-marinescu-a-fost-semnat-contractul-de-finantare-pentru-alimentare-cu-gaze-la-baia-in-valoare-de-8-075-000-lei\/\">Liliana Marinescu: A fost semnat contractul de finan\u021bare pentru \u201eAlimentare cu gaze\u201d la Baia \u00een valoare de 8.075.000 lei<\/a><\/div>\n<div class=\"monsterinsights-inline-popular-posts-post\"><a class=\"monsterinsights-inline-popular-posts-title\" href=\"https:\/\/www.dobrogeanews.ro\/impozitul-pe-imobile-2026-in-municipiul-tulcea-pe-intelesul-tuturor-cine-benefiaza-de-reduceri-informatii-detaliate\/\">Impozitul pe imobile\/2026 \u00een Municipiul Tulcea, pe \u00een\u021belesul tuturor. Cine benefiaz\u0103 de reduceri. Informa\u021bii detaliate<\/a><\/div>\n<div class=\"monsterinsights-inline-popular-posts-post\"><a class=\"monsterinsights-inline-popular-posts-title\" href=\"https:\/\/www.dobrogeanews.ro\/dr-laurentiu-ivanof-fiti-atenti-la-taceri-la-retrageri-la-schimbari-subtile-uneori-cei-care-au-cea-mai-mare-nevoie-de-ajutor-sunt-cei-care-cer-cel-mai-putin\/\">Dr. Lauren\u021biu Ivanof: Fi\u021bi aten\u021bi la t\u0103ceri. La retrageri. La schimb\u0103ri subtile. Uneori, cei care au cea mai mare nevoie de ajutor sunt cei care cer cel mai pu\u021bin.<\/a><\/div>\n<\/div>\n<\/div>\n<p class=\"has-text-align-center has-white-color has-text-color has-background\"><span><a href=\"https:\/\/news.google.com\/publications\/CAAqBwgKMIu5pgsw88O-Aw?ceid=RO:ro&amp;oc=3\">Urm\u0103ri\u0163i \u015etirile Dobrogeanews \u015fi pe Google News<\/a><\/span><\/p>\n<\/div>\n<p>[analyse_source url=&#8221;https:\/\/www.dobrogeanews.ro\/accident-la-vacareni-un-barbat-de-71-ani-ce-conducea-un-triciclu-a-fost-acrosat-de-un-tractor\/&#8221;]<\/p>\n","protected":false},"excerpt":{"rendered":"<p>[analyse_image type=&#8221;featured&#8221; src=&#8221;https:\/\/dobrogeanews.b-cdn.net\/wp-content\/uploads\/2026\/04\/Barbat-care-conduce-un-triciclu_1.jpg&#8221;] Urm\u0103re\u015fte-ne \u015fi pe Facebook!57KFollowers Poli\u021bi\u0219tii din cadrul Poli\u021biei ora\u0219ului M\u0103cin au fost sesiza\u021bi prin S.N.U.A.U. 112 cu privire la producerea unui eveniment rutier, \u00een comuna V\u0103c\u0103reni, jude\u021bul Tulcea. Din primele verific\u0103ri efectuate la fa\u021ba locului a reie\u0219it c\u0103, un b\u0103rbat de 71 de ani, \u00een timp ce conducea un triciclu, ar fi [&hellip;]<\/p>\n","protected":false},"author":1,"featured_media":0,"comment_status":"open","ping_status":"","sticky":false,"template":"","format":"standard","meta":{"footnotes":""},"categories":[89],"tags":[226,223],"class_list":["post-1897361","post","type-post","status-publish","format-standard","hentry","category-romania","tag-crawlmanager","tag-dobrogeanews-ro"],"_links":{"self":[{"href":"https:\/\/analyse.optim.biz\/index.php?rest_route=\/wp\/v2\/posts\/1897361","targetHints":{"allow":["GET"]}}],"collection":[{"href":"https:\/\/analyse.optim.biz\/index.php?rest_route=\/wp\/v2\/posts"}],"about":[{"href":"https:\/\/analyse.optim.biz\/index.php?rest_route=\/wp\/v2\/types\/post"}],"author":[{"embeddable":true,"href":"https:\/\/analyse.optim.biz\/index.php?rest_route=\/wp\/v2\/users\/1"}],"replies":[{"embeddable":true,"href":"https:\/\/analyse.optim.biz\/index.php?rest_route=%2Fwp%2Fv2%2Fcomments&post=1897361"}],"version-history":[{"count":0,"href":"https:\/\/analyse.optim.biz\/index.php?rest_route=\/wp\/v2\/posts\/1897361\/revisions"}],"wp:attachment":[{"href":"https:\/\/analyse.optim.biz\/index.php?rest_route=%2Fwp%2Fv2%2Fmedia&parent=1897361"}],"wp:term":[{"taxonomy":"category","embeddable":true,"href":"https:\/\/analyse.optim.biz\/index.php?rest_route=%2Fwp%2Fv2%2Fcategories&post=1897361"},{"taxonomy":"post_tag","embeddable":true,"href":"https:\/\/analyse.optim.biz\/index.php?rest_route=%2Fwp%2Fv2%2Ftags&post=1897361"}],"curies":[{"name":"wp","href":"https:\/\/api.w.org\/{rel}","templated":true}]}}