{"id":1897360,"date":"2026-04-22T15:12:15","date_gmt":"2026-04-22T12:12:15","guid":{"rendered":"https:\/\/analyse.optim.biz\/?p=1897360"},"modified":"2026-04-22T15:12:15","modified_gmt":"2026-04-22T12:12:15","slug":"comuna-baia-sesiune-de-lucru-a-programului-de-prevenire-a-infractiunilor-reintegrare-sociala-si-promovarea-unor-modele-comunitare","status":"publish","type":"post","link":"https:\/\/analyse.optim.biz\/?p=1897360","title":{"rendered":"Comuna Baia: Sesiune de lucru a Programului de prevenire a infrac\u021biunilor, reintegrare social\u0103 \u0219i promovarea unor modele comunitare"},"content":{"rendered":"<p>[analyse_image type=&#8221;featured&#8221; src=&#8221;https:\/\/dobrogeanews.b-cdn.net\/wp-content\/uploads\/2026\/04\/Comuna-Baia-Sesiune-de-lucru-a-Programului-de-prevenire-a-infractiunilor.jpg&#8221;]<\/p>\n<div id=\"post-70164\" class=\"entry single-default post-70164 post type-post status-publish format-standard has-post-thumbnail hentry category-info\">\n<div>\n<div class=\"ss-follow-wrapper ss-clearfix ss-regular-buttons ss-columns-1 ss-default-style\">\n<div class=\"ss-follow-column\" data-ss-sf-network-id='\"facebook\"'><a href=\"https:\/\/www.facebook.com\/dobrogeanews\" class=\"ss-follow-network ss-facebook-color\" rel=\"nofollow noopener\" aria-label=\"facebook\" target=\"_blank\"><span class=\"ss-follow-network-label\">Urm\u0103re\u015fte-ne \u015fi pe Facebook!<\/span><span class=\"ss-follow-network-count\"><span class=\"ss-follow-network-count-number\">57K<\/span><span class=\"ss-follow-network-count-label\">Followers<\/span><\/span><\/a><\/div>\n<\/div>\n<\/div>\n<p>La Baia, jude\u021bul Tulcea, a avut loc o Reuniune comunitar\u0103 \u00een cadrul Programului privind <strong>\u201e\u00cencurajarea particip\u0103rii persoanelor aflate \u00een supraveghere \u00een cadrul unor re\u021bele comunitare pozitive\u201d<\/strong> \u015fi promovarea de modele adecvate de coeziune social\u0103 la nivelul comunit\u0103\u021bilor locale. A fost relevat\u0103 importan\u021ba implic\u0103rii reprezentan\u021bilor din comunitate \u00een activit\u0103\u021bile de prevenire a recidivei derulate de Serviciul de Proba\u021biune Tulcea.<\/p>\n<p>Evenimentul a fost organizat de Serviciul de Proba\u021biuni Tulcea, Prim\u0103ria Comunei Baia, Parchetul de pe l\u00e2ng\u0103 Judec\u0103toria Tulcea, Parohia Baia \u0219i Inspectoratul de Poli\u021bie Tulcea.<\/p>\n<figure class=\"wp-block-image size-full is-resized\">\n<source type=\"image\/webp\" data-lazy-srcset=\"https:\/\/dobrogeanews.b-cdn.net\/wp-content\/uploads\/2026\/04\/Comuna-Baia-Sesiune-de-lucru-a-Programului-de-prevenire-a-infractiunilor_2.jpg.webp 2560w, https:\/\/dobrogeanews.b-cdn.net\/wp-content\/uploads\/2026\/04\/Comuna-Baia-Sesiune-de-lucru-a-Programului-de-prevenire-a-infractiunilor_2-300x191.jpg.webp 300w, https:\/\/dobrogeanews.b-cdn.net\/wp-content\/uploads\/2026\/04\/Comuna-Baia-Sesiune-de-lucru-a-Programului-de-prevenire-a-infractiunilor_2-1024x653.jpg.webp 1024w, https:\/\/dobrogeanews.b-cdn.net\/wp-content\/uploads\/2026\/04\/Comuna-Baia-Sesiune-de-lucru-a-Programului-de-prevenire-a-infractiunilor_2-768x490.jpg.webp 768w, https:\/\/dobrogeanews.b-cdn.net\/wp-content\/uploads\/2026\/04\/Comuna-Baia-Sesiune-de-lucru-a-Programului-de-prevenire-a-infractiunilor_2-1536x979.jpg.webp 1536w, https:\/\/dobrogeanews.b-cdn.net\/wp-content\/uploads\/2026\/04\/Comuna-Baia-Sesiune-de-lucru-a-Programului-de-prevenire-a-infractiunilor_2-2048x1306.jpg.webp 2048w\" sizes=\"(max-width: 640px) 100vw, 640px\" \/><br \/>\n<img loading=\"lazy\" decoding=\"async\" src=\"https:\/\/dobrogeanews.b-cdn.net\/wp-content\/uploads\/2026\/04\/Comuna-Baia-Sesiune-de-lucru-a-Programului-de-prevenire-a-infractiunilor_2.jpg\" alt=\"\" width=\"640\" height=\"408\"><\/figure>\n<p>\u00cent\u00e2lnirea a urm\u0103rit, pe l\u00e2ng\u0103 derularea sesiunii programului de reintegrare social\u0103, facilitarea interac\u0163iunii persoanelor sanc\u021bionate (localnici din comuna Baia \u015fi zonele limitrofe), cu reprezentan\u021bii comunit\u0103\u021bii locale, dar \u015fi cu colaboratorii \u015fi invita\u021bii speciali ai Serviciului de Proba\u021biune Tulcea, \u00een scopul cre\u015fterii gradului de coeziune social\u0103, al promov\u0103rii unor modele comunitare pozitive care s\u0103 favorizeze\/valorifice oportunit\u0103\u021bile de (re)integrare de la nivel local. <\/p>\n<p>Contribu\u021bia partenerilor din cadrul IPJ Tulcea s-a dovedit (ca de fiecare dat\u0103), util\u0103 at\u00e2t pentru aplicarea programului de reintegrare social\u0103, c\u00e2t \u0219i prin interac\u0163iunea cu ceilal\u021bi invita\u021bi \u015fi integrarea discursurilor \u00een contextul \u015fi scopul evenimentului. <\/p>\n<p>Au fost apreciate, \u00een mod deosebit interven\u021bia reprezentantului parchetului, care a expus responsabilit\u0103\u021bile legale ale profesiei de procuror dintr-o pozi\u021bie inedit\u0103, pun\u00e2nd accent pe umanismul profesiei \u015fi finalitatea comun\u0103 a tuturor p\u0103r\u021bilor, aceea de a contribui la prevenirea reiter\u0103rii comportamentului infrac\u021bional. <\/p>\n<figure class=\"wp-block-image size-full is-resized\">\n<source type=\"image\/webp\" data-lazy-srcset=\"https:\/\/dobrogeanews.b-cdn.net\/wp-content\/uploads\/2026\/04\/Comuna-Baia-Sesiune-de-lucru-a-Programului-de-prevenire-a-infractiunilor.jpg.webp 2560w, https:\/\/dobrogeanews.b-cdn.net\/wp-content\/uploads\/2026\/04\/Comuna-Baia-Sesiune-de-lucru-a-Programului-de-prevenire-a-infractiunilor-300x191.jpg.webp 300w, https:\/\/dobrogeanews.b-cdn.net\/wp-content\/uploads\/2026\/04\/Comuna-Baia-Sesiune-de-lucru-a-Programului-de-prevenire-a-infractiunilor-1024x653.jpg.webp 1024w, https:\/\/dobrogeanews.b-cdn.net\/wp-content\/uploads\/2026\/04\/Comuna-Baia-Sesiune-de-lucru-a-Programului-de-prevenire-a-infractiunilor-768x490.jpg.webp 768w, https:\/\/dobrogeanews.b-cdn.net\/wp-content\/uploads\/2026\/04\/Comuna-Baia-Sesiune-de-lucru-a-Programului-de-prevenire-a-infractiunilor-1536x979.jpg.webp 1536w, https:\/\/dobrogeanews.b-cdn.net\/wp-content\/uploads\/2026\/04\/Comuna-Baia-Sesiune-de-lucru-a-Programului-de-prevenire-a-infractiunilor-2048x1306.jpg.webp 2048w\" sizes=\"(max-width: 640px) 100vw, 640px\" \/><br \/>\n<img loading=\"lazy\" decoding=\"async\" src=\"https:\/\/dobrogeanews.b-cdn.net\/wp-content\/uploads\/2026\/04\/Comuna-Baia-Sesiune-de-lucru-a-Programului-de-prevenire-a-infractiunilor.jpg\" alt=\"\" width=\"640\" height=\"408\"><\/figure>\n<p>Perspectiva expus\u0103 de preotul Codru\u021b Marinescu a atins o dimensiune special\u0103, \u00eentruc\u00e2t interven\u021bia sa a fost centrat\u0103 pe analiza efectelor comportamentelor neadecvate, asupra propriei con\u015ftiin\u021be, dar \u015fi asupra vie\u021bii de familie \u015fi \u00een rela\u021bia cu comunitatea. <\/p>\n<p>Prezen\u021ba edilului comunit\u0103\u021bii a oferit un plus de garan\u021bie \u00een scopul dezvolt\u0103rii re\u021belelor comunitare pozitive \u015fi evit\u0103rii excluziunii sociale. Din perspectiva SP Tulcea \u2013 ac\u021biunea a avut \u00een vedere \u015fi aplicarea m\u0103surilor stabilite \u00een Planul de ac\u0163iune pentru implementarea Strategiei na\u0163ionale de prevenire a recidivei 2025-2029.<\/p>\n<div class=\"monsterinsights-inline-popular-posts monsterinsights-inline-popular-posts-charlie monsterinsights-popular-posts-styled\">\n<div class=\"monsterinsights-inline-popular-posts-text\"><span class=\"monsterinsights-inline-popular-posts-label\">Vezi \u0219i:<\/span><\/p>\n<div class=\"monsterinsights-inline-popular-posts-post\"><a class=\"monsterinsights-inline-popular-posts-title\" href=\"https:\/\/www.dobrogeanews.ro\/cine-este-fata-de-18-ani-care-s-a-sinucis-la-tulcea-soapte-intre-lumi\/\">Cine este fata de 18 ani care s-a sinucis la Tulcea. \u0218oapte \u00eentre lumi \u2026<\/a><\/div>\n<div class=\"monsterinsights-inline-popular-posts-post\"><a class=\"monsterinsights-inline-popular-posts-title\" href=\"https:\/\/www.dobrogeanews.ro\/tulcea-noile-tarife-pentru-transport-public-rutier-si-naval\/\">Tulcea: Noile tarife pentru transport public (rutier \u0219i naval)<\/a><\/div>\n<div class=\"monsterinsights-inline-popular-posts-post\"><a class=\"monsterinsights-inline-popular-posts-title\" href=\"https:\/\/www.dobrogeanews.ro\/la-baia-taxa-de-habitat-a-ramas-15-lei-luna-pers-adica-180-lei-an-am-votat-aplicarea-cotelor-minime-permise\/\">La Baia, taxa de habitat a r\u0103mas 15 lei\/lun\u0103\/pers, adic\u0103, 180 lei\/an. \u201eAm votat aplicarea cotelor minime permise\u201d<\/a><\/div>\n<\/div>\n<\/div>\n<p class=\"has-text-align-center has-white-color has-text-color has-background\"><span><a href=\"https:\/\/news.google.com\/publications\/CAAqBwgKMIu5pgsw88O-Aw?ceid=RO:ro&amp;oc=3\">Urm\u0103ri\u0163i \u015etirile Dobrogeanews \u015fi pe Google News<\/a><\/span><\/p>\n<\/div>\n<div id=\"post-70164\" class=\"entry single-default post-70164 post type-post status-publish format-standard has-post-thumbnail hentry category-info\">\n<div>\n<div class=\"ss-follow-wrapper ss-clearfix ss-regular-buttons ss-columns-1 ss-default-style\">\n<div class=\"ss-follow-column\" data-ss-sf-network-id='\"facebook\"'><a href=\"https:\/\/www.facebook.com\/dobrogeanews\" class=\"ss-follow-network ss-facebook-color\" rel=\"nofollow noopener\" aria-label=\"facebook\" target=\"_blank\"><span class=\"ss-follow-network-label\">Urm\u0103re\u015fte-ne \u015fi pe Facebook!<\/span><span class=\"ss-follow-network-count\"><span class=\"ss-follow-network-count-number\">57K<\/span><span class=\"ss-follow-network-count-label\">Followers<\/span><\/span><\/a><\/div>\n<\/div>\n<\/div>\n<p>La Baia, jude\u021bul Tulcea, a avut loc o Reuniune comunitar\u0103 \u00een cadrul Programului privind <strong>\u201e\u00cencurajarea particip\u0103rii persoanelor aflate \u00een supraveghere \u00een cadrul unor re\u021bele comunitare pozitive\u201d<\/strong> \u015fi promovarea de modele adecvate de coeziune social\u0103 la nivelul comunit\u0103\u021bilor locale. A fost relevat\u0103 importan\u021ba implic\u0103rii reprezentan\u021bilor din comunitate \u00een activit\u0103\u021bile de prevenire a recidivei derulate de Serviciul de Proba\u021biune Tulcea.<\/p>\n<p>Evenimentul a fost organizat de Serviciul de Proba\u021biuni Tulcea, Prim\u0103ria Comunei Baia, Parchetul de pe l\u00e2ng\u0103 Judec\u0103toria Tulcea, Parohia Baia \u0219i Inspectoratul de Poli\u021bie Tulcea.<\/p>\n<figure class=\"wp-block-image size-full is-resized\">\n<source type=\"image\/webp\" data-lazy-srcset=\"https:\/\/dobrogeanews.b-cdn.net\/wp-content\/uploads\/2026\/04\/Comuna-Baia-Sesiune-de-lucru-a-Programului-de-prevenire-a-infractiunilor_2.jpg.webp 2560w, https:\/\/dobrogeanews.b-cdn.net\/wp-content\/uploads\/2026\/04\/Comuna-Baia-Sesiune-de-lucru-a-Programului-de-prevenire-a-infractiunilor_2-300x191.jpg.webp 300w, https:\/\/dobrogeanews.b-cdn.net\/wp-content\/uploads\/2026\/04\/Comuna-Baia-Sesiune-de-lucru-a-Programului-de-prevenire-a-infractiunilor_2-1024x653.jpg.webp 1024w, https:\/\/dobrogeanews.b-cdn.net\/wp-content\/uploads\/2026\/04\/Comuna-Baia-Sesiune-de-lucru-a-Programului-de-prevenire-a-infractiunilor_2-768x490.jpg.webp 768w, https:\/\/dobrogeanews.b-cdn.net\/wp-content\/uploads\/2026\/04\/Comuna-Baia-Sesiune-de-lucru-a-Programului-de-prevenire-a-infractiunilor_2-1536x979.jpg.webp 1536w, https:\/\/dobrogeanews.b-cdn.net\/wp-content\/uploads\/2026\/04\/Comuna-Baia-Sesiune-de-lucru-a-Programului-de-prevenire-a-infractiunilor_2-2048x1306.jpg.webp 2048w\" sizes=\"(max-width: 640px) 100vw, 640px\" \/><br \/>\n<img loading=\"lazy\" decoding=\"async\" src=\"https:\/\/dobrogeanews.b-cdn.net\/wp-content\/uploads\/2026\/04\/Comuna-Baia-Sesiune-de-lucru-a-Programului-de-prevenire-a-infractiunilor_2.jpg\" alt=\"\" width=\"640\" height=\"408\"><\/figure>\n<p>\u00cent\u00e2lnirea a urm\u0103rit, pe l\u00e2ng\u0103 derularea sesiunii programului de reintegrare social\u0103, facilitarea interac\u0163iunii persoanelor sanc\u021bionate (localnici din comuna Baia \u015fi zonele limitrofe), cu reprezentan\u021bii comunit\u0103\u021bii locale, dar \u015fi cu colaboratorii \u015fi invita\u021bii speciali ai Serviciului de Proba\u021biune Tulcea, \u00een scopul cre\u015fterii gradului de coeziune social\u0103, al promov\u0103rii unor modele comunitare pozitive care s\u0103 favorizeze\/valorifice oportunit\u0103\u021bile de (re)integrare de la nivel local. <\/p>\n<p>Contribu\u021bia partenerilor din cadrul IPJ Tulcea s-a dovedit (ca de fiecare dat\u0103), util\u0103 at\u00e2t pentru aplicarea programului de reintegrare social\u0103, c\u00e2t \u0219i prin interac\u0163iunea cu ceilal\u021bi invita\u021bi \u015fi integrarea discursurilor \u00een contextul \u015fi scopul evenimentului. <\/p>\n<p>Au fost apreciate, \u00een mod deosebit interven\u021bia reprezentantului parchetului, care a expus responsabilit\u0103\u021bile legale ale profesiei de procuror dintr-o pozi\u021bie inedit\u0103, pun\u00e2nd accent pe umanismul profesiei \u015fi finalitatea comun\u0103 a tuturor p\u0103r\u021bilor, aceea de a contribui la prevenirea reiter\u0103rii comportamentului infrac\u021bional. <\/p>\n<figure class=\"wp-block-image size-full is-resized\">\n<source type=\"image\/webp\" data-lazy-srcset=\"https:\/\/dobrogeanews.b-cdn.net\/wp-content\/uploads\/2026\/04\/Comuna-Baia-Sesiune-de-lucru-a-Programului-de-prevenire-a-infractiunilor.jpg.webp 2560w, https:\/\/dobrogeanews.b-cdn.net\/wp-content\/uploads\/2026\/04\/Comuna-Baia-Sesiune-de-lucru-a-Programului-de-prevenire-a-infractiunilor-300x191.jpg.webp 300w, https:\/\/dobrogeanews.b-cdn.net\/wp-content\/uploads\/2026\/04\/Comuna-Baia-Sesiune-de-lucru-a-Programului-de-prevenire-a-infractiunilor-1024x653.jpg.webp 1024w, https:\/\/dobrogeanews.b-cdn.net\/wp-content\/uploads\/2026\/04\/Comuna-Baia-Sesiune-de-lucru-a-Programului-de-prevenire-a-infractiunilor-768x490.jpg.webp 768w, https:\/\/dobrogeanews.b-cdn.net\/wp-content\/uploads\/2026\/04\/Comuna-Baia-Sesiune-de-lucru-a-Programului-de-prevenire-a-infractiunilor-1536x979.jpg.webp 1536w, https:\/\/dobrogeanews.b-cdn.net\/wp-content\/uploads\/2026\/04\/Comuna-Baia-Sesiune-de-lucru-a-Programului-de-prevenire-a-infractiunilor-2048x1306.jpg.webp 2048w\" sizes=\"(max-width: 640px) 100vw, 640px\" \/><br \/>\n<img loading=\"lazy\" decoding=\"async\" src=\"https:\/\/dobrogeanews.b-cdn.net\/wp-content\/uploads\/2026\/04\/Comuna-Baia-Sesiune-de-lucru-a-Programului-de-prevenire-a-infractiunilor.jpg\" alt=\"\" width=\"640\" height=\"408\"><\/figure>\n<p>Perspectiva expus\u0103 de preotul Codru\u021b Marinescu a atins o dimensiune special\u0103, \u00eentruc\u00e2t interven\u021bia sa a fost centrat\u0103 pe analiza efectelor comportamentelor neadecvate, asupra propriei con\u015ftiin\u021be, dar \u015fi asupra vie\u021bii de familie \u015fi \u00een rela\u021bia cu comunitatea. <\/p>\n<p>Prezen\u021ba edilului comunit\u0103\u021bii a oferit un plus de garan\u021bie \u00een scopul dezvolt\u0103rii re\u021belelor comunitare pozitive \u015fi evit\u0103rii excluziunii sociale. Din perspectiva SP Tulcea \u2013 ac\u021biunea a avut \u00een vedere \u015fi aplicarea m\u0103surilor stabilite \u00een Planul de ac\u0163iune pentru implementarea Strategiei na\u0163ionale de prevenire a recidivei 2025-2029.<\/p>\n<div class=\"monsterinsights-inline-popular-posts monsterinsights-inline-popular-posts-charlie monsterinsights-popular-posts-styled\">\n<div class=\"monsterinsights-inline-popular-posts-text\"><span class=\"monsterinsights-inline-popular-posts-label\">Vezi \u0219i:<\/span><\/p>\n<div class=\"monsterinsights-inline-popular-posts-post\"><a class=\"monsterinsights-inline-popular-posts-title\" href=\"https:\/\/www.dobrogeanews.ro\/cine-este-fata-de-18-ani-care-s-a-sinucis-la-tulcea-soapte-intre-lumi\/\">Cine este fata de 18 ani care s-a sinucis la Tulcea. \u0218oapte \u00eentre lumi \u2026<\/a><\/div>\n<div class=\"monsterinsights-inline-popular-posts-post\"><a class=\"monsterinsights-inline-popular-posts-title\" href=\"https:\/\/www.dobrogeanews.ro\/tulcea-noile-tarife-pentru-transport-public-rutier-si-naval\/\">Tulcea: Noile tarife pentru transport public (rutier \u0219i naval)<\/a><\/div>\n<div class=\"monsterinsights-inline-popular-posts-post\"><a class=\"monsterinsights-inline-popular-posts-title\" href=\"https:\/\/www.dobrogeanews.ro\/la-baia-taxa-de-habitat-a-ramas-15-lei-luna-pers-adica-180-lei-an-am-votat-aplicarea-cotelor-minime-permise\/\">La Baia, taxa de habitat a r\u0103mas 15 lei\/lun\u0103\/pers, adic\u0103, 180 lei\/an. \u201eAm votat aplicarea cotelor minime permise\u201d<\/a><\/div>\n<\/div>\n<\/div>\n<p class=\"has-text-align-center has-white-color has-text-color has-background\"><span><a href=\"https:\/\/news.google.com\/publications\/CAAqBwgKMIu5pgsw88O-Aw?ceid=RO:ro&amp;oc=3\">Urm\u0103ri\u0163i \u015etirile Dobrogeanews \u015fi pe Google News<\/a><\/span><\/p>\n<\/div>\n<p>[analyse_source url=&#8221;https:\/\/www.dobrogeanews.ro\/comuna-baia-sesiune-de-lucru-a-programului-de-prevenire-a-infractiunilor-reintegrare-sociala-si-promovarea-unor-modele-comunitare\/&#8221;]<\/p>\n","protected":false},"excerpt":{"rendered":"<p>[analyse_image type=&#8221;featured&#8221; src=&#8221;https:\/\/dobrogeanews.b-cdn.net\/wp-content\/uploads\/2026\/04\/Comuna-Baia-Sesiune-de-lucru-a-Programului-de-prevenire-a-infractiunilor.jpg&#8221;] Urm\u0103re\u015fte-ne \u015fi pe Facebook!57KFollowers La Baia, jude\u021bul Tulcea, a avut loc o Reuniune comunitar\u0103 \u00een cadrul Programului privind \u201e\u00cencurajarea particip\u0103rii persoanelor aflate \u00een supraveghere \u00een cadrul unor re\u021bele comunitare pozitive\u201d \u015fi promovarea de modele adecvate de coeziune social\u0103 la nivelul comunit\u0103\u021bilor locale. A fost relevat\u0103 importan\u021ba implic\u0103rii reprezentan\u021bilor din comunitate \u00een activit\u0103\u021bile [&hellip;]<\/p>\n","protected":false},"author":1,"featured_media":0,"comment_status":"open","ping_status":"","sticky":false,"template":"","format":"standard","meta":{"footnotes":""},"categories":[89],"tags":[226,223],"class_list":["post-1897360","post","type-post","status-publish","format-standard","hentry","category-romania","tag-crawlmanager","tag-dobrogeanews-ro"],"_links":{"self":[{"href":"https:\/\/analyse.optim.biz\/index.php?rest_route=\/wp\/v2\/posts\/1897360","targetHints":{"allow":["GET"]}}],"collection":[{"href":"https:\/\/analyse.optim.biz\/index.php?rest_route=\/wp\/v2\/posts"}],"about":[{"href":"https:\/\/analyse.optim.biz\/index.php?rest_route=\/wp\/v2\/types\/post"}],"author":[{"embeddable":true,"href":"https:\/\/analyse.optim.biz\/index.php?rest_route=\/wp\/v2\/users\/1"}],"replies":[{"embeddable":true,"href":"https:\/\/analyse.optim.biz\/index.php?rest_route=%2Fwp%2Fv2%2Fcomments&post=1897360"}],"version-history":[{"count":0,"href":"https:\/\/analyse.optim.biz\/index.php?rest_route=\/wp\/v2\/posts\/1897360\/revisions"}],"wp:attachment":[{"href":"https:\/\/analyse.optim.biz\/index.php?rest_route=%2Fwp%2Fv2%2Fmedia&parent=1897360"}],"wp:term":[{"taxonomy":"category","embeddable":true,"href":"https:\/\/analyse.optim.biz\/index.php?rest_route=%2Fwp%2Fv2%2Fcategories&post=1897360"},{"taxonomy":"post_tag","embeddable":true,"href":"https:\/\/analyse.optim.biz\/index.php?rest_route=%2Fwp%2Fv2%2Ftags&post=1897360"}],"curies":[{"name":"wp","href":"https:\/\/api.w.org\/{rel}","templated":true}]}}