{"id":189736,"date":"2014-12-21T19:55:29","date_gmt":"2014-12-21T16:55:29","guid":{"rendered":"https:\/\/analyse.optim.biz\/?p=189736"},"modified":"2014-12-21T19:55:29","modified_gmt":"2014-12-21T16:55:29","slug":"culisele-debutului-mandatului-prezidential-invitati-surpriza-si-parlamentari-activi-pe-facebook","status":"publish","type":"post","link":"https:\/\/analyse.optim.biz\/?p=189736","title":{"rendered":"Culisele debutului mandatului preziden\u0163ial. Invita\u0163i surpriz\u0103 \u015fi parlamentari activi pe Facebook"},"content":{"rendered":"<div class=\"entry data-app-meta data-app-meta-article\" data-embed-base-url-canonical=\"https:\/\/www.digi24.ro\/embed\/stiri\/actualitate\/politica\/culisele-debutului-mandatului-prezidential-invitati-surpriza-si-parlamentari-activi-pe-facebook-337945\">\n<p data-index=\"1\">La dou\u0103sprezece fix,<strong> Klaus Iohannis<\/strong> p\u0103\u015fea \u00een plenul reunit al celor dou\u0103 Camere ale Parlamentului, \u00een aplauzele deputa\u0163ilor \u015fi senatorilor. \u00cen sal\u0103: Executivul condus de Victor Ponta, membrii Cur\u0163ii Constitu\u0163ionale, reprezentan\u0163ii corpului diplomatic, ai Bisericii \u015fi fo\u015ftii pre\u015fedin\u0163i Ion Iliescu \u015fi Emil Constantinescu. Pentru prima dat\u0103 au fost invita\u0163i la o ceremonie de \u00eenvestitur\u0103 \u015fi reprezentan\u0163ii Casei Regale, prin Principele Radu.<\/p>\n<p data-index=\"2\">&#8220;Legitimitatea istoric\u0103 \u015fi tradi\u0163ia Casei Regale transform\u0103 aceast\u0103 institu\u0163ie \u00eentr-o putere de echilibru f\u0103r\u0103 de pereche, at\u00e2t \u00een prezent, c\u00e2t \u015fi \u00een viitor \u015fi probabil c\u0103 este unul dintre motivele pentru care<strong> Familia Regal\u0103<\/strong> dar \u015fi <strong>Casa Regal\u0103<\/strong>au fost reprezentate, duminic\u0103, \u00een Parlament&#8221;, a spus\u00a0<span>Sandra G\u0103tejeanu Gheorghe, directorul de protocol al Casei Regale a Rom\u00e2niei.<\/span><\/p>\n<p data-index=\"3\"><strong>Klaus Iohannis a ocupat jil\u0163ul destinat \u015fefilor de stat<\/strong> iar \u00een timpul rostirii jur\u0103m\u00e2ntului a \u0163inut m\u00e2na pe Constitu\u0163ie. Timp de 40 de minute c\u00e2t a durat ceremonia, noul pre\u015fedinte a fost urm\u0103rit \u00eendeaproape de so\u0163ie. Calm\u0103, concentrat\u0103, Carmen Iohannis a ocupat un fotoliu de la balconul plenului reunit, l\u00e2ng\u0103 succesorul lui Klaus Iohannis la \u015fefia PNL,<strong> Alina Gorghiu<\/strong>. <strong>Prima doamn\u0103<\/strong> a z\u00e2mbit abia la final, dup\u0103 discursul so\u0163ului \u00een fa\u0163a celor care reprezint\u0103 poporul.<\/p>\n<p data-index=\"4\">A fost ultima zi de munc\u0103 din 2014 pentru parlamentari. De\u015fi ceremonia a durat mai pu\u0163in de trei sferturi de or\u0103, unii erau ner\u0103bd\u0103tori s\u0103 plece acas\u0103 sau chiar erau neaten\u0163i.<\/p>\n<p data-index=\"5\">Ultimul parlamentar r\u0103mas \u00een sala de plen a vrut s\u0103-\u015fi asigure <strong>prietenii virtuali<\/strong> c\u0103 a asistat la \u00eentreaga ceremonie. &#8220;Mul\u0163umim de \u00eencredere&#8221; este mesajul care \u00eenso\u0163e\u015fte fotografia postat\u0103 de parlamentar pe pagina de socializare. \u00a0\u00a0<\/p>\n<\/div>\n<p> Source URL: https:\/\/www.digi24.ro\/stiri\/actualitate\/politica\/culisele-debutului-mandatului-prezidential-invitati-surpriza-si-parlamentari-activi-pe-facebook-337945<\/p>\n","protected":false},"excerpt":{"rendered":"<p>La dou\u0103sprezece fix, Klaus Iohannis p\u0103\u015fea \u00een plenul reunit al celor dou\u0103 Camere ale Parlamentului, \u00een aplauzele deputa\u0163ilor \u015fi senatorilor. \u00cen sal\u0103: Executivul condus de Victor Ponta, membrii Cur\u0163ii Constitu\u0163ionale, reprezentan\u0163ii corpului diplomatic, ai Bisericii \u015fi fo\u015ftii pre\u015fedin\u0163i Ion Iliescu \u015fi Emil Constantinescu. Pentru prima dat\u0103 au fost invita\u0163i la o ceremonie de \u00eenvestitur\u0103 \u015fi [&hellip;]<\/p>\n","protected":false},"author":1,"featured_media":189737,"comment_status":"open","ping_status":"","sticky":false,"template":"","format":"standard","meta":{"footnotes":""},"categories":[2],"tags":[11],"class_list":["post-189736","post","type-post","status-publish","format-standard","has-post-thumbnail","hentry","category-politics","tag-digi24"],"_links":{"self":[{"href":"https:\/\/analyse.optim.biz\/index.php?rest_route=\/wp\/v2\/posts\/189736","targetHints":{"allow":["GET"]}}],"collection":[{"href":"https:\/\/analyse.optim.biz\/index.php?rest_route=\/wp\/v2\/posts"}],"about":[{"href":"https:\/\/analyse.optim.biz\/index.php?rest_route=\/wp\/v2\/types\/post"}],"author":[{"embeddable":true,"href":"https:\/\/analyse.optim.biz\/index.php?rest_route=\/wp\/v2\/users\/1"}],"replies":[{"embeddable":true,"href":"https:\/\/analyse.optim.biz\/index.php?rest_route=%2Fwp%2Fv2%2Fcomments&post=189736"}],"version-history":[{"count":0,"href":"https:\/\/analyse.optim.biz\/index.php?rest_route=\/wp\/v2\/posts\/189736\/revisions"}],"wp:featuredmedia":[{"embeddable":true,"href":"https:\/\/analyse.optim.biz\/index.php?rest_route=\/wp\/v2\/media\/189737"}],"wp:attachment":[{"href":"https:\/\/analyse.optim.biz\/index.php?rest_route=%2Fwp%2Fv2%2Fmedia&parent=189736"}],"wp:term":[{"taxonomy":"category","embeddable":true,"href":"https:\/\/analyse.optim.biz\/index.php?rest_route=%2Fwp%2Fv2%2Fcategories&post=189736"},{"taxonomy":"post_tag","embeddable":true,"href":"https:\/\/analyse.optim.biz\/index.php?rest_route=%2Fwp%2Fv2%2Ftags&post=189736"}],"curies":[{"name":"wp","href":"https:\/\/api.w.org\/{rel}","templated":true}]}}