{"id":1897359,"date":"2026-04-22T15:52:33","date_gmt":"2026-04-22T12:52:33","guid":{"rendered":"https:\/\/analyse.optim.biz\/?p=1897359"},"modified":"2026-04-22T15:52:33","modified_gmt":"2026-04-22T12:52:33","slug":"moartea-neasteptata-a-preotului-trofin-liviu-gabriel-la-numai-48-de-ani-deplansa-la-tulcea","status":"publish","type":"post","link":"https:\/\/analyse.optim.biz\/?p=1897359","title":{"rendered":"Moartea nea\u0219teptat\u0103 a preotului Trofin Liviu \u2013 Gabriel la numai 48 de ani, depl\u00e2ns\u0103 la Tulcea"},"content":{"rendered":"<p>[analyse_image type=&#8221;featured&#8221; src=&#8221;https:\/\/dobrogeanews.b-cdn.net\/wp-content\/uploads\/2026\/04\/preotul-Trofin-Liviu-Gabriel-a-murit.jpg&#8221;]<\/p>\n<div id=\"post-70170\" class=\"entry single-default post-70170 post type-post status-publish format-standard has-post-thumbnail hentry category-info\">\n<div>\n<div class=\"ss-follow-wrapper ss-clearfix ss-regular-buttons ss-columns-1 ss-default-style\">\n<div class=\"ss-follow-column\" data-ss-sf-network-id='\"facebook\"'><a href=\"https:\/\/www.facebook.com\/dobrogeanews\" class=\"ss-follow-network ss-facebook-color\" rel=\"nofollow noopener\" aria-label=\"facebook\" target=\"_blank\"><span class=\"ss-follow-network-label\">Urm\u0103re\u015fte-ne \u015fi pe Facebook!<\/span><span class=\"ss-follow-network-count\"><span class=\"ss-follow-network-count-number\">57K<\/span><span class=\"ss-follow-network-count-label\">Followers<\/span><\/span><\/a><\/div>\n<\/div>\n<\/div>\n<p>Trecerea \u00een nefiin\u021b\u0103 a p\u0103rintelui Trofin Liviu \u2013 Gabriel la numai 48 de ani este depl\u00e2ns\u0103 de Episcopia Tulcii aflat\u0103 \u00een doliu \u0219i de c\u0103tre enoria\u0219i. <\/p>\n<p>Din surse apropiate familiei am aflat c\u0103 p\u0103rintele era \u00eentr-un parc din Tulcea cu copilul s\u0103u de 2 ani c\u00e2nd a sim\u021bit o stare de r\u0103u \u0219i de le\u0219in, a sunat acas\u0103 iar mama sa a venit \u0219i l-a luat. Totul s-a \u00eent\u00e2mplat foarte repede \u0219i p\u0103rintele a plecat la cele ve\u0219nice.<\/p>\n<figure class=\"wp-block-image size-full is-resized\">\n<source type=\"image\/webp\" data-lazy-srcset=\"https:\/\/dobrogeanews.b-cdn.net\/wp-content\/uploads\/2026\/04\/preotul-Trofin-Liviu-Gabriel-a-murit.jpg.webp 2560w, https:\/\/dobrogeanews.b-cdn.net\/wp-content\/uploads\/2026\/04\/preotul-Trofin-Liviu-Gabriel-a-murit-300x246.jpg.webp 300w, https:\/\/dobrogeanews.b-cdn.net\/wp-content\/uploads\/2026\/04\/preotul-Trofin-Liviu-Gabriel-a-murit-1024x840.jpg.webp 1024w, https:\/\/dobrogeanews.b-cdn.net\/wp-content\/uploads\/2026\/04\/preotul-Trofin-Liviu-Gabriel-a-murit-768x630.jpg.webp 768w, https:\/\/dobrogeanews.b-cdn.net\/wp-content\/uploads\/2026\/04\/preotul-Trofin-Liviu-Gabriel-a-murit-1536x1260.jpg.webp 1536w, https:\/\/dobrogeanews.b-cdn.net\/wp-content\/uploads\/2026\/04\/preotul-Trofin-Liviu-Gabriel-a-murit-2048x1680.jpg.webp 2048w\" sizes=\"(max-width: 640px) 100vw, 640px\" \/><br \/>\n<img loading=\"lazy\" decoding=\"async\" src=\"https:\/\/dobrogeanews.b-cdn.net\/wp-content\/uploads\/2026\/04\/preotul-Trofin-Liviu-Gabriel-a-murit.jpg\" alt=\"Preot Trofin Liviu Gabriel\" width=\"640\" height=\"525\"><\/figure>\n<p>Episcopia Tulcii a transmis un mesaj de condolean\u021be familiei \u00eendoliate \u0219i comunit\u0103\u021bii de credincio\u0219i pe care p\u0103rintele i-a p\u0103storit cu devotament. <\/p>\n<p>Cu durere \u00een suflet, anun\u021b\u0103m trecerea la cele ve\u0219nice a \ud835\udc0f.\ud835\udc02. \ud835\udc29\ud835\udc2b. \ud835\udc13\ud835\udc2b\ud835\udc28\ud835\udc1f\ud835\udc22\ud835\udc27 \ud835\udc0b\ud835\udc22\ud835\udc2f\ud835\udc22\ud835\udc2e-\ud835\udc06\ud835\udc1a\ud835\udc1b\ud835\udc2b\ud835\udc22\ud835\udc1e\ud835\udc25, slujitor al parohiei Plopu, prot. Tulcea, care a plecat \u00een mod nea\u0219teptat la Domnul, la v\u00e2rsta de doar 48 de ani.<\/p>\n<p>Data biografice:<br \/>\u2013 N\u0103scut la 05.05.1978, Tulcea;<br \/>\u2013 Hirotonit diacon \u00een data de 12.11.2002, de c\u0103tre \u00ce.P.S. Teodosie, Arhiepiscopul Tomisului, la parohia \u201eBuna Vestire\u201d din Tulcea;<br \/>\u2013 Hirotonit preot \u00een data de 24.11.2002, de c\u0103tre \u00ce.P.S. Teodosie, Arhiepiscopul Tomisului, la parohia \u201eSf. Vasile cel Mare\u201d din Constan\u0163a, pe seama parohiei nou \u00eenfiin\u0163ate \u201eSf. Cuv. Paraschiva\u201d din Plopu, jude\u021bul Tulcea.<\/p>\n<p>Studii teologice:<br \/>\u2013 1992-1997 Seminarul Teologic Liceal-Ortodox \u201eSf. loan Casian\u201d din Tulcea;<br \/>\u2013 1998-2002 Facultatea de Teologie din Bucure\u015fti, sec\u0163ia Pastoral\u0103;<br \/>\u2013 2003-2005 \u2013 Master la Facultatea de Teologie din cadrul Universit\u0103\u0163ii \u201eOvidius\u201d- Constan\u0163a.<\/p>\n<p>A trecut la Domnul \u00een data de 21 aprilie 2026.<\/p>\n<p>A fost un slujitor devotat al Bisericii, un p\u0103stor jertfelnic \u0219i un sprijin pentru to\u021bi cei care l-au cunoscut. Ne rug\u0103m Milostivului Dumnezeu s\u0103-l odihneasc\u0103 \u00een lumina \u0219i pacea \u00cemp\u0103r\u0103\u021biei Sale \u0219i s\u0103 m\u00e2ng\u00e2ie inimile \u00eendurerate ale celor r\u0103ma\u0219i. <strong>(Episcopia Tulcii)<\/strong><\/p>\n<div class=\"monsterinsights-inline-popular-posts monsterinsights-inline-popular-posts-charlie monsterinsights-popular-posts-styled\">\n<div class=\"monsterinsights-inline-popular-posts-text\"><span class=\"monsterinsights-inline-popular-posts-label\">Vezi \u0219i:<\/span><\/p>\n<div class=\"monsterinsights-inline-popular-posts-post\"><a class=\"monsterinsights-inline-popular-posts-title\" href=\"https:\/\/www.dobrogeanews.ro\/la-baia-taxa-de-habitat-a-ramas-15-lei-luna-pers-adica-180-lei-an-am-votat-aplicarea-cotelor-minime-permise\/\">La Baia, taxa de habitat a r\u0103mas 15 lei\/lun\u0103\/pers, adic\u0103, 180 lei\/an. \u201eAm votat aplicarea cotelor minime permise\u201d<\/a><\/div>\n<div class=\"monsterinsights-inline-popular-posts-post\"><a class=\"monsterinsights-inline-popular-posts-title\" href=\"https:\/\/www.dobrogeanews.ro\/municipiul-tulcea-a-adoptat-o-crestere-minima-a-taxelor-locale-taxa-de-habitat-creste-cu-3-lei-iar-pentru-impozitul-auto-trebuie-sa-depuneti-declaratie\/\">Municipiul Tulcea a adoptat o cre\u0219tere minim\u0103 a taxelor locale. Taxa de habitat cre\u0219te cu 3 lei iar pentru impozitul auto trebuie s\u0103 depune\u021bi declara\u021bie<\/a><\/div>\n<div class=\"monsterinsights-inline-popular-posts-post\"><a class=\"monsterinsights-inline-popular-posts-title\" href=\"https:\/\/www.dobrogeanews.ro\/impozitul-pe-imobile-2026-in-municipiul-tulcea-pe-intelesul-tuturor-cine-benefiaza-de-reduceri-informatii-detaliate\/\">Impozitul pe imobile\/2026 \u00een Municipiul Tulcea, pe \u00een\u021belesul tuturor. Cine benefiaz\u0103 de reduceri. Informa\u021bii detaliate<\/a><\/div>\n<\/div>\n<\/div>\n<p class=\"has-text-align-center has-white-color has-text-color has-background\"><span><a href=\"https:\/\/news.google.com\/publications\/CAAqBwgKMIu5pgsw88O-Aw?ceid=RO:ro&amp;oc=3\">Urm\u0103ri\u0163i \u015etirile Dobrogeanews \u015fi pe Google News<\/a><\/span><\/p>\n<\/div>\n<div id=\"post-70170\" class=\"entry single-default post-70170 post type-post status-publish format-standard has-post-thumbnail hentry category-info\">\n<div>\n<div class=\"ss-follow-wrapper ss-clearfix ss-regular-buttons ss-columns-1 ss-default-style\">\n<div class=\"ss-follow-column\" data-ss-sf-network-id='\"facebook\"'><a href=\"https:\/\/www.facebook.com\/dobrogeanews\" class=\"ss-follow-network ss-facebook-color\" rel=\"nofollow noopener\" aria-label=\"facebook\" target=\"_blank\"><span class=\"ss-follow-network-label\">Urm\u0103re\u015fte-ne \u015fi pe Facebook!<\/span><span class=\"ss-follow-network-count\"><span class=\"ss-follow-network-count-number\">57K<\/span><span class=\"ss-follow-network-count-label\">Followers<\/span><\/span><\/a><\/div>\n<\/div>\n<\/div>\n<p>Trecerea \u00een nefiin\u021b\u0103 a p\u0103rintelui Trofin Liviu \u2013 Gabriel la numai 48 de ani este depl\u00e2ns\u0103 de Episcopia Tulcii aflat\u0103 \u00een doliu \u0219i de c\u0103tre enoria\u0219i. <\/p>\n<p>Din surse apropiate familiei am aflat c\u0103 p\u0103rintele era \u00eentr-un parc din Tulcea cu copilul s\u0103u de 2 ani c\u00e2nd a sim\u021bit o stare de r\u0103u \u0219i de le\u0219in, a sunat acas\u0103 iar mama sa a venit \u0219i l-a luat. Totul s-a \u00eent\u00e2mplat foarte repede \u0219i p\u0103rintele a plecat la cele ve\u0219nice.<\/p>\n<figure class=\"wp-block-image size-full is-resized\">\n<source type=\"image\/webp\" data-lazy-srcset=\"https:\/\/dobrogeanews.b-cdn.net\/wp-content\/uploads\/2026\/04\/preotul-Trofin-Liviu-Gabriel-a-murit.jpg.webp 2560w, https:\/\/dobrogeanews.b-cdn.net\/wp-content\/uploads\/2026\/04\/preotul-Trofin-Liviu-Gabriel-a-murit-300x246.jpg.webp 300w, https:\/\/dobrogeanews.b-cdn.net\/wp-content\/uploads\/2026\/04\/preotul-Trofin-Liviu-Gabriel-a-murit-1024x840.jpg.webp 1024w, https:\/\/dobrogeanews.b-cdn.net\/wp-content\/uploads\/2026\/04\/preotul-Trofin-Liviu-Gabriel-a-murit-768x630.jpg.webp 768w, https:\/\/dobrogeanews.b-cdn.net\/wp-content\/uploads\/2026\/04\/preotul-Trofin-Liviu-Gabriel-a-murit-1536x1260.jpg.webp 1536w, https:\/\/dobrogeanews.b-cdn.net\/wp-content\/uploads\/2026\/04\/preotul-Trofin-Liviu-Gabriel-a-murit-2048x1680.jpg.webp 2048w\" sizes=\"(max-width: 640px) 100vw, 640px\" \/><br \/>\n<img loading=\"lazy\" decoding=\"async\" src=\"https:\/\/dobrogeanews.b-cdn.net\/wp-content\/uploads\/2026\/04\/preotul-Trofin-Liviu-Gabriel-a-murit.jpg\" alt=\"Preot Trofin Liviu Gabriel\" width=\"640\" height=\"525\"><\/figure>\n<p>Episcopia Tulcii a transmis un mesaj de condolean\u021be familiei \u00eendoliate \u0219i comunit\u0103\u021bii de credincio\u0219i pe care p\u0103rintele i-a p\u0103storit cu devotament. <\/p>\n<p>Cu durere \u00een suflet, anun\u021b\u0103m trecerea la cele ve\u0219nice a \ud835\udc0f.\ud835\udc02. \ud835\udc29\ud835\udc2b. \ud835\udc13\ud835\udc2b\ud835\udc28\ud835\udc1f\ud835\udc22\ud835\udc27 \ud835\udc0b\ud835\udc22\ud835\udc2f\ud835\udc22\ud835\udc2e-\ud835\udc06\ud835\udc1a\ud835\udc1b\ud835\udc2b\ud835\udc22\ud835\udc1e\ud835\udc25, slujitor al parohiei Plopu, prot. Tulcea, care a plecat \u00een mod nea\u0219teptat la Domnul, la v\u00e2rsta de doar 48 de ani.<\/p>\n<p>Data biografice:<br \/>\u2013 N\u0103scut la 05.05.1978, Tulcea;<br \/>\u2013 Hirotonit diacon \u00een data de 12.11.2002, de c\u0103tre \u00ce.P.S. Teodosie, Arhiepiscopul Tomisului, la parohia \u201eBuna Vestire\u201d din Tulcea;<br \/>\u2013 Hirotonit preot \u00een data de 24.11.2002, de c\u0103tre \u00ce.P.S. Teodosie, Arhiepiscopul Tomisului, la parohia \u201eSf. Vasile cel Mare\u201d din Constan\u0163a, pe seama parohiei nou \u00eenfiin\u0163ate \u201eSf. Cuv. Paraschiva\u201d din Plopu, jude\u021bul Tulcea.<\/p>\n<p>Studii teologice:<br \/>\u2013 1992-1997 Seminarul Teologic Liceal-Ortodox \u201eSf. loan Casian\u201d din Tulcea;<br \/>\u2013 1998-2002 Facultatea de Teologie din Bucure\u015fti, sec\u0163ia Pastoral\u0103;<br \/>\u2013 2003-2005 \u2013 Master la Facultatea de Teologie din cadrul Universit\u0103\u0163ii \u201eOvidius\u201d- Constan\u0163a.<\/p>\n<p>A trecut la Domnul \u00een data de 21 aprilie 2026.<\/p>\n<p>A fost un slujitor devotat al Bisericii, un p\u0103stor jertfelnic \u0219i un sprijin pentru to\u021bi cei care l-au cunoscut. Ne rug\u0103m Milostivului Dumnezeu s\u0103-l odihneasc\u0103 \u00een lumina \u0219i pacea \u00cemp\u0103r\u0103\u021biei Sale \u0219i s\u0103 m\u00e2ng\u00e2ie inimile \u00eendurerate ale celor r\u0103ma\u0219i. <strong>(Episcopia Tulcii)<\/strong><\/p>\n<div class=\"monsterinsights-inline-popular-posts monsterinsights-inline-popular-posts-charlie monsterinsights-popular-posts-styled\">\n<div class=\"monsterinsights-inline-popular-posts-text\"><span class=\"monsterinsights-inline-popular-posts-label\">Vezi \u0219i:<\/span><\/p>\n<div class=\"monsterinsights-inline-popular-posts-post\"><a class=\"monsterinsights-inline-popular-posts-title\" href=\"https:\/\/www.dobrogeanews.ro\/la-baia-taxa-de-habitat-a-ramas-15-lei-luna-pers-adica-180-lei-an-am-votat-aplicarea-cotelor-minime-permise\/\">La Baia, taxa de habitat a r\u0103mas 15 lei\/lun\u0103\/pers, adic\u0103, 180 lei\/an. \u201eAm votat aplicarea cotelor minime permise\u201d<\/a><\/div>\n<div class=\"monsterinsights-inline-popular-posts-post\"><a class=\"monsterinsights-inline-popular-posts-title\" href=\"https:\/\/www.dobrogeanews.ro\/municipiul-tulcea-a-adoptat-o-crestere-minima-a-taxelor-locale-taxa-de-habitat-creste-cu-3-lei-iar-pentru-impozitul-auto-trebuie-sa-depuneti-declaratie\/\">Municipiul Tulcea a adoptat o cre\u0219tere minim\u0103 a taxelor locale. Taxa de habitat cre\u0219te cu 3 lei iar pentru impozitul auto trebuie s\u0103 depune\u021bi declara\u021bie<\/a><\/div>\n<div class=\"monsterinsights-inline-popular-posts-post\"><a class=\"monsterinsights-inline-popular-posts-title\" href=\"https:\/\/www.dobrogeanews.ro\/impozitul-pe-imobile-2026-in-municipiul-tulcea-pe-intelesul-tuturor-cine-benefiaza-de-reduceri-informatii-detaliate\/\">Impozitul pe imobile\/2026 \u00een Municipiul Tulcea, pe \u00een\u021belesul tuturor. Cine benefiaz\u0103 de reduceri. Informa\u021bii detaliate<\/a><\/div>\n<\/div>\n<\/div>\n<p class=\"has-text-align-center has-white-color has-text-color has-background\"><span><a href=\"https:\/\/news.google.com\/publications\/CAAqBwgKMIu5pgsw88O-Aw?ceid=RO:ro&amp;oc=3\">Urm\u0103ri\u0163i \u015etirile Dobrogeanews \u015fi pe Google News<\/a><\/span><\/p>\n<\/div>\n<p>[analyse_source url=&#8221;https:\/\/www.dobrogeanews.ro\/moartea-neasteptata-a-preotului-trofin-liviu-gabriel-la-numai-48-de-ani-deplansa-la-tulcea\/&#8221;]<\/p>\n","protected":false},"excerpt":{"rendered":"<p>[analyse_image type=&#8221;featured&#8221; src=&#8221;https:\/\/dobrogeanews.b-cdn.net\/wp-content\/uploads\/2026\/04\/preotul-Trofin-Liviu-Gabriel-a-murit.jpg&#8221;] Urm\u0103re\u015fte-ne \u015fi pe Facebook!57KFollowers Trecerea \u00een nefiin\u021b\u0103 a p\u0103rintelui Trofin Liviu \u2013 Gabriel la numai 48 de ani este depl\u00e2ns\u0103 de Episcopia Tulcii aflat\u0103 \u00een doliu \u0219i de c\u0103tre enoria\u0219i. Din surse apropiate familiei am aflat c\u0103 p\u0103rintele era \u00eentr-un parc din Tulcea cu copilul s\u0103u de 2 ani c\u00e2nd a sim\u021bit [&hellip;]<\/p>\n","protected":false},"author":1,"featured_media":0,"comment_status":"open","ping_status":"","sticky":false,"template":"","format":"standard","meta":{"footnotes":""},"categories":[89],"tags":[226,223],"class_list":["post-1897359","post","type-post","status-publish","format-standard","hentry","category-romania","tag-crawlmanager","tag-dobrogeanews-ro"],"_links":{"self":[{"href":"https:\/\/analyse.optim.biz\/index.php?rest_route=\/wp\/v2\/posts\/1897359","targetHints":{"allow":["GET"]}}],"collection":[{"href":"https:\/\/analyse.optim.biz\/index.php?rest_route=\/wp\/v2\/posts"}],"about":[{"href":"https:\/\/analyse.optim.biz\/index.php?rest_route=\/wp\/v2\/types\/post"}],"author":[{"embeddable":true,"href":"https:\/\/analyse.optim.biz\/index.php?rest_route=\/wp\/v2\/users\/1"}],"replies":[{"embeddable":true,"href":"https:\/\/analyse.optim.biz\/index.php?rest_route=%2Fwp%2Fv2%2Fcomments&post=1897359"}],"version-history":[{"count":0,"href":"https:\/\/analyse.optim.biz\/index.php?rest_route=\/wp\/v2\/posts\/1897359\/revisions"}],"wp:attachment":[{"href":"https:\/\/analyse.optim.biz\/index.php?rest_route=%2Fwp%2Fv2%2Fmedia&parent=1897359"}],"wp:term":[{"taxonomy":"category","embeddable":true,"href":"https:\/\/analyse.optim.biz\/index.php?rest_route=%2Fwp%2Fv2%2Fcategories&post=1897359"},{"taxonomy":"post_tag","embeddable":true,"href":"https:\/\/analyse.optim.biz\/index.php?rest_route=%2Fwp%2Fv2%2Ftags&post=1897359"}],"curies":[{"name":"wp","href":"https:\/\/api.w.org\/{rel}","templated":true}]}}