{"id":1897339,"date":"2026-04-22T04:48:27","date_gmt":"2026-04-22T01:48:27","guid":{"rendered":"https:\/\/analyse.optim.biz\/?p=1897339"},"modified":"2026-04-22T04:48:27","modified_gmt":"2026-04-22T01:48:27","slug":"incepe-caderea-ungariei-ursula-cere-ii-lui-peter-magyar-sa-permita-accesul-copiilor-la-continut-lgbtq","status":"publish","type":"post","link":"https:\/\/analyse.optim.biz\/?p=1897339","title":{"rendered":"\u00cencepe c\u0103derea Ungariei: Ursula cere \u00eei lui P\u00e9ter Magyar s\u0103 permit\u0103 accesul copiilor la con\u021binut LGBTQ+"},"content":{"rendered":"<p>[analyse_image type=&#8221;featured&#8221; src=&#8221;https:\/\/ortodoxinfo.ro\/wp-content\/uploads\/2026\/04\/ue-cere-noului-guvern-din-ungaria-sa-permita-accesul-copiilor-la-continut-lgbtq-82671.jpg&#8221;]<\/p>\n<article id=\"post-222977\" class=\"post-222977 post type-post status-publish format-standard has-post-thumbnail category-deviatii-sexuale\">\n<header class=\"single-header\">\n<h1 class=\"s-title fw-headline\">\u00cencepe c\u0103derea Ungariei: Ursula cere \u00eei lui P\u00e9ter Magyar s\u0103 permit\u0103 accesul copiilor la con\u021binut LGBTQ+<\/h1>\n<div class=\"single-meta meta-s-default yes-0\">\n<div class=\"smeta-in\"><a class=\"meta-el meta-avatar\" href=\"https:\/\/ortodoxinfo.ro\/author\/redactor\/\"><img loading=\"lazy\" decoding=\"async\" alt=\"OrtodoxINFO\" src=\"https:\/\/secure.gravatar.com\/avatar\/21010332354a182ce4de6016685c5586f21c51866d0ec5bc8ef383240b3c3e02?s=120&amp;r=g\" class=\"avatar avatar-120 photo\" height=\"120\" width=\"120\"><\/a><\/p>\n<div class=\"smeta-sec\">\n<div class=\"p-meta\">\n<div class=\"meta-inner is-meta\"><span class=\"meta-el meta-date\"><time datetime=\"2026-04-22T07:48:27+03:00\">22 aprilie 2026<\/time><\/span><span class=\"meta-el meta-category meta-bold\"><a class=\"meta-separate category-19869\" href=\"https:\/\/ortodoxinfo.ro\/category\/anti-sistem\/anti-familie\/deviatii-sexuale\/\">Devia\u021bii sexuale<\/a><\/span><span class=\"meta-el meta-view\">16.3k vizualiz\u0103ri\t\t<\/span><span class=\"meta-el meta-comment mobile-last-meta tablet-last-meta\"><a href=\"https:\/\/ortodoxinfo.ro\/2026\/04\/22\/incepe-caderea-ungariei-ursula-cere-lui-peter-magyar-sa-permita-accesul-copiilor-la-continut-lgbtq\/#respond\">Comentarii<\/a><\/span><\/div>\n<\/div>\n<\/div>\n<\/div>\n<div class=\"smeta-extra\">\n<div class=\"t-shared-sec tooltips-n has-read-meta is-color\">\n<div class=\"t-shared-header is-meta\"><span class=\"share-label\">Share<\/span><\/div>\n<\/div>\n<div class=\"single-right-meta single-time-read is-meta\"><span class=\"meta-el meta-read\">4 Min Read<\/span><\/div>\n<\/div>\n<\/div>\n<\/header>\n<div class=\"grid-container\">\n<div class=\"s-ct\">\n<div class=\"s-feat-outer\">\n<div class=\"s-feat\">\n<div class=\"featured-lightbox-trigger\" data-source=\"https:\/\/ortodoxinfo.ro\/wp-content\/uploads\/2026\/04\/ue-cere-noului-guvern-din-ungaria-sa-permita-accesul-copiilor-la-continut-lgbtq-82671.jpg\" data-caption data-attribution><img fetchpriority=\"high\" decoding=\"async\" width=\"860\" height=\"452\" src=\"https:\/\/ortodoxinfo.ro\/wp-content\/uploads\/2026\/04\/ue-cere-noului-guvern-din-ungaria-sa-permita-accesul-copiilor-la-continut-lgbtq-82671-860x452.jpg\" class=\"attachment-foxiz_crop_o1 size-foxiz_crop_o1 wp-post-image\" alt loading=\"eager\"><\/div>\n<\/div>\n<\/div>\n<div class=\"s-ct-wrap has-lsl\">\n<div class=\"s-ct-inner\">\n<div class=\"l-shared-sec-outer show-mobile\">\n<div class=\"l-shared-sec\">\n<div class=\"l-shared-header meta-text\"><span class=\"share-label\">SHARE<\/span><\/div>\n<\/div>\n<\/div>\n<div class=\"e-ct-outer\">\n<div class=\"entry-content rbct clearfix is-highlight-shares\">\n<p><strong>Curtea de Justi\u021bie a Uniunii Europene a decis c\u0103 legisla\u021bia adoptat\u0103 de Budapesta \u00een 2021, care restric\u021bioneaz\u0103 accesul minorilor la con\u021binut legat de homosexualitate \u0219i identitate de gen, \u00eencalc\u0103 dreptul european \u0219i drepturile fundamentale. Viktor Orb\u00e1n interzisese referirile la homosexualitate \u00een mass-media accesibil\u0103 copiilor \u0219i interzisese mar\u0219urile Pride<\/strong>.\u00a0<strong>Hot\u0103r\u00e2rea vine \u00eentr-un moment politic critic, chiar \u00eenainte de plecarea lui Viktor Orb\u00e1n de la putere, \u0219i deschide calea pentru sanc\u021biuni financiare dac\u0103 Ungaria refuz\u0103 s\u0103 se conformeze, conform <a href=\"https:\/\/www.politico.eu\/article\/eu-top-court-strikes-down-hungarys-anti-lgbtq-rules\/\" target=\"_blank\" rel=\"noopener\">Politico<\/a>.<\/strong><\/p>\n<div class=\"inline-single-ad ad_single_index alignfull\">\n<div class=\"ad-wrap ad-script-wrap\">\n<div class=\"ad-script non-adsense edge-padding\">\n<div>\n\u203c\ufe0f\u203c\ufe0f NU recunoa\u0219tem ca pre\u0219edinte al Rom\u00e2niei pe marioneta retard\u0103 Nicu\u0219or Dan! Rom\u00e2ni, boicota\u021bi aceast\u0103 f\u0103c\u0103tur\u0103, care ne face \u021bara de r\u00e2s! NU rom\u00e2nii l-au votat pe Nicusoro\u0219 &#8211; cu unele excep\u021bii de persoane infantile, manipulabile \u0219i chiar idioate &#8211; ci l-au ajutat Maia Soro\u0219, Emanuel Macrou \u0219i tr\u0103d\u0103torii de la B.E.C. \u0219i CCR!<br \/>\n La \u00eenchisoare cu cei care au fraudat alegerile!\n<\/div>\n<\/div>\n<\/div>\n<\/div>\n<p>Ungaria a \u00eenc\u0103lcat legisla\u021bia Uniunii Europene atunci c\u00e2nd a interzis accesul copiilor la con\u021binut LGBTQ+, a decis mar\u021bi Curtea de Justi\u021bie a Uniunii Europene, ordon\u00e2nd Budapestei s\u0103 abroge legisla\u021bia respectiv\u0103.<\/p>\n<p>Hot\u0103r\u00e2rea de referin\u021b\u0103 reprezint\u0103 o lovitur\u0103 pentru mo\u0219tenirea premierului \u00een exerci\u021biu Viktor Orb\u00e1n, \u00een contextul \u00een care rivalul s\u0103u de lung\u0103 durat\u0103, P\u00e9ter Magyar, se preg\u0103te\u0219te s\u0103 preia func\u021bia luna viitoare.<\/p>\n<p>Restric\u021biile legislative impuse de Ungaria asupra reprezent\u0103rii LGBTQ+ \u00eencalc\u0103 o serie de legi ale UE \u0219i \u201econstituie o ingerin\u021b\u0103 deosebit de grav\u0103 \u00een mai multe drepturi fundamentale\u201d, a transmis Curtea \u00eentr-un comunicat de pres\u0103, d\u00e2nd dreptate procedurii de infringement ini\u021biate ini\u021bial de Comisia European\u0103.<\/p>\n<p>Cazul vizeaz\u0103 legea adoptat\u0103 de Ungaria \u00een 2021, care restric\u021bioneaz\u0103 sau interzice \u201epromovarea\u201d homosexualit\u0103\u021bii \u0219i a tranzi\u021biei de gen \u00een mass-media accesibil\u0103 copiilor, introdus\u0103 de Budapesta \u00een momentul transpunerii normelor UE din domeniul audiovizualului \u0219i a prevederilor privind protec\u021bia minorilor fa\u021b\u0103 de con\u021binutul d\u0103un\u0103tor.<\/p>\n<p>Comisia European\u0103 a trimis \u00een cele din urm\u0103 cazul \u00een fa\u021ba Cur\u021bii, fiind sus\u021binut\u0103 de 15 state membre \u0219i de Parlamentul European.<\/p>\n<p>\u201eLegea ungar\u0103 este o ru\u0219ine\u201d, declara \u00een 2021 pre\u0219edinta Comisiei, Ursula von der Leyen, promi\u021b\u00e2nd c\u0103 va folosi \u201etoate prerogativele Comisiei pentru a garanta drepturile tuturor cet\u0103\u021benilor UE, indiferent cine sunt \u0219i unde tr\u0103iesc\u201d.<\/p>\n<p>\u00cen ciuda acestor presiuni, guvernul ungar a continuat pe aceea\u0219i linie. Anul trecut, a interzis evenimentele Pride \u0219i a autorizat poli\u021bia s\u0103 foloseasc\u0103 camere biometrice pentru identificarea organizatorilor \u0219i participan\u021bilor \u2014 accentu\u00e2nd conflictul cu UE.<\/p>\n<p>Decizia Cur\u021bii este \u00een linie cu pozi\u021bii juridice anterioare. Avocatul general al Cur\u021bii sus\u021binuse anterior c\u0103 Ungaria \u201es-a \u00eendep\u0103rtat semnificativ de modelul unei democra\u021bii constitu\u021bionale\u201d, critic\u00e2nd regulile pentru faptul c\u0103 \u201ese bazeaz\u0103 pe o judecat\u0103 de valoare potrivit c\u0103reia via\u021ba homosexual\u0103 \u0219i non-cisgen nu are aceea\u0219i valoare sau statut ca via\u021ba heterosexual\u0103 \u0219i cisgen\u201d.<\/p>\n<p>\u201eAm spus clar c\u0103, potrivit Tisza \u0219i milioanelor de cet\u0103\u021beni ungari care o sus\u021bin, fiecare poate tr\u0103i cu cine iube\u0219te, at\u00e2ta timp c\u00e2t nu \u00eencalc\u0103 legea \u0219i nu d\u0103uneaz\u0103 altora\u201d, a declarat P\u00e9ter Magyar dup\u0103 victoria sa electoral\u0103, sus\u021bin\u00e2nd totodat\u0103 organizarea mar\u0219urilor Pride \u00een numele dreptului la libertatea de \u00eentrunire.<\/p>\n<p>\u201eUngaria trebuie s\u0103 fie o \u021bar\u0103 \u00een care nimeni nu este stigmatizat pentru c\u0103 g\u00e2nde\u0219te diferit, pentru c\u0103 iube\u0219te pe cineva diferit de majoritate sau pentru c\u0103 crede altceva dec\u00e2t majoritatea\u201d, a ad\u0103ugat acesta.<\/p>\n<p>Executivul european poate acum s\u0103 adopte m\u0103suri suplimentare \u0219i s\u0103 solicite sanc\u021biuni financiare dac\u0103 Ungaria nu se conformeaz\u0103 hot\u0103r\u00e2rii.<\/p>\n<p>Comisia European\u0103, guvernul ungar aflat la final de mandat \u0219i delega\u021bia Tisza din Parlamentul European nu au r\u0103spuns imediat solicit\u0103rilor de comentarii privind decizia de mar\u021bi.<\/p>\n<\/div>\n<\/div>\n<\/div>\n<div class=\"e-shared-sec entry-sec\">\n<div class=\"e-shared-header h4\"><span>Distribuie<\/span><\/div>\n<div class=\"rbbsl tooltips-n effect-fadeout is-bg\"><a class=\"share-action share-trigger icon-facebook\" aria-label=\"Share on Facebook\" href=\"https:\/\/www.facebook.com\/sharer.php?u=https%3A%2F%2Fortodoxinfo.ro%2F2026%2F04%2F22%2Fincepe-caderea-ungariei-ursula-cere-lui-peter-magyar-sa-permita-accesul-copiilor-la-continut-lgbtq%2F\" data-title=\"Facebook\" rel=\"nofollow\"><span>Facebook<\/span><\/a><a class=\"share-action share-trigger icon-twitter\" aria-label=\"Share on X\" href=\"https:\/\/twitter.com\/intent\/tweet?text=%C3%8Encepe+c%C4%83derea+Ungariei%3A+Ursula+cere+%C3%AEi+lui+P%C3%A9ter+Magyar+s%C4%83+permit%C4%83+accesul+copiilor+la+con%C8%9Binut+LGBTQ%2B&amp;url=https%3A%2F%2Fortodoxinfo.ro%2F2026%2F04%2F22%2Fincepe-caderea-ungariei-ursula-cere-lui-peter-magyar-sa-permita-accesul-copiilor-la-continut-lgbtq%2F&amp;via=ortodoxinforo\" data-title=\"X\" rel=\"nofollow\"><span>X<\/span><\/a><a class=\"share-action icon-whatsapp is-web\" aria-label=\"Share on Whatsapp\" href=\"https:\/\/web.whatsapp.com\/send?text=%C3%8Encepe+c%C4%83derea+Ungariei%3A+Ursula+cere+%C3%AEi+lui+P%C3%A9ter+Magyar+s%C4%83+permit%C4%83+accesul+copiilor+la+con%C8%9Binut+LGBTQ%2B%20%E2%98%9E%20https%3A%2F%2Fortodoxinfo.ro%2F2026%2F04%2F22%2Fincepe-caderea-ungariei-ursula-cere-lui-peter-magyar-sa-permita-accesul-copiilor-la-continut-lgbtq%2F\" target=\"_blank\" data-title=\"WhatsApp\" rel=\"nofollow\"><span>Whatsapp<\/span><\/a><a class=\"share-action icon-whatsapp is-mobile\" aria-label=\"Share on Whatsapp\" href=\"\/\/send?text=%C3%8Encepe+c%C4%83derea+Ungariei%3A+Ursula+cere+%C3%AEi+lui+P%C3%A9ter+Magyar+s%C4%83+permit%C4%83+accesul+copiilor+la+con%C8%9Binut+LGBTQ%2B%20%E2%98%9E%20https%3A%2F%2Fortodoxinfo.ro%2F2026%2F04%2F22%2Fincepe-caderea-ungariei-ursula-cere-lui-peter-magyar-sa-permita-accesul-copiilor-la-continut-lgbtq%2F\" target=\"_blank\" data-title=\"WhatsApp\" rel=\"nofollow\"><span>Whatsapp<\/span><\/a><a class=\"share-action share-trigger icon-telegram\" aria-label=\"Share on Telegram\" href=\"https:\/\/t.me\/share\/?url=https%3A%2F%2Fortodoxinfo.ro%2F2026%2F04%2F22%2Fincepe-caderea-ungariei-ursula-cere-lui-peter-magyar-sa-permita-accesul-copiilor-la-continut-lgbtq%2F&amp;text=%C3%8Encepe+c%C4%83derea+Ungariei%3A+Ursula+cere+%C3%AEi+lui+P%C3%A9ter+Magyar+s%C4%83+permit%C4%83+accesul+copiilor+la+con%C8%9Binut+LGBTQ%2B\" data-title=\"Telegram\" rel=\"nofollow\"><span>Telegram<\/span><\/a><a class=\"share-action icon-copy copy-trigger\" aria-label=\"Copy Link\" href=\"https:\/\/ortodoxinfo.ro\/2026\/04\/22\/incepe-caderea-ungariei-ursula-cere-lui-peter-magyar-sa-permita-accesul-copiilor-la-continut-lgbtq\/\" data-copied=\"Copied!\" data-link=\"https:\/\/ortodoxinfo.ro\/2026\/04\/22\/incepe-caderea-ungariei-ursula-cere-lui-peter-magyar-sa-permita-accesul-copiilor-la-continut-lgbtq\/\" rel=\"nofollow\" data-copy=\"Copy Link\"><span>Copy Link<\/span><\/a><a class=\"share-action icon-print\" aria-label=\"Print\" rel=\"nofollow\" data-title=\"Print\"><span>Print<\/span><\/a><\/div>\n<\/div>\n<\/div>\n<div id=\"tabs\" class=\"dntplgn_form_wrapper\"><span><\/p>\n<h2>\u0218tirile sunt sub cenzur\u0103! Sprijini\u021bi OrtodoxINFO!<\/h2>\n<p>Guvernul nu dore\u0219te aflarea adev\u0103rului despre lovitura de stat \u0219i \u00eengenuncherea Rom\u00e2niei. \u00cencerc\u0103m s\u0103 men\u021binem viu acest site \u0219i s\u0103 v\u0103 punem la dispozi\u021bie informa\u021bii care s\u0103 fac\u0103 lumin\u0103 \u00een cea mai mare provocare pe care o tr\u0103im. Jurnalismul independent al portalului OrtodoxINFO func\u021bioneaz\u0103 strict cu ajutorul cititorilor.<br \/>\nNe pute\u021bi sprijini printr-o <b><a href=\"https:\/\/ortodoxinfo.ro\/donatii\/\">dona\u021bie bancar\u0103<\/a> sau prin PayPal, complet\u00e2nd formularul de mai jos.<\/b><\/span><\/p>\n<ul>\n<li><a href=\"https:\/\/ortodoxinfo.ro\/2026\/04\/22\/incepe-caderea-ungariei-ursula-cere-lui-peter-magyar-sa-permita-accesul-copiilor-la-continut-lgbtq\/#tabs-1\">Dona\u021bie lunar\u0103<\/a><\/li>\n<li><a href=\"https:\/\/ortodoxinfo.ro\/2026\/04\/22\/incepe-caderea-ungariei-ursula-cere-lui-peter-magyar-sa-permita-accesul-copiilor-la-continut-lgbtq\/#tabs-2\">Doar acum<\/a><\/li>\n<\/ul>\n<div id=\"tabs-1\"><img loading=\"lazy\" decoding=\"async\" alt border=\"0\" src=\"https:\/\/www.paypalobjects.com\/en_US\/i\/scr\/pixel.gif\" width=\"1\" height=\"1\"><\/div>\n<div id=\"tabs-2\">\n<p>\t\t     \u20ac<\/p>\n<p>\t\t    <img loading=\"lazy\" decoding=\"async\" alt border=\"0\" src=\"https:\/\/www.paypalobjects.com\/en_US\/i\/scr\/pixel.gif\" width=\"1\" height=\"1\"><\/div>\n<p>Mul\u021bumim celor care ne-au ajutat p\u00e2n\u0103 acum!\n\t<\/p><\/div>\n<div class=\"comment-box-wrap entry-sec\">\n<div class=\"comment-box-header\"><span class=\"h3\">Las\u0103 un comentariu<\/span><\/div>\n<div class=\"comment-holder no-comment\">\n<div id=\"comments\" class=\"comments-area\">\n<div id=\"respond\" class=\"comment-respond\">\n<h3 id=\"reply-title\" class=\"comment-reply-title\">Las\u0103 un r\u0103spuns <small><a rel=\"nofollow\" id=\"cancel-comment-reply-link\" href=\"https:\/\/ortodoxinfo.ro\/2026\/04\/22\/incepe-caderea-ungariei-ursula-cere-lui-peter-magyar-sa-permita-accesul-copiilor-la-continut-lgbtq\/#respond\">Anuleaz\u0103 r\u0103spunsul<\/a><\/small><\/h3>\n<p class=\"comment-notes\"><span id=\"email-notes\">Adresa ta de email nu va fi publicat\u0103.<\/span><span class=\"required-field-message\">C\u00e2mpurile obligatorii sunt marcate cu <span class=\"required\">*<\/span><\/span><\/p>\n<\/div>\n<\/div>\n<\/div>\n<\/div>\n<\/div>\n<div class=\"sidebar-wrap single-sidebar\">\n<div class=\"sidebar-inner clearfix\">\n<div id=\"widget-post-2\" class=\"widget rb-section w-sidebar clearfix widget-post\">\n<div class=\"block-h widget-heading heading-layout-1\">\n<div class=\"heading-inner\">\n<h4 class=\"heading-title\"><span>Articole recente<\/span><\/h4>\n<\/div>\n<\/div>\n<div class=\"widget-p-listing\">\n<div class=\"p-wrap p-small p-list-small-2\" data-pid=\"223147\">\n<div class=\"feat-holder\">\n<div class=\"p-featured ratio-v1\"><a class=\"p-flink\" href=\"https:\/\/ortodoxinfo.ro\/2026\/04\/22\/simion-anunta-ca-aur-va-vota-orice-motiune-impotriva-guvernului-bolojan-nu-suntem-convinsi-ca-psd-va-depune-o-motiune-de-cenzura-video\/\" title=\"Simion anun\u021b\u0103 c\u0103 AUR va vota orice mo\u021biune \u00eempotriva Guvernului Bolojan: \u201eNu suntem convin\u015fi c\u0103 PSD va depune o mo\u0163iune de cenzur\u0103\u201d \u2013 VIDEO\"><img decoding=\"async\" width=\"150\" height=\"150\" src=\"https:\/\/ortodoxinfo.ro\/wp-content\/uploads\/2026\/04\/1776858197_simion-150x150.jpg\" class=\"featured-img wp-post-image\" alt loading=\"lazy\"><\/a><\/div>\n<\/div>\n<div class=\"p-content\">\n<h5 class=\"entry-title\"><a class=\"p-url\" href=\"https:\/\/ortodoxinfo.ro\/2026\/04\/22\/simion-anunta-ca-aur-va-vota-orice-motiune-impotriva-guvernului-bolojan-nu-suntem-convinsi-ca-psd-va-depune-o-motiune-de-cenzura-video\/\" rel=\"bookmark\">Simion anun\u021b\u0103 c\u0103 AUR va vota orice mo\u021biune \u00eempotriva Guvernului Bolojan: \u201eNu suntem convin\u015fi c\u0103 PSD va depune o mo\u0163iune de cenzur\u0103\u201d \u2013 VIDEO<\/a><\/h5>\n<div class=\"p-meta\">\n<div class=\"meta-inner is-meta\"><span class=\"meta-el meta-date\"><time datetime=\"2026-04-22T15:05:51+03:00\">22 aprilie 2026<\/time><\/span><span class=\"meta-el meta-category meta-bold\"><a class=\"meta-separate category-19866\" href=\"https:\/\/ortodoxinfo.ro\/category\/lupta-pentru-romania\/\">Lupt\u0103 pentru Rom\u00e2nia<\/a><\/span><span class=\"meta-el meta-view\">2.5k vizualiz\u0103ri\t\t<\/span><\/div>\n<\/div>\n<\/div>\n<\/div>\n<div class=\"p-wrap p-small p-list-small-2\" data-pid=\"223069\">\n<div class=\"feat-holder\">\n<div class=\"p-featured ratio-v1\"><a class=\"p-flink\" href=\"https:\/\/ortodoxinfo.ro\/2026\/04\/22\/cu-13-la-alegeri-scursura-neo-marxista-dominic-fritz-anunta-ca-usr-e-gata-sa-preia-ministerele-psd-si-sa-tina-guvernul-in-functiune\/\" title=\"Cu 13% la alegeri, scursura neo-marxist\u0103, Dominic Fritz anun\u021b\u0103 c\u0103 USR e gata s\u0103 preia ministerele PSD \u0219i s\u0103 \u021bin\u0103 guvernul \u00een func\u021biune\"><img decoding=\"async\" width=\"150\" height=\"150\" src=\"https:\/\/ortodoxinfo.ro\/wp-content\/uploads\/2026\/04\/fritz-dominic-scaled-1-150x150.jpeg\" class=\"featured-img wp-post-image\" alt loading=\"lazy\"><\/a><\/div>\n<\/div>\n<div class=\"p-content\">\n<h5 class=\"entry-title\"><a class=\"p-url\" href=\"https:\/\/ortodoxinfo.ro\/2026\/04\/22\/cu-13-la-alegeri-scursura-neo-marxista-dominic-fritz-anunta-ca-usr-e-gata-sa-preia-ministerele-psd-si-sa-tina-guvernul-in-functiune\/\" rel=\"bookmark\">Cu 13% la alegeri, scursura neo-marxist\u0103, Dominic Fritz anun\u021b\u0103 c\u0103 USR e gata s\u0103 preia ministerele PSD \u0219i s\u0103 \u021bin\u0103 guvernul \u00een func\u021biune<\/a><\/h5>\n<div class=\"p-meta\">\n<div class=\"meta-inner is-meta\"><span class=\"meta-el meta-date\"><time datetime=\"2026-04-22T11:58:48+03:00\">22 aprilie 2026<\/time><\/span><span class=\"meta-el meta-category meta-bold\"><a class=\"meta-separate category-17748\" href=\"https:\/\/ortodoxinfo.ro\/category\/anti-sistem\/globalizare\/neo-marxism\/\">Neo-marxism<\/a><\/span><span class=\"meta-el meta-view\">5.2k vizualiz\u0103ri\t\t<\/span><\/div>\n<\/div>\n<\/div>\n<\/div>\n<div class=\"p-wrap p-small p-list-small-2\" data-pid=\"222971\">\n<div class=\"feat-holder\">\n<div class=\"p-featured ratio-v1\"><a class=\"p-flink\" href=\"https:\/\/ortodoxinfo.ro\/2026\/04\/22\/donald-trump-renunta-la-amenintari-voi-prelungi-incetarea-focului-pana-in-momentul-in-care-propunerea-iranului-va-fi-prezentata-si-discutiile-vor-fi-incheiate-intr-un-fel-sau-altul\/\" title=\"DONALD TRUMP renun\u021b\u0103 la amenin\u021b\u0103ri: Voi prelungi \u00eencetarea focului p\u00e2n\u0103 \u00een momentul \u00een care propunerea Iranului va fi prezentat\u0103 \u0219i discu\u021biile vor fi \u00eencheiate, \u00eentr-un fel sau altul\"><img decoding=\"async\" width=\"150\" height=\"150\" src=\"https:\/\/ortodoxinfo.ro\/wp-content\/uploads\/2026\/04\/donald-j-trump-voi-prelungi-incetarea-focului-pana-in-momentul-in-care-propunerea-iranului-va-fi-pre-150x150.png\" class=\"featured-img wp-post-image\" alt loading=\"lazy\"><\/a><\/div>\n<\/div>\n<div class=\"p-content\">\n<h5 class=\"entry-title\"><a class=\"p-url\" href=\"https:\/\/ortodoxinfo.ro\/2026\/04\/22\/donald-trump-renunta-la-amenintari-voi-prelungi-incetarea-focului-pana-in-momentul-in-care-propunerea-iranului-va-fi-prezentata-si-discutiile-vor-fi-incheiate-intr-un-fel-sau-altul\/\" rel=\"bookmark\">DONALD TRUMP renun\u021b\u0103 la amenin\u021b\u0103ri: Voi prelungi \u00eencetarea focului p\u00e2n\u0103 \u00een momentul \u00een care propunerea Iranului va fi prezentat\u0103 \u0219i discu\u021biile vor fi \u00eencheiate, \u00eentr-un fel sau altul<\/a><\/h5>\n<div class=\"p-meta\">\n<div class=\"meta-inner is-meta\"><span class=\"meta-el meta-date\"><time datetime=\"2026-04-22T07:51:41+03:00\">22 aprilie 2026<\/time><\/span><span class=\"meta-el meta-category meta-bold\"><a class=\"meta-separate category-20293\" href=\"https:\/\/ortodoxinfo.ro\/category\/anti-sistem\/al-iii-lea-razboi-mondial\/iran\/\">IRAN<\/a><\/span><span class=\"meta-el meta-view\">3.7k vizualiz\u0103ri\t\t<\/span><\/div>\n<\/div>\n<\/div>\n<\/div>\n<div class=\"p-wrap p-small p-list-small-2\" data-pid=\"222959\">\n<div class=\"feat-holder\">\n<div class=\"p-featured ratio-v1\"><a class=\"p-flink\" href=\"https:\/\/ortodoxinfo.ro\/2026\/04\/21\/coiful-de-la-cotofenesti-expus-pentru-prima-data-dupa-revenirea-sa-in-tara-unde-poate-fi-vazut\/\" title=\"Coiful de la Co\u021bofene\u0219ti, expus pentru prima dat\u0103 dup\u0103 revenirea sa \u00een \u021bar\u0103. Unde poate fi v\u0103zut\"><img decoding=\"async\" width=\"150\" height=\"150\" src=\"https:\/\/ortodoxinfo.ro\/wp-content\/uploads\/2026\/04\/coif_21052025-150x150.jpg\" class=\"featured-img wp-post-image\" alt loading=\"lazy\"><\/a><\/div>\n<\/div>\n<div class=\"p-content\">\n<h5 class=\"entry-title\"><a class=\"p-url\" href=\"https:\/\/ortodoxinfo.ro\/2026\/04\/21\/coiful-de-la-cotofenesti-expus-pentru-prima-data-dupa-revenirea-sa-in-tara-unde-poate-fi-vazut\/\" rel=\"bookmark\">Coiful de la Co\u021bofene\u0219ti, expus pentru prima dat\u0103 dup\u0103 revenirea sa \u00een \u021bar\u0103. Unde poate fi v\u0103zut<\/a><\/h5>\n<div class=\"p-meta\">\n<div class=\"meta-inner is-meta\"><span class=\"meta-el meta-date\"><time datetime=\"2026-04-21T22:34:38+03:00\">21 aprilie 2026<\/time><\/span><span class=\"meta-el meta-category meta-bold\"><a class=\"meta-separate category-576\" href=\"https:\/\/ortodoxinfo.ro\/category\/neamul-romanesc\/\">Neamul rom\u00e2nesc<\/a><\/span><span class=\"meta-el meta-view\">3.1k vizualiz\u0103ri\t\t<\/span><\/div>\n<\/div>\n<\/div>\n<\/div>\n<\/div>\n<\/div>\n<div id=\"custom_html-2\" class=\"widget_text widget rb-section w-sidebar clearfix widget_custom_html\">\n<div class=\"block-h widget-heading heading-layout-1\">\n<div class=\"heading-inner\">\n<h4 class=\"heading-title\"><span>DONA\u021aII \u00een cont bancar<\/span><\/h4>\n<\/div>\n<\/div>\n<div class=\"textwidget custom-html-widget\">\n<table class=\"donatii\">\n<tbody>\n<tr>\n<th colspan=\"2\"><strong><span>ASMIB<\/span><\/strong><\/th>\n<\/tr>\n<tr>\n<th>Cont LEI<\/th>\n<td>RO67CECEB00030RON2081955<\/td>\n<\/tr>\n<tr>\n<th>Cont EURO<\/th>\n<td>RO33CECEB000C1EUR2081978<\/td>\n<\/tr>\n<tr>\n<th>Cod SWIFT<\/th>\n<td>CECEROBU<\/td>\n<\/tr>\n<tr>\n<th colspan=\"2\"><strong>CEC BANK SA<\/strong><\/th>\n<\/tr>\n<\/tbody>\n<\/table>\n<\/div>\n<\/div>\n<\/div>\n<\/div>\n<\/div>\n<\/article>\n<div class=\"entry-content rbct clearfix is-highlight-shares\">\n<p><strong>Curtea de Justi\u021bie a Uniunii Europene a decis c\u0103 legisla\u021bia adoptat\u0103 de Budapesta \u00een 2021, care restric\u021bioneaz\u0103 accesul minorilor la con\u021binut legat de homosexualitate \u0219i identitate de gen, \u00eencalc\u0103 dreptul european \u0219i drepturile fundamentale. Viktor Orb\u00e1n interzisese referirile la homosexualitate \u00een mass-media accesibil\u0103 copiilor \u0219i interzisese mar\u0219urile Pride<\/strong>.\u00a0<strong>Hot\u0103r\u00e2rea vine \u00eentr-un moment politic critic, chiar \u00eenainte de plecarea lui Viktor Orb\u00e1n de la putere, \u0219i deschide calea pentru sanc\u021biuni financiare dac\u0103 Ungaria refuz\u0103 s\u0103 se conformeze, conform <a href=\"https:\/\/www.politico.eu\/article\/eu-top-court-strikes-down-hungarys-anti-lgbtq-rules\/\" target=\"_blank\" rel=\"noopener\">Politico<\/a>.<\/strong><\/p>\n<div class=\"inline-single-ad ad_single_index alignfull\">\n<div class=\"ad-wrap ad-script-wrap\">\n<div class=\"ad-script non-adsense edge-padding\">\n<div>\n\u203c\ufe0f\u203c\ufe0f NU recunoa\u0219tem ca pre\u0219edinte al Rom\u00e2niei pe marioneta retard\u0103 Nicu\u0219or Dan! Rom\u00e2ni, boicota\u021bi aceast\u0103 f\u0103c\u0103tur\u0103, care ne face \u021bara de r\u00e2s! NU rom\u00e2nii l-au votat pe Nicusoro\u0219 &#8211; cu unele excep\u021bii de persoane infantile, manipulabile \u0219i chiar idioate &#8211; ci l-au ajutat Maia Soro\u0219, Emanuel Macrou \u0219i tr\u0103d\u0103torii de la B.E.C. \u0219i CCR!<br \/>\n La \u00eenchisoare cu cei care au fraudat alegerile!\n<\/div>\n<\/div>\n<\/div>\n<\/div>\n<p>Ungaria a \u00eenc\u0103lcat legisla\u021bia Uniunii Europene atunci c\u00e2nd a interzis accesul copiilor la con\u021binut LGBTQ+, a decis mar\u021bi Curtea de Justi\u021bie a Uniunii Europene, ordon\u00e2nd Budapestei s\u0103 abroge legisla\u021bia respectiv\u0103.<\/p>\n<p>Hot\u0103r\u00e2rea de referin\u021b\u0103 reprezint\u0103 o lovitur\u0103 pentru mo\u0219tenirea premierului \u00een exerci\u021biu Viktor Orb\u00e1n, \u00een contextul \u00een care rivalul s\u0103u de lung\u0103 durat\u0103, P\u00e9ter Magyar, se preg\u0103te\u0219te s\u0103 preia func\u021bia luna viitoare.<\/p>\n<p>Restric\u021biile legislative impuse de Ungaria asupra reprezent\u0103rii LGBTQ+ \u00eencalc\u0103 o serie de legi ale UE \u0219i \u201econstituie o ingerin\u021b\u0103 deosebit de grav\u0103 \u00een mai multe drepturi fundamentale\u201d, a transmis Curtea \u00eentr-un comunicat de pres\u0103, d\u00e2nd dreptate procedurii de infringement ini\u021biate ini\u021bial de Comisia European\u0103.<\/p>\n<p>Cazul vizeaz\u0103 legea adoptat\u0103 de Ungaria \u00een 2021, care restric\u021bioneaz\u0103 sau interzice \u201epromovarea\u201d homosexualit\u0103\u021bii \u0219i a tranzi\u021biei de gen \u00een mass-media accesibil\u0103 copiilor, introdus\u0103 de Budapesta \u00een momentul transpunerii normelor UE din domeniul audiovizualului \u0219i a prevederilor privind protec\u021bia minorilor fa\u021b\u0103 de con\u021binutul d\u0103un\u0103tor.<\/p>\n<p>Comisia European\u0103 a trimis \u00een cele din urm\u0103 cazul \u00een fa\u021ba Cur\u021bii, fiind sus\u021binut\u0103 de 15 state membre \u0219i de Parlamentul European.<\/p>\n<p>\u201eLegea ungar\u0103 este o ru\u0219ine\u201d, declara \u00een 2021 pre\u0219edinta Comisiei, Ursula von der Leyen, promi\u021b\u00e2nd c\u0103 va folosi \u201etoate prerogativele Comisiei pentru a garanta drepturile tuturor cet\u0103\u021benilor UE, indiferent cine sunt \u0219i unde tr\u0103iesc\u201d.<\/p>\n<p>\u00cen ciuda acestor presiuni, guvernul ungar a continuat pe aceea\u0219i linie. Anul trecut, a interzis evenimentele Pride \u0219i a autorizat poli\u021bia s\u0103 foloseasc\u0103 camere biometrice pentru identificarea organizatorilor \u0219i participan\u021bilor \u2014 accentu\u00e2nd conflictul cu UE.<\/p>\n<p>Decizia Cur\u021bii este \u00een linie cu pozi\u021bii juridice anterioare. Avocatul general al Cur\u021bii sus\u021binuse anterior c\u0103 Ungaria \u201es-a \u00eendep\u0103rtat semnificativ de modelul unei democra\u021bii constitu\u021bionale\u201d, critic\u00e2nd regulile pentru faptul c\u0103 \u201ese bazeaz\u0103 pe o judecat\u0103 de valoare potrivit c\u0103reia via\u021ba homosexual\u0103 \u0219i non-cisgen nu are aceea\u0219i valoare sau statut ca via\u021ba heterosexual\u0103 \u0219i cisgen\u201d.<\/p>\n<p>\u201eAm spus clar c\u0103, potrivit Tisza \u0219i milioanelor de cet\u0103\u021beni ungari care o sus\u021bin, fiecare poate tr\u0103i cu cine iube\u0219te, at\u00e2ta timp c\u00e2t nu \u00eencalc\u0103 legea \u0219i nu d\u0103uneaz\u0103 altora\u201d, a declarat P\u00e9ter Magyar dup\u0103 victoria sa electoral\u0103, sus\u021bin\u00e2nd totodat\u0103 organizarea mar\u0219urilor Pride \u00een numele dreptului la libertatea de \u00eentrunire.<\/p>\n<p>\u201eUngaria trebuie s\u0103 fie o \u021bar\u0103 \u00een care nimeni nu este stigmatizat pentru c\u0103 g\u00e2nde\u0219te diferit, pentru c\u0103 iube\u0219te pe cineva diferit de majoritate sau pentru c\u0103 crede altceva dec\u00e2t majoritatea\u201d, a ad\u0103ugat acesta.<\/p>\n<p>Executivul european poate acum s\u0103 adopte m\u0103suri suplimentare \u0219i s\u0103 solicite sanc\u021biuni financiare dac\u0103 Ungaria nu se conformeaz\u0103 hot\u0103r\u00e2rii.<\/p>\n<p>Comisia European\u0103, guvernul ungar aflat la final de mandat \u0219i delega\u021bia Tisza din Parlamentul European nu au r\u0103spuns imediat solicit\u0103rilor de comentarii privind decizia de mar\u021bi.<\/p>\n<\/div>\n<p>[analyse_source url=&#8221;https:\/\/ortodoxinfo.ro\/2026\/04\/22\/incepe-caderea-ungariei-ursula-cere-lui-peter-magyar-sa-permita-accesul-copiilor-la-continut-lgbtq\/&#8221;]<\/p>\n","protected":false},"excerpt":{"rendered":"<p>[analyse_image type=&#8221;featured&#8221; src=&#8221;https:\/\/ortodoxinfo.ro\/wp-content\/uploads\/2026\/04\/ue-cere-noului-guvern-din-ungaria-sa-permita-accesul-copiilor-la-continut-lgbtq-82671.jpg&#8221;] \u00cencepe c\u0103derea Ungariei: Ursula cere \u00eei lui P\u00e9ter Magyar s\u0103 permit\u0103 accesul copiilor la con\u021binut LGBTQ+ 22 aprilie 2026Devia\u021bii sexuale16.3k vizualiz\u0103ri Comentarii Share 4 Min Read SHARE Curtea de Justi\u021bie a Uniunii Europene a decis c\u0103 legisla\u021bia adoptat\u0103 de Budapesta \u00een 2021, care restric\u021bioneaz\u0103 accesul minorilor la con\u021binut legat de homosexualitate \u0219i [&hellip;]<\/p>\n","protected":false},"author":1,"featured_media":0,"comment_status":"open","ping_status":"","sticky":false,"template":"","format":"standard","meta":{"footnotes":""},"categories":[89],"tags":[226,94],"class_list":["post-1897339","post","type-post","status-publish","format-standard","hentry","category-romania","tag-crawlmanager","tag-ortodoxinfo-ro"],"_links":{"self":[{"href":"https:\/\/analyse.optim.biz\/index.php?rest_route=\/wp\/v2\/posts\/1897339","targetHints":{"allow":["GET"]}}],"collection":[{"href":"https:\/\/analyse.optim.biz\/index.php?rest_route=\/wp\/v2\/posts"}],"about":[{"href":"https:\/\/analyse.optim.biz\/index.php?rest_route=\/wp\/v2\/types\/post"}],"author":[{"embeddable":true,"href":"https:\/\/analyse.optim.biz\/index.php?rest_route=\/wp\/v2\/users\/1"}],"replies":[{"embeddable":true,"href":"https:\/\/analyse.optim.biz\/index.php?rest_route=%2Fwp%2Fv2%2Fcomments&post=1897339"}],"version-history":[{"count":0,"href":"https:\/\/analyse.optim.biz\/index.php?rest_route=\/wp\/v2\/posts\/1897339\/revisions"}],"wp:attachment":[{"href":"https:\/\/analyse.optim.biz\/index.php?rest_route=%2Fwp%2Fv2%2Fmedia&parent=1897339"}],"wp:term":[{"taxonomy":"category","embeddable":true,"href":"https:\/\/analyse.optim.biz\/index.php?rest_route=%2Fwp%2Fv2%2Fcategories&post=1897339"},{"taxonomy":"post_tag","embeddable":true,"href":"https:\/\/analyse.optim.biz\/index.php?rest_route=%2Fwp%2Fv2%2Ftags&post=1897339"}],"curies":[{"name":"wp","href":"https:\/\/api.w.org\/{rel}","templated":true}]}}