{"id":1897336,"date":"2026-04-22T08:58:48","date_gmt":"2026-04-22T05:58:48","guid":{"rendered":"https:\/\/analyse.optim.biz\/?p=1897336"},"modified":"2026-04-22T08:58:48","modified_gmt":"2026-04-22T05:58:48","slug":"cu-13-la-alegeri-scursura-neo-marxista-dominic-fritz-anunta-ca-usr-e-gata-sa-preia-ministerele-psd-si-sa-tina-guvernul-in-functiune","status":"publish","type":"post","link":"https:\/\/analyse.optim.biz\/?p=1897336","title":{"rendered":"Cu 13% la alegeri, scursura neo-marxist\u0103, Dominic Fritz anun\u021b\u0103 c\u0103 USR e gata s\u0103 preia ministerele PSD \u0219i s\u0103 \u021bin\u0103 guvernul \u00een func\u021biune"},"content":{"rendered":"<p>[analyse_image type=&#8221;featured&#8221; src=&#8221;https:\/\/ortodoxinfo.ro\/wp-content\/uploads\/2026\/04\/fritz-dominic-scaled-1.jpeg&#8221;]<\/p>\n<article id=\"post-223069\" class=\"post-223069 post type-post status-publish format-standard has-post-thumbnail category-neo-marxism\">\n<header class=\"single-header\">\n<h1 class=\"s-title fw-headline\">Cu 13% la alegeri, scursura neo-marxist\u0103, Dominic Fritz anun\u021b\u0103 c\u0103 USR e gata s\u0103 preia ministerele PSD \u0219i s\u0103 \u021bin\u0103 guvernul \u00een func\u021biune<\/h1>\n<div class=\"single-meta meta-s-default yes-0\">\n<div class=\"smeta-in\"><a class=\"meta-el meta-avatar\" href=\"https:\/\/ortodoxinfo.ro\/author\/redactor\/\"><img loading=\"lazy\" decoding=\"async\" alt=\"OrtodoxINFO\" src=\"https:\/\/secure.gravatar.com\/avatar\/21010332354a182ce4de6016685c5586f21c51866d0ec5bc8ef383240b3c3e02?s=120&amp;r=g\" class=\"avatar avatar-120 photo\" height=\"120\" width=\"120\"><\/a><\/p>\n<div class=\"smeta-sec\">\n<div class=\"p-meta\">\n<div class=\"meta-inner is-meta\"><span class=\"meta-el meta-date\"><time datetime=\"2026-04-22T11:58:48+03:00\">22 aprilie 2026<\/time><\/span><span class=\"meta-el meta-category meta-bold\"><a class=\"meta-separate category-17748\" href=\"https:\/\/ortodoxinfo.ro\/category\/anti-sistem\/globalizare\/neo-marxism\/\">Neo-marxism<\/a><\/span><span class=\"meta-el meta-view\">5.2k vizualiz\u0103ri\t\t<\/span><span class=\"meta-el meta-comment mobile-last-meta tablet-last-meta\"><a href=\"https:\/\/ortodoxinfo.ro\/2026\/04\/22\/cu-13-la-alegeri-scursura-neo-marxista-dominic-fritz-anunta-ca-usr-e-gata-sa-preia-ministerele-psd-si-sa-tina-guvernul-in-functiune\/#respond\">Comentarii<\/a><\/span><\/div>\n<\/div>\n<\/div>\n<\/div>\n<div class=\"smeta-extra\">\n<div class=\"t-shared-sec tooltips-n has-read-meta is-color\">\n<div class=\"t-shared-header is-meta\"><span class=\"share-label\">Share<\/span><\/div>\n<\/div>\n<div class=\"single-right-meta single-time-read is-meta\"><span class=\"meta-el meta-read\">1 Min Read<\/span><\/div>\n<\/div>\n<\/div>\n<\/header>\n<div class=\"grid-container\">\n<div class=\"s-ct\">\n<div class=\"s-feat-outer\">\n<div class=\"s-feat\">\n<div class=\"featured-lightbox-trigger\" data-source=\"https:\/\/ortodoxinfo.ro\/wp-content\/uploads\/2026\/04\/fritz-dominic-scaled-1.jpeg\" data-caption data-attribution><img fetchpriority=\"high\" decoding=\"async\" width=\"860\" height=\"604\" src=\"https:\/\/ortodoxinfo.ro\/wp-content\/uploads\/2026\/04\/fritz-dominic-scaled-1-860x604.jpeg\" class=\"attachment-foxiz_crop_o1 size-foxiz_crop_o1 wp-post-image\" alt loading=\"eager\"><\/div>\n<\/div>\n<\/div>\n<div class=\"s-ct-wrap has-lsl\">\n<div class=\"s-ct-inner\">\n<div class=\"l-shared-sec-outer show-mobile\">\n<div class=\"l-shared-sec\">\n<div class=\"l-shared-header meta-text\"><span class=\"share-label\">SHARE<\/span><\/div>\n<\/div>\n<\/div>\n<div class=\"e-ct-outer\">\n<div class=\"entry-content rbct clearfix is-highlight-shares\">\n<div class=\"inline-single-ad ad_single_index alignfull\">\n<div class=\"ad-wrap ad-script-wrap\">\n<div class=\"ad-script non-adsense edge-padding\">\n<div>\n\u203c\ufe0f\u203c\ufe0f NU recunoa\u0219tem ca pre\u0219edinte al Rom\u00e2niei pe marioneta retard\u0103 Nicu\u0219or Dan! Rom\u00e2ni, boicota\u021bi aceast\u0103 f\u0103c\u0103tur\u0103, care ne face \u021bara de r\u00e2s! NU rom\u00e2nii l-au votat pe Nicusoro\u0219 &#8211; cu unele excep\u021bii de persoane infantile, manipulabile \u0219i chiar idioate &#8211; ci l-au ajutat Maia Soro\u0219, Emanuel Macrou \u0219i tr\u0103d\u0103torii de la B.E.C. \u0219i CCR!<br \/>\n La \u00eenchisoare cu cei care au fraudat alegerile!\n<\/div>\n<\/div>\n<\/div>\n<\/div>\n<p>Scursura neo-marxist\u0103,\u00a0 ce jigne\u0219te jum\u0103tate din rom\u00e2ni ca fiind extremi\u0219ti, Dominic Fritz, anun\u021b\u0103 c\u0103 USR este preg\u0103tit s\u0103 intervin\u0103 rapid \u00een cazul \u00een care PSD \u00ee\u0219i retrage mini\u0219trii din Guvern. Mesajul este clar: executivul trebuie s\u0103 r\u0103m\u00e2n\u0103 func\u021bional, iar reformele nu trebuie oprite.<\/p>\n<p>Fritz sus\u021bine c\u0103 mini\u0219trii USR sunt \u201e100% preg\u0103ti\u021bi\u201d s\u0103 asigure continuitatea guvern\u0103rii, inclusiv prin preluarea interimar\u0103 a portofoliilor r\u0103mase vacante. Miza principal\u0103 invocat\u0103 este men\u021binerea fluxului de fonduri europene, \u00een special din PNRR, dar \u0219i continuarea reformelor administrative.<\/p>\n<p>Declara\u021bia vine \u00eentr-un moment critic, \u00een care scenariul ie\u0219irii PSD de la guvernare devine tot mai probabil. \u00cen acest context, USR \u00eencearc\u0103 s\u0103 se pozi\u021bioneze ca for\u021b\u0103 de stabilitate, dispus\u0103 s\u0103 acopere rapid golurile l\u0103sate \u00een executiv.<\/p>\n<p>Totu\u0219i, o astfel de mi\u0219care ar \u00eensemna o presiune major\u0103 asupra capacit\u0103\u021bii administrative a USR \u0219i ar deschide \u00eentreb\u0103ri legate de sus\u021binerea parlamentar\u0103 necesar\u0103 pentru func\u021bionarea unui guvern f\u0103r\u0103 PSD.<\/p>\n<\/div>\n<\/div>\n<\/div>\n<div class=\"e-shared-sec entry-sec\">\n<div class=\"e-shared-header h4\"><span>Distribuie<\/span><\/div>\n<div class=\"rbbsl tooltips-n effect-fadeout is-bg\"><a class=\"share-action share-trigger icon-facebook\" aria-label=\"Share on Facebook\" href=\"https:\/\/www.facebook.com\/sharer.php?u=https%3A%2F%2Fortodoxinfo.ro%2F2026%2F04%2F22%2Fcu-13-la-alegeri-scursura-neo-marxista-dominic-fritz-anunta-ca-usr-e-gata-sa-preia-ministerele-psd-si-sa-tina-guvernul-in-functiune%2F\" data-title=\"Facebook\" rel=\"nofollow\"><span>Facebook<\/span><\/a><a class=\"share-action share-trigger icon-twitter\" aria-label=\"Share on X\" href=\"https:\/\/twitter.com\/intent\/tweet?text=Cu+13%25+la+alegeri%2C+scursura+neo-marxist%C4%83%2C+Dominic+Fritz+anun%C8%9B%C4%83+c%C4%83+USR+e+gata+s%C4%83+preia+ministerele+PSD+%C8%99i+s%C4%83+%C8%9Bin%C4%83+guvernul+%C3%AEn+func%C8%9Biune&amp;url=https%3A%2F%2Fortodoxinfo.ro%2F2026%2F04%2F22%2Fcu-13-la-alegeri-scursura-neo-marxista-dominic-fritz-anunta-ca-usr-e-gata-sa-preia-ministerele-psd-si-sa-tina-guvernul-in-functiune%2F&amp;via=ortodoxinforo\" data-title=\"X\" rel=\"nofollow\"><span>X<\/span><\/a><a class=\"share-action icon-whatsapp is-web\" aria-label=\"Share on Whatsapp\" href=\"https:\/\/web.whatsapp.com\/send?text=Cu+13%25+la+alegeri%2C+scursura+neo-marxist%C4%83%2C+Dominic+Fritz+anun%C8%9B%C4%83+c%C4%83+USR+e+gata+s%C4%83+preia+ministerele+PSD+%C8%99i+s%C4%83+%C8%9Bin%C4%83+guvernul+%C3%AEn+func%C8%9Biune%20%E2%98%9E%20https%3A%2F%2Fortodoxinfo.ro%2F2026%2F04%2F22%2Fcu-13-la-alegeri-scursura-neo-marxista-dominic-fritz-anunta-ca-usr-e-gata-sa-preia-ministerele-psd-si-sa-tina-guvernul-in-functiune%2F\" target=\"_blank\" data-title=\"WhatsApp\" rel=\"nofollow\"><span>Whatsapp<\/span><\/a><a class=\"share-action icon-whatsapp is-mobile\" aria-label=\"Share on Whatsapp\" href=\"\/\/send?text=Cu+13%25+la+alegeri%2C+scursura+neo-marxist%C4%83%2C+Dominic+Fritz+anun%C8%9B%C4%83+c%C4%83+USR+e+gata+s%C4%83+preia+ministerele+PSD+%C8%99i+s%C4%83+%C8%9Bin%C4%83+guvernul+%C3%AEn+func%C8%9Biune%20%E2%98%9E%20https%3A%2F%2Fortodoxinfo.ro%2F2026%2F04%2F22%2Fcu-13-la-alegeri-scursura-neo-marxista-dominic-fritz-anunta-ca-usr-e-gata-sa-preia-ministerele-psd-si-sa-tina-guvernul-in-functiune%2F\" target=\"_blank\" data-title=\"WhatsApp\" rel=\"nofollow\"><span>Whatsapp<\/span><\/a><a class=\"share-action share-trigger icon-telegram\" aria-label=\"Share on Telegram\" href=\"https:\/\/t.me\/share\/?url=https%3A%2F%2Fortodoxinfo.ro%2F2026%2F04%2F22%2Fcu-13-la-alegeri-scursura-neo-marxista-dominic-fritz-anunta-ca-usr-e-gata-sa-preia-ministerele-psd-si-sa-tina-guvernul-in-functiune%2F&amp;text=Cu+13%25+la+alegeri%2C+scursura+neo-marxist%C4%83%2C+Dominic+Fritz+anun%C8%9B%C4%83+c%C4%83+USR+e+gata+s%C4%83+preia+ministerele+PSD+%C8%99i+s%C4%83+%C8%9Bin%C4%83+guvernul+%C3%AEn+func%C8%9Biune\" data-title=\"Telegram\" rel=\"nofollow\"><span>Telegram<\/span><\/a><a class=\"share-action icon-copy copy-trigger\" aria-label=\"Copy Link\" href=\"https:\/\/ortodoxinfo.ro\/2026\/04\/22\/cu-13-la-alegeri-scursura-neo-marxista-dominic-fritz-anunta-ca-usr-e-gata-sa-preia-ministerele-psd-si-sa-tina-guvernul-in-functiune\/\" data-copied=\"Copied!\" data-link=\"https:\/\/ortodoxinfo.ro\/2026\/04\/22\/cu-13-la-alegeri-scursura-neo-marxista-dominic-fritz-anunta-ca-usr-e-gata-sa-preia-ministerele-psd-si-sa-tina-guvernul-in-functiune\/\" rel=\"nofollow\" data-copy=\"Copy Link\"><span>Copy Link<\/span><\/a><a class=\"share-action icon-print\" aria-label=\"Print\" rel=\"nofollow\" data-title=\"Print\"><span>Print<\/span><\/a><\/div>\n<\/div>\n<\/div>\n<div id=\"tabs\" class=\"dntplgn_form_wrapper\"><span><\/p>\n<h2>\u0218tirile sunt sub cenzur\u0103! Sprijini\u021bi OrtodoxINFO!<\/h2>\n<p>Guvernul nu dore\u0219te aflarea adev\u0103rului despre lovitura de stat \u0219i \u00eengenuncherea Rom\u00e2niei. \u00cencerc\u0103m s\u0103 men\u021binem viu acest site \u0219i s\u0103 v\u0103 punem la dispozi\u021bie informa\u021bii care s\u0103 fac\u0103 lumin\u0103 \u00een cea mai mare provocare pe care o tr\u0103im. Jurnalismul independent al portalului OrtodoxINFO func\u021bioneaz\u0103 strict cu ajutorul cititorilor.<br \/>\nNe pute\u021bi sprijini printr-o <b><a href=\"https:\/\/ortodoxinfo.ro\/donatii\/\">dona\u021bie bancar\u0103<\/a> sau prin PayPal, complet\u00e2nd formularul de mai jos.<\/b><\/span><\/p>\n<ul>\n<li><a href=\"https:\/\/ortodoxinfo.ro\/2026\/04\/22\/cu-13-la-alegeri-scursura-neo-marxista-dominic-fritz-anunta-ca-usr-e-gata-sa-preia-ministerele-psd-si-sa-tina-guvernul-in-functiune\/#tabs-1\">Dona\u021bie lunar\u0103<\/a><\/li>\n<li><a href=\"https:\/\/ortodoxinfo.ro\/2026\/04\/22\/cu-13-la-alegeri-scursura-neo-marxista-dominic-fritz-anunta-ca-usr-e-gata-sa-preia-ministerele-psd-si-sa-tina-guvernul-in-functiune\/#tabs-2\">Doar acum<\/a><\/li>\n<\/ul>\n<div id=\"tabs-1\"><img loading=\"lazy\" decoding=\"async\" alt border=\"0\" src=\"https:\/\/www.paypalobjects.com\/en_US\/i\/scr\/pixel.gif\" width=\"1\" height=\"1\"><\/div>\n<div id=\"tabs-2\">\n<p>\t\t     \u20ac<\/p>\n<p>\t\t    <img loading=\"lazy\" decoding=\"async\" alt border=\"0\" src=\"https:\/\/www.paypalobjects.com\/en_US\/i\/scr\/pixel.gif\" width=\"1\" height=\"1\"><\/div>\n<p>Mul\u021bumim celor care ne-au ajutat p\u00e2n\u0103 acum!\n\t<\/p><\/div>\n<div class=\"comment-box-wrap entry-sec\">\n<div class=\"comment-box-header\"><span class=\"h3\">Las\u0103 un comentariu<\/span><\/div>\n<div class=\"comment-holder no-comment\">\n<div id=\"comments\" class=\"comments-area\">\n<div id=\"respond\" class=\"comment-respond\">\n<h3 id=\"reply-title\" class=\"comment-reply-title\">Las\u0103 un r\u0103spuns <small><a rel=\"nofollow\" id=\"cancel-comment-reply-link\" href=\"https:\/\/ortodoxinfo.ro\/2026\/04\/22\/cu-13-la-alegeri-scursura-neo-marxista-dominic-fritz-anunta-ca-usr-e-gata-sa-preia-ministerele-psd-si-sa-tina-guvernul-in-functiune\/#respond\">Anuleaz\u0103 r\u0103spunsul<\/a><\/small><\/h3>\n<p class=\"comment-notes\"><span id=\"email-notes\">Adresa ta de email nu va fi publicat\u0103.<\/span><span class=\"required-field-message\">C\u00e2mpurile obligatorii sunt marcate cu <span class=\"required\">*<\/span><\/span><\/p>\n<\/div>\n<\/div>\n<\/div>\n<\/div>\n<\/div>\n<div class=\"sidebar-wrap single-sidebar\">\n<div class=\"sidebar-inner clearfix\">\n<div id=\"widget-post-2\" class=\"widget rb-section w-sidebar clearfix widget-post\">\n<div class=\"block-h widget-heading heading-layout-1\">\n<div class=\"heading-inner\">\n<h4 class=\"heading-title\"><span>Articole recente<\/span><\/h4>\n<\/div>\n<\/div>\n<div class=\"widget-p-listing\">\n<div class=\"p-wrap p-small p-list-small-2\" data-pid=\"223147\">\n<div class=\"feat-holder\">\n<div class=\"p-featured ratio-v1\"><a class=\"p-flink\" href=\"https:\/\/ortodoxinfo.ro\/2026\/04\/22\/simion-anunta-ca-aur-va-vota-orice-motiune-impotriva-guvernului-bolojan-nu-suntem-convinsi-ca-psd-va-depune-o-motiune-de-cenzura-video\/\" title=\"Simion anun\u021b\u0103 c\u0103 AUR va vota orice mo\u021biune \u00eempotriva Guvernului Bolojan: \u201eNu suntem convin\u015fi c\u0103 PSD va depune o mo\u0163iune de cenzur\u0103\u201d \u2013 VIDEO\"><img decoding=\"async\" width=\"150\" height=\"150\" src=\"https:\/\/ortodoxinfo.ro\/wp-content\/uploads\/2026\/04\/1776858197_simion-150x150.jpg\" class=\"featured-img wp-post-image\" alt loading=\"lazy\"><\/a><\/div>\n<\/div>\n<div class=\"p-content\">\n<h5 class=\"entry-title\"><a class=\"p-url\" href=\"https:\/\/ortodoxinfo.ro\/2026\/04\/22\/simion-anunta-ca-aur-va-vota-orice-motiune-impotriva-guvernului-bolojan-nu-suntem-convinsi-ca-psd-va-depune-o-motiune-de-cenzura-video\/\" rel=\"bookmark\">Simion anun\u021b\u0103 c\u0103 AUR va vota orice mo\u021biune \u00eempotriva Guvernului Bolojan: \u201eNu suntem convin\u015fi c\u0103 PSD va depune o mo\u0163iune de cenzur\u0103\u201d \u2013 VIDEO<\/a><\/h5>\n<div class=\"p-meta\">\n<div class=\"meta-inner is-meta\"><span class=\"meta-el meta-date\"><time datetime=\"2026-04-22T15:05:51+03:00\">22 aprilie 2026<\/time><\/span><span class=\"meta-el meta-category meta-bold\"><a class=\"meta-separate category-19866\" href=\"https:\/\/ortodoxinfo.ro\/category\/lupta-pentru-romania\/\">Lupt\u0103 pentru Rom\u00e2nia<\/a><\/span><span class=\"meta-el meta-view\">2.5k vizualiz\u0103ri\t\t<\/span><\/div>\n<\/div>\n<\/div>\n<\/div>\n<div class=\"p-wrap p-small p-list-small-2\" data-pid=\"222971\">\n<div class=\"feat-holder\">\n<div class=\"p-featured ratio-v1\"><a class=\"p-flink\" href=\"https:\/\/ortodoxinfo.ro\/2026\/04\/22\/donald-trump-renunta-la-amenintari-voi-prelungi-incetarea-focului-pana-in-momentul-in-care-propunerea-iranului-va-fi-prezentata-si-discutiile-vor-fi-incheiate-intr-un-fel-sau-altul\/\" title=\"DONALD TRUMP renun\u021b\u0103 la amenin\u021b\u0103ri: Voi prelungi \u00eencetarea focului p\u00e2n\u0103 \u00een momentul \u00een care propunerea Iranului va fi prezentat\u0103 \u0219i discu\u021biile vor fi \u00eencheiate, \u00eentr-un fel sau altul\"><img decoding=\"async\" width=\"150\" height=\"150\" src=\"https:\/\/ortodoxinfo.ro\/wp-content\/uploads\/2026\/04\/donald-j-trump-voi-prelungi-incetarea-focului-pana-in-momentul-in-care-propunerea-iranului-va-fi-pre-150x150.png\" class=\"featured-img wp-post-image\" alt loading=\"lazy\"><\/a><\/div>\n<\/div>\n<div class=\"p-content\">\n<h5 class=\"entry-title\"><a class=\"p-url\" href=\"https:\/\/ortodoxinfo.ro\/2026\/04\/22\/donald-trump-renunta-la-amenintari-voi-prelungi-incetarea-focului-pana-in-momentul-in-care-propunerea-iranului-va-fi-prezentata-si-discutiile-vor-fi-incheiate-intr-un-fel-sau-altul\/\" rel=\"bookmark\">DONALD TRUMP renun\u021b\u0103 la amenin\u021b\u0103ri: Voi prelungi \u00eencetarea focului p\u00e2n\u0103 \u00een momentul \u00een care propunerea Iranului va fi prezentat\u0103 \u0219i discu\u021biile vor fi \u00eencheiate, \u00eentr-un fel sau altul<\/a><\/h5>\n<div class=\"p-meta\">\n<div class=\"meta-inner is-meta\"><span class=\"meta-el meta-date\"><time datetime=\"2026-04-22T07:51:41+03:00\">22 aprilie 2026<\/time><\/span><span class=\"meta-el meta-category meta-bold\"><a class=\"meta-separate category-20293\" href=\"https:\/\/ortodoxinfo.ro\/category\/anti-sistem\/al-iii-lea-razboi-mondial\/iran\/\">IRAN<\/a><\/span><span class=\"meta-el meta-view\">3.7k vizualiz\u0103ri\t\t<\/span><\/div>\n<\/div>\n<\/div>\n<\/div>\n<div class=\"p-wrap p-small p-list-small-2\" data-pid=\"222977\">\n<div class=\"feat-holder\">\n<div class=\"p-featured ratio-v1\"><a class=\"p-flink\" href=\"https:\/\/ortodoxinfo.ro\/2026\/04\/22\/incepe-caderea-ungariei-ursula-cere-lui-peter-magyar-sa-permita-accesul-copiilor-la-continut-lgbtq\/\" title=\"\u00cencepe c\u0103derea Ungariei: Ursula cere \u00eei lui P\u00e9ter Magyar s\u0103 permit\u0103 accesul copiilor la con\u021binut LGBTQ+\"><img decoding=\"async\" width=\"150\" height=\"150\" src=\"https:\/\/ortodoxinfo.ro\/wp-content\/uploads\/2026\/04\/ue-cere-noului-guvern-din-ungaria-sa-permita-accesul-copiilor-la-continut-lgbtq-82671-150x150.jpg\" class=\"featured-img wp-post-image\" alt loading=\"lazy\"><\/a><\/div>\n<\/div>\n<div class=\"p-content\">\n<h5 class=\"entry-title\"><a class=\"p-url\" href=\"https:\/\/ortodoxinfo.ro\/2026\/04\/22\/incepe-caderea-ungariei-ursula-cere-lui-peter-magyar-sa-permita-accesul-copiilor-la-continut-lgbtq\/\" rel=\"bookmark\">\u00cencepe c\u0103derea Ungariei: Ursula cere \u00eei lui P\u00e9ter Magyar s\u0103 permit\u0103 accesul copiilor la con\u021binut LGBTQ+<\/a><\/h5>\n<div class=\"p-meta\">\n<div class=\"meta-inner is-meta\"><span class=\"meta-el meta-date\"><time datetime=\"2026-04-22T07:48:27+03:00\">22 aprilie 2026<\/time><\/span><span class=\"meta-el meta-category meta-bold\"><a class=\"meta-separate category-19869\" href=\"https:\/\/ortodoxinfo.ro\/category\/anti-sistem\/anti-familie\/deviatii-sexuale\/\">Devia\u021bii sexuale<\/a><\/span><span class=\"meta-el meta-view\">16.3k vizualiz\u0103ri\t\t<\/span><\/div>\n<\/div>\n<\/div>\n<\/div>\n<div class=\"p-wrap p-small p-list-small-2\" data-pid=\"222959\">\n<div class=\"feat-holder\">\n<div class=\"p-featured ratio-v1\"><a class=\"p-flink\" href=\"https:\/\/ortodoxinfo.ro\/2026\/04\/21\/coiful-de-la-cotofenesti-expus-pentru-prima-data-dupa-revenirea-sa-in-tara-unde-poate-fi-vazut\/\" title=\"Coiful de la Co\u021bofene\u0219ti, expus pentru prima dat\u0103 dup\u0103 revenirea sa \u00een \u021bar\u0103. Unde poate fi v\u0103zut\"><img decoding=\"async\" width=\"150\" height=\"150\" src=\"https:\/\/ortodoxinfo.ro\/wp-content\/uploads\/2026\/04\/coif_21052025-150x150.jpg\" class=\"featured-img wp-post-image\" alt loading=\"lazy\"><\/a><\/div>\n<\/div>\n<div class=\"p-content\">\n<h5 class=\"entry-title\"><a class=\"p-url\" href=\"https:\/\/ortodoxinfo.ro\/2026\/04\/21\/coiful-de-la-cotofenesti-expus-pentru-prima-data-dupa-revenirea-sa-in-tara-unde-poate-fi-vazut\/\" rel=\"bookmark\">Coiful de la Co\u021bofene\u0219ti, expus pentru prima dat\u0103 dup\u0103 revenirea sa \u00een \u021bar\u0103. Unde poate fi v\u0103zut<\/a><\/h5>\n<div class=\"p-meta\">\n<div class=\"meta-inner is-meta\"><span class=\"meta-el meta-date\"><time datetime=\"2026-04-21T22:34:38+03:00\">21 aprilie 2026<\/time><\/span><span class=\"meta-el meta-category meta-bold\"><a class=\"meta-separate category-576\" href=\"https:\/\/ortodoxinfo.ro\/category\/neamul-romanesc\/\">Neamul rom\u00e2nesc<\/a><\/span><span class=\"meta-el meta-view\">3.1k vizualiz\u0103ri\t\t<\/span><\/div>\n<\/div>\n<\/div>\n<\/div>\n<\/div>\n<\/div>\n<div id=\"custom_html-2\" class=\"widget_text widget rb-section w-sidebar clearfix widget_custom_html\">\n<div class=\"block-h widget-heading heading-layout-1\">\n<div class=\"heading-inner\">\n<h4 class=\"heading-title\"><span>DONA\u021aII \u00een cont bancar<\/span><\/h4>\n<\/div>\n<\/div>\n<div class=\"textwidget custom-html-widget\">\n<table class=\"donatii\">\n<tbody>\n<tr>\n<th colspan=\"2\"><strong><span>ASMIB<\/span><\/strong><\/th>\n<\/tr>\n<tr>\n<th>Cont LEI<\/th>\n<td>RO67CECEB00030RON2081955<\/td>\n<\/tr>\n<tr>\n<th>Cont EURO<\/th>\n<td>RO33CECEB000C1EUR2081978<\/td>\n<\/tr>\n<tr>\n<th>Cod SWIFT<\/th>\n<td>CECEROBU<\/td>\n<\/tr>\n<tr>\n<th colspan=\"2\"><strong>CEC BANK SA<\/strong><\/th>\n<\/tr>\n<\/tbody>\n<\/table>\n<\/div>\n<\/div>\n<\/div>\n<\/div>\n<\/div>\n<\/article>\n<div class=\"entry-content rbct clearfix is-highlight-shares\">\n<div class=\"inline-single-ad ad_single_index alignfull\">\n<div class=\"ad-wrap ad-script-wrap\">\n<div class=\"ad-script non-adsense edge-padding\">\n<div>\n\u203c\ufe0f\u203c\ufe0f NU recunoa\u0219tem ca pre\u0219edinte al Rom\u00e2niei pe marioneta retard\u0103 Nicu\u0219or Dan! Rom\u00e2ni, boicota\u021bi aceast\u0103 f\u0103c\u0103tur\u0103, care ne face \u021bara de r\u00e2s! NU rom\u00e2nii l-au votat pe Nicusoro\u0219 &#8211; cu unele excep\u021bii de persoane infantile, manipulabile \u0219i chiar idioate &#8211; ci l-au ajutat Maia Soro\u0219, Emanuel Macrou \u0219i tr\u0103d\u0103torii de la B.E.C. \u0219i CCR!<br \/>\n La \u00eenchisoare cu cei care au fraudat alegerile!\n<\/div>\n<\/div>\n<\/div>\n<\/div>\n<p>Scursura neo-marxist\u0103,\u00a0 ce jigne\u0219te jum\u0103tate din rom\u00e2ni ca fiind extremi\u0219ti, Dominic Fritz, anun\u021b\u0103 c\u0103 USR este preg\u0103tit s\u0103 intervin\u0103 rapid \u00een cazul \u00een care PSD \u00ee\u0219i retrage mini\u0219trii din Guvern. Mesajul este clar: executivul trebuie s\u0103 r\u0103m\u00e2n\u0103 func\u021bional, iar reformele nu trebuie oprite.<\/p>\n<p>Fritz sus\u021bine c\u0103 mini\u0219trii USR sunt \u201e100% preg\u0103ti\u021bi\u201d s\u0103 asigure continuitatea guvern\u0103rii, inclusiv prin preluarea interimar\u0103 a portofoliilor r\u0103mase vacante. Miza principal\u0103 invocat\u0103 este men\u021binerea fluxului de fonduri europene, \u00een special din PNRR, dar \u0219i continuarea reformelor administrative.<\/p>\n<p>Declara\u021bia vine \u00eentr-un moment critic, \u00een care scenariul ie\u0219irii PSD de la guvernare devine tot mai probabil. \u00cen acest context, USR \u00eencearc\u0103 s\u0103 se pozi\u021bioneze ca for\u021b\u0103 de stabilitate, dispus\u0103 s\u0103 acopere rapid golurile l\u0103sate \u00een executiv.<\/p>\n<p>Totu\u0219i, o astfel de mi\u0219care ar \u00eensemna o presiune major\u0103 asupra capacit\u0103\u021bii administrative a USR \u0219i ar deschide \u00eentreb\u0103ri legate de sus\u021binerea parlamentar\u0103 necesar\u0103 pentru func\u021bionarea unui guvern f\u0103r\u0103 PSD.<\/p>\n<\/div>\n<p>[analyse_source url=&#8221;https:\/\/ortodoxinfo.ro\/2026\/04\/22\/cu-13-la-alegeri-scursura-neo-marxista-dominic-fritz-anunta-ca-usr-e-gata-sa-preia-ministerele-psd-si-sa-tina-guvernul-in-functiune\/&#8221;]<\/p>\n","protected":false},"excerpt":{"rendered":"<p>[analyse_image type=&#8221;featured&#8221; src=&#8221;https:\/\/ortodoxinfo.ro\/wp-content\/uploads\/2026\/04\/fritz-dominic-scaled-1.jpeg&#8221;] Cu 13% la alegeri, scursura neo-marxist\u0103, Dominic Fritz anun\u021b\u0103 c\u0103 USR e gata s\u0103 preia ministerele PSD \u0219i s\u0103 \u021bin\u0103 guvernul \u00een func\u021biune 22 aprilie 2026Neo-marxism5.2k vizualiz\u0103ri Comentarii Share 1 Min Read SHARE \u203c\ufe0f\u203c\ufe0f NU recunoa\u0219tem ca pre\u0219edinte al Rom\u00e2niei pe marioneta retard\u0103 Nicu\u0219or Dan! Rom\u00e2ni, boicota\u021bi aceast\u0103 f\u0103c\u0103tur\u0103, care ne face [&hellip;]<\/p>\n","protected":false},"author":1,"featured_media":0,"comment_status":"open","ping_status":"","sticky":false,"template":"","format":"standard","meta":{"footnotes":""},"categories":[89],"tags":[226,94],"class_list":["post-1897336","post","type-post","status-publish","format-standard","hentry","category-romania","tag-crawlmanager","tag-ortodoxinfo-ro"],"_links":{"self":[{"href":"https:\/\/analyse.optim.biz\/index.php?rest_route=\/wp\/v2\/posts\/1897336","targetHints":{"allow":["GET"]}}],"collection":[{"href":"https:\/\/analyse.optim.biz\/index.php?rest_route=\/wp\/v2\/posts"}],"about":[{"href":"https:\/\/analyse.optim.biz\/index.php?rest_route=\/wp\/v2\/types\/post"}],"author":[{"embeddable":true,"href":"https:\/\/analyse.optim.biz\/index.php?rest_route=\/wp\/v2\/users\/1"}],"replies":[{"embeddable":true,"href":"https:\/\/analyse.optim.biz\/index.php?rest_route=%2Fwp%2Fv2%2Fcomments&post=1897336"}],"version-history":[{"count":0,"href":"https:\/\/analyse.optim.biz\/index.php?rest_route=\/wp\/v2\/posts\/1897336\/revisions"}],"wp:attachment":[{"href":"https:\/\/analyse.optim.biz\/index.php?rest_route=%2Fwp%2Fv2%2Fmedia&parent=1897336"}],"wp:term":[{"taxonomy":"category","embeddable":true,"href":"https:\/\/analyse.optim.biz\/index.php?rest_route=%2Fwp%2Fv2%2Fcategories&post=1897336"},{"taxonomy":"post_tag","embeddable":true,"href":"https:\/\/analyse.optim.biz\/index.php?rest_route=%2Fwp%2Fv2%2Ftags&post=1897336"}],"curies":[{"name":"wp","href":"https:\/\/api.w.org\/{rel}","templated":true}]}}