{"id":1897162,"date":"2026-04-22T05:41:11","date_gmt":"2026-04-22T02:41:11","guid":{"rendered":"https:\/\/analyse.optim.biz\/?p=1897162"},"modified":"2026-04-22T05:41:11","modified_gmt":"2026-04-22T02:41:11","slug":"ciprian-ciucu-nicusor-dan-ar-trebui-sa-il-tempereze-pe-grindeanu","status":"publish","type":"post","link":"https:\/\/analyse.optim.biz\/?p=1897162","title":{"rendered":"Ciprian Ciucu: \u201dNicu\u0219or Dan ar trebui s\u0103 \u00eel tempereze pe Grindeanu\u201d"},"content":{"rendered":"<p>[analyse_image type=&#8221;featured&#8221; src=&#8221;https:\/\/media.realitatea.net\/multimedia\/image\/202512\/w1920\/594834047_1878877382740207_7334869697200241251_n_962bdbff41.jpg&#8221;]<\/p>\n<div class=\"article-box-content\">\n&lt;!&#8211;            <\/p>\n<div class=\"article-box-content\" role=\"section\" aria-label=\"Con&#539;inutul articolului\">&#8211;&gt;<\/p>\n<div id=\"digital-atelier-mobile\"><\/div>\n<div id=\"permanent-position-before-content\"><\/div>\n<div id=\"digital-atelier-desktop\"><\/div>\n<div class=\"realitatea-article-content-box\">\n<p>Liberalul spune c\u0103 pre\u0219edintele ar trebui s\u0103 \u00eel ia deoparte pe<a href=\"https:\/\/www.realitatea.net\/stiri\/actual\/ultima-ora-sorin-grindeanu-pregatit-sa-isi-dea-demisia-de-la-camera-deputatilor_69e8589e2662d51f284dab92\" target=\"_blank\" rel=\"noopener\"><span><strong> Sorin Grindeanu<\/strong> <\/span><\/a>pentru a-l tempera.\u00a0<\/p>\n<div id=\"adocean-mobile-positon\">\n<div data-ao-pid=\"1s3nVeO8d7fVQQxZ8qBwmwF8nJdHUjAHhp2PqUhQfRb.D7\"><\/div>\n<\/p><\/div>\n<p>Ciprian Ciucu \u00eel acuz\u0103 pe liderul PSD c\u0103 \u00eentre\u021bine conflictul politic \u0219i cere interven\u021bia lui Nicu\u0219or Dan pentru a pune cap\u0103t scandalului.\u00a0<\/p>\n<p>Totodat\u0103, edilul sus\u021bine c\u0103 Rom\u00e2nia pierde timp pre\u021bios \u00een lupte de orgolii, \u00een timp ce problemele reale r\u0103m\u00e2n nerezolvate.\u00a0<\/p>\n<p>Mai mult, el se arat\u0103 \u00eengrijorat de summitul B9 g\u0103zduit de pre\u0219edintele Nicu\u0219or Dan la Bucure\u0219ti \u0219i sugereaz\u0103 c\u0103 acum nu e cazul pentru astfel de crize politice.\u00a0<\/p>\n<div id=\"truvid-desktop-postion\"><\/div>\n<div id=\"truvid-mobile-postion\"><\/div>\n<div id=\"adocean-desktop-positon\">\n<div data-ao-pid=\"1s3nVeO8d7fVQQxZ8qBwmwF8nJdHUjAHhp2PqUhQfRb.D7\"><\/div>\n<\/div>\n<\/div>\n<div data-ao-pid=\"acVcznEUnS79iL7oRf2OfNAAE8XviPKkQ6AW09XriFv.87\"><\/div>\n<div class=\"realitatea-add\">\n<div class=\"realitatea-in-article-partner\"><\/div>\n<\/div>\n<div class=\"realitatea-partners-news realitatea-partners-design\">\n<hr class=\"realitatea-partners-news-hr\">\n<div class=\"d-flex justify-content-center w-100 flex-row mt-5 mb-5\">\n                                <!--  &amp; \/32628511\/Realitatea.netV2_articol_mobile\/300x250_1 --><\/p>\n<div id=\"div-gpt-ad-1625071005196-0\"><\/div>\n<\/p><\/div>\n<hr class=\"realitatea-partners-news-hr\">\n<article class>\n<div class=\"article-box-image\">\n<figure>\n                    <a href=\"https:\/\/www.tabu.ro\/designerul-care-a-socat-cu-o-colectie-inspirata-din-tragedia-de-la-colectiv-a-murit-la-doar-42-de-ani\/\" data-href=\"\/\/locale.realitatea.net\/2026\/04\/c2fa3a143eb31f2c6066b5b4832e3c96.jpg\" class=\"progressive replace\" title=\"Designerul care a \u0219ocat cu o colec\u021bie inspirat\u0103 din tragedia de la Colectiv a murit la doar 42 de ani\" rel=\"noopener external nofollow\" target=\"_blank\"><br \/>\n                                    <img decoding=\"async\" src=\"https:\/\/media.realitatea.net\/multimedia\/placeholder\/placeholder-article.webp\" class=\"preview w-100\" alt=\"Articol partener\"><br \/>\n                    <\/a><br \/>\n                <\/figure>\n<\/p><\/div>\n<div class=\"article-box-section\">\n<h3>TABU.RO<\/h3>\n<\/p><\/div>\n<div class=\"article-box-title\">\n                <a href=\"https:\/\/www.tabu.ro\/designerul-care-a-socat-cu-o-colectie-inspirata-din-tragedia-de-la-colectiv-a-murit-la-doar-42-de-ani\/\" title=\"Designerul care a \u0219ocat cu o colec\u021bie inspirat\u0103 din tragedia de la Colectiv a murit la doar 42 de ani\" rel=\"noopener external nofollow\" target=\"_blank\"><br \/>\n                    <span>Designerul care a \u0219ocat cu o colec\u021bie inspirat\u0103 din tragedia de la Colectiv a murit la doar 42 de ani<\/span><br \/>\n                <\/a>\n            <\/div>\n<\/article>\n<hr class=\"realitatea-partners-news-hr\">\n            <\/div>\n<\/p><\/div>\n<div class=\"articleBody\" data-key=\"articleBody\">Liberalul spune ca presedintele ar trebui sa il ia deoparte pe Sorin Grindeanu pentru a-l tempera. Ciprian Ciucu il acuza pe liderul PSD ca intretine conflictul politic si cere interventia lui Nicusor Dan pentru a pune capat scandalului. Totodata, edilul sustine ca Romania pierde timp pretios in lupte de orgolii, in timp ce problemele reale raman nerezolvate. Mai mult, el se arata ingrijorat de summitul B9 gazduit de presedintele Nicusor Dan la Bucuresti si sugereaza ca acum nu e cazul pentru astfel de crize politice. <\/div>\n<\/p>\n<p>[analyse_source url=&#8221;https:\/\/www.realitatea.net\/stiri\/actual\/ciprian-ciucu-nicusor-dan-ar-trebui-sa-il-tempereze-pe-grindeanu_69e85f775afa5514af773232&#8243;]<\/p>\n","protected":false},"excerpt":{"rendered":"<p>[analyse_image type=&#8221;featured&#8221; src=&#8221;https:\/\/media.realitatea.net\/multimedia\/image\/202512\/w1920\/594834047_1878877382740207_7334869697200241251_n_962bdbff41.jpg&#8221;] &lt;!&#8211; &#8211;&gt; Liberalul spune c\u0103 pre\u0219edintele ar trebui s\u0103 \u00eel ia deoparte pe Sorin Grindeanu pentru a-l tempera.\u00a0 Ciprian Ciucu \u00eel acuz\u0103 pe liderul PSD c\u0103 \u00eentre\u021bine conflictul politic \u0219i cere interven\u021bia lui Nicu\u0219or Dan pentru a pune cap\u0103t scandalului.\u00a0 Totodat\u0103, edilul sus\u021bine c\u0103 Rom\u00e2nia pierde timp pre\u021bios \u00een lupte de orgolii, [&hellip;]<\/p>\n","protected":false},"author":1,"featured_media":0,"comment_status":"open","ping_status":"","sticky":false,"template":"","format":"standard","meta":{"footnotes":""},"categories":[89],"tags":[226,15],"class_list":["post-1897162","post","type-post","status-publish","format-standard","hentry","category-romania","tag-crawlmanager","tag-realitatea-net"],"_links":{"self":[{"href":"https:\/\/analyse.optim.biz\/index.php?rest_route=\/wp\/v2\/posts\/1897162","targetHints":{"allow":["GET"]}}],"collection":[{"href":"https:\/\/analyse.optim.biz\/index.php?rest_route=\/wp\/v2\/posts"}],"about":[{"href":"https:\/\/analyse.optim.biz\/index.php?rest_route=\/wp\/v2\/types\/post"}],"author":[{"embeddable":true,"href":"https:\/\/analyse.optim.biz\/index.php?rest_route=\/wp\/v2\/users\/1"}],"replies":[{"embeddable":true,"href":"https:\/\/analyse.optim.biz\/index.php?rest_route=%2Fwp%2Fv2%2Fcomments&post=1897162"}],"version-history":[{"count":0,"href":"https:\/\/analyse.optim.biz\/index.php?rest_route=\/wp\/v2\/posts\/1897162\/revisions"}],"wp:attachment":[{"href":"https:\/\/analyse.optim.biz\/index.php?rest_route=%2Fwp%2Fv2%2Fmedia&parent=1897162"}],"wp:term":[{"taxonomy":"category","embeddable":true,"href":"https:\/\/analyse.optim.biz\/index.php?rest_route=%2Fwp%2Fv2%2Fcategories&post=1897162"},{"taxonomy":"post_tag","embeddable":true,"href":"https:\/\/analyse.optim.biz\/index.php?rest_route=%2Fwp%2Fv2%2Ftags&post=1897162"}],"curies":[{"name":"wp","href":"https:\/\/api.w.org\/{rel}","templated":true}]}}