{"id":1897155,"date":"2026-04-22T05:36:57","date_gmt":"2026-04-22T02:36:57","guid":{"rendered":"https:\/\/analyse.optim.biz\/?p=1897155"},"modified":"2026-04-22T05:36:57","modified_gmt":"2026-04-22T02:36:57","slug":"anestezia-locala-in-cabinetul-stomatologic","status":"publish","type":"post","link":"https:\/\/analyse.optim.biz\/?p=1897155","title":{"rendered":"Anestezia local\u0103 \u00een cabinetul stomatologic"},"content":{"rendered":"<p>[analyse_image type=&#8221;featured&#8221; src=&#8221;https:\/\/media.realitatea.net\/multimedia\/image\/202501\/w1920\/dentist-poza_c79d5ccd38.jpg&#8221;]<\/p>\n<div class=\"article-box-content\">\n&lt;!&#8211;            <\/p>\n<div class=\"article-box-content\" role=\"section\" aria-label=\"Con&#539;inutul articolului\">&#8211;&gt;<\/p>\n<div class=\"realitatea-article-content-box\">\n<p>Anestezia dentar\u0103 presupune administrarea unui anestezic local care blocheaz\u0103 temporar transmiterea durerii din zona tratat\u0103. Poate fi anestezie prin infiltra\u021bie, \u00een jurul dintelui, sau anestezie troncular\u0103, adic\u0103 pe un nerv, \u00een func\u021bie de interven\u021bie. Efectul apare de obicei \u00een c\u00e2teva minute \u0219i dureaz\u0103 suficient pentru majoritatea procedurilor.<\/p>\n<div id=\"adocean-mobile-positon\">\n<div data-ao-pid=\"1s3nVeO8d7fVQQxZ8qBwmwF8nJdHUjAHhp2PqUhQfRb.D7\"><\/div>\n<\/p><\/div>\n<p>Este util ca pacientul s\u0103 informeze medicul despre alergii, boli cardiace, sarcin\u0103, tratamente anticoagulante sau episoade anterioare nepl\u0103cute. Amor\u021beala local\u0103 dup\u0103 o <a href=\"https:\/\/www.sanador.ro\/anestezie-dentara\">anestezie dentar\u0103<\/a> este normal\u0103, iar mu\u0219carea accidental\u0103 a obrazului sau limbii este o problem\u0103 frecvent\u0103 la copii. Dac\u0103 apar reac\u021bii neobi\u0219nuite, ca dificult\u0103\u021bile de respira\u021bie sau erup\u021bii extinse, este necesar\u0103 o evaluare medical\u0103 rapid\u0103.<\/p>\n<div id=\"truvid-mobile-postion\"><\/div>\n<div id=\"adocean-desktop-positon\">\n<div data-ao-pid=\"1s3nVeO8d7fVQQxZ8qBwmwF8nJdHUjAHhp2PqUhQfRb.D7\"><\/div>\n<\/div>\n<p>Ai grij\u0103 de tine!<\/p>\n<\/p>\n<p>Articol sus\u021binut de SANADOR, mai multe detalii pe <a href=\"https:\/\/www.sanador.ro\/\">www.sanador.ro<\/a>.<\/p>\n<div id=\"truvid-desktop-postion\"><\/div>\n<\/div>\n<div class=\"realitatea-add\">\n<div class=\"realitatea-in-article-partner\"><\/div>\n<\/div>\n<div class=\"realitatea-partners-news realitatea-partners-design\">\n<hr class=\"realitatea-partners-news-hr\">\n<div class=\"d-flex justify-content-center w-100 flex-row mt-5 mb-5\">\n                                <!--  &amp; \/32628511\/Realitatea.netV2_articol_mobile\/300x250_1 --><\/p>\n<div id=\"div-gpt-ad-1625071005196-0\"><\/div>\n<\/p><\/div>\n<hr class=\"realitatea-partners-news-hr\">\n<article class>\n<div class=\"article-box-image\">\n<figure>\n                    <a href=\"https:\/\/www.tabu.ro\/designerul-care-a-socat-cu-o-colectie-inspirata-din-tragedia-de-la-colectiv-a-murit-la-doar-42-de-ani\/\" data-href=\"\/\/locale.realitatea.net\/2026\/04\/c2fa3a143eb31f2c6066b5b4832e3c96.jpg\" class=\"progressive replace\" title=\"Designerul care a \u0219ocat cu o colec\u021bie inspirat\u0103 din tragedia de la Colectiv a murit la doar 42 de ani\" rel=\"noopener external nofollow\" target=\"_blank\"><br \/>\n                                    <img decoding=\"async\" src=\"https:\/\/media.realitatea.net\/multimedia\/placeholder\/placeholder-article.webp\" class=\"preview w-100\" alt=\"Articol partener\"><br \/>\n                    <\/a><br \/>\n                <\/figure>\n<\/p><\/div>\n<div class=\"article-box-section\">\n<h3>TABU.RO<\/h3>\n<\/p><\/div>\n<div class=\"article-box-title\">\n                <a href=\"https:\/\/www.tabu.ro\/designerul-care-a-socat-cu-o-colectie-inspirata-din-tragedia-de-la-colectiv-a-murit-la-doar-42-de-ani\/\" title=\"Designerul care a \u0219ocat cu o colec\u021bie inspirat\u0103 din tragedia de la Colectiv a murit la doar 42 de ani\" rel=\"noopener external nofollow\" target=\"_blank\"><br \/>\n                    <span>Designerul care a \u0219ocat cu o colec\u021bie inspirat\u0103 din tragedia de la Colectiv a murit la doar 42 de ani<\/span><br \/>\n                <\/a>\n            <\/div>\n<\/article>\n<hr class=\"realitatea-partners-news-hr\">\n            <\/div>\n<\/p><\/div>\n<div class=\"articleBody\" data-key=\"articleBody\">Anestezia dentara presupune administrarea unui anestezic local care blocheaza temporar transmiterea durerii din zona tratata. Poate fi anestezie prin infiltratie, in jurul dintelui, sau anestezie tronculara, adica pe un nerv, in functie de interventie. Efectul apare de obicei in cateva minute si dureaza suficient pentru majoritatea procedurilor.Este util ca pacientul sa informeze medicul despre alergii, boli cardiace, sarcina, tratamente anticoagulante sau episoade anterioare neplacute. Amorteala locala dupa o anestezie dentara este normala, iar muscarea accidentala a obrazului sau limbii este o problema frecventa la copii. Daca apar reactii neobisnuite, ca dificultatile de respiratie sau eruptii extinse, este necesara o evaluare medicala rapida.Ai grija de tine!Articol sustinut de SANADOR, mai multe detalii pe www.sanador.ro.<\/div>\n<\/p>\n<p>[analyse_source url=&#8221;https:\/\/www.realitatea.net\/stiri\/sanatate\/anestezia-locala-in-cabinetul-stomatologic_69e85e798d8ab37f6977d2cd&#8221;]<\/p>\n","protected":false},"excerpt":{"rendered":"<p>[analyse_image type=&#8221;featured&#8221; src=&#8221;https:\/\/media.realitatea.net\/multimedia\/image\/202501\/w1920\/dentist-poza_c79d5ccd38.jpg&#8221;] &lt;!&#8211; &#8211;&gt; Anestezia dentar\u0103 presupune administrarea unui anestezic local care blocheaz\u0103 temporar transmiterea durerii din zona tratat\u0103. Poate fi anestezie prin infiltra\u021bie, \u00een jurul dintelui, sau anestezie troncular\u0103, adic\u0103 pe un nerv, \u00een func\u021bie de interven\u021bie. Efectul apare de obicei \u00een c\u00e2teva minute \u0219i dureaz\u0103 suficient pentru majoritatea procedurilor. Este util ca [&hellip;]<\/p>\n","protected":false},"author":1,"featured_media":0,"comment_status":"open","ping_status":"","sticky":false,"template":"","format":"standard","meta":{"footnotes":""},"categories":[89],"tags":[226,15],"class_list":["post-1897155","post","type-post","status-publish","format-standard","hentry","category-romania","tag-crawlmanager","tag-realitatea-net"],"_links":{"self":[{"href":"https:\/\/analyse.optim.biz\/index.php?rest_route=\/wp\/v2\/posts\/1897155","targetHints":{"allow":["GET"]}}],"collection":[{"href":"https:\/\/analyse.optim.biz\/index.php?rest_route=\/wp\/v2\/posts"}],"about":[{"href":"https:\/\/analyse.optim.biz\/index.php?rest_route=\/wp\/v2\/types\/post"}],"author":[{"embeddable":true,"href":"https:\/\/analyse.optim.biz\/index.php?rest_route=\/wp\/v2\/users\/1"}],"replies":[{"embeddable":true,"href":"https:\/\/analyse.optim.biz\/index.php?rest_route=%2Fwp%2Fv2%2Fcomments&post=1897155"}],"version-history":[{"count":0,"href":"https:\/\/analyse.optim.biz\/index.php?rest_route=\/wp\/v2\/posts\/1897155\/revisions"}],"wp:attachment":[{"href":"https:\/\/analyse.optim.biz\/index.php?rest_route=%2Fwp%2Fv2%2Fmedia&parent=1897155"}],"wp:term":[{"taxonomy":"category","embeddable":true,"href":"https:\/\/analyse.optim.biz\/index.php?rest_route=%2Fwp%2Fv2%2Fcategories&post=1897155"},{"taxonomy":"post_tag","embeddable":true,"href":"https:\/\/analyse.optim.biz\/index.php?rest_route=%2Fwp%2Fv2%2Ftags&post=1897155"}],"curies":[{"name":"wp","href":"https:\/\/api.w.org\/{rel}","templated":true}]}}