{"id":1897146,"date":"2026-04-22T05:28:37","date_gmt":"2026-04-22T02:28:37","guid":{"rendered":"https:\/\/analyse.optim.biz\/?p=1897146"},"modified":"2026-04-22T05:28:37","modified_gmt":"2026-04-22T02:28:37","slug":"defectele-coifului-de-la-cotofenesti-managerul-mnir-a-dezvaluit-starea-in-care-a-fost-recuperat-tezaurul-de-aur-dupa-atacul-cu-explozibil-vom-stabili-cum-va-fi-restaurat","status":"publish","type":"post","link":"https:\/\/analyse.optim.biz\/?p=1897146","title":{"rendered":"Defectele Coifului de la Co\u021bofene\u0219ti: managerul MNIR a dezv\u0103luit starea \u00een care a fost recuperat tezaurul de aur dup\u0103 atacul cu explozibil: \u201eVom stabili cum va fi restaurat\u201d"},"content":{"rendered":"<p>[analyse_image type=&#8221;featured&#8221; src=&#8221;https:\/\/media.realitatea.net\/multimedia\/image\/202604\/w1920\/coiful-cotofenesti_3762335d76.jpg&#8221;]<\/p>\n<div class=\"article-box-content\">\n&lt;!&#8211;            <\/p>\n<div class=\"article-box-content\" role=\"section\" aria-label=\"Con&#539;inutul articolului\">&#8211;&gt;<\/p>\n<div id=\"digital-atelier-mobile\"><\/div>\n<div id=\"permanent-position-before-content\"><\/div>\n<div id=\"digital-atelier-desktop\"><\/div>\n<div class=\"realitatea-article-content-box\">\n<p>Managerul interimar al muzeului, Cornel Ilie, a dat asigur\u0103ri c\u0103 autenticitatea pieselor nu ridic\u0103 niciun semn de \u00eentrebare, iar coiful, de\u0219i u\u0219or deformat, va fi restaurat conform standardelor. Oficialii subliniaz\u0103 c\u0103 revenirea acestor obiecte reprezint\u0103 un moment important pentru patrimoniul na\u021bional \u0219i pentru cooperarea interna\u021bional\u0103.<\/p>\n<div id=\"adocean-mobile-positon\">\n<div data-ao-pid=\"1s3nVeO8d7fVQQxZ8qBwmwF8nJdHUjAHhp2PqUhQfRb.D7\"><\/div>\n<\/p><\/div>\n<h2>Oficial olandez: \u201eTezaurul european este din nou acolo unde \u00eei este locul\u201d<\/h2>\n<p>Directorul Muzeul Drents, Robert van Langh, prezent la Bucure\u0219ti, a vorbit despre importan\u021ba recuper\u0103rii artefactelor \u0219i despre colaborarea dintre autorit\u0103\u021bi:<\/p>\n<p>\u201eTezaurul european este din nou acolo unde \u00eei este locul. De-a lungul \u00eentregii istorii a muzeelor occidentale un furt presupun\u00e2nd folosirea explozibilului este unic \u015fi f\u0103r\u0103 precedent. Acest atac a pus la grea \u00eencercare prieteniile, \u00een vreme ce tocmai aceste rela\u0163ii dintre muzeele noastre au pus bazele acestei remarcabile expozi\u0163ii pe care am organizat-o \u00eempreun\u0103. Din punctul meu de vedere, ast\u0103zi, putem s\u0103 constat\u0103m c\u0103 adev\u0103ratele prietenii pot supravie\u0163ui acuza\u0163iilor, furiei sau unor teorii ale conspira\u0163iei. Mul\u0163umit\u0103 neobositelor eforturi conjugate ale autorit\u0103\u0163ilor din Rom\u00e2nia \u015fi din Olanda putem ast\u0103zi s\u0103 s\u0103rb\u0103torim re\u00eentoarcerea mult-a\u015fteptat\u0103 a coifului de aur \u015fi a dou\u0103 dintre cele trei br\u0103\u0163\u0103ri regale dacice. Demersurile poli\u0163iei \u015fi ale autorit\u0103\u0163ilor judiciare din ambele \u0163\u0103ri au fost cu adev\u0103rat notabile&#8221;.<\/p>\n<div id=\"truvid-mobile-postion\"><\/div>\n<div id=\"adocean-desktop-positon\">\n<div data-ao-pid=\"1s3nVeO8d7fVQQxZ8qBwmwF8nJdHUjAHhp2PqUhQfRb.D7\"><\/div>\n<\/div>\n<p>Acesta a f\u0103cut \u0219i un apel pentru recuperarea celei de-a treia br\u0103\u021b\u0103ri disp\u0103rute:<\/p>\n<p>\u201eA\u015f dori s\u0103 reiterez apelul pe care l-am f\u0103cut \u00een Olanda, la \u00eentoarcerea acestor comori, \u015fi \u00eenc\u0103 o dat\u0103 s\u0103pt\u0103m\u00e2na trecut\u0103, \u00een tribunal: oricine are informa\u0163ii cu privire la locul unde se afl\u0103 cea de-a treia br\u0103\u0163ar\u0103, rog s\u0103 ne informeze. S\u0103 ne ajute pentru ca \u015fi aceast\u0103 br\u0103\u0163ar\u0103 s\u0103 se \u00eentoarc\u0103 \u00een siguran\u0163\u0103 acas\u0103, aici, la Bucure\u015fti&#8221;.<\/p>\n<h2>Artefactele, expuse \u00eenainte de restaurare<\/h2>\n<p>Potrivit conducerii MNIR, piesele vor putea fi v\u0103zute de public pentru o perioad\u0103 limitat\u0103, exact \u00een starea \u00een care au fost recuperate, ca parte a unui demers de transparen\u021b\u0103 \u0219i con\u0219tientizare.<\/p>\n<div id=\"truvid-desktop-postion\"><\/div>\n<p>\u201ePentru o perioad\u0103 de zece zile, Coiful de la Co\u0163ofene\u015fti \u015fi cele dou\u0103 br\u0103\u0163\u0103ri regale dacice recuperate vor fi expuse public la Muzeul Na\u0163ional de Istorie a Rom\u00e2niei, \u00een starea \u00een care au fost recuperate, \u00eenainte de intrarea \u00een procesul de restaurare. Credem c\u0103 publicul are dreptul s\u0103 le vad\u0103 astfel: nu doar ca obiecte splendide, ci ca martori ai unei \u00eencerc\u0103ri, ai unei pierderi aproape ireparabile \u015fi ai unei reveniri pe care o dator\u0103m cooper\u0103rii dintre institu\u0163ii \u015fi perseveren\u0163ei autorit\u0103\u0163ilor&#8221;.<\/p>\n<h2>Coiful, afectat, dar recuperabil<\/h2>\n<p>Reprezentan\u021bii muzeului au precizat c\u0103 piesa central\u0103 a tezaurului, coiful de la Co\u021bofene\u0219ti, prezint\u0103 unele deterior\u0103ri, \u00eens\u0103 acestea nu pun \u00een pericol restaurarea complet\u0103.<\/p>\n<p>\u201eCoiful are un obr\u0103zar afectat, s-a desprins o parte de pe o urm\u0103 veche a restaur\u0103rii. Procesul de restaurare va fi mai u\u015for. Este pu\u0163in ovalizat, deformat, \u00eens\u0103 vom face o serie de investiga\u0163ii, vom stabili metodele prin care se va interveni pentru a-l restaura a\u015fa cum se cuvine. Nu este ceva care s\u0103 fie complicat. Vom avea \u015fi o colaborare cu colegii olandezi&#8221;.<\/p>\n<p>Ministrul Culturii, Demeter Andr\u00e1s Istv\u00e1n, a subliniat c\u0103 aceste obiecte vor r\u0103m\u00e2ne accesibile publicului \u0219i dup\u0103 finalizarea restaur\u0103rii, inclusiv prin expozi\u021bii itinerante la nivel na\u021bional.<\/p>\n<p>\u201eDa. Accesibilitatea este condi\u0163ie sine qua non a patrimoniului (&#8230;). Dac\u0103 expunerea de la Bucure\u015fti este prima re\u00eent\u00e2lnire, itinerarea (de dup\u0103 restaurare) trebuie s\u0103 fie momentul \u00een care aceasta este \u00eemp\u0103rt\u0103\u015fit\u0103 la scar\u0103 na\u0163ional\u0103. Conferin\u0163a, expunerea \u015fi itinerarea nu sunt \u015fi nu trebuie privite ca ni\u015fte forme exhaustive ale campaniei, ci ca prime repere ale unei construc\u0163ii deschise dezvolt\u0103rii succesive&#8221;.<\/p>\n<h2>Br\u0103\u021b\u0103rile, bine conservate<\/h2>\n<p>Spre deosebire de coif, cele dou\u0103 br\u0103\u021b\u0103ri dacice recuperate nu prezint\u0103 urme vizibile de distrugere. Acestea sunt piese plurispiralice din aur, descoperite la Sarmizegetusa Regia, datate \u00een secolul I \u00ee.Hr., cu detalii decorative complexe, inclusiv capete de animale stilizate \u0219i motive incizate.<\/p>\n<p>Coiful princiar de la Co\u021bofene\u0219ti, descoperit \u00een jude\u021bul Prahova \u0219i datat \u00een secolul IV \u00ee.Hr., este una dintre cele mai valoroase piese ale patrimoniului rom\u00e2nesc. Realizat din tabl\u0103 de aur \u0219i decorat cu motive complexe, acesta prezint\u0103 at\u00e2t elemente simbolice, c\u00e2t \u0219i scene ritualice. \u00cen urma furtului \u0219i a manipul\u0103rii, piesa prezint\u0103 deform\u0103ri, fisuri \u0219i urme de lovituri, \u00eens\u0103 speciali\u0219tii sunt optimi\u0219ti \u00een privin\u021ba restaur\u0103rii \u0219i readucerii sale la forma original\u0103.<\/p>\n<\/div>\n<div data-ao-pid=\"acVcznEUnS79iL7oRf2OfNAAE8XviPKkQ6AW09XriFv.87\"><\/div>\n<div class=\"realitatea-add\">\n<div class=\"realitatea-in-article-partner\"><\/div>\n<\/div>\n<div class=\"realitatea-partners-news realitatea-partners-design\">\n<hr class=\"realitatea-partners-news-hr\">\n<div class=\"d-flex justify-content-center w-100 flex-row mt-5 mb-5\">\n                                <!--  &amp; \/32628511\/Realitatea.netV2_articol_mobile\/300x250_1 --><\/p>\n<div id=\"div-gpt-ad-1625071005196-0\"><\/div>\n<\/p><\/div>\n<hr class=\"realitatea-partners-news-hr\">\n<article class>\n<div class=\"article-box-image\">\n<figure>\n                    <a href=\"https:\/\/www.tabu.ro\/designerul-care-a-socat-cu-o-colectie-inspirata-din-tragedia-de-la-colectiv-a-murit-la-doar-42-de-ani\/\" data-href=\"\/\/locale.realitatea.net\/2026\/04\/c2fa3a143eb31f2c6066b5b4832e3c96.jpg\" class=\"progressive replace\" title=\"Designerul care a \u0219ocat cu o colec\u021bie inspirat\u0103 din tragedia de la Colectiv a murit la doar 42 de ani\" rel=\"noopener external nofollow\" target=\"_blank\"><br \/>\n                                    <img decoding=\"async\" src=\"https:\/\/media.realitatea.net\/multimedia\/placeholder\/placeholder-article.webp\" class=\"preview w-100\" alt=\"Articol partener\"><br \/>\n                    <\/a><br \/>\n                <\/figure>\n<\/p><\/div>\n<div class=\"article-box-section\">\n<h3>TABU.RO<\/h3>\n<\/p><\/div>\n<div class=\"article-box-title\">\n                <a href=\"https:\/\/www.tabu.ro\/designerul-care-a-socat-cu-o-colectie-inspirata-din-tragedia-de-la-colectiv-a-murit-la-doar-42-de-ani\/\" title=\"Designerul care a \u0219ocat cu o colec\u021bie inspirat\u0103 din tragedia de la Colectiv a murit la doar 42 de ani\" rel=\"noopener external nofollow\" target=\"_blank\"><br \/>\n                    <span>Designerul care a \u0219ocat cu o colec\u021bie inspirat\u0103 din tragedia de la Colectiv a murit la doar 42 de ani<\/span><br \/>\n                <\/a>\n            <\/div>\n<\/article>\n<hr class=\"realitatea-partners-news-hr\">\n            <\/div>\n<\/p><\/div>\n<div class=\"articleBody\" data-key=\"articleBody\">Managerul interimar al muzeului, Cornel Ilie, a dat asigurari ca autenticitatea pieselor nu ridica niciun semn de intrebare, iar coiful, desi usor deformat, va fi restaurat conform standardelor. Oficialii subliniaza ca revenirea acestor obiecte reprezinta un moment important pentru patrimoniul national si pentru cooperarea internationala.Oficial olandez: ,,Tezaurul european este din nou acolo unde ii este locul&#8221;Directorul Muzeul Drents, Robert van Langh, prezent la Bucuresti, a vorbit despre importanta recuperarii artefactelor si despre colaborarea dintre autoritati:,,Tezaurul european este din nou acolo unde ii este locul. De-a lungul intregii istorii a muzeelor occidentale un furt presupunand folosirea explozibilului este unic si fara precedent. Acest atac a pus la grea incercare prieteniile, in vreme ce tocmai aceste relatii dintre muzeele noastre au pus bazele acestei remarcabile expozitii pe care am organizat-o impreuna. Din punctul meu de vedere, astazi, putem sa constatam ca adevaratele prietenii pot supravietui acuzatiilor, furiei sau unor teorii ale conspiratiei. Multumita neobositelor eforturi conjugate ale autoritatilor din Romania si din Olanda putem astazi sa sarbatorim reintoarcerea mult-asteptata a coifului de aur si a doua dintre cele trei bratari regale dacice. Demersurile politiei si ale autoritatilor judiciare din ambele tari au fost cu adevarat notabile&#8221;.Acesta a facut si un apel pentru recuperarea celei de-a treia bratari disparute:,,As dori sa reiterez apelul pe care l-am facut in Olanda, la intoarcerea acestor comori, si inca o data saptamana trecuta, in tribunal: oricine are informatii cu privire la locul unde se afla cea de-a treia bratara, rog sa ne informeze. Sa ne ajute pentru ca si aceasta bratara sa se intoarca in siguranta acasa, aici, la Bucuresti&#8221;.Artefactele, expuse inainte de restaurarePotrivit conducerii MNIR, piesele vor putea fi vazute de public pentru o perioada limitata, exact in starea in care au fost recuperate, ca parte a unui demers de transparenta si constientizare.,,Pentru o perioada de zece zile, Coiful de la Cotofenesti si cele doua bratari regale dacice recuperate vor fi expuse public la Muzeul National de Istorie a Romaniei, in starea in care au fost recuperate, inainte de intrarea in procesul de restaurare. Credem ca publicul are dreptul sa le vada astfel: nu doar ca obiecte splendide, ci ca martori ai unei incercari, ai unei pierderi aproape ireparabile si ai unei reveniri pe care o datoram cooperarii dintre institutii si perseverentei autoritatilor&#8221;.Coiful, afectat, dar recuperabilReprezentantii muzeului au precizat ca piesa centrala a tezaurului, coiful de la Cotofenesti, prezinta unele deteriorari, insa acestea nu pun in pericol restaurarea completa.,,Coiful are un obrazar afectat, s-a desprins o parte de pe o urma veche a restaurarii. Procesul de restaurare va fi mai usor. Este putin ovalizat, deformat, insa vom face o serie de investigatii, vom stabili metodele prin care se va interveni pentru a-l restaura asa cum se cuvine. Nu este ceva care sa fie complicat. Vom avea si o colaborare cu colegii olandezi&#8221;.Ministrul Culturii, Demeter Andras Istvan, a subliniat ca aceste obiecte vor ramane accesibile publicului si dupa finalizarea restaurarii, inclusiv prin expozitii itinerante la nivel national.,,Da. Accesibilitatea este conditie sine qua non a patrimoniului (&#8230;). Daca expunerea de la Bucuresti este prima reintalnire, itinerarea (de dupa restaurare) trebuie sa fie momentul in care aceasta este impartasita la scara nationala. Conferinta, expunerea si itinerarea nu sunt si nu trebuie privite ca niste forme exhaustive ale campaniei, ci ca prime repere ale unei constructii deschise dezvoltarii succesive&#8221;.Bratarile, bine conservateSpre deosebire de coif, cele doua bratari dacice recuperate nu prezinta urme vizibile de distrugere. Acestea sunt piese plurispiralice din aur, descoperite la Sarmizegetusa Regia, datate in secolul I i.Hr., cu detalii decorative complexe, inclusiv capete de animale stilizate si motive incizate.Coiful princiar de la Cotofenesti, descoperit in judetul Prahova si datat in secolul IV i.Hr., este una dintre cele mai valoroase piese ale patrimoniului romanesc. Realizat din tabla de aur si decorat cu motive complexe, acesta prezinta atat elemente simbolice, cat si scene ritualice. In urma furtului si a manipularii, piesa prezinta deformari, fisuri si urme de lovituri, insa specialistii sunt optimisti in privinta restaurarii si readucerii sale la forma originala.<\/div>\n<\/p>\n<p>[analyse_source url=&#8221;https:\/\/www.realitatea.net\/stiri\/actual\/defectele-coifului-de-la-cotofenesti-managerul-mnir-a-dezvaluit-starea-in-care-a-fost-recuperat-tezaurul-de-aur-dupa-atacul-cu-explozibil-vom-stabili-cum-va-fi-restaurat_69e85c8570eeab4a33177be2&#8243;]<\/p>\n","protected":false},"excerpt":{"rendered":"<p>[analyse_image type=&#8221;featured&#8221; src=&#8221;https:\/\/media.realitatea.net\/multimedia\/image\/202604\/w1920\/coiful-cotofenesti_3762335d76.jpg&#8221;] &lt;!&#8211; &#8211;&gt; Managerul interimar al muzeului, Cornel Ilie, a dat asigur\u0103ri c\u0103 autenticitatea pieselor nu ridic\u0103 niciun semn de \u00eentrebare, iar coiful, de\u0219i u\u0219or deformat, va fi restaurat conform standardelor. Oficialii subliniaz\u0103 c\u0103 revenirea acestor obiecte reprezint\u0103 un moment important pentru patrimoniul na\u021bional \u0219i pentru cooperarea interna\u021bional\u0103. Oficial olandez: \u201eTezaurul european este [&hellip;]<\/p>\n","protected":false},"author":1,"featured_media":0,"comment_status":"open","ping_status":"","sticky":false,"template":"","format":"standard","meta":{"footnotes":""},"categories":[89],"tags":[226,15],"class_list":["post-1897146","post","type-post","status-publish","format-standard","hentry","category-romania","tag-crawlmanager","tag-realitatea-net"],"_links":{"self":[{"href":"https:\/\/analyse.optim.biz\/index.php?rest_route=\/wp\/v2\/posts\/1897146","targetHints":{"allow":["GET"]}}],"collection":[{"href":"https:\/\/analyse.optim.biz\/index.php?rest_route=\/wp\/v2\/posts"}],"about":[{"href":"https:\/\/analyse.optim.biz\/index.php?rest_route=\/wp\/v2\/types\/post"}],"author":[{"embeddable":true,"href":"https:\/\/analyse.optim.biz\/index.php?rest_route=\/wp\/v2\/users\/1"}],"replies":[{"embeddable":true,"href":"https:\/\/analyse.optim.biz\/index.php?rest_route=%2Fwp%2Fv2%2Fcomments&post=1897146"}],"version-history":[{"count":0,"href":"https:\/\/analyse.optim.biz\/index.php?rest_route=\/wp\/v2\/posts\/1897146\/revisions"}],"wp:attachment":[{"href":"https:\/\/analyse.optim.biz\/index.php?rest_route=%2Fwp%2Fv2%2Fmedia&parent=1897146"}],"wp:term":[{"taxonomy":"category","embeddable":true,"href":"https:\/\/analyse.optim.biz\/index.php?rest_route=%2Fwp%2Fv2%2Fcategories&post=1897146"},{"taxonomy":"post_tag","embeddable":true,"href":"https:\/\/analyse.optim.biz\/index.php?rest_route=%2Fwp%2Fv2%2Ftags&post=1897146"}],"curies":[{"name":"wp","href":"https:\/\/api.w.org\/{rel}","templated":true}]}}