{"id":1897130,"date":"2026-04-22T05:43:38","date_gmt":"2026-04-22T02:43:38","guid":{"rendered":"https:\/\/analyse.optim.biz\/?p=1897130"},"modified":"2026-04-22T05:43:38","modified_gmt":"2026-04-22T02:43:38","slug":"nu-ucideti-tarom-protest-masiv-anuntat-in-piata-victoriei-dupa-ce-vicepremierul-oana-gheorghiu-a-cerut-desfiintarea-companiei","status":"publish","type":"post","link":"https:\/\/analyse.optim.biz\/?p=1897130","title":{"rendered":"\u201eNu ucide\u021bi TAROM!\u201d: Protest masiv anun\u021bat \u00een Pia\u021ba Victoriei dup\u0103 ce vicepremierul Oana Gheorghiu a cerut desfiin\u021barea companiei"},"content":{"rendered":"<p>[analyse_image type=&#8221;featured&#8221; src=&#8221;https:\/\/media.realitatea.net\/multimedia\/image\/202512\/w1920\/plane-1010038_1280-(1)_67b1f290cc.jpg&#8221;]<\/p>\n<div class=\"article-box-content\">\n&lt;!&#8211;            <\/p>\n<div class=\"article-box-content\" role=\"section\" aria-label=\"Con&#539;inutul articolului\">&#8211;&gt;<\/p>\n<div id=\"digital-atelier-mobile\"><\/div>\n<div id=\"permanent-position-before-content\"><\/div>\n<div id=\"digital-atelier-desktop\"><\/div>\n<div class=\"realitatea-article-content-box\">\n<p>Sindicatul Unit TAROM (SUT) a anun\u021bat organizarea unui miting de amploare pe 28 aprilie, \u00een Pia\u021ba Victoriei, al\u0103turi de Confedera\u021bia Sindicatelor Democratice din Rom\u00e2nia. Ac\u021biunea vine pe fondul tensiunilor tot mai mari dintre angaja\u021bi \u0219i autorit\u0103\u021bi, generate de incertitudinea privind viitorul companiei. Liderii sindicali spun c\u0103 iau \u00een calcul inclusiv ac\u021bionarea \u00een instan\u021b\u0103 a Executivului, acuz\u00e2nd lipsa total\u0103 de dialog \u0219i decizii luate f\u0103r\u0103 consultarea personalului.<\/p>\n<div id=\"adocean-mobile-positon\">\n<div data-ao-pid=\"1s3nVeO8d7fVQQxZ8qBwmwF8nJdHUjAHhp2PqUhQfRb.D7\"><\/div>\n<\/p><\/div>\n<h2>Sindicali\u0219tii: \u201eNu ucide\u021bi TAROM\u201d<\/h2>\n<p>Reac\u021bia angaja\u021bilor vine dup\u0103 declara\u021biile vicepremierului, potrivit c\u0103rora compania ar putea fi desfiin\u021bat\u0103 p\u00e2n\u0103 la finalul lunii aprilie. Pre\u0219edintele SUT, Narcis Pa\u0219cu, a transmis un avertisment ferm: \u201eDac\u0103 guvernan\u021bii \u00eencearc\u0103 desfiin\u021barea \u0219i \u00eenchiderea acestei companii, noi vom face tot posibilul s\u0103 nu se \u00eent\u00e2mple acest lucru\u201d.<\/p>\n<div id=\"truvid-mobile-postion\"><\/div>\n<div id=\"adocean-desktop-positon\">\n<div data-ao-pid=\"1s3nVeO8d7fVQQxZ8qBwmwF8nJdHUjAHhp2PqUhQfRb.D7\"><\/div>\n<\/div>\n<p>Acesta a subliniat \u0219i rolul strategic al companiei aeriene de stat:<\/p>\n<p>\u201eTAROM trebuie s\u0103 existe \u0219i s\u0103 fie \u00een permanen\u021b\u0103 o companie a statului rom\u00e2n, fiindc\u0103 \u00een vremuri de r\u0103zboi, de restri\u0219te, compania TAROM este cea care \u00eei ajut\u0103, \u00eei salveaz\u0103 pe cet\u0103\u021benii Rom\u00e2niei \u00een orice situa\u021bie\u201d.<\/p>\n<h2>Acuza\u021bii directe la adresa Guvernului<\/h2>\n<p>Sindicali\u0219tii sus\u021bin c\u0103 responsabilitatea pentru o eventual\u0103 dispari\u021bie a companiei ar reveni direct autorit\u0103\u021bilor.<\/p>\n<p>\u201eDac\u0103 doamna viceprim-ministru \u0219i-a permis ca, \u00een aceste vremuri de criz\u0103 (\u2026) s\u0103 fac\u0103 declara\u021bii \u00eempotriva companiei \u0219i pentru desfiin\u021barea acesteia (\u2026), numai dumneaei va purta \u00eentreaga responsabilitate pentru ceea ce se va \u00eent\u00e2mpla\u201d, a mai declarat Pa\u0219cu.<\/p>\n<h2>Lips\u0103 de dialog \u0219i instabilitate<\/h2>\n<p>Un alt repro\u0219 major vizeaz\u0103 lipsa comunic\u0103rii dintre Guvern \u0219i angaja\u021bi. Liderii sindicali afirm\u0103 c\u0103, \u00een ultimii ani, nu au existat consult\u0103ri reale privind strategia companiei.<\/p>\n<p>\u201e\u00cen ultimii trei ani, nu am fost consulta\u021bi \u00een privin\u021ba viitorului companiei \u0219i niciun ministru al Transporturilor nu a avut \u00eent\u00e2lniri cu liderii sindicali. Guvernan\u021bii \u00eentotdeauna fac ceea ce vor dumnealor \u0219i distrug aceast\u0103 companie\u201d, a spus liderul SUT.<\/p>\n<div id=\"truvid-desktop-postion\"><\/div>\n<p>Sindicali\u0219tii compar\u0103 evolu\u021bia TAROM cu cea a altor companii aeriene din regiune, precum LOT Polish Airlines, care \u0219i-a extins semnificativ flota \u00een ultimii ani. \u00cen acela\u0219i timp, TAROM a ajuns de la aproximativ 30 de aeronave \u00een 2020 la doar 14 \u00een prezent, dintre care unele urmeaz\u0103 s\u0103 fie v\u00e2ndute. Instabilitatea managerial\u0103 este un alt punct critic, compania av\u00e2nd nu mai pu\u021bin de 17 directori \u00een ultimii trei ani.<\/p>\n<h2>Angaja\u021bii resping acuza\u021biile privind personalul<\/h2>\n<p>Sindicatul respinge \u0219i ideea c\u0103 operatorul aerian ar avea prea mul\u021bi angaja\u021bi. Potrivit acestora, compania func\u021bioneaz\u0103 sub nivelul prev\u0103zut \u00een planul de restructurare aprobat la nivel european. \u00cen prezent, TAROM are 827 de angaja\u021bi, fa\u021b\u0103 de 1.316 c\u00e2t era prev\u0103zut ini\u021bial, iar \u00een unele departamente exist\u0103 chiar deficit de personal.<\/p>\n<p>Pilo\u021bii companiei sus\u021bin c\u0103 au propus solu\u021bii concrete pentru redresarea financiar\u0103, \u00eens\u0103 acestea au fost ignorate. Un comandant cu experien\u021b\u0103 a declarat c\u0103 exist\u0103 transferuri financiare semnificative c\u0103tre aeroporturi, estimate la 50\u201360 de milioane de euro, bani care ar putea fi recupera\u021bi pentru a stabiliza compania f\u0103r\u0103 ajutor de stat.<\/p>\n<h2>Conflictul risc\u0103 s\u0103 escaladeze<\/h2>\n<p>\u00cen lipsa unor negocieri \u0219i a unor m\u0103suri clare din partea Guvernului, tensiunile continu\u0103 s\u0103 creasc\u0103. Protestul din 28 aprilie ar putea marca doar \u00eenceputul unui conflict mai amplu \u00eentre angaja\u021bi \u0219i autorit\u0103\u021bi.<\/p>\n<\/div>\n<div data-ao-pid=\"acVcznEUnS79iL7oRf2OfNAAE8XviPKkQ6AW09XriFv.87\"><\/div>\n<div class=\"realitatea-add\">\n<div class=\"realitatea-in-article-partner\"><\/div>\n<\/div>\n<div class=\"realitatea-partners-news realitatea-partners-design\">\n<hr class=\"realitatea-partners-news-hr\">\n<div class=\"d-flex justify-content-center w-100 flex-row mt-5 mb-5\">\n                                <!--  &amp; \/32628511\/Realitatea.netV2_articol_mobile\/300x250_1 --><\/p>\n<div id=\"div-gpt-ad-1625071005196-0\"><\/div>\n<\/p><\/div>\n<hr class=\"realitatea-partners-news-hr\">\n<article class>\n<div class=\"article-box-image\">\n<figure>\n                    <a href=\"https:\/\/www.tabu.ro\/designerul-care-a-socat-cu-o-colectie-inspirata-din-tragedia-de-la-colectiv-a-murit-la-doar-42-de-ani\/\" data-href=\"\/\/locale.realitatea.net\/2026\/04\/c2fa3a143eb31f2c6066b5b4832e3c96.jpg\" class=\"progressive replace\" title=\"Designerul care a \u0219ocat cu o colec\u021bie inspirat\u0103 din tragedia de la Colectiv a murit la doar 42 de ani\" rel=\"noopener external nofollow\" target=\"_blank\"><br \/>\n                                    <img decoding=\"async\" src=\"https:\/\/media.realitatea.net\/multimedia\/placeholder\/placeholder-article.webp\" class=\"preview w-100\" alt=\"Articol partener\"><br \/>\n                    <\/a><br \/>\n                <\/figure>\n<\/p><\/div>\n<div class=\"article-box-section\">\n<h3>TABU.RO<\/h3>\n<\/p><\/div>\n<div class=\"article-box-title\">\n                <a href=\"https:\/\/www.tabu.ro\/designerul-care-a-socat-cu-o-colectie-inspirata-din-tragedia-de-la-colectiv-a-murit-la-doar-42-de-ani\/\" title=\"Designerul care a \u0219ocat cu o colec\u021bie inspirat\u0103 din tragedia de la Colectiv a murit la doar 42 de ani\" rel=\"noopener external nofollow\" target=\"_blank\"><br \/>\n                    <span>Designerul care a \u0219ocat cu o colec\u021bie inspirat\u0103 din tragedia de la Colectiv a murit la doar 42 de ani<\/span><br \/>\n                <\/a>\n            <\/div>\n<\/article>\n<hr class=\"realitatea-partners-news-hr\">\n            <\/div>\n<\/p><\/div>\n<div class=\"articleBody\" data-key=\"articleBody\">Sindicatul Unit TAROM (SUT) a anuntat organizarea unui miting de amploare pe 28 aprilie, in Piata Victoriei, alaturi de Confederatia Sindicatelor Democratice din Romania. Actiunea vine pe fondul tensiunilor tot mai mari dintre angajati si autoritati, generate de incertitudinea privind viitorul companiei. Liderii sindicali spun ca iau in calcul inclusiv actionarea in instanta a Executivului, acuzand lipsa totala de dialog si decizii luate fara consultarea personalului.Sindicalistii: ,,Nu ucideti TAROM&#8221;Reactia angajatilor vine dupa declaratiile vicepremierului, potrivit carora compania ar putea fi desfiintata pana la finalul lunii aprilie. Presedintele SUT, Narcis Pascu, a transmis un avertisment ferm: ,,Daca guvernantii incearca desfiintarea si inchiderea acestei companii, noi vom face tot posibilul sa nu se intample acest lucru&#8221;.Acesta a subliniat si rolul strategic al companiei aeriene de stat:,,TAROM trebuie sa existe si sa fie in permanenta o companie a statului roman, fiindca in vremuri de razboi, de restriste, compania TAROM este cea care ii ajuta, ii salveaza pe cetatenii Romaniei in orice situatie&#8221;.Acuzatii directe la adresa GuvernuluiSindicalistii sustin ca responsabilitatea pentru o eventuala disparitie a companiei ar reveni direct autoritatilor.,,Daca doamna viceprim-ministru si-a permis ca, in aceste vremuri de criza (&#8230;) sa faca declaratii impotriva companiei si pentru desfiintarea acesteia (&#8230;), numai dumneaei va purta intreaga responsabilitate pentru ceea ce se va intampla&#8221;, a mai declarat Pascu.Lipsa de dialog si instabilitateUn alt repros major vizeaza lipsa comunicarii dintre Guvern si angajati. Liderii sindicali afirma ca, in ultimii ani, nu au existat consultari reale privind strategia companiei.,,In ultimii trei ani, nu am fost consultati in privinta viitorului companiei si niciun ministru al Transporturilor nu a avut intalniri cu liderii sindicali. Guvernantii intotdeauna fac ceea ce vor dumnealor si distrug aceasta companie&#8221;, a spus liderul SUT.Sindicalistii compara evolutia TAROM cu cea a altor companii aeriene din regiune, precum LOT Polish Airlines, care si-a extins semnificativ flota in ultimii ani. In acelasi timp, TAROM a ajuns de la aproximativ 30 de aeronave in 2020 la doar 14 in prezent, dintre care unele urmeaza sa fie vandute. Instabilitatea manageriala este un alt punct critic, compania avand nu mai putin de 17 directori in ultimii trei ani.Angajatii resping acuzatiile privind personalulSindicatul respinge si ideea ca operatorul aerian ar avea prea multi angajati. Potrivit acestora, compania functioneaza sub nivelul prevazut in planul de restructurare aprobat la nivel european. In prezent, TAROM are 827 de angajati, fata de 1.316 cat era prevazut initial, iar in unele departamente exista chiar deficit de personal.Pilotii companiei sustin ca au propus solutii concrete pentru redresarea financiara, insa acestea au fost ignorate. Un comandant cu experienta a declarat ca exista transferuri financiare semnificative catre aeroporturi, estimate la 50-60 de milioane de euro, bani care ar putea fi recuperati pentru a stabiliza compania fara ajutor de stat.Conflictul risca sa escaladezeIn lipsa unor negocieri si a unor masuri clare din partea Guvernului, tensiunile continua sa creasca. Protestul din 28 aprilie ar putea marca doar inceputul unui conflict mai amplu intre angajati si autoritati.<\/div>\n<\/p>\n<p>[analyse_source url=&#8221;https:\/\/www.realitatea.net\/stiri\/actual\/nu-ucideti-tarom-protest-masiv-anuntat-in-piata-victoriei-dupa-ce-vicepremierul-oana-gheorghiu-a-cerut-desfiintarea-companiei_69e8600aa31e955f675cf142&#8243;]<\/p>\n","protected":false},"excerpt":{"rendered":"<p>[analyse_image type=&#8221;featured&#8221; src=&#8221;https:\/\/media.realitatea.net\/multimedia\/image\/202512\/w1920\/plane-1010038_1280-(1)_67b1f290cc.jpg&#8221;] &lt;!&#8211; &#8211;&gt; Sindicatul Unit TAROM (SUT) a anun\u021bat organizarea unui miting de amploare pe 28 aprilie, \u00een Pia\u021ba Victoriei, al\u0103turi de Confedera\u021bia Sindicatelor Democratice din Rom\u00e2nia. Ac\u021biunea vine pe fondul tensiunilor tot mai mari dintre angaja\u021bi \u0219i autorit\u0103\u021bi, generate de incertitudinea privind viitorul companiei. Liderii sindicali spun c\u0103 iau \u00een calcul inclusiv [&hellip;]<\/p>\n","protected":false},"author":1,"featured_media":0,"comment_status":"open","ping_status":"","sticky":false,"template":"","format":"standard","meta":{"footnotes":""},"categories":[89],"tags":[226,15],"class_list":["post-1897130","post","type-post","status-publish","format-standard","hentry","category-romania","tag-crawlmanager","tag-realitatea-net"],"_links":{"self":[{"href":"https:\/\/analyse.optim.biz\/index.php?rest_route=\/wp\/v2\/posts\/1897130","targetHints":{"allow":["GET"]}}],"collection":[{"href":"https:\/\/analyse.optim.biz\/index.php?rest_route=\/wp\/v2\/posts"}],"about":[{"href":"https:\/\/analyse.optim.biz\/index.php?rest_route=\/wp\/v2\/types\/post"}],"author":[{"embeddable":true,"href":"https:\/\/analyse.optim.biz\/index.php?rest_route=\/wp\/v2\/users\/1"}],"replies":[{"embeddable":true,"href":"https:\/\/analyse.optim.biz\/index.php?rest_route=%2Fwp%2Fv2%2Fcomments&post=1897130"}],"version-history":[{"count":0,"href":"https:\/\/analyse.optim.biz\/index.php?rest_route=\/wp\/v2\/posts\/1897130\/revisions"}],"wp:attachment":[{"href":"https:\/\/analyse.optim.biz\/index.php?rest_route=%2Fwp%2Fv2%2Fmedia&parent=1897130"}],"wp:term":[{"taxonomy":"category","embeddable":true,"href":"https:\/\/analyse.optim.biz\/index.php?rest_route=%2Fwp%2Fv2%2Fcategories&post=1897130"},{"taxonomy":"post_tag","embeddable":true,"href":"https:\/\/analyse.optim.biz\/index.php?rest_route=%2Fwp%2Fv2%2Ftags&post=1897130"}],"curies":[{"name":"wp","href":"https:\/\/api.w.org\/{rel}","templated":true}]}}