{"id":1897037,"date":"2026-04-22T14:19:47","date_gmt":"2026-04-22T11:19:47","guid":{"rendered":"https:\/\/analyse.optim.biz\/?p=1897037"},"modified":"2026-04-22T14:19:47","modified_gmt":"2026-04-22T11:19:47","slug":"accident-mortal-la-gurile-dobrogei-un-mort-si-trei-raniti-grav","status":"publish","type":"post","link":"https:\/\/analyse.optim.biz\/?p=1897037","title":{"rendered":"Accident mortal la Gurile Dobrogei \u2013 un mort \u0219i trei r\u0103ni\u021bi grav"},"content":{"rendered":"<p>[analyse_image type=&#8221;featured&#8221; src=&#8221;https:\/\/dobrogeanews.b-cdn.net\/wp-content\/uploads\/2026\/04\/accident-mortal-la-gurile-dobrogei1.jpg&#8221;]<\/p>\n<div id=\"post-70150\" class=\"entry single-default post-70150 post type-post status-publish format-standard has-post-thumbnail hentry category-constanta category-info\">\n<div>\n<div class=\"ss-follow-wrapper ss-clearfix ss-regular-buttons ss-columns-1 ss-default-style\">\n<div class=\"ss-follow-column\" data-ss-sf-network-id='\"facebook\"'><a href=\"https:\/\/www.facebook.com\/dobrogeanews\" class=\"ss-follow-network ss-facebook-color\" rel=\"nofollow noopener\" aria-label=\"facebook\" target=\"_blank\"><span class=\"ss-follow-network-label\">Urm\u0103re\u015fte-ne \u015fi pe Facebook!<\/span><span class=\"ss-follow-network-count\"><span class=\"ss-follow-network-count-number\">57K<\/span><span class=\"ss-follow-network-count-label\">Followers<\/span><\/span><\/a><\/div>\n<\/div>\n<\/div>\n<p>Salvatorii ISU Dobrogea \u0219i Serviciul de Siguran\u021b\u0103 Rutier\u0103 au intervenit la un teribil accident rutier pe DN 22, la kilometrul 264, \u00een zona Gura Dobrogei, \u00een apropiere de Tariverde.<\/p>\n<p> \u00cen accident au fost implicate trei autoturisme iar din informa\u021biile de la fa\u021ba locului o persoan\u0103 a murit \u0219i alte 4 persoane au fost transportate la spital cu r\u0103ni grave. A intervenit elicopterul SMURD. <\/p>\n<figure class=\"wp-block-image size-full is-resized\">\n<source type=\"image\/webp\" data-lazy-srcset=\"https:\/\/dobrogeanews.b-cdn.net\/wp-content\/uploads\/2026\/04\/accident-mortal-la-gurile-dobrogei2.jpg.webp 2560w, https:\/\/dobrogeanews.b-cdn.net\/wp-content\/uploads\/2026\/04\/accident-mortal-la-gurile-dobrogei2-300x246.jpg.webp 300w, https:\/\/dobrogeanews.b-cdn.net\/wp-content\/uploads\/2026\/04\/accident-mortal-la-gurile-dobrogei2-1024x840.jpg.webp 1024w, https:\/\/dobrogeanews.b-cdn.net\/wp-content\/uploads\/2026\/04\/accident-mortal-la-gurile-dobrogei2-768x630.jpg.webp 768w, https:\/\/dobrogeanews.b-cdn.net\/wp-content\/uploads\/2026\/04\/accident-mortal-la-gurile-dobrogei2-1536x1260.jpg.webp 1536w, https:\/\/dobrogeanews.b-cdn.net\/wp-content\/uploads\/2026\/04\/accident-mortal-la-gurile-dobrogei2-2048x1680.jpg.webp 2048w\" sizes=\"(max-width: 640px) 100vw, 640px\" \/><br \/>\n<img loading=\"lazy\" decoding=\"async\" src=\"https:\/\/dobrogeanews.b-cdn.net\/wp-content\/uploads\/2026\/04\/accident-mortal-la-gurile-dobrogei2.jpg\" alt=\"Accident mortal la Gurile Dobrogei\" width=\"640\" height=\"525\"><\/figure>\n<p>Elicopterul SMURD a preluat o victim\u0103 de sex masculin, \u00een v\u00e2rst\u0103 de 31 ani. Un b\u0103rbat de 34 de ani, care prezenta leziuni incompatibile cu via\u021ba. <\/p>\n<p>Trei persoane cu r\u0103ni grave au fost transportate la spital: un b\u0103rbat cu\u00a0politraumatisme, \u00een stare con\u0219tient\u0103, un b\u0103rbat cu\u00a0fractur\u0103 de femur, traumatism de stern \u0219i traumatism cranio-cerebral (TCC) \u0219i un b\u0103rbat cu\u00a0fracturi la ambele membre inferioare.<\/p>\n<figure class=\"wp-block-image size-full is-resized\">\n<source type=\"image\/webp\" data-lazy-srcset=\"https:\/\/dobrogeanews.b-cdn.net\/wp-content\/uploads\/2026\/04\/accident-mortal-la-gurile-dobrogei1.jpg.webp 2560w, https:\/\/dobrogeanews.b-cdn.net\/wp-content\/uploads\/2026\/04\/accident-mortal-la-gurile-dobrogei1-300x170.jpg.webp 300w, https:\/\/dobrogeanews.b-cdn.net\/wp-content\/uploads\/2026\/04\/accident-mortal-la-gurile-dobrogei1-1024x579.jpg.webp 1024w, https:\/\/dobrogeanews.b-cdn.net\/wp-content\/uploads\/2026\/04\/accident-mortal-la-gurile-dobrogei1-768x434.jpg.webp 768w, https:\/\/dobrogeanews.b-cdn.net\/wp-content\/uploads\/2026\/04\/accident-mortal-la-gurile-dobrogei1-1536x869.jpg.webp 1536w, https:\/\/dobrogeanews.b-cdn.net\/wp-content\/uploads\/2026\/04\/accident-mortal-la-gurile-dobrogei1-2048x1158.jpg.webp 2048w\" sizes=\"(max-width: 640px) 100vw, 640px\" \/><br \/>\n<img loading=\"lazy\" decoding=\"async\" src=\"https:\/\/dobrogeanews.b-cdn.net\/wp-content\/uploads\/2026\/04\/accident-mortal-la-gurile-dobrogei1.jpg\" alt=\"Accident mortal la Gurile Dobrogei 22 Aprilie 2026\" width=\"640\" height=\"362\"><\/figure>\n<div class=\"monsterinsights-inline-popular-posts monsterinsights-inline-popular-posts-charlie monsterinsights-popular-posts-styled\">\n<div class=\"monsterinsights-inline-popular-posts-text\"><span class=\"monsterinsights-inline-popular-posts-label\">Vezi \u0219i:<\/span><\/p>\n<div class=\"monsterinsights-inline-popular-posts-post\"><a class=\"monsterinsights-inline-popular-posts-title\" href=\"https:\/\/www.dobrogeanews.ro\/tulcea-noile-tarife-pentru-transport-public-rutier-si-naval\/\">Tulcea: Noile tarife pentru transport public (rutier \u0219i naval)<\/a><\/div>\n<div class=\"monsterinsights-inline-popular-posts-post\"><a class=\"monsterinsights-inline-popular-posts-title\" href=\"https:\/\/www.dobrogeanews.ro\/cine-este-fata-de-18-ani-care-s-a-sinucis-la-tulcea-soapte-intre-lumi\/\">Cine este fata de 18 ani care s-a sinucis la Tulcea. \u0218oapte \u00eentre lumi \u2026<\/a><\/div>\n<div class=\"monsterinsights-inline-popular-posts-post\"><a class=\"monsterinsights-inline-popular-posts-title\" href=\"https:\/\/www.dobrogeanews.ro\/liliana-marinescu-a-fost-semnat-contractul-de-finantare-pentru-alimentare-cu-gaze-la-baia-in-valoare-de-8-075-000-lei\/\">Liliana Marinescu: A fost semnat contractul de finan\u021bare pentru \u201eAlimentare cu gaze\u201d la Baia \u00een valoare de 8.075.000 lei<\/a><\/div>\n<\/div>\n<\/div>\n<p class=\"has-text-align-center has-white-color has-text-color has-background\"><span><a href=\"https:\/\/news.google.com\/publications\/CAAqBwgKMIu5pgsw88O-Aw?ceid=RO:ro&amp;oc=3\">Urm\u0103ri\u0163i \u015etirile Dobrogeanews \u015fi pe Google News<\/a><\/span><\/p>\n<\/div>\n<div id=\"post-70150\" class=\"entry single-default post-70150 post type-post status-publish format-standard has-post-thumbnail hentry category-constanta category-info\">\n<div>\n<div class=\"ss-follow-wrapper ss-clearfix ss-regular-buttons ss-columns-1 ss-default-style\">\n<div class=\"ss-follow-column\" data-ss-sf-network-id='\"facebook\"'><a href=\"https:\/\/www.facebook.com\/dobrogeanews\" class=\"ss-follow-network ss-facebook-color\" rel=\"nofollow noopener\" aria-label=\"facebook\" target=\"_blank\"><span class=\"ss-follow-network-label\">Urm\u0103re\u015fte-ne \u015fi pe Facebook!<\/span><span class=\"ss-follow-network-count\"><span class=\"ss-follow-network-count-number\">57K<\/span><span class=\"ss-follow-network-count-label\">Followers<\/span><\/span><\/a><\/div>\n<\/div>\n<\/div>\n<p>Salvatorii ISU Dobrogea \u0219i Serviciul de Siguran\u021b\u0103 Rutier\u0103 au intervenit la un teribil accident rutier pe DN 22, la kilometrul 264, \u00een zona Gura Dobrogei, \u00een apropiere de Tariverde.<\/p>\n<p> \u00cen accident au fost implicate trei autoturisme iar din informa\u021biile de la fa\u021ba locului o persoan\u0103 a murit \u0219i alte 4 persoane au fost transportate la spital cu r\u0103ni grave. A intervenit elicopterul SMURD. <\/p>\n<figure class=\"wp-block-image size-full is-resized\">\n<source type=\"image\/webp\" data-lazy-srcset=\"https:\/\/dobrogeanews.b-cdn.net\/wp-content\/uploads\/2026\/04\/accident-mortal-la-gurile-dobrogei2.jpg.webp 2560w, https:\/\/dobrogeanews.b-cdn.net\/wp-content\/uploads\/2026\/04\/accident-mortal-la-gurile-dobrogei2-300x246.jpg.webp 300w, https:\/\/dobrogeanews.b-cdn.net\/wp-content\/uploads\/2026\/04\/accident-mortal-la-gurile-dobrogei2-1024x840.jpg.webp 1024w, https:\/\/dobrogeanews.b-cdn.net\/wp-content\/uploads\/2026\/04\/accident-mortal-la-gurile-dobrogei2-768x630.jpg.webp 768w, https:\/\/dobrogeanews.b-cdn.net\/wp-content\/uploads\/2026\/04\/accident-mortal-la-gurile-dobrogei2-1536x1260.jpg.webp 1536w, https:\/\/dobrogeanews.b-cdn.net\/wp-content\/uploads\/2026\/04\/accident-mortal-la-gurile-dobrogei2-2048x1680.jpg.webp 2048w\" sizes=\"(max-width: 640px) 100vw, 640px\" \/><br \/>\n<img loading=\"lazy\" decoding=\"async\" src=\"https:\/\/dobrogeanews.b-cdn.net\/wp-content\/uploads\/2026\/04\/accident-mortal-la-gurile-dobrogei2.jpg\" alt=\"Accident mortal la Gurile Dobrogei\" width=\"640\" height=\"525\"><\/figure>\n<p>Elicopterul SMURD a preluat o victim\u0103 de sex masculin, \u00een v\u00e2rst\u0103 de 31 ani. Un b\u0103rbat de 34 de ani, care prezenta leziuni incompatibile cu via\u021ba. <\/p>\n<p>Trei persoane cu r\u0103ni grave au fost transportate la spital: un b\u0103rbat cu\u00a0politraumatisme, \u00een stare con\u0219tient\u0103, un b\u0103rbat cu\u00a0fractur\u0103 de femur, traumatism de stern \u0219i traumatism cranio-cerebral (TCC) \u0219i un b\u0103rbat cu\u00a0fracturi la ambele membre inferioare.<\/p>\n<figure class=\"wp-block-image size-full is-resized\">\n<source type=\"image\/webp\" data-lazy-srcset=\"https:\/\/dobrogeanews.b-cdn.net\/wp-content\/uploads\/2026\/04\/accident-mortal-la-gurile-dobrogei1.jpg.webp 2560w, https:\/\/dobrogeanews.b-cdn.net\/wp-content\/uploads\/2026\/04\/accident-mortal-la-gurile-dobrogei1-300x170.jpg.webp 300w, https:\/\/dobrogeanews.b-cdn.net\/wp-content\/uploads\/2026\/04\/accident-mortal-la-gurile-dobrogei1-1024x579.jpg.webp 1024w, https:\/\/dobrogeanews.b-cdn.net\/wp-content\/uploads\/2026\/04\/accident-mortal-la-gurile-dobrogei1-768x434.jpg.webp 768w, https:\/\/dobrogeanews.b-cdn.net\/wp-content\/uploads\/2026\/04\/accident-mortal-la-gurile-dobrogei1-1536x869.jpg.webp 1536w, https:\/\/dobrogeanews.b-cdn.net\/wp-content\/uploads\/2026\/04\/accident-mortal-la-gurile-dobrogei1-2048x1158.jpg.webp 2048w\" sizes=\"(max-width: 640px) 100vw, 640px\" \/><br \/>\n<img loading=\"lazy\" decoding=\"async\" src=\"https:\/\/dobrogeanews.b-cdn.net\/wp-content\/uploads\/2026\/04\/accident-mortal-la-gurile-dobrogei1.jpg\" alt=\"Accident mortal la Gurile Dobrogei 22 Aprilie 2026\" width=\"640\" height=\"362\"><\/figure>\n<div class=\"monsterinsights-inline-popular-posts monsterinsights-inline-popular-posts-charlie monsterinsights-popular-posts-styled\">\n<div class=\"monsterinsights-inline-popular-posts-text\"><span class=\"monsterinsights-inline-popular-posts-label\">Vezi \u0219i:<\/span><\/p>\n<div class=\"monsterinsights-inline-popular-posts-post\"><a class=\"monsterinsights-inline-popular-posts-title\" href=\"https:\/\/www.dobrogeanews.ro\/tulcea-noile-tarife-pentru-transport-public-rutier-si-naval\/\">Tulcea: Noile tarife pentru transport public (rutier \u0219i naval)<\/a><\/div>\n<div class=\"monsterinsights-inline-popular-posts-post\"><a class=\"monsterinsights-inline-popular-posts-title\" href=\"https:\/\/www.dobrogeanews.ro\/cine-este-fata-de-18-ani-care-s-a-sinucis-la-tulcea-soapte-intre-lumi\/\">Cine este fata de 18 ani care s-a sinucis la Tulcea. \u0218oapte \u00eentre lumi \u2026<\/a><\/div>\n<div class=\"monsterinsights-inline-popular-posts-post\"><a class=\"monsterinsights-inline-popular-posts-title\" href=\"https:\/\/www.dobrogeanews.ro\/liliana-marinescu-a-fost-semnat-contractul-de-finantare-pentru-alimentare-cu-gaze-la-baia-in-valoare-de-8-075-000-lei\/\">Liliana Marinescu: A fost semnat contractul de finan\u021bare pentru \u201eAlimentare cu gaze\u201d la Baia \u00een valoare de 8.075.000 lei<\/a><\/div>\n<\/div>\n<\/div>\n<p class=\"has-text-align-center has-white-color has-text-color has-background\"><span><a href=\"https:\/\/news.google.com\/publications\/CAAqBwgKMIu5pgsw88O-Aw?ceid=RO:ro&amp;oc=3\">Urm\u0103ri\u0163i \u015etirile Dobrogeanews \u015fi pe Google News<\/a><\/span><\/p>\n<\/div>\n<p>[analyse_source url=&#8221;https:\/\/www.dobrogeanews.ro\/accident-mortal-la-gurile-dobrogei-un-mort-si-trei-raniti-grav\/&#8221;]<\/p>\n","protected":false},"excerpt":{"rendered":"<p>[analyse_image type=&#8221;featured&#8221; src=&#8221;https:\/\/dobrogeanews.b-cdn.net\/wp-content\/uploads\/2026\/04\/accident-mortal-la-gurile-dobrogei1.jpg&#8221;] Urm\u0103re\u015fte-ne \u015fi pe Facebook!57KFollowers Salvatorii ISU Dobrogea \u0219i Serviciul de Siguran\u021b\u0103 Rutier\u0103 au intervenit la un teribil accident rutier pe DN 22, la kilometrul 264, \u00een zona Gura Dobrogei, \u00een apropiere de Tariverde. \u00cen accident au fost implicate trei autoturisme iar din informa\u021biile de la fa\u021ba locului o persoan\u0103 a murit \u0219i [&hellip;]<\/p>\n","protected":false},"author":1,"featured_media":0,"comment_status":"open","ping_status":"","sticky":false,"template":"","format":"standard","meta":{"footnotes":""},"categories":[89],"tags":[226,223],"class_list":["post-1897037","post","type-post","status-publish","format-standard","hentry","category-romania","tag-crawlmanager","tag-dobrogeanews-ro"],"_links":{"self":[{"href":"https:\/\/analyse.optim.biz\/index.php?rest_route=\/wp\/v2\/posts\/1897037","targetHints":{"allow":["GET"]}}],"collection":[{"href":"https:\/\/analyse.optim.biz\/index.php?rest_route=\/wp\/v2\/posts"}],"about":[{"href":"https:\/\/analyse.optim.biz\/index.php?rest_route=\/wp\/v2\/types\/post"}],"author":[{"embeddable":true,"href":"https:\/\/analyse.optim.biz\/index.php?rest_route=\/wp\/v2\/users\/1"}],"replies":[{"embeddable":true,"href":"https:\/\/analyse.optim.biz\/index.php?rest_route=%2Fwp%2Fv2%2Fcomments&post=1897037"}],"version-history":[{"count":0,"href":"https:\/\/analyse.optim.biz\/index.php?rest_route=\/wp\/v2\/posts\/1897037\/revisions"}],"wp:attachment":[{"href":"https:\/\/analyse.optim.biz\/index.php?rest_route=%2Fwp%2Fv2%2Fmedia&parent=1897037"}],"wp:term":[{"taxonomy":"category","embeddable":true,"href":"https:\/\/analyse.optim.biz\/index.php?rest_route=%2Fwp%2Fv2%2Fcategories&post=1897037"},{"taxonomy":"post_tag","embeddable":true,"href":"https:\/\/analyse.optim.biz\/index.php?rest_route=%2Fwp%2Fv2%2Ftags&post=1897037"}],"curies":[{"name":"wp","href":"https:\/\/api.w.org\/{rel}","templated":true}]}}