{"id":1896992,"date":"2026-04-22T16:59:47","date_gmt":"2026-04-22T13:59:47","guid":{"rendered":"https:\/\/analyse.optim.biz\/?p=1896992"},"modified":"2026-04-22T16:59:47","modified_gmt":"2026-04-22T13:59:47","slug":"barbat-batut-si-talharit-in-propria-casa-dupa-ce-doi-indivizi-au-intrat-peste-el-in-toiul-noptii-stiri","status":"publish","type":"post","link":"https:\/\/analyse.optim.biz\/?p=1896992","title":{"rendered":"B\u0103rbat b\u0103tut \u0219i t\u00e2lh\u0103rit \u00een propria cas\u0103 dup\u0103 ce doi indivizi au intrat peste el \u00een toiul nop\u021bii &#8211; Stiri"},"content":{"rendered":"<p>[analyse_image type=&#8221;featured&#8221; src=&#8221;https:\/\/www.informatiata.ro\/wp-content\/uploads\/2026\/04\/Screenshot_20260422_194830-755&#215;1024.jpg&#8221;]<\/p>\n<div class=\"td-post-content tagdiv-type\">\n<div class=\"td-post-featured-image\"><a href=\"https:\/\/www.informatiata.ro\/wp-content\/uploads\/2026\/04\/Screenshot_20260422_194830-scaled.jpg\" data-caption><img loading=\"lazy\" decoding=\"async\" width=\"696\" height=\"945\" class=\"entry-thumb td-modal-image\" src=\"https:\/\/www.informatiata.ro\/wp-content\/uploads\/2026\/04\/Screenshot_20260422_194830-696x945.jpg\" alt title=\"Screenshot_20260422_194830\"><img loading=\"lazy\" decoding=\"async\" width=\"696\" height=\"945\" class=\"entry-thumb td-modal-image\" src=\"https:\/\/www.informatiata.ro\/wp-content\/uploads\/2026\/04\/Screenshot_20260422_194830-696x945.jpg\" alt title=\"Screenshot_20260422_194830\"><\/a><\/div>\n<p>B\u0103rbat b\u0103tut \u0219i t\u00e2lh\u0103rit \u00een propria cas\u0103 dup\u0103 ce doi indivizi au intrat peste el \u00een toiul nop\u021bii. <\/p>\n<p>T\u00e2lh\u0103ria au avut loc pe 17 martie 2026, \u00een jurul orei 03:00, \u00eentr-o locuin\u021b\u0103 din satul \u0218tirb\u0103\u021b, comuna Ude\u0219ti.<\/p>\n<div class=\"td-a-rec td-a-rec-id-content_inlineright  tdi_6 td_block_template_1\"><img loading=\"lazy\" decoding=\"async\" class=\"aligncenter size-full wp-image-64758\" src=\"https:\/\/www.informatiata.ro\/wp-content\/uploads\/2026\/04\/SAVCOM-14.gif\" alt width=\"299\" height=\"250\"><img loading=\"lazy\" decoding=\"async\" class=\"aligncenter size-full wp-image-64758\" src=\"https:\/\/www.informatiata.ro\/wp-content\/uploads\/2026\/04\/SAVCOM-14.gif\" alt width=\"299\" height=\"250\"><img loading=\"lazy\" decoding=\"async\" class=\"aligncenter size-full wp-image-64759\" src=\"https:\/\/www.informatiata.ro\/wp-content\/uploads\/2026\/04\/FACOS-12.gif\" alt width=\"300\" height=\"250\"><img loading=\"lazy\" decoding=\"async\" class=\"aligncenter size-full wp-image-64759\" src=\"https:\/\/www.informatiata.ro\/wp-content\/uploads\/2026\/04\/FACOS-12.gif\" alt width=\"300\" height=\"250\"><\/div>\n<p> Doi indivizi au intrat peste victim\u0103, au lovit-o cu pumnii \u0219i cu palmele de mai multe ori la nivelul capului \u0219i i-au sustras acestuia 7.000 de lei. <\/p>\n<p>Victima a suferit leziuni care necesit\u0103 pentru vindecare 5-7 zile de \u00eengrijiri medicale. <\/p>\n<p>Scopul agresiunii a fost sustragerea sumei de aproximativ 7.000 de lei, sum\u0103 pe care persoana v\u0103t\u0103mat\u0103 o avea \u00een buzunarul st\u00e2ng al gecii.<\/p>\n<p>Unul dintre inculpa\u021bi a luat \u00een m\u00e2n\u0103 un topor pentru a intimida victima, \u00een timp ce cel\u0103lalt a continuat s\u0103 o agreseze fizic, str\u00e2ng\u00e2nd-o de g\u00e2t.<\/p>\n<p>Poli\u021bi\u0219tii i-au identificat pe f\u0103pta\u0219i \u0219i  la data de 21 aprilie 2026, procurorul a dispus re\u021binerea preventiv\u0103 a celor doi ho\u021bi pentru o perioad\u0103 de 24 de ore.<\/p>\n<p> \u00cen cursul zilei de 22 aprilie 2026, inculpa\u021bii au fost prezenta\u021bi judec\u0103torului de drepturi \u0219i libert\u0103\u021bi din cadrul Judec\u0103toriei Suceava. <\/p>\n<p>Ace\u0219tia au fost aresta\u021bi preventiv pentru 30 de zile. <\/p>\n<div class=\"td-a-rec td-a-rec-id-content_bottom  tdi_7 td_block_template_1\"><img loading=\"lazy\" decoding=\"async\" class=\"aligncenter size-full wp-image-64758\" src=\"https:\/\/www.informatiata.ro\/wp-content\/uploads\/2026\/04\/SAVCOM-14.gif\" alt width=\"299\" height=\"250\"><img loading=\"lazy\" decoding=\"async\" class=\"aligncenter size-full wp-image-64758\" src=\"https:\/\/www.informatiata.ro\/wp-content\/uploads\/2026\/04\/SAVCOM-14.gif\" alt width=\"299\" height=\"250\"><img loading=\"lazy\" decoding=\"async\" class=\"aligncenter size-full wp-image-64759\" src=\"https:\/\/www.informatiata.ro\/wp-content\/uploads\/2026\/04\/FACOS-12.gif\" alt width=\"300\" height=\"250\"><img loading=\"lazy\" decoding=\"async\" class=\"aligncenter size-full wp-image-64759\" src=\"https:\/\/www.informatiata.ro\/wp-content\/uploads\/2026\/04\/FACOS-12.gif\" alt width=\"300\" height=\"250\"><\/div>\n<\/div>\n<p>[analyse_source url=&#8221;https:\/\/www.informatiata.ro\/barbat-batut-si-talharit-in-propria-casa\/&#8221;]<\/p>\n","protected":false},"excerpt":{"rendered":"<p>[analyse_image type=&#8221;featured&#8221; src=&#8221;https:\/\/www.informatiata.ro\/wp-content\/uploads\/2026\/04\/Screenshot_20260422_194830-755&#215;1024.jpg&#8221;] B\u0103rbat b\u0103tut \u0219i t\u00e2lh\u0103rit \u00een propria cas\u0103 dup\u0103 ce doi indivizi au intrat peste el \u00een toiul nop\u021bii. T\u00e2lh\u0103ria au avut loc pe 17 martie 2026, \u00een jurul orei 03:00, \u00eentr-o locuin\u021b\u0103 din satul \u0218tirb\u0103\u021b, comuna Ude\u0219ti. Doi indivizi au intrat peste victim\u0103, au lovit-o cu pumnii \u0219i cu palmele de mai [&hellip;]<\/p>\n","protected":false},"author":1,"featured_media":0,"comment_status":"open","ping_status":"","sticky":false,"template":"","format":"standard","meta":{"footnotes":""},"categories":[89],"tags":[226,167],"class_list":["post-1896992","post","type-post","status-publish","format-standard","hentry","category-romania","tag-crawlmanager","tag-informatiata-ro"],"_links":{"self":[{"href":"https:\/\/analyse.optim.biz\/index.php?rest_route=\/wp\/v2\/posts\/1896992","targetHints":{"allow":["GET"]}}],"collection":[{"href":"https:\/\/analyse.optim.biz\/index.php?rest_route=\/wp\/v2\/posts"}],"about":[{"href":"https:\/\/analyse.optim.biz\/index.php?rest_route=\/wp\/v2\/types\/post"}],"author":[{"embeddable":true,"href":"https:\/\/analyse.optim.biz\/index.php?rest_route=\/wp\/v2\/users\/1"}],"replies":[{"embeddable":true,"href":"https:\/\/analyse.optim.biz\/index.php?rest_route=%2Fwp%2Fv2%2Fcomments&post=1896992"}],"version-history":[{"count":0,"href":"https:\/\/analyse.optim.biz\/index.php?rest_route=\/wp\/v2\/posts\/1896992\/revisions"}],"wp:attachment":[{"href":"https:\/\/analyse.optim.biz\/index.php?rest_route=%2Fwp%2Fv2%2Fmedia&parent=1896992"}],"wp:term":[{"taxonomy":"category","embeddable":true,"href":"https:\/\/analyse.optim.biz\/index.php?rest_route=%2Fwp%2Fv2%2Fcategories&post=1896992"},{"taxonomy":"post_tag","embeddable":true,"href":"https:\/\/analyse.optim.biz\/index.php?rest_route=%2Fwp%2Fv2%2Ftags&post=1896992"}],"curies":[{"name":"wp","href":"https:\/\/api.w.org\/{rel}","templated":true}]}}