{"id":1896873,"date":"2026-04-22T15:21:27","date_gmt":"2026-04-22T12:21:27","guid":{"rendered":"https:\/\/analyse.optim.biz\/?p=1896873"},"modified":"2026-04-22T15:21:27","modified_gmt":"2026-04-22T12:21:27","slug":"ue-aproba-imprumutul-de-90-de-miliarde-e-pentru-ucraina-dupa-reluarea-fluxului-de-petrol-spre-ungaria-si","status":"publish","type":"post","link":"https:\/\/analyse.optim.biz\/?p=1896873","title":{"rendered":"UE aprob\u0103 \u00eemprumutul de 90 de miliarde \u20ac pentru Ucraina dup\u0103 reluarea fluxului de petrol spre Ungaria \u0219i&#8230;"},"content":{"rendered":"<p>[analyse_image type=&#8221;featured&#8221; src=&#8221;https:\/\/cdn.adh.reperio.news\/image-5\/5337b6ce-e725-4075-ae18-95a92fd3885e\/index.jpeg?p=f%3Djpeg%26w%3D1200%26h%3D630%26r%3Dcover%26c%3D0%252C0%252C1%252C0.801&#8243;]<\/p>\n<article class=\"svelte-t0js42\">\n<nav>\n<ul class=\"breadcrump svelte-xauq0s\">\n<li class=\"svelte-xauq0s\"><a href=\"\/\" title=\"Adev\u0103rul\" class=\"svelte-xauq0s\">Home<\/a><\/li>\n<li class=\"svelte-xauq0s\"><a href=\"\/stiri-externe\" class=\"svelte-xauq0s\">\u0218tiri Externe<\/a><\/li>\n<li class=\"svelte-xauq0s\"><a href=\"\/stiri-externe\/europa\" class=\"svelte-xauq0s\">Europa<\/a><\/li>\n<li class=\"svelte-xauq0s\"><a href=\"https:\/\/adevarul.ro\/stiri-externe\/europa\/ue-aproba-imprumutul-de-90-de-miliarde-euro-pentru-2524542.html\" class=\"svelte-xauq0s\">UE aprob\u0103 \u00eemprumutul de 90 de miliarde \u20ac pentru Ucraina dup\u0103 reluarea fluxului de petrol spre Ungaria \u0219i Slovacia<\/a><\/li>\n<\/ul>\n<\/nav>\n<p><main class=\"svelte-t0js42\"><\/p>\n<p>Oficialii ucraineni au anun\u021bat, miercuri, c\u0103 \u021bara a reluat pomparea petrolului rusesc printr-o conduct\u0103 c\u0103tre Ungaria \u0219i Slovacia. Mi\u0219carea pune cap\u0103t lunilor de blocaj privind un \u00eemprumut de 90 de miliarde de euro acordat de Uniunea European\u0103 pentru Kiev.<\/p>\n<div class=\"container-image  svelte-jd4qiv\"><source type=\"image\/webp\" srcset=\"https:\/\/cdn.adh.reperio.news\/image-5\/5337b6ce-e725-4075-ae18-95a92fd3885e\/index.jpeg?p=a%3D1%26co%3D1.05%26w%3D1400%26h%3D750%26r%3Dcontain%26f%3Dwebp 1400w\" media=\"(min-width: 1400px)\" \/><\/p>\n<div class=\"caption\">Volodimir Zelenski \u0219i Ursula von der Leyen FOTO EPA EFE<\/div>\n<\/div>\n<p>La scurt timp dup\u0103 anun\u021bul f\u0103cut de Kiev, ambasadorii UE reuni\u021bi la Bruxelles au dat aprobarea preliminar\u0103 pentru \u00eemprumut, precum \u0219i pentru al 20-lea pachet de sanc\u021biuni \u00eempotriva Rusiei, au declarat oficiali. Se a\u0219teapt\u0103 ca decizia final\u0103 s\u0103 fie adoptat\u0103 joi, transmite <a href=\"https:\/\/www.bbc.com\/news\/articles\/cnv8l99r3yyo\" rel=\"nofollow\">BBC.<\/a><\/p>\n<p>De\u0219i finan\u021barea fusese convenit\u0103 \u00eenc\u0103 din decembrie anul trecut, premierul Ungariei, Viktor Orb\u00e1n, a blocat plata \u00een februarie, dup\u0103 ce Ucraina a anun\u021bat c\u0103 avariile provocate de un atac rusesc au dus la oprirea livr\u0103rilor.<\/p>\n<p>Surse guvernamentale \u0219i din sectorul petrolier din Ucraina au informat oficialii din Ungaria \u0219i Slovacia c\u0103 pomparea a fost reluat\u0103, la c\u00e2teva ore dup\u0103 ce ambasadorii UE au \u00eenceput discu\u021biile privind \u00eemprumutul.<\/p>\n<h2>\u201eUcraina are cu adev\u0103rat nevoie de acest \u00eemprumut\u201d<\/h2>\n<p>Orb\u00e1n ceruse reluarea fluxului de petrol \u00eenainte de deblocarea fondurilor, iar Ucraina a confirmat c\u0103 repara\u021biile au fost finalizate mar\u021bi. <a href=\"https:\/\/adevarul.ro\/stiri-externe\/europa\/infrangerea-lui-orban-in-ungaria-ar-putea-debloca-2522743.html\">\u00cenfr\u00e2ngerea sa \u00een alegerile de duminic\u0103 a detensionat situa\u021bia<\/a> la nivelul UE, pun\u00e2nd cap\u0103t celor 16 ani \u00een care a fost prim-ministru. Viitorul lider al Ungariei, P\u00e9ter Magyar, a anun\u021bat c\u0103 va \u00eencerca resetarea rela\u021biilor tensionate dintre Budapesta \u0219i Bruxelles.<\/p>\n<p><i>\u201eUcraina are cu adev\u0103rat nevoie de acest \u00eemprumut \u0219i este, de asemenea, un semnal c\u0103 Rusia nu poate rezista mai mult dec\u00e2t Ucraina\u201d<\/i>, a declarat \u0219efa politicii externe a UE, Kaja Kallas, \u00eenaintea reuniunii ambasadorilor.<\/p>\n<p>Vicepremierul ucrainean Taras Kachka a descris finan\u021barea drept <i>\u201eo chestiune de via\u021b\u0103 \u0219i de moarte\u201d<\/i> pentru Kiev, dou\u0103 treimi din sum\u0103 urm\u00e2nd s\u0103 fie alocate consolid\u0103rii capacit\u0103\u021bilor de ap\u0103rare, iar restul pentru sprijin financiar general.<\/p>\n<p>Ministrul slovac al Economiei, Denisa Sakova, a declarat c\u0103 operatorul energetic Ukrtransnaft, care administreaz\u0103 conducta Drujba pe teritoriul Ucrainei, i-a transmis c\u0103 presurizarea conductei a \u00eenceput miercuri diminea\u021b\u0103, iar petrolul ar urma s\u0103 ajung\u0103 \u00een Slovacia joi, pentru prima dat\u0103 din 27 ianuarie.<\/p>\n<p>Volumul exact al petrolului pompat nu este \u00eenc\u0103 clar, \u00eens\u0103 o surs\u0103 guvernamental\u0103 ucrainean\u0103 a precizat c\u0103 tranzitul a \u00eenceput la ora 12:35, ora local\u0103 (09:35 GMT). Compania energetic\u0103 ungar\u0103 Mol a anun\u021bat c\u0103 se a\u0219teapt\u0103 ca primele livr\u0103ri s\u0103 ajung\u0103 cel t\u00e2rziu joi.<\/p>\n<p>Orb\u00e1n, care asigur\u0103 interimatul p\u00e2n\u0103 la \u00eenceputul lunii viitoare, a declarat \u00een weekend c\u0103, odat\u0103 reluate livr\u0103rile prin conduct\u0103, <i>\u201enu vom mai sta \u00een calea aprob\u0103rii \u00eemprumutului\u201d<\/i>.<\/p>\n<p>\u00cenaintea alegerilor disputate din aceast\u0103 lun\u0103, pe care le-a pierdut, <a href=\"https:\/\/adevarul.ro\/stiri-externe\/europa\/blocaj-la-bruxelles-viktor-orban-se-opune-in-2516509.html\">Orb\u00e1n a acuzat Ucraina c\u0103 a impus o \u201eblocad\u0103 petrolier\u0103\u201d<\/a> asupra Ungariei \u0219i Slovaciei \u0219i a sus\u021binut c\u0103 UE ar colabora cu Kievul \u00eempotriva sa.<\/p>\n<p>Imagini din satelit au ar\u0103tat, la acea vreme, pagube semnificative la un rezervor important de petrol din Brody, \u00een vestul Ucrainei, la sf\u00e2r\u0219itul lunii ianuarie, iar Kievul a avertizat c\u0103 repara\u021biile vor dura, preciz\u00e2nd c\u0103 inginerii au fost \u021binta unor atacuri ruse\u0219ti.<\/p>\n<p>\u00centre timp, Ucraina a vizat, la r\u00e2ndul s\u0103u, infrastructuri petroliere din Rusia, inclusiv o sta\u021bie de pompare din regiunea Samara, conectat\u0103 la conducta Drujba, la \u00eenceputul acestei s\u0103pt\u0103m\u00e2ni.<\/p>\n<p>Decizia lui Orb\u00e1n de a reveni asupra acordului din decembrie privind acordarea \u00eemprumutului de 90 de miliarde de euro a st\u00e2rnit nemul\u021bumirea liderilor UE, care acceptaser\u0103 ca Ungaria, Slovacia \u0219i Cehia s\u0103 fie exceptate de la schem\u0103.<\/p>\n<h2>Campania anti-Ucraina \u00een alegerile din Ungaria<\/h2>\n<p>Liderul ungar, considerat mult timp cel mai apropiat aliat din UE al pre\u0219edintelui rus Vladimir Putin, a f\u0103cut din ostilitatea fa\u021b\u0103 de Volodimir Zelenski \u0219i fa\u021b\u0103 de Uniunea European\u0103 un element central al campaniei sale electorale, \u00eencheiat\u0103 cu e\u0219ec. Afi\u0219e electorale din Ungaria \u00eel prezentau pe Zelenski al\u0103turi de P\u00e9ter Magyar, \u00eenso\u021bite de mesajul: <i>\u201eSunt periculo\u0219i!\u201d<\/i>.<\/p>\n<p>Zelenski a declarat mar\u021bi sear\u0103 c\u0103 a discutat despre deblocarea \u00eemprumutului cu pre\u0219edinta Comisiei Europene, Ursula von der Leyen, \u0219i cu pre\u0219edintele Consiliului European, Ant\u00f3nio Costa, care reprezint\u0103 cele 27 de state membre.<\/p>\n<p><i>\u201eNu mai exist\u0103 motive pentru blocarea acestuia\u201d<\/i>, a spus Zelenski.<i> \u201eUE a cerut Ucrainei s\u0103 repare conducta de petrol Drujba, distrus\u0103 de Rusia. Am reparat-o. Sper\u0103m ca \u0219i UE s\u0103 \u00ee\u0219i respecte angajamentele asumate.\u201d<\/i><\/p>\n<p>Presa ucrainean\u0103 noteaz\u0103 \u00eens\u0103 c\u0103 ar putea dura \u00eenc\u0103 c\u00e2teva s\u0103pt\u0103m\u00e2ni p\u00e2n\u0103 c\u00e2nd fondurile vor ajunge efectiv la Kiev.<\/p>\n<p><\/main><\/p>\n<footer class=\"svelte-t0js42\">\n<div class=\"related-wrap related-footer svelte-1t8qpgs\"><span class=\"related-label svelte-1t8qpgs\">Cite\u0219te \u0219i<\/span><a class=\"related svelte-1t8qpgs\" data-gtrack='{\"event\":\"utm_click\",\"data\":{\"event_category\":\"article_related\"}}' href=\"https:\/\/adevarul.ro\/stiri-externe\/europa\/ucraina-accelereaza-cursa-tehnologica-peste-200-2523899.html\" title=\"Alt articol de interes pentru tine\"><img decoding=\"async\" class=\"thumb svelte-1t8qpgs\" src=\"https:\/\/cdn.adh.reperio.news\/image-3\/3dab05e6-639c-4eda-bc24-56c065cab7d7\/index.jpeg\" alt loading=\"lazy\" width=\"80\" height=\"54\"><span class=\"title svelte-1t8qpgs\">Ucraina accelereaz\u0103 cursa tehnologic\u0103: peste 200 de companii dezvolt\u0103 drone cu inteligen\u021b\u0103 artificial\u0103<\/span><\/a><a class=\"related svelte-1t8qpgs\" data-gtrack='{\"event\":\"utm_click\",\"data\":{\"event_category\":\"article_related\"}}' href=\"https:\/\/adevarul.ro\/stiri-externe\/rusia\/economia-rusiei-mai-fragila-decat-pare-si-ar-2523957.html\" title=\"Alt articol de interes pentru tine\"><img decoding=\"async\" class=\"thumb svelte-1t8qpgs\" src=\"https:\/\/cdn.adh.reperio.news\/image-5\/51276d31-56c9-44cc-b3cc-3c480dd35dad\/index.jpeg\" alt loading=\"lazy\" width=\"80\" height=\"54\"><span class=\"title svelte-1t8qpgs\">Economia Rusiei, mai fragil\u0103 dec\u00e2t pare \u0219i ar putea intra chiar \u00eentr-un \u0219oc economic major, sus\u021bin serviciile secrete suedeze<\/span><\/a><a class=\"related svelte-1t8qpgs\" data-gtrack='{\"event\":\"utm_click\",\"data\":{\"event_category\":\"article_related\"}}' href=\"https:\/\/adevarul.ro\/stiri-externe\/europa\/rusia-ataca-pe-toata-linia-frontului-noua-tactica-2524004.html\" title=\"Alt articol de interes pentru tine\"><img decoding=\"async\" class=\"thumb svelte-1t8qpgs\" src=\"https:\/\/cdn.adh.reperio.news\/image-0\/05245a56-9e11-42d7-be74-8a1b18310617\/index.jpeg\" alt loading=\"lazy\" width=\"80\" height=\"54\"><span class=\"title svelte-1t8qpgs\">Rusia atac\u0103 pe toat\u0103 linia frontului. Noua tactic\u0103 ridic\u0103 semne de \u00eentrebare, avertizeaz\u0103 anali\u0219tii<\/span><\/a><\/div>\n<div class=\"meta svelte-t0js42\">\n<div class=\"authors svelte-t0js42\"><a href=\"\/author\/46\" rel=\"author\" class=\"svelte-t0js42\">Teodora Marinescu<\/a><\/div>\n<div class=\"tags svelte-12okeyl\"><span class=\"tags-label metaFont svelte-12okeyl\">Cite\u0219te mai multe despre<\/span><\/p>\n<div class=\"tags-list svelte-12okeyl\"><a href=\"\/tag\/ucraina\" title=\"Ultimele \u0219tiri despre ucraina\" class=\"tag-pill svelte-12okeyl\">ucraina<\/a><a href=\"\/tag\/uniunea%20europeana\" title=\"Ultimele \u0219tiri despre uniunea europeana\" class=\"tag-pill svelte-12okeyl\">uniunea europeana<\/a><a href=\"\/tag\/ungaria\" title=\"Ultimele \u0219tiri despre ungaria\" class=\"tag-pill svelte-12okeyl\">ungaria<\/a><\/div>\n<\/div>\n<\/div>\n<p><a class=\"moreFromCategory svelte-t0js42\" href=\"\/stiri-externe\/europa\" title=\"Europa\">Mai multe din <strong class=\"svelte-t0js42\">Europa<\/strong> \u203a<\/a><\/footer>\n<\/article>\n<p>[analyse_source url=&#8221;https:\/\/adevarul.ro\/stiri-externe\/europa\/ue-aproba-imprumutul-de-90-de-miliarde-euro-pentru-2524542.html&#8221;]<\/p>\n","protected":false},"excerpt":{"rendered":"<p>[analyse_image type=&#8221;featured&#8221; src=&#8221;https:\/\/cdn.adh.reperio.news\/image-5\/5337b6ce-e725-4075-ae18-95a92fd3885e\/index.jpeg?p=f%3Djpeg%26w%3D1200%26h%3D630%26r%3Dcover%26c%3D0%252C0%252C1%252C0.801&#8243;] Home \u0218tiri Externe Europa UE aprob\u0103 \u00eemprumutul de 90 de miliarde \u20ac pentru Ucraina dup\u0103 reluarea fluxului de petrol spre Ungaria \u0219i Slovacia Oficialii ucraineni au anun\u021bat, miercuri, c\u0103 \u021bara a reluat pomparea petrolului rusesc printr-o conduct\u0103 c\u0103tre Ungaria \u0219i Slovacia. Mi\u0219carea pune cap\u0103t lunilor de blocaj privind un \u00eemprumut de 90 [&hellip;]<\/p>\n","protected":false},"author":1,"featured_media":0,"comment_status":"open","ping_status":"","sticky":false,"template":"","format":"standard","meta":{"footnotes":""},"categories":[89],"tags":[19,226],"class_list":["post-1896873","post","type-post","status-publish","format-standard","hentry","category-romania","tag-adevarul","tag-crawlmanager"],"_links":{"self":[{"href":"https:\/\/analyse.optim.biz\/index.php?rest_route=\/wp\/v2\/posts\/1896873","targetHints":{"allow":["GET"]}}],"collection":[{"href":"https:\/\/analyse.optim.biz\/index.php?rest_route=\/wp\/v2\/posts"}],"about":[{"href":"https:\/\/analyse.optim.biz\/index.php?rest_route=\/wp\/v2\/types\/post"}],"author":[{"embeddable":true,"href":"https:\/\/analyse.optim.biz\/index.php?rest_route=\/wp\/v2\/users\/1"}],"replies":[{"embeddable":true,"href":"https:\/\/analyse.optim.biz\/index.php?rest_route=%2Fwp%2Fv2%2Fcomments&post=1896873"}],"version-history":[{"count":0,"href":"https:\/\/analyse.optim.biz\/index.php?rest_route=\/wp\/v2\/posts\/1896873\/revisions"}],"wp:attachment":[{"href":"https:\/\/analyse.optim.biz\/index.php?rest_route=%2Fwp%2Fv2%2Fmedia&parent=1896873"}],"wp:term":[{"taxonomy":"category","embeddable":true,"href":"https:\/\/analyse.optim.biz\/index.php?rest_route=%2Fwp%2Fv2%2Fcategories&post=1896873"},{"taxonomy":"post_tag","embeddable":true,"href":"https:\/\/analyse.optim.biz\/index.php?rest_route=%2Fwp%2Fv2%2Ftags&post=1896873"}],"curies":[{"name":"wp","href":"https:\/\/api.w.org\/{rel}","templated":true}]}}