{"id":1896865,"date":"2026-04-22T15:07:08","date_gmt":"2026-04-22T12:07:08","guid":{"rendered":"https:\/\/analyse.optim.biz\/?p=1896865"},"modified":"2026-04-22T15:07:08","modified_gmt":"2026-04-22T12:07:08","slug":"iranul-a-capturat-doua-nave-in-stramtoarea-ormuz-dupa-ce-donald-trump-a-suspendat-atacurile","status":"publish","type":"post","link":"https:\/\/analyse.optim.biz\/?p=1896865","title":{"rendered":"Iranul a capturat dou\u0103 nave \u00een Str\u00e2mtoarea Ormuz, dup\u0103 ce Donald Trump a suspendat atacurile"},"content":{"rendered":"<p>[analyse_image type=&#8221;featured&#8221; src=&#8221;https:\/\/cdn.adh.reperio.news\/image-d\/dbe3f117-410a-471a-9697-efcbe0b419e3\/index.jpeg?p=f%3Djpeg%26w%3D1200%26h%3D630%26r%3Dcover%26c%3D0%252C0%252C1%252C0.772&#8243;]<\/p>\n<article class=\"svelte-t0js42\">\n<nav>\n<ul class=\"breadcrump svelte-xauq0s\">\n<li class=\"svelte-xauq0s\"><a href=\"\/\" title=\"Adev\u0103rul\" class=\"svelte-xauq0s\">Home<\/a><\/li>\n<li class=\"svelte-xauq0s\"><a href=\"\/stiri-externe\" class=\"svelte-xauq0s\">\u0218tiri Externe<\/a><\/li>\n<li class=\"svelte-xauq0s\"><a href=\"\/stiri-externe\/in-lume\" class=\"svelte-xauq0s\">\u00cen lume<\/a><\/li>\n<li class=\"svelte-xauq0s\"><a href=\"https:\/\/adevarul.ro\/stiri-externe\/in-lume\/iranul-a-capturat-doua-nave-in-stramtoarea-ormuz-2524536.html\" class=\"svelte-xauq0s\">Iranul a capturat dou\u0103 nave \u00een Str\u00e2mtoarea Ormuz, dup\u0103 ce Donald Trump a suspendat atacurile<\/a><\/li>\n<\/ul>\n<\/nav>\n<p><main class=\"svelte-t0js42\"><\/p>\n<p>Iranul a capturat, miercuri, dou\u0103 nave \u00een Str\u00e2mtoarea Ormuz, dup\u0103 ce pre\u0219edintele american Donald Trump a suspendat atacurile pe termen nelimitat, f\u0103r\u0103 ca negocierile de pace s\u0103 dea semne de reluare.<\/p>\n<div class=\"container-image  svelte-jd4qiv\"><source type=\"image\/webp\" srcset=\"https:\/\/cdn.adh.reperio.news\/image-d\/dbe3f117-410a-471a-9697-efcbe0b419e3\/index.jpeg?p=a%3D1%26co%3D1.05%26w%3D1400%26h%3D750%26r%3Dcontain%26c%3D0%252C0%252C1%252C0.772%26f%3Dwebp 1400w\" media=\"(min-width: 1400px)\" \/><\/p>\n<div class=\"caption\">Nava MSC Francesca FOTO: X<\/div>\n<\/div>\n<p>Potrivit agen\u021biei de \u0219tiri semi-oficial\u0103 iranian\u0103,\u00a0Tasnim, Garda Revolu\u021bionar\u0103 a capturat dou\u0103 nave pentru \u00eenc\u0103lc\u0103ri ale legisla\u021biei maritime \u0219i le-a escortat c\u0103tre \u021b\u0103rmurile iraniene. Este pentru prima dat\u0103 c\u00e2nd Iranul captureaz\u0103 nave, \u00eenc\u0103 de la \u00eenceputul r\u0103zboiului din Orient.<\/p>\n<p>Navele au fost identificate ca fiind \u201eMSC Francesca\u201d \u0219i \u201eEpaminondas\u201d, care, potrivit informa\u021biilor, au fost \u00eendreptate spre coastele iraniene dup\u0103 ce \u201eau operat f\u0103r\u0103 autoriza\u021bia necesar\u0103 \u0219i pentru c\u0103 au manipulat sistemele de naviga\u021bie\u201d, potrivit <a href=\"https:\/\/www.mediafax.ro\/externe\/iranul-retine-nave-in-stramtoarea-ormuz-dupa-ce-trump-a-oprit-atacurile-23724599\" rel=\"nofollow\">Mediafax.<\/a><\/p>\n<p>Potrivit unui comunicat oficial al G\u0103rzilor revolu\u021bionare Islamice, <i>\u201ePerturbarea ordinii \u0219i a siguran\u021bei \u00een str\u00e2mtoarea Ormuz reprezint\u0103 linia noastr\u0103 ro\u0219ie.\u201d<\/i><\/p>\n<p>Anterior, Organiza\u021bia de Opera\u021biuni Comerciale Maritime din Marea Britanie a precizat c\u0103 cele dou\u0103 nave au fost atacate cu focuri de arm\u0103, \u00een apropierea coastei Iraniene. Ulterior, BBC <a href=\"https:\/\/adevarul.ro\/stiri-externe\/sua\/sua-au-capturat-o-nava-iraniana-in-golful-oman-2523861.html\">a raportat c\u0103 o a treia nav\u0103 a fost atacat\u0103.<\/a><\/p>\n<p>Compania de informa\u021bii maritime Vanguard a precizat pentru BBC c\u0103 nava a fost vizat\u0103 \u0219a aproximativ 6 mile maritime (11,112 kilometri) de coastele Iranului. Nava a fost contactat\u0103 de IRGC \u0219i \u201e<i>i s-a ordonat s\u0103 ancoreze\u201d<\/i>.\u00a0Nava a semnalat <i>\u201eavarii la corp \u0219i la spa\u021biile de locuit<\/i>\u201d, potrivit sursei citate.<\/p>\n<p>Reamintim c\u0103 mar\u021bi sear\u0103, pre\u0219edintele SUA, Donald Trump, a acceptat cererea mediatorilor Pakistanezi \u201e<i>de a am\u00e2na atacul asupra Iranului p\u00e2n\u0103 c\u00e2nd liderii \u0219i reprezentan\u021bii acestei \u021b\u0103ri vor veni cu o propunere unitar\u0103 \u2026 \u0219i discu\u021biile se vor \u00eencheia, \u00eentr-un fel sau altul\u201d.<\/i><\/p>\n<p>\u00a0 Cu toate acestea, SUA va continua blocada impus\u0103 asupra comer\u021bului maritim al Iranului. Teheranul consider\u0103 c\u0103 blocada impus\u0103 de SUA este un act de r\u0103zboi, iar oficialii iranieni au declarat c\u0103 nu vor renun\u021ba la blocada Str\u00e2mtorii Ormuz, at\u00e2ta timp c\u00e2t blocada SUA continu\u0103.<\/p>\n<p><\/main><\/p>\n<footer class=\"svelte-t0js42\">\n<div class=\"related-wrap related-footer svelte-1t8qpgs\"><span class=\"related-label svelte-1t8qpgs\">Cite\u0219te \u0219i<\/span><a class=\"related svelte-1t8qpgs\" data-gtrack='{\"event\":\"utm_click\",\"data\":{\"event_category\":\"article_related\"}}' href=\"https:\/\/adevarul.ro\/stiri-externe\/in-lume\/nava-care-a-reusit-sa-treaca-prin-stramtoarea-2515078.html\" title=\"Alt articol de interes pentru tine\"><img decoding=\"async\" class=\"thumb svelte-1t8qpgs\" src=\"https:\/\/cdn.adh.reperio.news\/image-c\/c1b230bc-09e6-410d-9fce-ba88c599d16d\/index.jpeg\" alt loading=\"lazy\" width=\"80\" height=\"54\"><span class=\"title svelte-1t8qpgs\">Nava care a reu\u0219it s\u0103 treac\u0103 prin Str\u00e2mtoarea Ormuz cu \u201epermisiunea Iranului\u201d. C\u0103rui stat apar\u021bine<\/span><\/a><a class=\"related svelte-1t8qpgs\" data-gtrack='{\"event\":\"utm_click\",\"data\":{\"event_category\":\"article_related\"}}' href=\"https:\/\/adevarul.ro\/stiri-externe\/in-lume\/prima-nava-civila-traverseaza-stramtoarea-ormuz-2523542.html\" title=\"Alt articol de interes pentru tine\"><img decoding=\"async\" class=\"thumb svelte-1t8qpgs\" src=\"https:\/\/cdn.adh.reperio.news\/image-c\/c86d5386-d4c1-441a-8ca8-7cfd73dd2b24\/index.png\" alt loading=\"lazy\" width=\"80\" height=\"54\"><span class=\"title svelte-1t8qpgs\">Prima nav\u0103 civil\u0103 traverseaz\u0103 Str\u00e2mtoarea Ormuz dup\u0103 izbucnirea conflictului din Orientul Mijlociu. Armisti\u021biul r\u0103m\u00e2ne fragil<\/span><\/a><a class=\"related svelte-1t8qpgs\" data-gtrack='{\"event\":\"utm_click\",\"data\":{\"event_category\":\"article_related\"}}' href=\"https:\/\/adevarul.ro\/stiri-externe\/sua\/sua-au-capturat-o-nava-iraniana-in-golful-oman-2523861.html\" title=\"Alt articol de interes pentru tine\"><img decoding=\"async\" class=\"thumb svelte-1t8qpgs\" src=\"https:\/\/cdn.adh.reperio.news\/image-5\/5aeeba6a-f7d7-4195-a0eb-2119956e6784\/index.jpeg\" alt loading=\"lazy\" width=\"80\" height=\"54\"><span class=\"title svelte-1t8qpgs\">SUA au capturat o nav\u0103 iranian\u0103 \u00een Golful Oman dup\u0103 ce a \u00eencercat s\u0103 sparg\u0103 blocada naval\u0103 impus\u0103 de Washington<\/span><\/a><\/div>\n<div class=\"meta svelte-t0js42\">\n<div class=\"authors svelte-t0js42\"><a href=\"\/author\/672\" rel=\"author\" class=\"svelte-t0js42\">\u0218tefan Borcea<\/a><\/div>\n<div class=\"tags svelte-12okeyl\"><span class=\"tags-label metaFont svelte-12okeyl\">Cite\u0219te mai multe despre<\/span><\/p>\n<div class=\"tags-list svelte-12okeyl\"><a href=\"\/tag\/donald%20trump\" title=\"Ultimele \u0219tiri despre donald trump\" class=\"tag-pill svelte-12okeyl\">donald trump<\/a><a href=\"\/tag\/iran\" title=\"Ultimele \u0219tiri despre iran\" class=\"tag-pill svelte-12okeyl\">iran<\/a><a href=\"\/tag\/nave\" title=\"Ultimele \u0219tiri despre nave\" class=\"tag-pill svelte-12okeyl\">nave<\/a><\/div>\n<\/div>\n<\/div>\n<p><a class=\"moreFromCategory svelte-t0js42\" href=\"\/stiri-externe\/in-lume\" title=\"\u00cen lume\">Mai multe din <strong class=\"svelte-t0js42\">\u00cen lume<\/strong> \u203a<\/a><\/footer>\n<\/article>\n<p>[analyse_source url=&#8221;https:\/\/adevarul.ro\/stiri-externe\/in-lume\/iranul-a-capturat-doua-nave-in-stramtoarea-ormuz-2524536.html&#8221;]<\/p>\n","protected":false},"excerpt":{"rendered":"<p>[analyse_image type=&#8221;featured&#8221; src=&#8221;https:\/\/cdn.adh.reperio.news\/image-d\/dbe3f117-410a-471a-9697-efcbe0b419e3\/index.jpeg?p=f%3Djpeg%26w%3D1200%26h%3D630%26r%3Dcover%26c%3D0%252C0%252C1%252C0.772&#8243;] Home \u0218tiri Externe \u00cen lume Iranul a capturat dou\u0103 nave \u00een Str\u00e2mtoarea Ormuz, dup\u0103 ce Donald Trump a suspendat atacurile Iranul a capturat, miercuri, dou\u0103 nave \u00een Str\u00e2mtoarea Ormuz, dup\u0103 ce pre\u0219edintele american Donald Trump a suspendat atacurile pe termen nelimitat, f\u0103r\u0103 ca negocierile de pace s\u0103 dea semne de reluare. Nava [&hellip;]<\/p>\n","protected":false},"author":1,"featured_media":0,"comment_status":"open","ping_status":"","sticky":false,"template":"","format":"standard","meta":{"footnotes":""},"categories":[89],"tags":[19,226],"class_list":["post-1896865","post","type-post","status-publish","format-standard","hentry","category-romania","tag-adevarul","tag-crawlmanager"],"_links":{"self":[{"href":"https:\/\/analyse.optim.biz\/index.php?rest_route=\/wp\/v2\/posts\/1896865","targetHints":{"allow":["GET"]}}],"collection":[{"href":"https:\/\/analyse.optim.biz\/index.php?rest_route=\/wp\/v2\/posts"}],"about":[{"href":"https:\/\/analyse.optim.biz\/index.php?rest_route=\/wp\/v2\/types\/post"}],"author":[{"embeddable":true,"href":"https:\/\/analyse.optim.biz\/index.php?rest_route=\/wp\/v2\/users\/1"}],"replies":[{"embeddable":true,"href":"https:\/\/analyse.optim.biz\/index.php?rest_route=%2Fwp%2Fv2%2Fcomments&post=1896865"}],"version-history":[{"count":0,"href":"https:\/\/analyse.optim.biz\/index.php?rest_route=\/wp\/v2\/posts\/1896865\/revisions"}],"wp:attachment":[{"href":"https:\/\/analyse.optim.biz\/index.php?rest_route=%2Fwp%2Fv2%2Fmedia&parent=1896865"}],"wp:term":[{"taxonomy":"category","embeddable":true,"href":"https:\/\/analyse.optim.biz\/index.php?rest_route=%2Fwp%2Fv2%2Fcategories&post=1896865"},{"taxonomy":"post_tag","embeddable":true,"href":"https:\/\/analyse.optim.biz\/index.php?rest_route=%2Fwp%2Fv2%2Ftags&post=1896865"}],"curies":[{"name":"wp","href":"https:\/\/api.w.org\/{rel}","templated":true}]}}