{"id":1896861,"date":"2026-04-22T14:31:40","date_gmt":"2026-04-22T11:31:40","guid":{"rendered":"https:\/\/analyse.optim.biz\/?p=1896861"},"modified":"2026-04-22T14:31:40","modified_gmt":"2026-04-22T11:31:40","slug":"un-criminal-din-ucraina-a-incercat-sa-se-spanzure-in-fata-instantei-barbatul-a-ucis-o-cunoscuta-profesoara","status":"publish","type":"post","link":"https:\/\/analyse.optim.biz\/?p=1896861","title":{"rendered":"Un criminal din Ucraina a \u00eencercat s\u0103 se sp\u00e2nzure \u00een fa\u021ba instan\u021bei. Barbatul a ucis o cunoscut\u0103 profesoar\u0103&#8230;"},"content":{"rendered":"<p>[analyse_image type=&#8221;featured&#8221; src=&#8221;https:\/\/cdn.adh.reperio.news\/image-a\/a36defd6-8901-4047-a7f1-af8eae501e6c\/index.gif?p=f%3Djpeg%26w%3D1200%26h%3D630%26r%3Dcover&#8221;]<\/p>\n<article class=\"svelte-t0js42\">\n<nav>\n<ul class=\"breadcrump svelte-xauq0s\">\n<li class=\"svelte-xauq0s\"><a href=\"\/\" title=\"Adev\u0103rul\" class=\"svelte-xauq0s\">Home<\/a><\/li>\n<li class=\"svelte-xauq0s\"><a href=\"\/stiri-externe\" class=\"svelte-xauq0s\">\u0218tiri Externe<\/a><\/li>\n<li class=\"svelte-xauq0s\"><a href=\"\/stiri-externe\/europa\" class=\"svelte-xauq0s\">Europa<\/a><\/li>\n<li class=\"svelte-xauq0s\"><a href=\"https:\/\/adevarul.ro\/stiri-externe\/europa\/un-criminal-din-ucraina-a-incercat-sa-se-spanzure-2524526.html\" class=\"svelte-xauq0s\">Un criminal din Ucraina a \u00eencercat s\u0103 se sp\u00e2nzure \u00een fa\u021ba instan\u021bei. Barbatul a ucis o cunoscut\u0103 profesoar\u0103 \u00een plin\u0103 strad\u0103<\/a><\/li>\n<\/ul>\n<\/nav>\n<p><main class=\"svelte-t0js42\"><\/p>\n<p>Viaceslav Zincenko, suspect \u00een cazul uciderii Irinei Farion, profesoar\u0103 \u0219i fost\u0103 deputat\u0103 din Ucraina, a \u00eencercat s\u0103 se sp\u00e2nzure \u00een sala de judecat\u0103 folosind un tricou.<\/p>\n<div class=\"_hydratable\" data-props=\"%7B%22type%22%3A%22video%22%2C%22data%22%3A%7B%22player_options%22%3A%7B%7D%2C%22video%22%3A%7B%22animated%22%3A0%2C%22created_at%22%3A%222026-04-22T14%3A01%3A26.000Z%22%2C%22created_by%22%3A267%2C%22entity_type%22%3A%22media%22%2C%22extension%22%3A%22mp4%22%2C%22id%22%3A%22eb6e5f50-5a2c-4edb-9175-ff0908d81d6c%22%2C%22origin_duration%22%3A26320%2C%22origin_hash%22%3A%2231e2c4e2a49a184568326f46be2342aef8abd322%22%2C%22origin_height%22%3A1080%2C%22origin_name%22%3A%22criminal%20ukr.mp4%22%2C%22origin_size%22%3A26955663%2C%22origin_width%22%3A1920%2C%22path%22%3A%22video-e%2Feb6e5f50-5a2c-4edb-9175-ff0908d81d6c%2Findex.m3u8%22%2C%22prevent_prune%22%3A0%2C%22published%22%3A0%2C%22restrict_domains%22%3Anull%2C%22status%22%3A%22ready%22%2C%22thumb%22%3A%22https%3A%2F%2Fcdn.adh.reperio.news%2Fvideo-e%2Feb6e5f50-5a2c-4edb-9175-ff0908d81d6c%2Fthumb.0000000.jpg%22%2C%22title%22%3A%22criminal%20ukr%20mp4%22%2C%22type%22%3A%22video%22%2C%22updated_at%22%3A%222026-04-22T14%3A01%3A45.000Z%22%2C%22url%22%3A%22https%3A%2F%2Fcdn.adh.reperio.news%2Fvideo-e%2Feb6e5f50-5a2c-4edb-9175-ff0908d81d6c%2Findex.m3u8%22%2C%22video_raw%22%3Anull%2C%22video_thumbnail%22%3A%22thumb.0000000.jpg%22%7D%7D%7D\" data-context=\"%7B%22parentBlockColumnCount%22%3A%7B%22value%22%3A0%2C%22type%22%3A%22store%2Freadable%22%7D%2C%22parentBlockBackgroundColor%22%3A%7B%22type%22%3A%22store%2Freadable%22%7D%7D\" data-component=\"EditorVideoPlayer\"><\/div>\n<p>Incidentul a avut loc pe 22 aprilie, \u00eentr-un tribunal din ora\u0219ul ucrainean Liov, unde se judec\u0103 dosarul, iar imaginile au fost publicate de postul \u201eNews. LIVE\u201d, scrie\u00a0<a href=\"http:\/\/focus.ua\" rel=\"nofollow\">Focus.ua<\/a>.<\/p>\n<p>\u00cen sala de judeacat\u0103, b\u0103rbatul care \u00ee\u0219i neag\u0103 vinov\u0103\u021bia, a declarat c\u0103 se afl\u0103 \u00een greva foamei de pe 17 aprilie, acuz\u00e2nd c\u0103 i-au fost\u00a0\u00eenc\u0103lcate drepturile constitu\u021bionale.<\/p>\n<p>\u201e<i>Sunt \u00een greva foamei de pe 17, dar a fost vineri, apoi s\u00e2mb\u0103t\u0103 \u0219i duminic\u0103, iar aceste zile nu au fost luate \u00een calcul ca fiind \u00een greva foamei. De aceea cer ca \u0219edin\u021ba de judecat\u0103 s\u0103 fie am\u00e2nat\u0103 ast\u0103zi, pentru c\u0103 m\u0103 simt extrem de r\u0103u. <\/i><\/p>\n<p><i>Din cauza st\u0103rii de s\u0103n\u0103tate, nu am putut s\u0103 preg\u0103tesc o cerere \u0219i nu sunt preg\u0103tit pentru dezbateri (&#8230;) Pierd c\u00e2teva kilograme. Pot vorbi, dar nu \u00eemi pot lega ideile\u201d<\/i>, a spus Zinchenko.<\/p>\n<p>Acesta le-a spus jurnali\u0219tilor c\u0103 a intrat \u00een greva foamei deoarece instan\u021ba nu \u00eei analizeaz\u0103 alibiul, pe care vrea s\u0103-l fac\u0103 public. A afirmat c\u0103 nu este \u00een stare s\u0103 depun\u0103 m\u0103rturie \u0219i, \u00een cele din urm\u0103, a refuzat, iar procesul a continuat.<\/p>\n<p>Pe 4 mai 2026, m\u0103sura arestului preventiv expir\u0103, iar procurorul Dmytro Petliovani solicit\u0103 prelungirea acesteia f\u0103r\u0103 posibilitatea de eliberare pe cau\u021biune, \u00een timp ce ap\u0103rarea a cerut arest la domiciliu.<\/p>\n<p>\u00cen final, instan\u021ba a admis cererea procurorului \u0219i a decis men\u021binerea lui Zinchenko sub arest pentru \u00eenc\u0103 60 de zile, p\u00e2n\u0103 la 21 iunie.<\/p>\n<h2>Cine a fost Irina Farion<\/h2>\n<p>N\u0103scut\u0103 pe 29 aprilie 1964, \u00een Liov,\u00a0Irina Dmytrivna Farion\u00a0a fost o lingvist\u0103 ucrainean\u0103 \u0219i politician\u0103, care a ocupat func\u021bia de deputat \u00een Rada Suprem\u0103 a Ucrainei \u00een perioada 2012\u20132014.<\/p>\n<div class=\"container-image  svelte-jd4qiv\"><source type=\"image\/webp\" srcset=\"https:\/\/cdn.adh.reperio.news\/image-3\/345e7316-37c4-4da9-8cf3-91bcc55ab14c\/index.png?p=a%3D1%26co%3D1.05%26w%3D1400%26h%3D750%26r%3Dcontain%26f%3Dwebp 1400w\" media=\"(min-width: 1400px)\" \/><\/p>\n<div class=\"caption\">Irina Farion\/FOTO: Wikipedia<\/div>\n<\/div>\n<p>A fost membr\u0103 a partidului Svoboda din 2005 p\u00e2n\u0103 la asasinarea sa, \u00een 2024. De asemenea, a fost profesoar\u0103 la Catedra de Limba Ucrainean\u0103 din cadrul Institutului de \u0218tiin\u021be Umaniste \u0219i Sociale al Universit\u0103\u021bii Politehnice din Liov.<\/p>\n<p>La \u00eenceputul lunii iulie 2024, t\u00e2n\u0103rul ar fi c\u0103l\u0103torit cu autobuzul spre Liov, evit\u00e2nd g\u0103rile \u0219i aeroporturile. Ajuns acolo, ar fi \u00eenchiriat mai multe locuin\u021be sub identit\u0103\u021bi false pentru a nu atrage aten\u021bia.<\/p>\n<p>Dorind s\u0103-\u0219i ascund\u0103 identitatea \u00eenainte de asasinat, \u0219i-a cump\u0103rat\u00a0ochelari de soare, p\u0103l\u0103rie, barb\u0103 fals\u0103, m\u0103nu\u0219i \u0219i haine \u00eenchise la culoare.<\/p>\n<p>Ar\u00a0fi avut asupra sa praf de piper, posibil pentru a \u00eengreuna urm\u0103rirea de c\u0103tre c\u00e2ini.<\/p>\n<p>\u00centre 16 \u0219i 18 iulie 2024, suspectul ar fi supravegheat zonele frecventate de Farion, inclusiv locuin\u021ba acesteia \u0219i locurile unde obi\u0219nuia s\u0103 ia taxiul.<\/p>\n<p>Pe 19 iulie 2024, \u00een jurul orei 19:30,<a href=\"https:\/\/adevarul.ro\/stiri-externe\/europa\/o-fosta-deputata-nationalista-din-ucraina-2376474.html\"> Farion a fost \u00eempu\u0219cat\u0103 \u00een t\u00e2mpl\u0103, de la mic\u0103 distan\u021b\u0103<\/a>, pe strada Tom\u00e1\u0161 Masaryk din Liov. Atacatorul a fugit pe jos \u0219i a aruncat pe traseu hainele \u0219i obiectele folosite. Anchetatorii au recuperat ulterior mai multe probe, printre care o barb\u0103 fals\u0103, ochelari, haine, plicuri cu praf de piper \u0219i un tub de cartu\u0219.<\/p>\n<p>La scurt timp, poli\u021bia l-a re\u021binut pe Vyacheslav Zinchenko, acuzat de omor cu premeditare.<\/p>\n<p>\u00cen timpul \u0219edin\u021bei din 9 aprilie 2025, o femeie venit\u0103 s\u0103 \u00eel sus\u021bin\u0103 pe Zinchenko a acuzat-o pe fiica Irinei Farion c\u0103 \u0219i-ar fi ucis propria mam\u0103.<\/p>\n<p>La r\u00e2ndul lor, avoca\u021bii suspectului sus\u021bin c\u0103 de\u021bin un videoclip care ar ar\u0103ta \u201edoi Zinchenko\u201d \u00een acela\u0219i timp, ceea ce, \u00een opinia lor, ar reprezenta o dovad\u0103 \u00een favoarea clientului.<\/p>\n<p><\/main><\/p>\n<footer class=\"svelte-t0js42\">\n<div class=\"related-wrap related-footer svelte-1t8qpgs\"><span class=\"related-label svelte-1t8qpgs\">Cite\u0219te \u0219i<\/span><a class=\"related svelte-1t8qpgs\" data-gtrack='{\"event\":\"utm_click\",\"data\":{\"event_category\":\"article_related\"}}' href=\"https:\/\/adevarul.ro\/stiri-externe\/europa\/o-fosta-deputata-nationalista-din-ucraina-2376474.html\" title=\"Alt articol de interes pentru tine\"><img decoding=\"async\" class=\"thumb svelte-1t8qpgs\" src=\"https:\/\/cdn.adh.reperio.news\/image-e\/e409c928-8eb1-4a7e-a77d-2f92ae4c0307\/index.jpeg\" alt loading=\"lazy\" width=\"80\" height=\"54\"><span class=\"title svelte-1t8qpgs\">O fost\u0103 deputat\u0103 na\u021bionalist\u0103 din Ucraina, cunoscut\u0103 pentru pozi\u021bia sa anti-Rusia, a fost \u00eempu\u0219cat\u0103 mortal la Liov<\/span><\/a><a class=\"related svelte-1t8qpgs\" data-gtrack='{\"event\":\"utm_click\",\"data\":{\"event_category\":\"article_related\"}}' href=\"https:\/\/adevarul.ro\/stiri-externe\/europa\/moscova-acuza-o-tara-europeana-de-tentativa-de-2510393.html\" title=\"Alt articol de interes pentru tine\"><img decoding=\"async\" class=\"thumb svelte-1t8qpgs\" src=\"https:\/\/cdn.adh.reperio.news\/image-8\/8d50c23d-b4b7-4db2-a195-9712179b8950\/index.jpeg\" alt loading=\"lazy\" width=\"80\" height=\"54\"><span class=\"title svelte-1t8qpgs\">Moscova acuz\u0103 o \u021bar\u0103 european\u0103 de tentativ\u0103 de asasinat asupra lui Vladimir Alekseiev, generalul GRU \u00eempu\u0219cat luna aceasta<\/span><\/a><a class=\"related svelte-1t8qpgs\" data-gtrack='{\"event\":\"utm_click\",\"data\":{\"event_category\":\"article_related\"}}' href=\"https:\/\/adevarul.ro\/stiri-externe\/sua\/rasturnare-de-situatie-in-cazul-charlie-kirk-2519326.html\" title=\"Alt articol de interes pentru tine\"><img decoding=\"async\" class=\"thumb svelte-1t8qpgs\" src=\"https:\/\/cdn.adh.reperio.news\/image-6\/6ea20400-f8e4-4c84-a654-082b4a47a988\/index.jpeg\" alt loading=\"lazy\" width=\"80\" height=\"54\"><span class=\"title svelte-1t8qpgs\">R\u0103sturnare de situa\u021bie \u00een cazul Charlie Kirk: glon\u021bul fatal nu se potrive\u0219te cu arma suspectului<\/span><\/a><\/div>\n<div class=\"meta svelte-t0js42\">\n<div class=\"authors svelte-t0js42\"><a href=\"\/author\/2070\" rel=\"author\" class=\"svelte-t0js42\">Narcis Ghiurca<\/a><\/div>\n<div class=\"tags svelte-12okeyl\"><span class=\"tags-label metaFont svelte-12okeyl\">Cite\u0219te mai multe despre<\/span><\/p>\n<div class=\"tags-list svelte-12okeyl\"><a href=\"\/tag\/ucraina\" title=\"Ultimele \u0219tiri despre ucraina\" class=\"tag-pill svelte-12okeyl\">ucraina<\/a><a href=\"\/tag\/crima\" title=\"Ultimele \u0219tiri despre crima\" class=\"tag-pill svelte-12okeyl\">crima<\/a><\/div>\n<\/div>\n<\/div>\n<p><a class=\"moreFromCategory svelte-t0js42\" href=\"\/stiri-externe\/europa\" title=\"Europa\">Mai multe din <strong class=\"svelte-t0js42\">Europa<\/strong> \u203a<\/a><\/footer>\n<\/article>\n<p>[analyse_source url=&#8221;https:\/\/adevarul.ro\/stiri-externe\/europa\/un-criminal-din-ucraina-a-incercat-sa-se-spanzure-2524526.html&#8221;]<\/p>\n","protected":false},"excerpt":{"rendered":"<p>[analyse_image type=&#8221;featured&#8221; src=&#8221;https:\/\/cdn.adh.reperio.news\/image-a\/a36defd6-8901-4047-a7f1-af8eae501e6c\/index.gif?p=f%3Djpeg%26w%3D1200%26h%3D630%26r%3Dcover&#8221;] Home \u0218tiri Externe Europa Un criminal din Ucraina a \u00eencercat s\u0103 se sp\u00e2nzure \u00een fa\u021ba instan\u021bei. Barbatul a ucis o cunoscut\u0103 profesoar\u0103 \u00een plin\u0103 strad\u0103 Viaceslav Zincenko, suspect \u00een cazul uciderii Irinei Farion, profesoar\u0103 \u0219i fost\u0103 deputat\u0103 din Ucraina, a \u00eencercat s\u0103 se sp\u00e2nzure \u00een sala de judecat\u0103 folosind un tricou. Incidentul [&hellip;]<\/p>\n","protected":false},"author":1,"featured_media":0,"comment_status":"open","ping_status":"","sticky":false,"template":"","format":"standard","meta":{"footnotes":""},"categories":[89],"tags":[19,226],"class_list":["post-1896861","post","type-post","status-publish","format-standard","hentry","category-romania","tag-adevarul","tag-crawlmanager"],"_links":{"self":[{"href":"https:\/\/analyse.optim.biz\/index.php?rest_route=\/wp\/v2\/posts\/1896861","targetHints":{"allow":["GET"]}}],"collection":[{"href":"https:\/\/analyse.optim.biz\/index.php?rest_route=\/wp\/v2\/posts"}],"about":[{"href":"https:\/\/analyse.optim.biz\/index.php?rest_route=\/wp\/v2\/types\/post"}],"author":[{"embeddable":true,"href":"https:\/\/analyse.optim.biz\/index.php?rest_route=\/wp\/v2\/users\/1"}],"replies":[{"embeddable":true,"href":"https:\/\/analyse.optim.biz\/index.php?rest_route=%2Fwp%2Fv2%2Fcomments&post=1896861"}],"version-history":[{"count":0,"href":"https:\/\/analyse.optim.biz\/index.php?rest_route=\/wp\/v2\/posts\/1896861\/revisions"}],"wp:attachment":[{"href":"https:\/\/analyse.optim.biz\/index.php?rest_route=%2Fwp%2Fv2%2Fmedia&parent=1896861"}],"wp:term":[{"taxonomy":"category","embeddable":true,"href":"https:\/\/analyse.optim.biz\/index.php?rest_route=%2Fwp%2Fv2%2Fcategories&post=1896861"},{"taxonomy":"post_tag","embeddable":true,"href":"https:\/\/analyse.optim.biz\/index.php?rest_route=%2Fwp%2Fv2%2Ftags&post=1896861"}],"curies":[{"name":"wp","href":"https:\/\/api.w.org\/{rel}","templated":true}]}}