{"id":1896846,"date":"2026-04-22T18:01:02","date_gmt":"2026-04-22T15:01:02","guid":{"rendered":"https:\/\/analyse.optim.biz\/?p=1896846"},"modified":"2026-04-22T18:01:02","modified_gmt":"2026-04-22T15:01:02","slug":"gaspar-orban-son-of-hungarys-outgoing-prime-minister-discharged-from-military","status":"publish","type":"post","link":"https:\/\/analyse.optim.biz\/?p=1896846","title":{"rendered":"G\u00e1sp\u00e1r Orb\u00e1n, son of Hungary&#8217;s outgoing prime minister, discharged from military"},"content":{"rendered":"<p>[analyse_image type=&#8221;featured&#8221; src=&#8221;https:\/\/images.euronews.com\/articles\/stories\/09\/73\/19\/90\/1200x675_cmsv2_e5e14bfd-ce34-5ff0-b57c-8096b7f14e6e-9731990.jpg&#8221;]<\/p>\n<article id=\"abe-2888179-pos1-c-latest-stories\" class=\"the-media-object m-modeMobile-1 m-modeDesktop-1 m-modeXL-1 the-media-object--has-video\" data-nid=\"2888179\" data-cid=\"9731772\" data-part-label=\"Partner content\">\n<figure id=\"abe-2888179-label-pos1-c-latest-stories\" class=\"the-media-object__figure\"><img decoding=\"async\" class=\"the-media-object__image\" src=\"https:\/\/images.euronews.com\/articles\/stories\/09\/73\/17\/72\/189x106_cmsv2_589cfd1e-da6c-5e9e-b746-4f30bd889b53-9731772.jpg\" loading=\"lazy\" alt=\"Displaced people cross a destroyed bridge as they return to their villages, following a ceasefire between Hezbollah and Israel\" height=\"9\" width=\"16\"><\/figure>\n<div class=\"the-media-object__content\">\n                    No Comment<\/p>\n<div class=\"the-media-object__title  \">\n<p>    Aerial footage shows widespread destruction in southern Lebanon\n  <\/p><\/div>\n<\/div>\n<\/article>\n<article id=\"abe-2888192-pos2-c-latest-stories\" class=\"the-media-object m-modeMobile-1 m-modeDesktop-1 m-modeXL-1\" data-nid=\"2888192\" data-cid=\"9731822\" data-part-label=\"Partner content\">\n<figure id=\"abe-2888192-label-pos2-c-latest-stories\" class=\"the-media-object__figure\"><img decoding=\"async\" class=\"the-media-object__image\" src=\"https:\/\/images.euronews.com\/articles\/stories\/09\/69\/80\/49\/189x106_cmsv2_d6268ad3-52ac-5dad-a512-91a18ecba4a6-9698049.jpg\" loading=\"lazy\" alt=\"Hungary's outgoing Minister of Defence Kristof Szalay-Bobrovniczky, right, in a Lynx infantry fighting vehicle \" height=\"9\" width=\"16\"><\/figure>\n<div class=\"the-media-object__content\">\n                    Europe News<\/p>\n<div class=\"the-media-object__title  \">\n<p>    Exclusive: Hungary&#8217;s new government to review \u20ac16bn EU defence plan\n  <\/p><\/div>\n<\/div>\n<\/article>\n<article id=\"abe-2888249-pos3-c-latest-stories\" class=\"the-media-object m-modeMobile-1 m-modeDesktop-1 m-modeXL-1\" data-nid=\"2888249\" data-cid=\"9732196\" data-part-label=\"Partner content\">\n<figure id=\"abe-2888249-label-pos3-c-latest-stories\" class=\"the-media-object__figure\"><img decoding=\"async\" class=\"the-media-object__image\" src=\"https:\/\/images.euronews.com\/articles\/stories\/09\/73\/21\/96\/189x106_cmsv2_89e49f6e-a115-5b71-b154-b5bc4a04d6bb-9732196.jpg\" loading=\"lazy\" alt=\"A Spanish flag and a Spanish far-right VOX party flag are waved during the far-right Patriots for Europe summit in Madrid, 8 February, 2025\" height=\"9\" width=\"16\"><\/figure>\n<div class=\"the-media-object__content\">\n                    Europe News<\/p>\n<div class=\"the-media-object__title  \">\n<p>    Spain&#8217;s far-right Vox returns to power in regional government\n  <\/p><\/div>\n<\/div>\n<\/article>\n<article id=\"abe-2888180-pos4-c-latest-stories\" class=\"the-media-object m-modeMobile-1 m-modeDesktop-1 m-modeXL-1\" data-nid=\"2888180\" data-cid=\"9731773\" data-part-label=\"Partner content\">\n<figure id=\"abe-2888180-label-pos4-c-latest-stories\" class=\"the-media-object__figure\"><img decoding=\"async\" class=\"the-media-object__image\" src=\"https:\/\/images.euronews.com\/articles\/stories\/09\/72\/31\/80\/189x106_cmsv2_909e13ec-d1f2-5068-8ac4-820f27d260b2-9723180.jpg\" loading=\"lazy\" alt=\"The first boats of the Global Sumud Flotilla departing from in Barcelona, Spain, on 12 Apriln \" height=\"9\" width=\"16\"><\/figure>\n<div class=\"the-media-object__content\">\n                    Europe News<\/p>\n<div class=\"the-media-object__title  \">\n<p>    Global Sumud Flotilla ready to new mission to Gaza\n  <\/p><\/div>\n<\/div>\n<\/article>\n<article id=\"abe-2888179-pos1-c-latest-stories-sidebar\" class=\"the-media-object m-modeMobile-2 m-modeDesktop-2 m-modeXL-2 the-media-object--has-video\" data-nid=\"2888179\" data-cid=\"9731772\" data-part-label=\"Partner content\">\n<figure id=\"abe-2888179-label-pos1-c-latest-stories-sidebar\" class=\"the-media-object__figure\"><img decoding=\"async\" class=\"the-media-object__image\" src=\"https:\/\/images.euronews.com\/articles\/stories\/09\/73\/17\/72\/189x106_cmsv2_589cfd1e-da6c-5e9e-b746-4f30bd889b53-9731772.jpg\" loading=\"lazy\" alt=\"Displaced people cross a destroyed bridge as they return to their villages, following a ceasefire between Hezbollah and Israel\" height=\"9\" width=\"16\"><\/figure>\n<div class=\"the-media-object__content\">\n                    No Comment<\/p>\n<div class=\"the-media-object__title  \">\n<p>    Aerial footage shows widespread destruction in southern Lebanon\n  <\/p><\/div>\n<\/div>\n<\/article>\n<article id=\"abe-2888192-pos2-c-latest-stories-sidebar\" class=\"the-media-object m-modeMobile-2 m-modeDesktop-2 m-modeXL-2\" data-nid=\"2888192\" data-cid=\"9731822\" data-part-label=\"Partner content\">\n<figure id=\"abe-2888192-label-pos2-c-latest-stories-sidebar\" class=\"the-media-object__figure\"><img decoding=\"async\" class=\"the-media-object__image\" src=\"https:\/\/images.euronews.com\/articles\/stories\/09\/69\/80\/49\/189x106_cmsv2_d6268ad3-52ac-5dad-a512-91a18ecba4a6-9698049.jpg\" loading=\"lazy\" alt=\"Hungary's outgoing Minister of Defence Kristof Szalay-Bobrovniczky, right, in a Lynx infantry fighting vehicle \" height=\"9\" width=\"16\"><\/figure>\n<div class=\"the-media-object__content\">\n                    Europe News<\/p>\n<div class=\"the-media-object__title  \">\n<p>    Exclusive: Hungary&#8217;s new government to review \u20ac16bn EU defence plan\n  <\/p><\/div>\n<\/div>\n<\/article>\n<article id=\"abe-2888249-pos3-c-latest-stories-sidebar\" class=\"the-media-object m-modeMobile-2 m-modeDesktop-2 m-modeXL-2\" data-nid=\"2888249\" data-cid=\"9732196\" data-part-label=\"Partner content\">\n<figure id=\"abe-2888249-label-pos3-c-latest-stories-sidebar\" class=\"the-media-object__figure\"><img decoding=\"async\" class=\"the-media-object__image\" src=\"https:\/\/images.euronews.com\/articles\/stories\/09\/73\/21\/96\/189x106_cmsv2_89e49f6e-a115-5b71-b154-b5bc4a04d6bb-9732196.jpg\" loading=\"lazy\" alt=\"A Spanish flag and a Spanish far-right VOX party flag are waved during the far-right Patriots for Europe summit in Madrid, 8 February, 2025\" height=\"9\" width=\"16\"><\/figure>\n<div class=\"the-media-object__content\">\n                    Europe News<\/p>\n<div class=\"the-media-object__title  \">\n<p>    Spain&#8217;s far-right Vox returns to power in regional government\n  <\/p><\/div>\n<\/div>\n<\/article>\n<article id=\"abe-2888180-pos4-c-latest-stories-sidebar\" class=\"the-media-object m-modeMobile-2 m-modeDesktop-2 m-modeXL-2\" data-nid=\"2888180\" data-cid=\"9731773\" data-part-label=\"Partner content\">\n<figure id=\"abe-2888180-label-pos4-c-latest-stories-sidebar\" class=\"the-media-object__figure\"><img decoding=\"async\" class=\"the-media-object__image\" src=\"https:\/\/images.euronews.com\/articles\/stories\/09\/72\/31\/80\/189x106_cmsv2_909e13ec-d1f2-5068-8ac4-820f27d260b2-9723180.jpg\" loading=\"lazy\" alt=\"The first boats of the Global Sumud Flotilla departing from in Barcelona, Spain, on 12 Apriln \" height=\"9\" width=\"16\"><\/figure>\n<div class=\"the-media-object__content\">\n                    Europe News<\/p>\n<div class=\"the-media-object__title  \">\n<p>    Global Sumud Flotilla ready to new mission to Gaza\n  <\/p><\/div>\n<\/div>\n<\/article>\n<article class=\"helper-site-row o-article-newsy\">\n<div class=\"helper-site-container o-article-newsy__container\">\n<div class=\"o-article-newsy__main\">\n<header class=\"h-grid o-article-newsy__main__header\">\n<nav aria-label=\"Breadcrumbs\" class=\"c-article-breadcrumbs\">\n<div id=\"adb-article-breadcrumb\" class=\"c-article-breadcrumbs__list\">\n<p>                          Europe<\/p>\n<p>                          Europe News<\/p><\/div>\n<\/nav>\n<h1 class=\"c-article-redesign-title\">\n                            G\u00e1sp\u00e1r Orb\u00e1n, son of Hungary&#8217;s outgoing prime minister, discharged from military<\/h1>\n<div class=\"c-article-image-video u-position-relative \">\n<div class=\"js-superdiv u-aspect-ratio-16x9 u-position-relative \" data-sponsored=\"Partner content\"><img fetchpriority=\"high\" decoding=\"async\" class=\"js-poster-img c-article-media__img\" src=\"https:\/\/images.euronews.com\/articles\/stories\/09\/73\/19\/90\/1536x864_cmsv2_e5e14bfd-ce34-5ff0-b57c-8096b7f14e6e-9731990.jpg\" width=\"1536\" height=\"864\" loading=\"eager\" alt=\"Viktor Orb\u00e1n's mother, Mrs Gy\u0151z\u0151 Orb\u00e1n, his father Gy\u0151z\u0151 Orb\u00e1n and his son G\u00e1sp\u00e1r Orb\u00e1n at the plenary session of the National Assembly on 10 May 2018\"><\/div>\n<div class=\"c-article-caption u-position-absolute\"><i id=\"article-caption-content\" class=\"c-article-caption__content\"><span class=\"c-article-caption__text\"><br \/>\n              Viktor Orb\u00e1n&#8217;s mother, Mrs Gy\u0151z\u0151 Orb\u00e1n, his father Gy\u0151z\u0151 Orb\u00e1n and his son G\u00e1sp\u00e1r Orb\u00e1n at the plenary session of the National Assembly on 10 May 2018<br \/>\n                    <span class=\"u-color-white\">&#8211;\u00a0<\/span><span class=\"c-article-caption__copyright\">Copyright\u00a0<\/span><span class=\"c-article-caption__credit\">MTI<\/span><\/span><\/i><\/div>\n<div class=\"c-article-image-copyright c-article-image-copyright--novideo\">\n      Copyright\u00a0MTI\n  <\/div>\n<\/div>\n<\/header>\n<div class=\"h-grid o-article-newsy__main__body u-article-content\">\n<div class=\"o-article-newsy__contributors-publication-date\">\n<div class=\"c-article-contributors\">\n  By&amp;nbspG\u00e1bor Tan\u00e1cs\n<\/div>\n<div class=\"c-article-publication-date\" data-timestamp=\"1776880862\">\n         Published on<br \/>\n            <time datetime=\"2026-04-22 20:01:02 +02:00\">22\/04\/2026 &#8211; 20:01 GMT+2<\/time><\/div>\n<\/div>\n<div class=\"c-article-partage-commentaire u-align-items-center u-display-flex\"><span class=\"c-article-partage-commentaire__links u-align-items-center u-display-flex u-justify-content-center js-c-article-partage-commentaire-share\"><span>Share<\/span><\/span><span>Comments<\/span><\/div>\n<div class=\"c-article-partage-commentaire-popup-overlay js-c-article-partage-commentaire-popup-overlay u-display-none\">\n<div id=\"js-c-article-partage-commentaire-popup\" class=\"c-article-partage-commentaire-popup js-c-article-partage-commentaire-popup\">\n<div class=\"c-article-partage-commentaire-popup__header u-display-flex\"><span>Share<\/span><img decoding=\"async\" src=\"https:\/\/static.euronews.com\/website\/images\/vector\/icon-close.svg\" width=\"24\" height=\"24\" alt=\"Close Button\" class=\"u-cursor-pointer js-c-article-partage-commentaire-close\" loading=\"lazy\"><\/div>\n<div class=\"c-article-partage-commentaire-popup__content u-display-flex\">\n<div id=\"partage-commentaire-popup-content-container\" class=\"c-article-partage-commentaire-popup__content__container u-display-flex\"><span class=\"u-display-flex u-gap-1 u-show-for-mobile-only\"><img decoding=\"async\" src=\"https:\/\/static.euronews.com\/website\/images\/vector\/social-icons\/article-redesign-facebook.svg\" width=\"24\" height=\"24\" alt=\"facebook\" loading=\"lazy\"><span>Facebook<\/span><\/span><img decoding=\"async\" src=\"https:\/\/static.euronews.com\/website\/images\/vector\/social-icons\/article-redesign-facebook.svg\" width=\"48\" height=\"48\" alt=\"facebook\" class=\"u-show-for-desktop\" loading=\"lazy\"><span class=\"u-display-flex u-gap-1 u-show-for-mobile-only\"><img decoding=\"async\" src=\"https:\/\/static.euronews.com\/website\/images\/vector\/social-icons\/article-redesign-twitter.svg\" width=\"24\" height=\"24\" alt=\"twitter\" loading=\"lazy\"><span>Twitter<\/span><\/span><img decoding=\"async\" src=\"https:\/\/static.euronews.com\/website\/images\/vector\/social-icons\/article-redesign-twitter.svg\" width=\"48\" height=\"48\" alt=\"twitter\" class=\"u-show-for-desktop\" loading=\"lazy\"><span class=\"u-display-flex u-gap-1 u-show-for-mobile-only\"><img decoding=\"async\" src=\"https:\/\/static.euronews.com\/website\/images\/vector\/social-icons\/article-redesign-flipboard.svg\" width=\"24\" height=\"24\" alt=\"flipboard\" loading=\"lazy\"><span>Flipboard<\/span><\/span><img decoding=\"async\" src=\"https:\/\/static.euronews.com\/website\/images\/vector\/social-icons\/article-redesign-flipboard.svg\" width=\"48\" height=\"48\" alt=\"flipboard\" class=\"u-show-for-desktop\" loading=\"lazy\"><span class=\"u-display-flex u-gap-1 u-show-for-mobile-only\"><img decoding=\"async\" src=\"https:\/\/static.euronews.com\/website\/images\/vector\/social-icons\/article-redesign-send.svg\" width=\"24\" height=\"24\" alt=\"send\" loading=\"lazy\"><span>Send<\/span><\/span><img decoding=\"async\" src=\"https:\/\/static.euronews.com\/website\/images\/vector\/social-icons\/article-redesign-send.svg\" width=\"48\" height=\"48\" alt=\"send\" class=\"u-show-for-desktop\" loading=\"lazy\"><span class=\"u-display-flex u-gap-1 u-show-for-mobile-only\"><img decoding=\"async\" src=\"https:\/\/static.euronews.com\/website\/images\/vector\/social-icons\/article-redesign-reddit.svg\" width=\"24\" height=\"24\" alt=\"reddit\" loading=\"lazy\"><span>Reddit<\/span><\/span><img decoding=\"async\" src=\"https:\/\/static.euronews.com\/website\/images\/vector\/social-icons\/article-redesign-reddit.svg\" width=\"48\" height=\"48\" alt=\"reddit\" class=\"u-show-for-desktop\" loading=\"lazy\"><span class=\"u-display-flex u-gap-1 u-show-for-mobile-only\"><img decoding=\"async\" src=\"https:\/\/static.euronews.com\/website\/images\/vector\/social-icons\/article-redesign-linkedin.svg\" width=\"24\" height=\"24\" alt=\"linkedin\" loading=\"lazy\"><span>Linkedin<\/span><\/span><img decoding=\"async\" src=\"https:\/\/static.euronews.com\/website\/images\/vector\/social-icons\/article-redesign-linkedin.svg\" width=\"48\" height=\"48\" alt=\"linkedin\" class=\"u-show-for-desktop\" loading=\"lazy\"><span class=\"u-display-flex u-gap-1 u-show-for-mobile-only\"><img decoding=\"async\" src=\"https:\/\/static.euronews.com\/website\/images\/vector\/social-icons\/article-redesign-messenger.svg\" width=\"24\" height=\"24\" alt=\"messenger\" loading=\"lazy\"><span>Messenger<\/span><\/span><img decoding=\"async\" src=\"https:\/\/static.euronews.com\/website\/images\/vector\/social-icons\/article-redesign-messenger.svg\" width=\"48\" height=\"48\" alt=\"messenger\" class=\"u-show-for-desktop\" loading=\"lazy\"><span class=\"u-display-flex u-gap-1 u-show-for-mobile-only\"><img decoding=\"async\" src=\"https:\/\/static.euronews.com\/website\/images\/vector\/social-icons\/article-redesign-telegram.svg\" width=\"24\" height=\"24\" alt=\"telegram\" loading=\"lazy\"><span>Telegram<\/span><\/span><img decoding=\"async\" src=\"https:\/\/static.euronews.com\/website\/images\/vector\/social-icons\/article-redesign-telegram.svg\" width=\"48\" height=\"48\" alt=\"telegram\" class=\"u-show-for-desktop\" loading=\"lazy\"><span class=\"u-display-flex u-gap-1 u-show-for-mobile-only\"><img decoding=\"async\" src=\"https:\/\/static.euronews.com\/website\/images\/vector\/social-icons\/article-redesign-vk.svg\" width=\"24\" height=\"24\" alt=\"vk\" loading=\"lazy\"><span>VK<\/span><\/span><img decoding=\"async\" src=\"https:\/\/static.euronews.com\/website\/images\/vector\/social-icons\/article-redesign-vk.svg\" width=\"48\" height=\"48\" alt=\"vk\" class=\"u-show-for-desktop\" loading=\"lazy\"><span class=\"u-display-flex u-gap-1 u-show-for-mobile-only\"><img decoding=\"async\" src=\"https:\/\/static.euronews.com\/website\/images\/vector\/social-icons\/article-redesign-bluesky.svg\" width=\"24\" height=\"24\" alt=\"bluesky\" loading=\"lazy\"><span>Bluesky<\/span><\/span><img decoding=\"async\" src=\"https:\/\/static.euronews.com\/website\/images\/vector\/social-icons\/article-redesign-bluesky.svg\" width=\"48\" height=\"48\" alt=\"bluesky\" class=\"u-show-for-desktop\" loading=\"lazy\"><span class=\"u-display-flex u-gap-1 u-show-for-mobile-only\"><img decoding=\"async\" src=\"https:\/\/static.euronews.com\/website\/images\/vector\/social-icons\/article-redesign-threads.svg\" width=\"24\" height=\"24\" alt=\"threads\" loading=\"lazy\"><span>Threads<\/span><\/span><img decoding=\"async\" src=\"https:\/\/static.euronews.com\/website\/images\/vector\/social-icons\/article-redesign-threads.svg\" width=\"48\" height=\"48\" alt=\"threads\" class=\"u-show-for-desktop\" loading=\"lazy\"><span class=\"u-display-flex u-gap-1 u-show-for-mobile-only\"><img decoding=\"async\" src=\"https:\/\/static.euronews.com\/website\/images\/vector\/social-icons\/article-redesign-whatsapp.svg\" width=\"24\" height=\"24\" alt=\"whatsapp\" loading=\"lazy\"><span>Whatsapp<\/span><\/span><img decoding=\"async\" src=\"https:\/\/static.euronews.com\/website\/images\/vector\/social-icons\/article-redesign-whatsapp.svg\" width=\"48\" height=\"48\" alt=\"whatsapp\" class=\"u-show-for-desktop\" loading=\"lazy\"><\/div>\n<\/div>\n<\/div>\n<\/div>\n<h2 class=\"c-article-summary\">\n        Orb\u00e1n was sworn into the Hungarian Defence Forces in 2019 and in 2020 was sent on a nine-month training course at the elite Royal Military Academy Sandhurst in the UK.<br \/>\n    <\/h2>\n<div class=\"c-article-content js-article-content\">\n<p>According to Kontroll, the son of the outgoing Prime Minister, <\/p>\n<div>\n<div class=\"c-ad u-show-for-mobile-only\">\n<div class=\"c-ad__placeholder\"><img decoding=\"async\" class=\"c-ad__placeholder__logo\" src=\"https:\/\/static.euronews.com\/website\/images\/logos\/logo-euronews-stacked-outlined-72x72-grey-9.svg\" width=\"72\" height=\"72\" alt loading=\"lazy\"><span>ADVERTISEMENT<\/span><\/div>\n<\/div>\n<div class=\"c-ad u-show-for-desktop\">\n<div class=\"c-ad__placeholder\"><img decoding=\"async\" class=\"c-ad__placeholder__logo\" src=\"https:\/\/static.euronews.com\/website\/images\/logos\/logo-euronews-stacked-outlined-72x72-grey-9.svg\" width=\"72\" height=\"72\" alt loading=\"lazy\"><span>ADVERTISEMENT<\/span><\/div>\n<\/div>\n<\/div>\n<p>G\u00e1sp\u00e1r Orb\u00e1n, the son of Hungary&#8217;s outgoing Prime Minister Viktor Orb\u00e1n has been discharged from the Hungarian Defence Forces, local media report. <\/p>\n<p>Sources at 444.hu confirmed that Orb\u00e1n, who held the rank of captain, submitted his demobilsation request before the parliamentary elections on 12 April which saw his father&#8217;s Fidesz party trounced by the opposition in a landslide. <\/p>\n<p>G\u00e1sp\u00e1r Orb\u00e1n was born in 1992 studied law and first became a footballer, playing as a midfielder for Videoton FC Feh\u00e9rv\u00e1r and Pusk\u00e1s Akad\u00e9mia FC before founding a charismatic Christian youth movement called Felh\u00e1z.<\/p>\n<p>He was sworn into the Hungarian Defence Forces after taking his oath in 2019 and in 2020 was sent on a nine-month training course at the elite Royal Military Academy Sandhurst in the UK. <\/p>\n<div class=\"widget widget--type-image widget--size-fullwidth widget--animation-fade-in widget--align-center\" data-ratio=\"0.6665\">\n<div class=\"widget__wrapper\">\n<div class=\"widget__ratio widget__ratio--auto\">\n<div class=\"widget__contents\">\n<figure class=\"widget__figure\"><img decoding=\"async\" class=\"widgetImage__image\" loading=\"lazy\" src=\"https:\/\/images.euronews.com\/articles\/stories\/09\/61\/29\/55\/808x539_cmsv2_d008f9da-9db6-5945-9aab-1140e25d7253-9612955.jpg\" alt=\"Hungarian soldiers attend the opening ceremony of the Adaptive Hussars 2023 military exercise in H\u00f3dmez\u0151v\u00e1s\u00e1rhely, 7 November, 2023\"><figcaption class=\"widget__caption\"><span class=\"widget__captionWrap\"><span class=\"widget__captionText\">Hungarian soldiers attend the opening ceremony of the Adaptive Hussars 2023 military exercise in H\u00f3dmez\u0151v\u00e1s\u00e1rhely, 7 November, 2023<\/span><span class=\"widget__captionCredit\">AP Photo<\/span><\/span><\/figcaption><\/figure>\n<\/div>\n<\/div>\n<\/div>\n<\/div>\n<p>His Hungarian peer on that course, Captain Szilveszter P\u00e1link\u00e1s, told the telex news site that he had been called by the Chief of General Staff and told, &#8220;I have to feed him, water him, make sure he completes this academy, because if he doesn&#8217;t, we&#8217;ll lose our jobs.&#8221;<\/p>\n<p>A Hungarian military mission to Chad, with the aim of stemming migrant flows to Europe, was reportedly devised by Orb\u00e1n who allegedly told a colleague at Sandhurst that he had a \u201cdivine inspiration\u201d to help African Christians.<\/p>\n<p>In 2024, Hungary announced it was sending around 200 troops to Chad to provide training and support counter-terrorism operations.<\/p>\n<p>That mission raised eyebrows in Hungary, partly because the country had no substantive relations with Chad before and the promised of $200 million (\u20ac170 million) in aid was an deemed excessive pledge from one of Europe\u2019s poorer countries.<\/p>\n<div class=\"widget widget--type-image widget--size-fullwidth widget--animation-fade-in widget--align-center\" data-ratio=\"0.6665\">\n<div class=\"widget__wrapper\">\n<div class=\"widget__ratio widget__ratio--auto\">\n<div class=\"widget__contents\">\n<figure class=\"widget__figure\"><img decoding=\"async\" class=\"widgetImage__image\" loading=\"lazy\" src=\"https:\/\/images.euronews.com\/articles\/stories\/09\/71\/67\/19\/808x539_cmsv2_806faed2-aa90-5f1a-b2a4-54e640741888-9716719.jpg\" alt=\"Hungary's Prime Minister Viktor Orb\u00e1n addresses supporters in Budapest, 12 April, 2026\"><figcaption class=\"widget__caption\"><span class=\"widget__captionWrap\"><span class=\"widget__captionText\">Hungary&#8217;s Prime Minister Viktor Orb\u00e1n addresses supporters in Budapest, 12 April, 2026<\/span><span class=\"widget__captionCredit\">AP Photo<\/span><\/span><\/figcaption><\/figure>\n<\/div>\n<\/div>\n<\/div>\n<\/div>\n<p>Captain P\u00e1link\u00e1s said that the military mission to Chad had been planned by G\u00e1sp\u00e1r Orb\u00e1n, then a lieutenant-general, and that he expected losses of life of around 50%. <\/p>\n<p>That claim was denied by both Orb\u00e1n and Defence Minister Krist\u00f3f Szalay-Bobrovniczky who said that the Chad mission did not happen, despite it being approved in parliament. <\/p>\n<p>Prime Minister Viktor Orb\u00e1n also said that the allegations were false as lieutenants in the Hungarian Defence Forces could not plan missions.<\/p>\n<\/div>\n<p>                                  Go to accessibility shortcuts<\/p>\n<div class=\"c-article-partage-commentaire u-align-items-center u-display-flex\"><span class=\"c-article-partage-commentaire__links u-align-items-center u-display-flex u-justify-content-center js-c-article-partage-commentaire-share\"><span>Share<\/span><\/span><span>Comments<\/span><\/div>\n<div id=\"adb-article-you-might-also-like\" class=\"perf-cv-auto c-article-you-might-also-like\">\n<h2 class=\"c-article-you-might-also-like__title\">\n        Read more<br \/>\n      <\/h2>\n<div class=\"c-article-you-might-also-like__item\">\n<h3>\n<p>                  Exclusive: Hungary\u2019s new government to review Orb\u00e1n&#8217;s EU defence plan over corruption concerns<\/p>\n<\/h3>\n<\/div>\n<div class=\"c-article-you-might-also-like__item\">\n<h3>\n<p>                  EU optimistic about ending Hungary&#8217;s veto on \u20ac90 billion loan for Ukraine<\/p>\n<\/h3>\n<\/div>\n<div class=\"c-article-you-might-also-like__item\">\n<h3>\n<p>                  EU Court rules Orb\u00e1n\u2019s anti LGBTQ+ law breaches core values, calls on Budapest to cancel it <\/p>\n<\/h3>\n<\/div>\n<\/div>\n<div class=\"perf-cv-auto\">\n<ul id=\"adb-article-tags\" class=\"c-tags-list\">\n<li class=\"c-tags-list__item\">\n<p>    Peter Magyar<\/p>\n<\/li>\n<li class=\"c-tags-list__item\">\n<p>    Hungary<\/p>\n<\/li>\n<li class=\"c-tags-list__item\">\n<p>    Hungary parliamentary elections 2026<\/p>\n<\/li>\n<li class=\"c-tags-list__item\">\n<p>    Viktor Orb\u00e1n<\/p>\n<\/li>\n<li class=\"c-tags-list__item\">\n<p>    Fidesz<\/p>\n<\/li>\n<li class=\"c-tags-list__item\">\n<p>    Army<\/p>\n<\/li>\n<\/ul>\n<\/div>\n<\/div>\n<\/div>\n<aside class=\"o-article-newsy__aside\">\n<div class=\"c-ad-wrapper o-article-newsy__aside__content-1\" data-ad-name=\"adzone-halfpage\">\n<div class=\"c-ad c-ad-halfpage u-show-for-desktop\">\n<div class=\"c-ad__placeholder\"><img loading=\"lazy\" decoding=\"async\" class=\"c-ad__placeholder__logo\" src=\"https:\/\/static.euronews.com\/website\/images\/logos\/logo-euronews-stacked-outlined-72x72-grey-9.svg\" width=\"72\" height=\"72\" alt><span>ADVERTISEMENT<\/span><\/div>\n<\/div>\n<div class=\"c-ad u-show-for-mobile-only\">\n<div class=\"c-ad__placeholder\"><img loading=\"lazy\" decoding=\"async\" class=\"c-ad__placeholder__logo\" src=\"https:\/\/static.euronews.com\/website\/images\/logos\/logo-euronews-stacked-outlined-72x72-grey-9.svg\" width=\"72\" height=\"72\" alt><span>ADVERTISEMENT<\/span><\/div>\n<\/div>\n<\/div>\n<div id=\"adb-article-top-stories\" class=\"perf-cv-auto c-top-stories\">\n<h2 class=\"c-top-stories__title\">Top stories<\/h2>\n<div class=\"c-top-stories__item\">\n<article id=\"abe-2888192-pos2-top-stories\" class=\"the-media-object m-modeMobile-2 m-modeDesktop-2 m-modeXL-2 the-media-object--no-label\" data-nid=\"2888192\" data-cid=\"9731822\" data-part-label=\"Partner content\">\n<figure id=\"abe-2888192-label-pos2-top-stories\" class=\"the-media-object__figure\"><img decoding=\"async\" class=\"the-media-object__image\" src=\"https:\/\/images.euronews.com\/articles\/stories\/09\/69\/80\/49\/320x180_cmsv2_d6268ad3-52ac-5dad-a512-91a18ecba4a6-9698049.jpg\" loading=\"lazy\" alt=\"Hungary's outgoing Minister of Defence Kristof Szalay-Bobrovniczky, right, in a Lynx infantry fighting vehicle \" height=\"9\" width=\"16\"><\/figure>\n<div class=\"the-media-object__content\">\n<h3 class=\"the-media-object__title  \">\n<p>    Exclusive: Hungary&#8217;s new government to review \u20ac16bn EU defence plan<br \/>\n  <\/h3>\n<\/div>\n<\/article>\n<\/div>\n<div class=\"c-top-stories__item\">\n<article id=\"abe-2888138-pos3-top-stories\" class=\"the-media-object m-modeMobile-2 m-modeDesktop-2 m-modeXL-2 the-media-object--has-video the-media-object--no-label\" data-nid=\"2888138\" data-cid=\"9731568\" data-part-label=\"Partner content\">\n<figure id=\"abe-2888138-label-pos3-top-stories\" class=\"the-media-object__figure\"><img decoding=\"async\" class=\"the-media-object__image\" src=\"https:\/\/images.euronews.com\/articles\/stories\/09\/73\/15\/68\/320x180_cmsv2_9989022a-5f71-561e-84f9-16e665ed59e4-9731568.jpg\" loading=\"lazy\" alt=\"Ukrainian President Volodymyr Zelenskyy wants the vetoes lifted.\" height=\"9\" width=\"16\"><\/figure>\n<div class=\"the-media-object__content\">\n<h3 class=\"the-media-object__title  \">\n<p>    EU launches procedure to unblock Ukraine loan and Russia sanctions<br \/>\n  <\/h3>\n<\/div>\n<\/article>\n<\/div>\n<div class=\"c-top-stories__item\">\n<article id=\"abe-2887991-pos4-top-stories\" class=\"the-media-object m-modeMobile-2 m-modeDesktop-2 m-modeXL-2 the-media-object--has-video the-media-object--no-label\" data-nid=\"2887991\" data-cid=\"9730865\" data-part-label=\"Partner content\">\n<figure id=\"abe-2887991-label-pos4-top-stories\" class=\"the-media-object__figure\"><img decoding=\"async\" class=\"the-media-object__image\" src=\"https:\/\/images.euronews.com\/articles\/stories\/09\/73\/08\/65\/320x180_cmsv2_cae168f5-f5c9-51ab-b401-eb733a7f0870-9730865.jpg\" loading=\"lazy\" alt=\"The sun rises behind tankers anchored in the Strait of Hormuz off the coast of Qeshm Island, 18 April, 2026\" height=\"9\" width=\"16\"><\/figure>\n<div class=\"the-media-object__content\">\n<h3 class=\"the-media-object__title  \">\n<p>    Iran seizes two cargo ships in Hormuz after three vessels fired on<br \/>\n  <\/h3>\n<\/div>\n<\/article>\n<\/div>\n<div class=\"c-top-stories__item\">\n<article id=\"abe-2888153-pos5-top-stories\" class=\"the-media-object m-modeMobile-2 m-modeDesktop-2 m-modeXL-2 the-media-object--no-label\" data-nid=\"2888153\" data-cid=\"9731670\" data-part-label=\"Partner content\">\n<figure id=\"abe-2888153-label-pos5-top-stories\" class=\"the-media-object__figure\"><img decoding=\"async\" class=\"the-media-object__image\" src=\"https:\/\/images.euronews.com\/articles\/stories\/09\/73\/16\/70\/320x180_cmsv2_1eeaaf8b-81da-51c5-b778-c8a81ffb88bb-9731670.jpg\" loading=\"lazy\" alt=\"Vladimir Plahotniuc, Moldovan oligarch facing charges over a $1 billion bank fraud, is escorted by police after being extradited from Greece, in Chisinau, 25 September 2025\" height=\"9\" width=\"16\"><\/figure>\n<div class=\"the-media-object__content\">\n<h3 class=\"the-media-object__title  \">\n<p>    Moldovan oligarch sentenced to 19 years in prison over $1bn fraud<br \/>\n  <\/h3>\n<\/div>\n<\/article>\n<\/div>\n<div class=\"c-top-stories__item\">\n<article id=\"abe-2888249-pos6-top-stories\" class=\"the-media-object m-modeMobile-2 m-modeDesktop-2 m-modeXL-2 the-media-object--no-label\" data-nid=\"2888249\" data-cid=\"9732196\" data-part-label=\"Partner content\">\n<figure id=\"abe-2888249-label-pos6-top-stories\" class=\"the-media-object__figure\"><img decoding=\"async\" class=\"the-media-object__image\" src=\"https:\/\/images.euronews.com\/articles\/stories\/09\/73\/21\/96\/320x180_cmsv2_89e49f6e-a115-5b71-b154-b5bc4a04d6bb-9732196.jpg\" loading=\"lazy\" alt=\"A Spanish flag and a Spanish far-right VOX party flag are waved during the far-right Patriots for Europe summit in Madrid, 8 February, 2025\" height=\"9\" width=\"16\"><\/figure>\n<div class=\"the-media-object__content\">\n<h3 class=\"the-media-object__title  \">\n<p>    Spain&#8217;s far-right Vox returns to power in regional government<br \/>\n  <\/h3>\n<\/div>\n<\/article>\n<\/div>\n<\/div>\n<div class=\"perf-cv-auto c-ad-wrapper o-article-newsy__aside__content-2\" data-ad-name=\"adzone-halfpage\">\n<div class=\"c-ad c-ad-halfpage u-show-for-desktop\">\n<div class=\"c-ad__placeholder\"><img loading=\"lazy\" decoding=\"async\" class=\"c-ad__placeholder__logo\" src=\"https:\/\/static.euronews.com\/website\/images\/logos\/logo-euronews-stacked-outlined-72x72-grey-9.svg\" width=\"72\" height=\"72\" alt><span>ADVERTISEMENT<\/span><\/div>\n<\/div>\n<div class=\"c-ad u-show-for-mobile-only\">\n<div class=\"c-ad__placeholder\"><img loading=\"lazy\" decoding=\"async\" class=\"c-ad__placeholder__logo\" src=\"https:\/\/static.euronews.com\/website\/images\/logos\/logo-euronews-stacked-outlined-72x72-grey-9.svg\" width=\"72\" height=\"72\" alt><span>ADVERTISEMENT<\/span><\/div>\n<\/div>\n<\/div>\n<div class=\"perf-cv-auto c-most-viewed\">\n<h2 class=\"c-most-viewed__title qa-section-title\">Most read<\/h2>\n<div class=\"c-most-viewed__list\">\n<div class=\"c-most-viewed__item\"><span class=\"c-most-viewed__item__number\">1<\/span><\/p>\n<article id=\"abe-2887464-pos1-mostViewed\" class=\"the-media-object m-modeMobile-3 m-modeDesktop-3 m-modeXL-3 the-media-object--no-label\" data-nid=\"2887464\" data-cid=\"9728059\" data-part-label=\"Partner content\">\n<div class=\"the-media-object__content\">\n<h3 class=\"the-media-object__title  \">\n<p>    Spanish archaeologists find Homer&#8217;s Iliad poem in Egyptian tomb<br \/>\n  <\/h3>\n<\/div>\n<\/article>\n<\/div>\n<div class=\"c-most-viewed__item\"><span class=\"c-most-viewed__item__number\">2<\/span><\/p>\n<article id=\"abe-2887991-pos2-mostViewed\" class=\"the-media-object m-modeMobile-3 m-modeDesktop-3 m-modeXL-3 the-media-object--has-video the-media-object--no-label\" data-nid=\"2887991\" data-cid=\"9730865\" data-part-label=\"Partner content\">\n<div class=\"the-media-object__content\">\n<h3 class=\"the-media-object__title  \">\n<p>    Iran seizes two cargo ships in Hormuz after three vessels fired on<br \/>\n  <\/h3>\n<\/div>\n<\/article>\n<\/div>\n<div class=\"c-most-viewed__item\"><span class=\"c-most-viewed__item__number\">3<\/span><\/p>\n<article id=\"abe-2887964-pos3-mostViewed\" class=\"the-media-object m-modeMobile-3 m-modeDesktop-3 m-modeXL-3 the-media-object--no-label\" data-nid=\"2887964\" data-cid=\"9730620\" data-part-label=\"Partner content\">\n<div class=\"the-media-object__content\">\n<h3 class=\"the-media-object__title  \">\n<p>    German police launch raids against Syrian trafficking ring<br \/>\n  <\/h3>\n<\/div>\n<\/article>\n<\/div>\n<div class=\"c-most-viewed__item\"><span class=\"c-most-viewed__item__number\">4<\/span><\/p>\n<article id=\"abe-2887941-pos4-mostViewed\" class=\"the-media-object m-modeMobile-3 m-modeDesktop-3 m-modeXL-3 the-media-object--no-label\" data-nid=\"2887941\" data-cid=\"9730577\" data-part-label=\"Partner content\">\n<div class=\"the-media-object__content\">\n<h3 class=\"the-media-object__title  \">\n<p>    Rome summons Russian ambassador over insults against Meloni<br \/>\n  <\/h3>\n<\/div>\n<\/article>\n<\/div>\n<div class=\"c-most-viewed__item\"><span class=\"c-most-viewed__item__number\">5<\/span><\/p>\n<article id=\"abe-2887966-pos5-mostViewed\" class=\"the-media-object m-modeMobile-3 m-modeDesktop-3 m-modeXL-3 the-media-object--no-label\" data-nid=\"2887966\" data-cid=\"9730646\" data-part-label=\"Partner content\">\n<div class=\"the-media-object__content\">\n<h3 class=\"the-media-object__title  \">\n<p>    Israeli army jails soldiers for vandalising Jesus statue in Lebanon<br \/>\n  <\/h3>\n<\/div>\n<\/article>\n<\/div>\n<\/div>\n<\/div>\n<div class=\"perf-cv-auto c-ad-wrapper o-article-newsy__aside__content-3\" data-ad-name=\"adzone-halfpage\">\n<div class=\"c-ad c-ad-halfpage u-show-for-desktop\">\n<div class=\"c-ad__placeholder\"><img loading=\"lazy\" decoding=\"async\" class=\"c-ad__placeholder__logo\" src=\"https:\/\/static.euronews.com\/website\/images\/logos\/logo-euronews-stacked-outlined-72x72-grey-9.svg\" width=\"72\" height=\"72\" alt><span>ADVERTISEMENT<\/span><\/div>\n<\/div>\n<div class=\"c-ad u-show-for-mobile-only\">\n<div class=\"c-ad__placeholder\"><img loading=\"lazy\" decoding=\"async\" class=\"c-ad__placeholder__logo\" src=\"https:\/\/static.euronews.com\/website\/images\/logos\/logo-euronews-stacked-outlined-72x72-grey-9.svg\" width=\"72\" height=\"72\" alt><span>ADVERTISEMENT<\/span><\/div>\n<\/div>\n<\/div>\n<\/aside>\n<\/div>\n<\/article>\n<article id=\"abe-2888192-pos2-top-stories\" class=\"the-media-object m-modeMobile-2 m-modeDesktop-2 m-modeXL-2 the-media-object--no-label\" data-nid=\"2888192\" data-cid=\"9731822\" data-part-label=\"Partner content\">\n<figure id=\"abe-2888192-label-pos2-top-stories\" class=\"the-media-object__figure\"><img decoding=\"async\" class=\"the-media-object__image\" src=\"https:\/\/images.euronews.com\/articles\/stories\/09\/69\/80\/49\/320x180_cmsv2_d6268ad3-52ac-5dad-a512-91a18ecba4a6-9698049.jpg\" loading=\"lazy\" alt=\"Hungary's outgoing Minister of Defence Kristof Szalay-Bobrovniczky, right, in a Lynx infantry fighting vehicle \" height=\"9\" width=\"16\"><\/figure>\n<div class=\"the-media-object__content\">\n<h3 class=\"the-media-object__title  \">\n<p>    Exclusive: Hungary&#8217;s new government to review \u20ac16bn EU defence plan<br \/>\n  <\/h3>\n<\/div>\n<\/article>\n<article id=\"abe-2888138-pos3-top-stories\" class=\"the-media-object m-modeMobile-2 m-modeDesktop-2 m-modeXL-2 the-media-object--has-video the-media-object--no-label\" data-nid=\"2888138\" data-cid=\"9731568\" data-part-label=\"Partner content\">\n<figure id=\"abe-2888138-label-pos3-top-stories\" class=\"the-media-object__figure\"><img decoding=\"async\" class=\"the-media-object__image\" src=\"https:\/\/images.euronews.com\/articles\/stories\/09\/73\/15\/68\/320x180_cmsv2_9989022a-5f71-561e-84f9-16e665ed59e4-9731568.jpg\" loading=\"lazy\" alt=\"Ukrainian President Volodymyr Zelenskyy wants the vetoes lifted.\" height=\"9\" width=\"16\"><\/figure>\n<div class=\"the-media-object__content\">\n<h3 class=\"the-media-object__title  \">\n<p>    EU launches procedure to unblock Ukraine loan and Russia sanctions<br \/>\n  <\/h3>\n<\/div>\n<\/article>\n<article id=\"abe-2887991-pos4-top-stories\" class=\"the-media-object m-modeMobile-2 m-modeDesktop-2 m-modeXL-2 the-media-object--has-video the-media-object--no-label\" data-nid=\"2887991\" data-cid=\"9730865\" data-part-label=\"Partner content\">\n<figure id=\"abe-2887991-label-pos4-top-stories\" class=\"the-media-object__figure\"><img decoding=\"async\" class=\"the-media-object__image\" src=\"https:\/\/images.euronews.com\/articles\/stories\/09\/73\/08\/65\/320x180_cmsv2_cae168f5-f5c9-51ab-b401-eb733a7f0870-9730865.jpg\" loading=\"lazy\" alt=\"The sun rises behind tankers anchored in the Strait of Hormuz off the coast of Qeshm Island, 18 April, 2026\" height=\"9\" width=\"16\"><\/figure>\n<div class=\"the-media-object__content\">\n<h3 class=\"the-media-object__title  \">\n<p>    Iran seizes two cargo ships in Hormuz after three vessels fired on<br \/>\n  <\/h3>\n<\/div>\n<\/article>\n<article id=\"abe-2888153-pos5-top-stories\" class=\"the-media-object m-modeMobile-2 m-modeDesktop-2 m-modeXL-2 the-media-object--no-label\" data-nid=\"2888153\" data-cid=\"9731670\" data-part-label=\"Partner content\">\n<figure id=\"abe-2888153-label-pos5-top-stories\" class=\"the-media-object__figure\"><img decoding=\"async\" class=\"the-media-object__image\" src=\"https:\/\/images.euronews.com\/articles\/stories\/09\/73\/16\/70\/320x180_cmsv2_1eeaaf8b-81da-51c5-b778-c8a81ffb88bb-9731670.jpg\" loading=\"lazy\" alt=\"Vladimir Plahotniuc, Moldovan oligarch facing charges over a $1 billion bank fraud, is escorted by police after being extradited from Greece, in Chisinau, 25 September 2025\" height=\"9\" width=\"16\"><\/figure>\n<div class=\"the-media-object__content\">\n<h3 class=\"the-media-object__title  \">\n<p>    Moldovan oligarch sentenced to 19 years in prison over $1bn fraud<br \/>\n  <\/h3>\n<\/div>\n<\/article>\n<article id=\"abe-2888249-pos6-top-stories\" class=\"the-media-object m-modeMobile-2 m-modeDesktop-2 m-modeXL-2 the-media-object--no-label\" data-nid=\"2888249\" data-cid=\"9732196\" data-part-label=\"Partner content\">\n<figure id=\"abe-2888249-label-pos6-top-stories\" class=\"the-media-object__figure\"><img decoding=\"async\" class=\"the-media-object__image\" src=\"https:\/\/images.euronews.com\/articles\/stories\/09\/73\/21\/96\/320x180_cmsv2_89e49f6e-a115-5b71-b154-b5bc4a04d6bb-9732196.jpg\" loading=\"lazy\" alt=\"A Spanish flag and a Spanish far-right VOX party flag are waved during the far-right Patriots for Europe summit in Madrid, 8 February, 2025\" height=\"9\" width=\"16\"><\/figure>\n<div class=\"the-media-object__content\">\n<h3 class=\"the-media-object__title  \">\n<p>    Spain&#8217;s far-right Vox returns to power in regional government<br \/>\n  <\/h3>\n<\/div>\n<\/article>\n<article id=\"abe-2887464-pos1-mostViewed\" class=\"the-media-object m-modeMobile-3 m-modeDesktop-3 m-modeXL-3 the-media-object--no-label\" data-nid=\"2887464\" data-cid=\"9728059\" data-part-label=\"Partner content\">\n<div class=\"the-media-object__content\">\n<h3 class=\"the-media-object__title  \">\n<p>    Spanish archaeologists find Homer&#8217;s Iliad poem in Egyptian tomb<br \/>\n  <\/h3>\n<\/div>\n<\/article>\n<article id=\"abe-2887991-pos2-mostViewed\" class=\"the-media-object m-modeMobile-3 m-modeDesktop-3 m-modeXL-3 the-media-object--has-video the-media-object--no-label\" data-nid=\"2887991\" data-cid=\"9730865\" data-part-label=\"Partner content\">\n<div class=\"the-media-object__content\">\n<h3 class=\"the-media-object__title  \">\n<p>    Iran seizes two cargo ships in Hormuz after three vessels fired on<br \/>\n  <\/h3>\n<\/div>\n<\/article>\n<article id=\"abe-2887964-pos3-mostViewed\" class=\"the-media-object m-modeMobile-3 m-modeDesktop-3 m-modeXL-3 the-media-object--no-label\" data-nid=\"2887964\" data-cid=\"9730620\" data-part-label=\"Partner content\">\n<div class=\"the-media-object__content\">\n<h3 class=\"the-media-object__title  \">\n<p>    German police launch raids against Syrian trafficking ring<br \/>\n  <\/h3>\n<\/div>\n<\/article>\n<article id=\"abe-2887941-pos4-mostViewed\" class=\"the-media-object m-modeMobile-3 m-modeDesktop-3 m-modeXL-3 the-media-object--no-label\" data-nid=\"2887941\" data-cid=\"9730577\" data-part-label=\"Partner content\">\n<div class=\"the-media-object__content\">\n<h3 class=\"the-media-object__title  \">\n<p>    Rome summons Russian ambassador over insults against Meloni<br \/>\n  <\/h3>\n<\/div>\n<\/article>\n<article id=\"abe-2887966-pos5-mostViewed\" class=\"the-media-object m-modeMobile-3 m-modeDesktop-3 m-modeXL-3 the-media-object--no-label\" data-nid=\"2887966\" data-cid=\"9730646\" data-part-label=\"Partner content\">\n<div class=\"the-media-object__content\">\n<h3 class=\"the-media-object__title  \">\n<p>    Israeli army jails soldiers for vandalising Jesus statue in Lebanon<br \/>\n  <\/h3>\n<\/div>\n<\/article>\n<div class=\"articleBody\" data-key=\"articleBody\">According to Kontroll, the son of the outgoing Prime Minister,G\u00e1sp\u00e1r Orb\u00e1n, the son of Hungary&#8217;s outgoing Prime Minister Viktor Orb\u00e1n has been discharged from the Hungarian Defence Forces, local media report.Sources at 444.hu confirmed that Orb\u00e1n, who held the rank of captain, submitted his demobilsation request before the parliamentary elections on 12 April which saw his father&#8217;s Fidesz party trounced by the opposition in a landslide.G\u00e1sp\u00e1r Orb\u00e1n was born in 1992 studied law and first became a footballer, playing as a midfielder for Videoton FC Feh\u00e9rv\u00e1r and Pusk\u00e1s Akad\u00e9mia FC before founding a charismatic Christian youth movement called Felh\u00e1z.He was sworn into the Hungarian Defence Forces after taking his oath in 2019 and in 2020 was sent on a nine-month training course at the elite Royal Military Academy Sandhurst in the UK.His Hungarian peer on that course, Captain Szilveszter P\u00e1link\u00e1s, told the telex news site that he had been called by the Chief of General Staff and told, &#8220;I have to feed him, water him, make sure he completes this academy, because if he doesn&#8217;t, we&#8217;ll lose our jobs.&#8221;A Hungarian military mission to Chad, with the aim of stemming migrant flows to Europe, was reportedly devised by Orb\u00e1n who allegedly told a colleague at Sandhurst that he had a \u201cdivine inspiration\u201d to help African Christians.In 2024, Hungary announced it was sending around 200 troops to Chad to provide training and support counter-terrorism operations.That mission raised eyebrows in Hungary, partly because the country had no substantive relations with Chad before and the promised of $200 million (\u20ac170 million) in aid was an deemed excessive pledge from one of Europe\u2019s poorer countries.Captain P\u00e1link\u00e1s said that the military mission to Chad had been planned by G\u00e1sp\u00e1r Orb\u00e1n, then a lieutenant-general, and that he expected losses of life of around 50%.That claim was denied by both Orb\u00e1n and Defence Minister Krist\u00f3f Szalay-Bobrovniczky who said that the Chad mission did not happen, despite it being approved in parliament.Prime Minister Viktor Orb\u00e1n also said that the allegations were false as lieutenants in the Hungarian Defence Forces could not plan missions.<\/div>\n<p>[analyse_source url=&#8221;https:\/\/www.euronews.com\/my-europe\/2026\/04\/22\/gaspar-orban-son-of-hungarys-outgoing-prime-minister-discharged-from-military&#8221;]<\/p>\n","protected":false},"excerpt":{"rendered":"<p>[analyse_image type=&#8221;featured&#8221; src=&#8221;https:\/\/images.euronews.com\/articles\/stories\/09\/73\/19\/90\/1200x675_cmsv2_e5e14bfd-ce34-5ff0-b57c-8096b7f14e6e-9731990.jpg&#8221;] No Comment Aerial footage shows widespread destruction in southern Lebanon Europe News Exclusive: Hungary&#8217;s new government to review \u20ac16bn EU defence plan Europe News Spain&#8217;s far-right Vox returns to power in regional government Europe News Global Sumud Flotilla ready to new mission to Gaza No Comment Aerial footage shows widespread destruction in [&hellip;]<\/p>\n","protected":false},"author":1,"featured_media":0,"comment_status":"open","ping_status":"","sticky":false,"template":"","format":"standard","meta":{"footnotes":""},"categories":[90],"tags":[226,36],"class_list":["post-1896846","post","type-post","status-publish","format-standard","hentry","category-international","tag-crawlmanager","tag-euronews-com"],"_links":{"self":[{"href":"https:\/\/analyse.optim.biz\/index.php?rest_route=\/wp\/v2\/posts\/1896846","targetHints":{"allow":["GET"]}}],"collection":[{"href":"https:\/\/analyse.optim.biz\/index.php?rest_route=\/wp\/v2\/posts"}],"about":[{"href":"https:\/\/analyse.optim.biz\/index.php?rest_route=\/wp\/v2\/types\/post"}],"author":[{"embeddable":true,"href":"https:\/\/analyse.optim.biz\/index.php?rest_route=\/wp\/v2\/users\/1"}],"replies":[{"embeddable":true,"href":"https:\/\/analyse.optim.biz\/index.php?rest_route=%2Fwp%2Fv2%2Fcomments&post=1896846"}],"version-history":[{"count":0,"href":"https:\/\/analyse.optim.biz\/index.php?rest_route=\/wp\/v2\/posts\/1896846\/revisions"}],"wp:attachment":[{"href":"https:\/\/analyse.optim.biz\/index.php?rest_route=%2Fwp%2Fv2%2Fmedia&parent=1896846"}],"wp:term":[{"taxonomy":"category","embeddable":true,"href":"https:\/\/analyse.optim.biz\/index.php?rest_route=%2Fwp%2Fv2%2Fcategories&post=1896846"},{"taxonomy":"post_tag","embeddable":true,"href":"https:\/\/analyse.optim.biz\/index.php?rest_route=%2Fwp%2Fv2%2Ftags&post=1896846"}],"curies":[{"name":"wp","href":"https:\/\/api.w.org\/{rel}","templated":true}]}}