{"id":1896845,"date":"2026-04-22T11:37:42","date_gmt":"2026-04-22T08:37:42","guid":{"rendered":"https:\/\/analyse.optim.biz\/?p=1896845"},"modified":"2026-04-22T11:37:42","modified_gmt":"2026-04-22T08:37:42","slug":"moment-socant-pe-scena-dirijorul-loveste-o-vioara-de-1-milion-de-lire-in-plin-concert","status":"publish","type":"post","link":"https:\/\/analyse.optim.biz\/?p=1896845","title":{"rendered":"Moment \u0219ocant pe scen\u0103: dirijorul love\u0219te o vioar\u0103 de 1 milion de lire \u00een plin concert"},"content":{"rendered":"<p>[analyse_image type=&#8221;featured&#8221; src=&#8221;https:\/\/cdn.adh.reperio.news\/image-b\/badc32cd-162d-4db8-944c-b3ccb9dd1ade\/index.jpeg?p=f%3Djpeg%26w%3D1200%26h%3D630%26r%3Dcover&#8221;]<\/p>\n<article class=\"svelte-t0js42\">\n<nav>\n<ul class=\"breadcrump svelte-xauq0s\">\n<li class=\"svelte-xauq0s\"><a href=\"\/\" title=\"Adev\u0103rul\" class=\"svelte-xauq0s\">Home<\/a><\/li>\n<li class=\"svelte-xauq0s\"><a href=\"\/stiri-externe\" class=\"svelte-xauq0s\">\u0218tiri Externe<\/a><\/li>\n<li class=\"svelte-xauq0s\"><a href=\"\/stiri-externe\/europa\" class=\"svelte-xauq0s\">Europa<\/a><\/li>\n<li class=\"svelte-xauq0s\"><a href=\"https:\/\/adevarul.ro\/stiri-externe\/europa\/moment-socant-pe-scena-dirijorul-loveste-o-vioara-2524478.html\" class=\"svelte-xauq0s\">Moment \u0219ocant pe scen\u0103: dirijorul love\u0219te o vioar\u0103 de 1 milion de lire \u00een plin concert<\/a><\/li>\n<\/ul>\n<\/nav>\n<p><main class=\"svelte-t0js42\"><\/p>\n<p>Un moment de neaten\u021bie petrecut \u00een timpul unui concert din Finlanda a dus la un incident spectaculos, \u00een urma c\u0103ruia o vioar\u0103 evaluat\u0103 la aproximativ 1 milion de lire sterline a fost sc\u0103pat\u0103 din m\u00e2inile unei soliste, dup\u0103 ce dirijorul a lovit-o accidental cu bagheta.<\/p>\n<div class=\"container-image  svelte-jd4qiv\"><source type=\"image\/webp\" srcset=\"https:\/\/cdn.adh.reperio.news\/image-b\/badc32cd-162d-4db8-944c-b3ccb9dd1ade\/index.jpeg?p=a%3D1%26co%3D1.05%26w%3D1400%26h%3D750%26r%3Dcontain%26f%3Dwebp 1400w\" media=\"(min-width: 1400px)\" \/><\/p>\n<div class=\"caption\">Violonista a scapat vioara dup\u0103 ce dirijorul a lovit-o din gre\u0219eal\u0103\/FOTO:X<\/div>\n<\/div>\n<p>Dirijorul britanic Matthew Halls a tr\u0103it clipe de consternare dup\u0103 ce a atins, \u00een timpul unei mi\u0219c\u0103ri ample a bra\u021belor, vioara Guadagnini de\u021binut\u0103 de violonista Elina V\u00e4h\u00e4l\u00e4. Instrumentul a fost proiectat \u00een aer, rotindu-se de mai multe ori \u00eenainte de a c\u0103dea pe scen\u0103.<\/p>\n<p>Martorii spun c\u0103 artista a scos un strig\u0103t \u0219i \u0219i-a dus m\u00e2inile la fa\u021b\u0103, \u00een timp ce instrumentul se pr\u0103bu\u0219ea. \u00cen mod surprinz\u0103tor, Halls a continuat s\u0103 dirijeze pentru c\u00e2teva momente, \u00eenainte ca spectacolul s\u0103 fie oprit, scrie The Sun.<\/p>\n<p>V\u00e4h\u00e4l\u00e4 a ridicat ulterior vioara cu pruden\u021b\u0103 pentru a verifica eventualele daune, iar orchestra a fost oprit\u0103 complet. Dup\u0103 o pauz\u0103 de aproximativ dou\u0103 minute, concertul a fost reluat.<\/p>\n<div class=\"_hydratable\" data-props=\"%7B%22data%22%3A%7B%22caption%22%3A%22%22%2C%22embed%22%3A%22https%3A%2F%2Ftwitframe.reperio.news%3Furl%3Dhttps%3A%2F%2Ftwitter.com%2FBrianKrijgsman%2Fstatus%2F2045121865409089833%22%2C%22height%22%3A300%2C%22service%22%3A%22x%22%2C%22source%22%3A%22https%3A%2F%2Fx.com%2FBrianKrijgsman%2Fstatus%2F2045121865409089833%22%2C%22width%22%3A600%7D%2C%22id%22%3A%22OS1fFKTdEg%22%2C%22type%22%3A%22embed%22%2C%22lines%22%3A10%2C%22linesAbove%22%3A38%2C%22index%22%3A5%2C%22paragraphsAbove%22%3A4%2C%22percentage%22%3A0.5%2C%22linesBellow%22%3A38%7D\" data-context=\"%7B%22parentBlockColumnCount%22%3A%7B%22value%22%3A0%2C%22type%22%3A%22store%2Freadable%22%7D%2C%22parentBlockBackgroundColor%22%3A%7B%22type%22%3A%22store%2Freadable%22%7D%7D\" data-component=\"EditorEmbedViewDefault\">\n<div class=\"container-embed svelte-1bb21e6\"><\/div>\n<\/div>\n<p>Dirijorul a descris ulterior incidentul drept unul de neuitat.<\/p>\n<p><i>\u201eAm avut de-a lungul anilor marele privilegiu de a dirija concertul pentru vioar\u0103 de Bruch de numeroase ori. Aceast\u0103 interpretare va r\u0103m\u00e2ne cu siguran\u021b\u0103 \u00een memoria mea pentru totdeauna\u201d, <\/i>a declarat Matthew Halls.<\/p>\n<p>El a ad\u0103ugat c\u0103 apreciaz\u0103 profesionalismul solistei, care a continuat s\u0103 c\u00e2nte \u00eenainte \u0219i dup\u0103 \u201eincidentul devenit viral\u201d, \u0219i a mul\u021bumit at\u00e2t acesteia, c\u00e2t \u0219i constructorului instrumentului, Giovanni Battista Guadagnini.<\/p>\n<p><i>\u201eTotul e bine c\u00e2nd se termin\u0103 cu bine\u201d,<\/i> a spus dirijorul.<\/p>\n<p>Vioara a suferit doar daune minore \u00een urma incidentului petrecut \u00een Sala Sibelius din Lahti. Potrivit Elinei V\u00e4h\u00e4l\u00e4, aceasta a reu\u0219it s\u0103 atenueze c\u0103derea instrumentului cu piciorul, evit\u00e2nd astfel o deteriorare grav\u0103.<\/p>\n<p><i>\u201eGestul abia a atins vioara, dar totul s-a \u00eent\u00e2mplat foarte repede. Tocmai terminasem ultimul acord \u0219i \u00eemi relaxasem u\u0219or priza. A fost suficient ca vioara s\u0103 fac\u0103 trei rota\u021bii \u00een aer\u201d<\/i>, a explicat artista.<\/p>\n<p>Ea a descris momentul ca pe unul instinctiv: <i>\u201eAm realizat c\u0103 am reac\u021bionat ca un ninja, reu\u0219ind s\u0103 blochez impactul ini\u021bial cu piciorul.\u201d<\/i><\/p>\n<p>\u00cen mod remarcabil, instrumentul nu a suferit cr\u0103p\u0103turi sau zg\u00e2rieturi. Totu\u0219i, lipitura dintre p\u0103r\u021bi a cedat, un fenomen considerat normal \u00een cazul instrumentelor vechi, pentru a preveni deterior\u0103ri mai grave cauzate de varia\u021biile de umiditate sau \u0219ocuri mecanice.<\/p>\n<p><i>\u201eSe pare c\u0103 \u00eengerul p\u0103zitor al instrumentelor italiene vechi a fost prezent\u201d<\/i>, a ad\u0103ugat ea.<\/p>\n<p>Pentru cei doi arti\u0219ti, incidentul a marcat prima lor colaborare. V\u00e4h\u00e4l\u00e4 a subliniat c\u0103, \u00een condi\u021bii de \u00eencredere \u0219i conexiune artistic\u0103, contactul vizual cu dirijorul devine uneori inutil.<\/p>\n<p><i>\u201eC\u00e2nd exist\u0103 \u00eencredere real\u0103, sentimentul este suficient. Cred c\u0103 a fost reciproc. Sper s\u0103 mai colabor\u0103m cur\u00e2nd \u2014 cu siguran\u021b\u0103 avem acum o amintire intens\u0103 \u00eempreun\u0103\u201d,<\/i> a spus violonista.<\/p>\n<p><\/main><\/p>\n<footer class=\"svelte-t0js42\">\n<div class=\"meta svelte-t0js42\">\n<div class=\"authors svelte-t0js42\"><a href=\"\/author\/647\" rel=\"author\" class=\"svelte-t0js42\">Viorica Marin<\/a><\/div>\n<div class=\"tags svelte-12okeyl\"><span class=\"tags-label metaFont svelte-12okeyl\">Cite\u0219te mai multe despre<\/span><\/p>\n<div class=\"tags-list svelte-12okeyl\"><a href=\"\/tag\/concert\" title=\"Ultimele \u0219tiri despre concert\" class=\"tag-pill svelte-12okeyl\">concert<\/a><a href=\"\/tag\/finlanda\" title=\"Ultimele \u0219tiri despre finlanda\" class=\"tag-pill svelte-12okeyl\">finlanda<\/a><a href=\"\/tag\/dirijor\" title=\"Ultimele \u0219tiri despre dirijor\" class=\"tag-pill svelte-12okeyl\">dirijor<\/a><\/div>\n<\/div>\n<\/div>\n<p><a class=\"moreFromCategory svelte-t0js42\" href=\"\/stiri-externe\/europa\" title=\"Europa\">Mai multe din <strong class=\"svelte-t0js42\">Europa<\/strong> \u203a<\/a><\/footer>\n<\/article>\n<p>[analyse_source url=&#8221;https:\/\/adevarul.ro\/stiri-externe\/europa\/moment-socant-pe-scena-dirijorul-loveste-o-vioara-2524478.html&#8221;]<\/p>\n","protected":false},"excerpt":{"rendered":"<p>[analyse_image type=&#8221;featured&#8221; src=&#8221;https:\/\/cdn.adh.reperio.news\/image-b\/badc32cd-162d-4db8-944c-b3ccb9dd1ade\/index.jpeg?p=f%3Djpeg%26w%3D1200%26h%3D630%26r%3Dcover&#8221;] Home \u0218tiri Externe Europa Moment \u0219ocant pe scen\u0103: dirijorul love\u0219te o vioar\u0103 de 1 milion de lire \u00een plin concert Un moment de neaten\u021bie petrecut \u00een timpul unui concert din Finlanda a dus la un incident spectaculos, \u00een urma c\u0103ruia o vioar\u0103 evaluat\u0103 la aproximativ 1 milion de lire sterline a fost [&hellip;]<\/p>\n","protected":false},"author":1,"featured_media":0,"comment_status":"open","ping_status":"","sticky":false,"template":"","format":"standard","meta":{"footnotes":""},"categories":[89],"tags":[19,226],"class_list":["post-1896845","post","type-post","status-publish","format-standard","hentry","category-romania","tag-adevarul","tag-crawlmanager"],"_links":{"self":[{"href":"https:\/\/analyse.optim.biz\/index.php?rest_route=\/wp\/v2\/posts\/1896845","targetHints":{"allow":["GET"]}}],"collection":[{"href":"https:\/\/analyse.optim.biz\/index.php?rest_route=\/wp\/v2\/posts"}],"about":[{"href":"https:\/\/analyse.optim.biz\/index.php?rest_route=\/wp\/v2\/types\/post"}],"author":[{"embeddable":true,"href":"https:\/\/analyse.optim.biz\/index.php?rest_route=\/wp\/v2\/users\/1"}],"replies":[{"embeddable":true,"href":"https:\/\/analyse.optim.biz\/index.php?rest_route=%2Fwp%2Fv2%2Fcomments&post=1896845"}],"version-history":[{"count":0,"href":"https:\/\/analyse.optim.biz\/index.php?rest_route=\/wp\/v2\/posts\/1896845\/revisions"}],"wp:attachment":[{"href":"https:\/\/analyse.optim.biz\/index.php?rest_route=%2Fwp%2Fv2%2Fmedia&parent=1896845"}],"wp:term":[{"taxonomy":"category","embeddable":true,"href":"https:\/\/analyse.optim.biz\/index.php?rest_route=%2Fwp%2Fv2%2Fcategories&post=1896845"},{"taxonomy":"post_tag","embeddable":true,"href":"https:\/\/analyse.optim.biz\/index.php?rest_route=%2Fwp%2Fv2%2Ftags&post=1896845"}],"curies":[{"name":"wp","href":"https:\/\/api.w.org\/{rel}","templated":true}]}}