{"id":1896832,"date":"2026-04-22T10:54:38","date_gmt":"2026-04-22T07:54:38","guid":{"rendered":"https:\/\/analyse.optim.biz\/?p=1896832"},"modified":"2026-04-22T10:54:38","modified_gmt":"2026-04-22T07:54:38","slug":"ambasadorul-ungariei-la-ue-risca-sa-devina-tapul-ispasitor-al-erei-viktor-orban-sustine-o-analiza-politico","status":"publish","type":"post","link":"https:\/\/analyse.optim.biz\/?p=1896832","title":{"rendered":"Ambasadorul Ungariei la UE risc\u0103 s\u0103 devin\u0103 \u201e\u021bapul isp\u0103\u0219itor\u201d al erei Viktor Orban, sus\u021bine o analiz\u0103 Politico"},"content":{"rendered":"<p>[analyse_image type=&#8221;featured&#8221; src=&#8221;https:\/\/cdn.adh.reperio.news\/image-9\/9b9a3c9e-ae3b-41ef-8db2-32f5245e7914\/index.png?p=f%3Djpeg%26w%3D1200%26h%3D630%26r%3Dcover%26c%3D0.117%252C0.141%252C0.722%252C0.685&#8243;]<\/p>\n<article class=\"svelte-t0js42\">\n<nav>\n<ul class=\"breadcrump svelte-xauq0s\">\n<li class=\"svelte-xauq0s\"><a href=\"\/\" title=\"Adev\u0103rul\" class=\"svelte-xauq0s\">Home<\/a><\/li>\n<li class=\"svelte-xauq0s\"><a href=\"\/stiri-externe\" class=\"svelte-xauq0s\">\u0218tiri Externe<\/a><\/li>\n<li class=\"svelte-xauq0s\"><a href=\"\/stiri-externe\/europa\" class=\"svelte-xauq0s\">Europa<\/a><\/li>\n<li class=\"svelte-xauq0s\"><a href=\"https:\/\/adevarul.ro\/stiri-externe\/europa\/ambasadorul-ungariei-la-ue-risca-sa-devina-tapul-2524370.html\" class=\"svelte-xauq0s\">Ambasadorul Ungariei la UE risc\u0103 s\u0103 devin\u0103 \u201e\u021bapul isp\u0103\u0219itor\u201d al erei Viktor Orban, sus\u021bine o analiz\u0103 Politico<\/a><\/li>\n<\/ul>\n<\/nav>\n<p><main class=\"svelte-t0js42\"><\/p>\n<p>B\u00e1lint \u00d3dor, ambasadorul Ungariei la Uniunea European\u0103, <a href=\"https:\/\/adevarul.ro\/stiri-externe\/europa\/marionetele-lui-viktor-orban-trebuie-sa-plece-2524209.html\">ar putea p\u0103r\u0103si func\u021bia odat\u0103 cu schimbarea de guvern de la Budapesta<\/a>, dup\u0103 ce opozi\u021bia condus\u0103 de\u00a0 a c\u00e2\u0219tigat alegerile parlamentare \u0219i a promis o resetare profund\u0103 a rela\u021biei cu institu\u021biile europene, potrivit <a href=\"https:\/\/www.politico.eu\/article\/viktor-orban-eu-ambassador-fixer-hungary-fall-guy-balint-odor\/\" rel=\"nofollow\">Politico<\/a>.<\/p>\n<div class=\"container-image  svelte-jd4qiv\"><source type=\"image\/webp\" srcset=\"https:\/\/cdn.adh.reperio.news\/image-9\/9b9a3c9e-ae3b-41ef-8db2-32f5245e7914\/index.png?p=a%3D1%26co%3D1.05%26w%3D1400%26h%3D750%26r%3Dcontain%26c%3D0.117%252C0.141%252C0.722%252C0.685%26f%3Dwebp 1400w\" media=\"(min-width: 1400px)\" \/><\/p>\n<div class=\"caption\"> B\u00e1lint \u00d3dor. FOTO Captur\u0103 Magyar K\u00e9pek &#8211; Kanadai Magyar TV<\/div>\n<\/div>\n<p>Timp de \u0219ase ani, B\u00e1lint \u00d3dor a fost principalul reprezentant al executivului condus de Viktor Orb\u00e1n \u00een Bruxelles, \u00eentr-o perioad\u0103 marcat\u0103 de <a href=\"https:\/\/adevarul.ro\/stiri-externe\/europa\/cine-sunt-cei-cinci-politicieni-europeni-care-ar-2522942.html\">tensiuni majore cu UE,<\/a> blocarea unor fonduri europene \u0219i apropierea Budapestei de Moscova.<\/p>\n<p>De\u0219i stilul s\u0103u a fost mult mai rezervat dec\u00e2t retorica dur\u0103 a lui  Viktor Orb\u00e1nr, \u00d3dor a reprezentat \u00een mod constant pozi\u021biile ferme ale Budapestei \u00een dosare sensibile, de la rela\u021bia cu Rusia p\u00e2n\u0103 la blocarea unor ini\u021biative europene. <\/p>\n<p>Expertiza sa \u00een tratatele UE \u0219i reputa\u021bia de negociator riguros i-au conferit un rol influent \u00een Coreper, unde Ungaria a ob\u021binut derog\u0103ri importante \u00een chestiuni precum finan\u021barea \u021b\u0103rii\u00a0 sau renun\u021barea la petrolul rusesc.<\/p>\n<p>Diploma\u021bi europeni cita\u021bi de Politico spun c\u0103, indiferent dac\u0103 \u00eemp\u0103rt\u0103\u0219ea sau nu viziunea politic\u0103 a guvernului viktor Orb\u00e1n, \u00d3dor a executat instruc\u021biunile primite cu precizie. \u00cen acela\u0219i timp, a reu\u0219it s\u0103 men\u021bin\u0103 rela\u021bii de lucru func\u021bionale cu ceilal\u021bi ambasadori, fiind considerat un interlocutor previzibil \u0219i capabil s\u0103 livreze ceea ce promite.<\/p>\n<div class=\"raw-block\"><iframe loading=\"lazy\" src=\"https:\/\/www.facebook.com\/plugins\/post.php?href=https%3A%2F%2Fwww.facebook.com%2Fhuppahu%2Fposts%2Fpfbid0UhUGmWKZYvJq55HnMJhBmUxJMAnsBAnhcLgnTjksFFMTYvBSm2F9L6TxrxmoHHsQl&amp;show_text=true&amp;width=390\" width=\"500\" height=\"436\" frameborder allowfullscreen=\"true\" allow=\"autoplay; clipboard-write; encrypted-media; picture-in-picture; web-share\" class=\"facebook-iframe\"><\/iframe><\/div>\n<h2>Incertitudine \u00een r\u00e2ndul diploma\u021bilor ungari<\/h2>\n<p>Victoria lui Magyar a provocat nelini\u0219te \u00een r\u00e2ndul personalului Reprezentan\u021bei Permanente a Ungariei la Bruxelles, mul\u021bi dintre angaja\u021bi neav\u00e2nd experien\u021ba unei tranzi\u021bii politice interne. Chiar dac\u0103 personalul tehnic este considerat indispensabil, numirile politice &#8211; inclusiv ambasadorul &#8211; ar putea fi primele vizate de reorganizare.<\/p>\n<p>Una dintre priorit\u0103\u021bile noului prim-ministru al Ungariei este deblocarea celor 18 miliarde de euro din fondurile europene, ceea ce presupune un semnal clar de distan\u021bare fa\u021b\u0103 de <a href=\"https:\/\/adevarul.ro\/stiri-externe\/europa\/cum-explica-viktor-orban-boicotarea-summitului-2523210.html\">era Orb\u00e1n,<\/a> iar o men\u021binere a unui diplomat perceput ca apropiat de vechiul regim ar putea fi dificil de justificat.<\/p>\n<p>P\u00e9ter Magyar, care a lucrat el \u00eensu\u0219i \u00een Reprezentan\u021ba Permanent\u0103 \u00een urm\u0103 cu peste un deceniu, a transmis c\u0103 se va baza doar pe cei care <i>\u201e\u0219i-au f\u0103cut datoria \u0219i au r\u0103mas fideli jur\u0103m\u00e2ntului\u201d.<\/i><\/p>\n<h2>Cine ar putea prelua conducerea ambasadei<\/h2>\n<p>Oficiali ungari cita\u021bi de<a href=\"https:\/\/www.politico.eu\/article\/viktor-orban-eu-ambassador-fixer-hungary-fall-guy-balint-odor\/\" rel=\"nofollow\"> Politico <\/a>spun c\u0103, cel mai probabil succesor al lui \u00d3dor ar fi M\u00e1rton Hajdu, fost purt\u0103tor de cuv\u00e2nt al Ministerului de Externe \u0219i ulterior consilier al pre\u0219edintei Comisiei Europene, Ursula von der Leyen. <\/p>\n<p>Hajdu a participat deja la discu\u021biile privind deblocarea fondurilor europene, fiind considerat o op\u021biune fireasc\u0103 pentru noua administra\u021bie.<\/p>\n<p>\u00cen schimb, comisarul european Oliv\u00e9r V\u00e1rhelyi, un alt nume important al Ungariei la Bruxelles, este pu\u021bin probabil s\u0103 fie schimbat, datorit\u0103 statutul s\u0103u \u0219i procedurilor mult mai stricte privind \u00eenlocuirea unui comisar.<\/p>\n<h2>De la \u201e\u021bapul isp\u0103\u0219itor\u201d al Budapestei la \u201e\u021bapul isp\u0103\u0219itor\u201d al erei Orban<\/h2>\n<p>De-a lungul ultimilor ani, \u00d3dor a fost, de multe ori, cel care a trebuit s\u0103 explice sau s\u0103 apere pozi\u021biile controversate ale guvernului ungar \u00een fa\u021ba partenerilor europeni. <\/p>\n<p><\/main><\/p>\n<footer class=\"svelte-t0js42\">\n<div class=\"related-wrap related-footer svelte-1t8qpgs\"><span class=\"related-label svelte-1t8qpgs\">Cite\u0219te \u0219i<\/span><a class=\"related svelte-1t8qpgs\" data-gtrack='{\"event\":\"utm_click\",\"data\":{\"event_category\":\"article_related\"}}' href=\"https:\/\/adevarul.ro\/stiri-externe\/europa\/cine-sunt-cei-cinci-politicieni-europeni-care-ar-2522942.html\" title=\"Alt articol de interes pentru tine\"><img decoding=\"async\" class=\"thumb svelte-1t8qpgs\" src=\"https:\/\/cdn.adh.reperio.news\/image-b\/b4a67bb1-f244-47c0-8fbe-ddd4260ab69e\/index.jpeg\" alt loading=\"lazy\" width=\"80\" height=\"54\"><span class=\"title svelte-1t8qpgs\">Cine sunt cei cinci politicieni europeni care ar putea c\u0103lca pe urmele lui Viktor Orb\u00e1n \u00eentr-o politic\u0103 ostil\u0103 fa\u021b\u0103 de UE<\/span><\/a><a class=\"related svelte-1t8qpgs\" data-gtrack='{\"event\":\"utm_click\",\"data\":{\"event_category\":\"article_related\"}}' href=\"https:\/\/adevarul.ro\/stiri-externe\/europa\/cum-explica-viktor-orban-boicotarea-summitului-2523210.html\" title=\"Alt articol de interes pentru tine\"><img decoding=\"async\" class=\"thumb svelte-1t8qpgs\" src=\"https:\/\/cdn.adh.reperio.news\/image-5\/5cc7ae84-0002-4924-84a3-60774897de23\/index.jpeg\" alt loading=\"lazy\" width=\"80\" height=\"54\"><span class=\"title svelte-1t8qpgs\">Cum explic\u0103 Viktor Orban boicotarea summitului european din Cipru, dup\u0103 \u00eenfr\u00e2ngerea \u00een alegeri<\/span><\/a><a class=\"related svelte-1t8qpgs\" data-gtrack='{\"event\":\"utm_click\",\"data\":{\"event_category\":\"article_related\"}}' href=\"https:\/\/adevarul.ro\/stiri-externe\/europa\/marionetele-lui-viktor-orban-trebuie-sa-plece-2524209.html\" title=\"Alt articol de interes pentru tine\"><img decoding=\"async\" class=\"thumb svelte-1t8qpgs\" src=\"https:\/\/cdn.adh.reperio.news\/image-7\/7bbd82f6-65b2-4679-9370-d675a0770fdc\/index.png\" alt loading=\"lazy\" width=\"80\" height=\"54\"><span class=\"title svelte-1t8qpgs\"> \u201eMarionetele lui Viktor Orb\u00e1n\u201d trebuie s\u0103 plece p\u00e2n\u0103 la 31 mai: avertisment dur de la noul lider de la Budapesta<\/span><\/a><\/div>\n<div class=\"meta svelte-t0js42\">\n<div class=\"authors svelte-t0js42\"><a href=\"\/author\/1228\" rel=\"author\" class=\"svelte-t0js42\">Cristina Stancu<\/a><\/div>\n<div class=\"tags svelte-12okeyl\"><span class=\"tags-label metaFont svelte-12okeyl\">Cite\u0219te mai multe despre<\/span><\/p>\n<div class=\"tags-list svelte-12okeyl\"><a href=\"\/tag\/ue\" title=\"Ultimele \u0219tiri despre ue\" class=\"tag-pill svelte-12okeyl\">ue<\/a><a href=\"\/tag\/viktor%20orban\" title=\"Ultimele \u0219tiri despre viktor orban\" class=\"tag-pill svelte-12okeyl\">viktor orban<\/a><a href=\"\/tag\/peter%20magyar\" title=\"Ultimele \u0219tiri despre peter magyar\" class=\"tag-pill svelte-12okeyl\">peter magyar<\/a><\/div>\n<\/div>\n<\/div>\n<p><a class=\"moreFromCategory svelte-t0js42\" href=\"\/stiri-externe\/europa\" title=\"Europa\">Mai multe din <strong class=\"svelte-t0js42\">Europa<\/strong> \u203a<\/a><\/footer>\n<\/article>\n<p>[analyse_source url=&#8221;https:\/\/adevarul.ro\/stiri-externe\/europa\/ambasadorul-ungariei-la-ue-risca-sa-devina-tapul-2524370.html&#8221;]<\/p>\n","protected":false},"excerpt":{"rendered":"<p>[analyse_image type=&#8221;featured&#8221; src=&#8221;https:\/\/cdn.adh.reperio.news\/image-9\/9b9a3c9e-ae3b-41ef-8db2-32f5245e7914\/index.png?p=f%3Djpeg%26w%3D1200%26h%3D630%26r%3Dcover%26c%3D0.117%252C0.141%252C0.722%252C0.685&#8243;] Home \u0218tiri Externe Europa Ambasadorul Ungariei la UE risc\u0103 s\u0103 devin\u0103 \u201e\u021bapul isp\u0103\u0219itor\u201d al erei Viktor Orban, sus\u021bine o analiz\u0103 Politico B\u00e1lint \u00d3dor, ambasadorul Ungariei la Uniunea European\u0103, ar putea p\u0103r\u0103si func\u021bia odat\u0103 cu schimbarea de guvern de la Budapesta, dup\u0103 ce opozi\u021bia condus\u0103 de\u00a0 a c\u00e2\u0219tigat alegerile parlamentare \u0219i a promis [&hellip;]<\/p>\n","protected":false},"author":1,"featured_media":0,"comment_status":"open","ping_status":"","sticky":false,"template":"","format":"standard","meta":{"footnotes":""},"categories":[89],"tags":[19,226],"class_list":["post-1896832","post","type-post","status-publish","format-standard","hentry","category-romania","tag-adevarul","tag-crawlmanager"],"_links":{"self":[{"href":"https:\/\/analyse.optim.biz\/index.php?rest_route=\/wp\/v2\/posts\/1896832","targetHints":{"allow":["GET"]}}],"collection":[{"href":"https:\/\/analyse.optim.biz\/index.php?rest_route=\/wp\/v2\/posts"}],"about":[{"href":"https:\/\/analyse.optim.biz\/index.php?rest_route=\/wp\/v2\/types\/post"}],"author":[{"embeddable":true,"href":"https:\/\/analyse.optim.biz\/index.php?rest_route=\/wp\/v2\/users\/1"}],"replies":[{"embeddable":true,"href":"https:\/\/analyse.optim.biz\/index.php?rest_route=%2Fwp%2Fv2%2Fcomments&post=1896832"}],"version-history":[{"count":0,"href":"https:\/\/analyse.optim.biz\/index.php?rest_route=\/wp\/v2\/posts\/1896832\/revisions"}],"wp:attachment":[{"href":"https:\/\/analyse.optim.biz\/index.php?rest_route=%2Fwp%2Fv2%2Fmedia&parent=1896832"}],"wp:term":[{"taxonomy":"category","embeddable":true,"href":"https:\/\/analyse.optim.biz\/index.php?rest_route=%2Fwp%2Fv2%2Fcategories&post=1896832"},{"taxonomy":"post_tag","embeddable":true,"href":"https:\/\/analyse.optim.biz\/index.php?rest_route=%2Fwp%2Fv2%2Ftags&post=1896832"}],"curies":[{"name":"wp","href":"https:\/\/api.w.org\/{rel}","templated":true}]}}