{"id":1896830,"date":"2026-04-22T10:31:49","date_gmt":"2026-04-22T07:31:49","guid":{"rendered":"https:\/\/analyse.optim.biz\/?p=1896830"},"modified":"2026-04-22T10:31:49","modified_gmt":"2026-04-22T07:31:49","slug":"temandu-se-de-debarcarea-trupelor-ucrainene-in-crimeea-rusia-intensifica-minarea-coastelor","status":"publish","type":"post","link":"https:\/\/analyse.optim.biz\/?p=1896830","title":{"rendered":"Tem\u00e2ndu-se de debarcarea trupelor ucrainene \u00een Crimeea, Rusia intensific\u0103 minarea coastelor"},"content":{"rendered":"<p>[analyse_image type=&#8221;featured&#8221; src=&#8221;https:\/\/cdn.adh.reperio.news\/image-c\/c04fa10f-5af9-4dab-941b-899efc278ea3\/index.jpeg?p=f%3Djpeg%26w%3D1200%26h%3D630%26r%3Dcover&#8221;]<\/p>\n<article class=\"svelte-t0js42\">\n<nav>\n<ul class=\"breadcrump svelte-xauq0s\">\n<li class=\"svelte-xauq0s\"><a href=\"\/\" title=\"Adev\u0103rul\" class=\"svelte-xauq0s\">Home<\/a><\/li>\n<li class=\"svelte-xauq0s\"><a href=\"\/stiri-externe\" class=\"svelte-xauq0s\">\u0218tiri Externe<\/a><\/li>\n<li class=\"svelte-xauq0s\"><a href=\"\/stiri-externe\/europa\" class=\"svelte-xauq0s\">Europa<\/a><\/li>\n<li class=\"svelte-xauq0s\"><a href=\"https:\/\/adevarul.ro\/stiri-externe\/europa\/temandu-se-de-debarcarea-trupelor-ucrainene-in-2524452.html\" class=\"svelte-xauq0s\">Tem\u00e2ndu-se de debarcarea trupelor ucrainene \u00een Crimeea, Rusia intensific\u0103 minarea coastelor<\/a><\/li>\n<\/ul>\n<\/nav>\n<p><main class=\"svelte-t0js42\"><\/p>\n<p>For\u021bele ruse au intensificat opera\u021biunile de minare a zonelor de coast\u0103 din Crimeea ocupat\u0103, pe fondul temerilor privind o posibil\u0103 debarcare a trupelor ucrainene, a declarat Vladislav Volo\u0219in, purt\u0103tor de cuv\u00e2nt al For\u021belor de Ap\u0103rare din sudul Ucrainei, pentru Kyiv Independent, la 21 aprilie.<\/p>\n<div class=\"container-image  svelte-jd4qiv\"><source type=\"image\/webp\" srcset=\"https:\/\/cdn.adh.reperio.news\/image-c\/c04fa10f-5af9-4dab-941b-899efc278ea3\/index.jpeg?p=a%3D1%26co%3D1.05%26w%3D1400%26h%3D750%26r%3Dcontain%26f%3Dwebp 1400w\" media=\"(min-width: 1400px)\" \/><\/p>\n<div class=\"caption\">Rusii mineaz\u0103 plajele din Crimeea\/FOTO:X<\/div>\n<\/div>\n<p>Potrivit acestuia, gruparea opera\u021bional-tactic\u0103 rus\u0103 din Crimeea continu\u0103 s\u0103 mineze activ plajele \u0219i sectoarele de coast\u0103, \u00een contextul \u00een care Moscova ar considera realist scenariul unei noi \u00eencerc\u0103ri de debarcare a infanteriei marine ucrainene. Ultima opera\u021biune de acest tip a avut loc \u00een 2023.<\/p>\n<p><i>\u201ePlajele vor deveni acum c\u00e2mpuri minate\u201d<\/i>, a afirmat Volo\u0219in.<\/p>\n<p>El a precizat c\u0103 lungimea total\u0103 a litoralului Crimeei este de aproximativ 760 de kilometri, iar o parte semnificativ\u0103 a acestuia este deja afectat\u0103 de amplasarea de dispozitive explozive.<\/p>\n<p><i>\u201eExist\u0103 zeci de kilometri de bariere minate. Sunt folosite c\u00e2mpuri de mine la ad\u00e2ncimi variabile, precum \u0219i c\u00e2mpuri individuale de minare, iar \u00een unele zone sunt instalate bariere cu explozibili puternici. Vorbim despre sute de tipuri diferite de mine\u201d<\/i>, a declarat oficialul ucrainean.<\/p>\n<p>Potrivit serviciilor de informa\u021bii militare de la Kiev, pe 24 august 2023, for\u021be ucrainene ar fi efectuat o debarcare pe coasta Crimeei ocupate, \u00een zona localit\u0103\u021bii Maiak, ridic\u00e2nd drapelul ucrainean \u00een cadrul unei opera\u021biuni navale.<\/p>\n<p>Autorit\u0103\u021bile ucrainene au sus\u021binut c\u0103 \u00een acea zon\u0103 au avut loc confrunt\u0103ri cu for\u021bele ruse.<\/p>\n<p>\u00cen paralel, \u00een ultimii ani au fost raportate atacuri tot mai frecvente asupra unor obiective militare ruse\u0219ti din peninsul\u0103, anexat\u0103 de Moscova \u00een 2014 \u0219i aflat\u0103 sub control rus de atunci.<\/p>\n<p>Pe 8 aprilie, drone ucrainene au lovit un terminal petrolier maritim din Feodosia, \u00een Crimeea ocupat\u0103, au anun\u021bat comandantul For\u021belor Sistemelor F\u0103r\u0103 Pilot, Robert \u201eMagyar\u201d Brovdi, \u0219i Statul Major al armatei ucrainene.<\/p>\n<p><\/main><\/p>\n<footer class=\"svelte-t0js42\">\n<div class=\"related-wrap related-footer svelte-1t8qpgs\"><span class=\"related-label svelte-1t8qpgs\">Cite\u0219te \u0219i<\/span><a class=\"related svelte-1t8qpgs\" data-gtrack='{\"event\":\"utm_click\",\"data\":{\"event_category\":\"article_related\"}}' href=\"https:\/\/adevarul.ro\/stiri-externe\/rusia\/economia-rusiei-mai-fragila-decat-pare-si-ar-2523957.html\" title=\"Alt articol de interes pentru tine\"><img decoding=\"async\" class=\"thumb svelte-1t8qpgs\" src=\"https:\/\/cdn.adh.reperio.news\/image-5\/51276d31-56c9-44cc-b3cc-3c480dd35dad\/index.jpeg\" alt loading=\"lazy\" width=\"80\" height=\"54\"><span class=\"title svelte-1t8qpgs\">Economia Rusiei, mai fragil\u0103 dec\u00e2t pare \u0219i ar putea intra chiar \u00eentr-un \u0219oc economic major, sus\u021bin serviciile secrete suedeze<\/span><\/a><a class=\"related svelte-1t8qpgs\" data-gtrack='{\"event\":\"utm_click\",\"data\":{\"event_category\":\"article_related\"}}' href=\"https:\/\/adevarul.ro\/stiri-externe\/europa\/rusia-isi-intensifica-atacurile-cibernetice-in-2524329.html\" title=\"Alt articol de interes pentru tine\"><img decoding=\"async\" class=\"thumb svelte-1t8qpgs\" src=\"https:\/\/cdn.adh.reperio.news\/image-8\/80d5a340-1ac1-4b32-ad6a-073946af094e\/index.jpeg\" alt loading=\"lazy\" width=\"80\" height=\"54\"><span class=\"title svelte-1t8qpgs\">Rusia \u00ee\u0219i intensific\u0103 atacurile cibernetice \u00een Europa cu ajutorul inteligen\u021bei artificiale, avertizeaz\u0103 Olanda<\/span><\/a><a class=\"related svelte-1t8qpgs\" data-gtrack='{\"event\":\"utm_click\",\"data\":{\"event_category\":\"article_related\"}}' href=\"https:\/\/adevarul.ro\/stiri-externe\/europa\/rusia-distruge-gropi-comune-langa-mariupol-2524434.html\" title=\"Alt articol de interes pentru tine\"><img decoding=\"async\" class=\"thumb svelte-1t8qpgs\" src=\"https:\/\/cdn.adh.reperio.news\/image-e\/eb18d091-d0b8-4540-8674-b77de6597ccc\/index.jpeg\" alt loading=\"lazy\" width=\"80\" height=\"54\"><span class=\"title svelte-1t8qpgs\">Rusia distruge gropi comune l\u00e2ng\u0103 Mariupol, sugereaz\u0103 imagini din satelit<\/span><\/a><\/div>\n<div class=\"meta svelte-t0js42\">\n<div class=\"authors svelte-t0js42\"><a href=\"\/author\/647\" rel=\"author\" class=\"svelte-t0js42\">Viorica Marin<\/a><\/div>\n<div class=\"tags svelte-12okeyl\"><span class=\"tags-label metaFont svelte-12okeyl\">Cite\u0219te mai multe despre<\/span><\/p>\n<div class=\"tags-list svelte-12okeyl\"><a href=\"\/tag\/razboi%20in%20ucraina\" title=\"Ultimele \u0219tiri despre razboi in ucraina\" class=\"tag-pill svelte-12okeyl\">razboi in ucraina<\/a><a href=\"\/tag\/rusia%20invazie\" title=\"Ultimele \u0219tiri despre rusia invazie\" class=\"tag-pill svelte-12okeyl\">rusia invazie<\/a><a href=\"\/tag\/crimeea\" title=\"Ultimele \u0219tiri despre crimeea\" class=\"tag-pill svelte-12okeyl\">crimeea<\/a><\/div>\n<\/div>\n<\/div>\n<p><a class=\"moreFromCategory svelte-t0js42\" href=\"\/stiri-externe\/europa\" title=\"Europa\">Mai multe din <strong class=\"svelte-t0js42\">Europa<\/strong> \u203a<\/a><\/footer>\n<\/article>\n<p>[analyse_source url=&#8221;https:\/\/adevarul.ro\/stiri-externe\/europa\/temandu-se-de-debarcarea-trupelor-ucrainene-in-2524452.html&#8221;]<\/p>\n","protected":false},"excerpt":{"rendered":"<p>[analyse_image type=&#8221;featured&#8221; src=&#8221;https:\/\/cdn.adh.reperio.news\/image-c\/c04fa10f-5af9-4dab-941b-899efc278ea3\/index.jpeg?p=f%3Djpeg%26w%3D1200%26h%3D630%26r%3Dcover&#8221;] Home \u0218tiri Externe Europa Tem\u00e2ndu-se de debarcarea trupelor ucrainene \u00een Crimeea, Rusia intensific\u0103 minarea coastelor For\u021bele ruse au intensificat opera\u021biunile de minare a zonelor de coast\u0103 din Crimeea ocupat\u0103, pe fondul temerilor privind o posibil\u0103 debarcare a trupelor ucrainene, a declarat Vladislav Volo\u0219in, purt\u0103tor de cuv\u00e2nt al For\u021belor de Ap\u0103rare din sudul [&hellip;]<\/p>\n","protected":false},"author":1,"featured_media":0,"comment_status":"open","ping_status":"","sticky":false,"template":"","format":"standard","meta":{"footnotes":""},"categories":[89],"tags":[19,226],"class_list":["post-1896830","post","type-post","status-publish","format-standard","hentry","category-romania","tag-adevarul","tag-crawlmanager"],"_links":{"self":[{"href":"https:\/\/analyse.optim.biz\/index.php?rest_route=\/wp\/v2\/posts\/1896830","targetHints":{"allow":["GET"]}}],"collection":[{"href":"https:\/\/analyse.optim.biz\/index.php?rest_route=\/wp\/v2\/posts"}],"about":[{"href":"https:\/\/analyse.optim.biz\/index.php?rest_route=\/wp\/v2\/types\/post"}],"author":[{"embeddable":true,"href":"https:\/\/analyse.optim.biz\/index.php?rest_route=\/wp\/v2\/users\/1"}],"replies":[{"embeddable":true,"href":"https:\/\/analyse.optim.biz\/index.php?rest_route=%2Fwp%2Fv2%2Fcomments&post=1896830"}],"version-history":[{"count":0,"href":"https:\/\/analyse.optim.biz\/index.php?rest_route=\/wp\/v2\/posts\/1896830\/revisions"}],"wp:attachment":[{"href":"https:\/\/analyse.optim.biz\/index.php?rest_route=%2Fwp%2Fv2%2Fmedia&parent=1896830"}],"wp:term":[{"taxonomy":"category","embeddable":true,"href":"https:\/\/analyse.optim.biz\/index.php?rest_route=%2Fwp%2Fv2%2Fcategories&post=1896830"},{"taxonomy":"post_tag","embeddable":true,"href":"https:\/\/analyse.optim.biz\/index.php?rest_route=%2Fwp%2Fv2%2Ftags&post=1896830"}],"curies":[{"name":"wp","href":"https:\/\/api.w.org\/{rel}","templated":true}]}}