{"id":1896829,"date":"2026-04-22T18:03:53","date_gmt":"2026-04-22T15:03:53","guid":{"rendered":"https:\/\/analyse.optim.biz\/?p=1896829"},"modified":"2026-04-22T18:03:53","modified_gmt":"2026-04-22T15:03:53","slug":"video-aerial-footage-shows-widespread-destruction-in-southern-lebanon","status":"publish","type":"post","link":"https:\/\/analyse.optim.biz\/?p=1896829","title":{"rendered":"Video. Aerial footage shows widespread destruction in southern Lebanon"},"content":{"rendered":"<p>[analyse_image type=&#8221;featured&#8221; src=&#8221;https:\/\/images.euronews.com\/articles\/stories\/09\/73\/17\/72\/1200x675_cmsv2_589cfd1e-da6c-5e9e-b746-4f30bd889b53-9731772.jpg&#8221;]<\/p>\n<article id=\"abe-2888213-pos1-c-latest-stories\" class=\"the-media-object m-modeMobile-1 m-modeDesktop-1 m-modeXL-1\" data-nid=\"2888213\" data-cid=\"9732101\" data-part-label=\"Partner content\">\n<figure id=\"abe-2888213-label-pos1-c-latest-stories\" class=\"the-media-object__figure\"><img decoding=\"async\" class=\"the-media-object__image\" src=\"https:\/\/images.euronews.com\/articles\/stories\/09\/73\/19\/90\/189x106_cmsv2_e5e14bfd-ce34-5ff0-b57c-8096b7f14e6e-9731990.jpg\" loading=\"lazy\" alt=\"Viktor Orb\u00e1n's mother, Mrs Gy\u0151z\u0151 Orb\u00e1n, his father Gy\u0151z\u0151 Orb\u00e1n and his son G\u00e1sp\u00e1r Orb\u00e1n at the plenary session of the National Assembly on 10 May 2018\" height=\"9\" width=\"16\"><\/figure>\n<div class=\"the-media-object__content\">\n                    Europe News<\/p>\n<div class=\"the-media-object__title  \">\n<p>    Son of Hungary&#8217;s outgoing prime minister discharged from military\n  <\/p><\/div>\n<\/div>\n<\/article>\n<article id=\"abe-2888192-pos2-c-latest-stories\" class=\"the-media-object m-modeMobile-1 m-modeDesktop-1 m-modeXL-1\" data-nid=\"2888192\" data-cid=\"9731822\" data-part-label=\"Partner content\">\n<figure id=\"abe-2888192-label-pos2-c-latest-stories\" class=\"the-media-object__figure\"><img decoding=\"async\" class=\"the-media-object__image\" src=\"https:\/\/images.euronews.com\/articles\/stories\/09\/69\/80\/49\/189x106_cmsv2_d6268ad3-52ac-5dad-a512-91a18ecba4a6-9698049.jpg\" loading=\"lazy\" alt=\"Hungary's outgoing Minister of Defence Kristof Szalay-Bobrovniczky, right, in a Lynx infantry fighting vehicle \" height=\"9\" width=\"16\"><\/figure>\n<div class=\"the-media-object__content\">\n                    Europe News<\/p>\n<div class=\"the-media-object__title  \">\n<p>    Exclusive: Hungary&#8217;s new government to review \u20ac16bn EU defence plan\n  <\/p><\/div>\n<\/div>\n<\/article>\n<article id=\"abe-2888249-pos3-c-latest-stories\" class=\"the-media-object m-modeMobile-1 m-modeDesktop-1 m-modeXL-1\" data-nid=\"2888249\" data-cid=\"9732196\" data-part-label=\"Partner content\">\n<figure id=\"abe-2888249-label-pos3-c-latest-stories\" class=\"the-media-object__figure\"><img decoding=\"async\" class=\"the-media-object__image\" src=\"https:\/\/images.euronews.com\/articles\/stories\/09\/73\/21\/96\/189x106_cmsv2_89e49f6e-a115-5b71-b154-b5bc4a04d6bb-9732196.jpg\" loading=\"lazy\" alt=\"A Spanish flag and a Spanish far-right VOX party flag are waved during the far-right Patriots for Europe summit in Madrid, 8 February, 2025\" height=\"9\" width=\"16\"><\/figure>\n<div class=\"the-media-object__content\">\n                    Europe News<\/p>\n<div class=\"the-media-object__title  \">\n<p>    Spain&#8217;s far-right Vox returns to power in regional government\n  <\/p><\/div>\n<\/div>\n<\/article>\n<article id=\"abe-2888180-pos4-c-latest-stories\" class=\"the-media-object m-modeMobile-1 m-modeDesktop-1 m-modeXL-1\" data-nid=\"2888180\" data-cid=\"9731773\" data-part-label=\"Partner content\">\n<figure id=\"abe-2888180-label-pos4-c-latest-stories\" class=\"the-media-object__figure\"><img decoding=\"async\" class=\"the-media-object__image\" src=\"https:\/\/images.euronews.com\/articles\/stories\/09\/72\/31\/80\/189x106_cmsv2_909e13ec-d1f2-5068-8ac4-820f27d260b2-9723180.jpg\" loading=\"lazy\" alt=\"The first boats of the Global Sumud Flotilla departing from in Barcelona, Spain, on 12 Apriln \" height=\"9\" width=\"16\"><\/figure>\n<div class=\"the-media-object__content\">\n                    Europe News<\/p>\n<div class=\"the-media-object__title  \">\n<p>    Global Sumud Flotilla ready to new mission to Gaza\n  <\/p><\/div>\n<\/div>\n<\/article>\n<article id=\"abe-2888213-pos1-c-latest-stories-sidebar\" class=\"the-media-object m-modeMobile-2 m-modeDesktop-2 m-modeXL-2\" data-nid=\"2888213\" data-cid=\"9732101\" data-part-label=\"Partner content\">\n<figure id=\"abe-2888213-label-pos1-c-latest-stories-sidebar\" class=\"the-media-object__figure\"><img decoding=\"async\" class=\"the-media-object__image\" src=\"https:\/\/images.euronews.com\/articles\/stories\/09\/73\/19\/90\/189x106_cmsv2_e5e14bfd-ce34-5ff0-b57c-8096b7f14e6e-9731990.jpg\" loading=\"lazy\" alt=\"Viktor Orb\u00e1n's mother, Mrs Gy\u0151z\u0151 Orb\u00e1n, his father Gy\u0151z\u0151 Orb\u00e1n and his son G\u00e1sp\u00e1r Orb\u00e1n at the plenary session of the National Assembly on 10 May 2018\" height=\"9\" width=\"16\"><\/figure>\n<div class=\"the-media-object__content\">\n                    Europe News<\/p>\n<div class=\"the-media-object__title  \">\n<p>    Son of Hungary&#8217;s outgoing prime minister discharged from military\n  <\/p><\/div>\n<\/div>\n<\/article>\n<article id=\"abe-2888192-pos2-c-latest-stories-sidebar\" class=\"the-media-object m-modeMobile-2 m-modeDesktop-2 m-modeXL-2\" data-nid=\"2888192\" data-cid=\"9731822\" data-part-label=\"Partner content\">\n<figure id=\"abe-2888192-label-pos2-c-latest-stories-sidebar\" class=\"the-media-object__figure\"><img decoding=\"async\" class=\"the-media-object__image\" src=\"https:\/\/images.euronews.com\/articles\/stories\/09\/69\/80\/49\/189x106_cmsv2_d6268ad3-52ac-5dad-a512-91a18ecba4a6-9698049.jpg\" loading=\"lazy\" alt=\"Hungary's outgoing Minister of Defence Kristof Szalay-Bobrovniczky, right, in a Lynx infantry fighting vehicle \" height=\"9\" width=\"16\"><\/figure>\n<div class=\"the-media-object__content\">\n                    Europe News<\/p>\n<div class=\"the-media-object__title  \">\n<p>    Exclusive: Hungary&#8217;s new government to review \u20ac16bn EU defence plan\n  <\/p><\/div>\n<\/div>\n<\/article>\n<article id=\"abe-2888249-pos3-c-latest-stories-sidebar\" class=\"the-media-object m-modeMobile-2 m-modeDesktop-2 m-modeXL-2\" data-nid=\"2888249\" data-cid=\"9732196\" data-part-label=\"Partner content\">\n<figure id=\"abe-2888249-label-pos3-c-latest-stories-sidebar\" class=\"the-media-object__figure\"><img decoding=\"async\" class=\"the-media-object__image\" src=\"https:\/\/images.euronews.com\/articles\/stories\/09\/73\/21\/96\/189x106_cmsv2_89e49f6e-a115-5b71-b154-b5bc4a04d6bb-9732196.jpg\" loading=\"lazy\" alt=\"A Spanish flag and a Spanish far-right VOX party flag are waved during the far-right Patriots for Europe summit in Madrid, 8 February, 2025\" height=\"9\" width=\"16\"><\/figure>\n<div class=\"the-media-object__content\">\n                    Europe News<\/p>\n<div class=\"the-media-object__title  \">\n<p>    Spain&#8217;s far-right Vox returns to power in regional government\n  <\/p><\/div>\n<\/div>\n<\/article>\n<article id=\"abe-2888180-pos4-c-latest-stories-sidebar\" class=\"the-media-object m-modeMobile-2 m-modeDesktop-2 m-modeXL-2\" data-nid=\"2888180\" data-cid=\"9731773\" data-part-label=\"Partner content\">\n<figure id=\"abe-2888180-label-pos4-c-latest-stories-sidebar\" class=\"the-media-object__figure\"><img decoding=\"async\" class=\"the-media-object__image\" src=\"https:\/\/images.euronews.com\/articles\/stories\/09\/72\/31\/80\/189x106_cmsv2_909e13ec-d1f2-5068-8ac4-820f27d260b2-9723180.jpg\" loading=\"lazy\" alt=\"The first boats of the Global Sumud Flotilla departing from in Barcelona, Spain, on 12 Apriln \" height=\"9\" width=\"16\"><\/figure>\n<div class=\"the-media-object__content\">\n                    Europe News<\/p>\n<div class=\"the-media-object__title  \">\n<p>    Global Sumud Flotilla ready to new mission to Gaza\n  <\/p><\/div>\n<\/div>\n<\/article>\n<article class=\"o-section--fullwidth js-playlist b-videos-players u-max-width-1600\" data-playlist=\"{&quot;id&quot;:&quot;playlist-2888179&quot;,&quot;videos&quot;:[{&quot;id&quot;:&quot;xa6d5to&quot;,&quot;articleId&quot;:2888179,&quot;title&quot;:&quot;Aerial footage shows widespread destruction in southern Lebanon&quot;,&quot;url&quot;:&quot;https:\/\/video.euronews.com\/mp4\/SHD\/42\/28\/63\/00\/SHD_PYR_4228630_20260422155220.mp4&quot;,&quot;programId&quot;:&quot;nocomment&quot;,&quot;player&quot;:&quot;dailymotion&quot;,&quot;geoBlock&quot;:[&quot;&quot;],&quot;sources&quot;:[],&quot;description&quot;:&quot;A 10-day ceasefire went into effect in Lebanon on Friday, but there have been several Israeli strikes and Hezbollah claimed its first attack on Tuesday.&quot;,&quot;isLive&quot;:false,&quot;articleUrl&quot;:&quot;https:\/\/www.euronews.com\/video\/2026\/04\/22\/aerial-footage-shows-widespread-destruction-in-southern-lebanon&quot;,&quot;duration&quot;:60000},{&quot;id&quot;:&quot;xa6d0pa&quot;,&quot;articleId&quot;:2888161,&quot;title&quot;:&quot;Madrid hosts Experience Macao Roadshow showcasing culture, food and tourism&quot;,&quot;url&quot;:&quot;https:\/\/video.euronews.com\/mp4\/SHD\/42\/27\/89\/03\/SHD_PYR_4227893_20260422153110.mp4&quot;,&quot;programId&quot;:&quot;nocomment&quot;,&quot;player&quot;:&quot;dailymotion&quot;,&quot;geoBlock&quot;:[&quot;&quot;],&quot;sources&quot;:[],&quot;description&quot;:&quot;The Experience Macao Roadshow in Madrid offered visitors interactive activities, cultural performances and gastronomy highlighting the Asian territoryu2019s tourism appeal.&quot;,&quot;isLive&quot;:false,&quot;articleUrl&quot;:&quot;https:\/\/www.euronews.com\/video\/2026\/04\/22\/madrid-hosts-experience-macao-roadshow-showcasing-culture-food-and-tourism&quot;,&quot;duration&quot;:60000},{&quot;id&quot;:&quot;xa6ax72&quot;,&quot;articleId&quot;:2888028,&quot;title&quot;:&quot;Israelis mark Memorial Day during ongoing conflict&quot;,&quot;url&quot;:&quot;https:\/\/video.euronews.com\/mp4\/SHD\/42\/23\/43\/04\/SHD_PYR_4223434_20260422063512.mp4&quot;,&quot;programId&quot;:&quot;nocomment&quot;,&quot;player&quot;:&quot;dailymotion&quot;,&quot;geoBlock&quot;:[&quot;&quot;],&quot;sources&quot;:[],&quot;description&quot;:&quot;Israelis marked Memorial Day with ceremonies and informal tributes, reflecting on loss while continuing daily life amid ongoing conflict and uncertainty.&quot;,&quot;isLive&quot;:false,&quot;articleUrl&quot;:&quot;https:\/\/www.euronews.com\/video\/2026\/04\/22\/israelis-mark-memorial-day-during-ongoing-conflict&quot;,&quot;duration&quot;:60000},{&quot;id&quot;:&quot;xa6dada&quot;,&quot;articleId&quot;:2888223,&quot;title&quot;:&quot;Latest news bulletin | April 22nd, 2026 u2013 Evening&quot;,&quot;url&quot;:&quot;https:\/\/video.euronews.com\/mp4\/SHD\/49\/58\/39\/74\/96\/00\/51\/SHD_PUB_49583974960051_20260422160029.mp4&quot;,&quot;programId&quot;:&quot;top-news-stories-today&quot;,&quot;player&quot;:&quot;dailymotion&quot;,&quot;geoBlock&quot;:[&quot;&quot;],&quot;sources&quot;:[],&quot;description&quot;:&quot;Catch up with the most important stories from around Europe and beyond this April 22nd, 2026 - latest news, breaking news, World, Business, Entertainment, Politics, Culture, Travel.&quot;,&quot;isLive&quot;:false,&quot;articleUrl&quot;:&quot;https:\/\/www.euronews.com\/video\/2026\/04\/22\/latest-news-bulletin-april-22nd-2026-evening&quot;,&quot;duration&quot;:713000},{&quot;id&quot;:&quot;xa6bqks&quot;,&quot;articleId&quot;:2888099,&quot;title&quot;:&quot;Latest news bulletin | April 22nd, 2026 u2013 Midday&quot;,&quot;url&quot;:&quot;https:\/\/video.euronews.com\/mp4\/SHD\/49\/52\/02\/24\/95\/38\/36\/SHD_PUB_49520224953836_20260422100017.mp4&quot;,&quot;programId&quot;:&quot;top-news-stories-today&quot;,&quot;player&quot;:&quot;dailymotion&quot;,&quot;geoBlock&quot;:[&quot;&quot;],&quot;sources&quot;:[],&quot;description&quot;:&quot;Catch up with the most important stories from around Europe and beyond this April 22nd, 2026 - latest news, breaking news, World, Business, Entertainment, Politics, Culture, Travel.&quot;,&quot;isLive&quot;:false,&quot;articleUrl&quot;:&quot;https:\/\/www.euronews.com\/video\/2026\/04\/22\/latest-news-bulletin-april-22nd-2026-midday&quot;,&quot;duration&quot;:755000},{&quot;id&quot;:&quot;xa6c1p4&quot;,&quot;articleId&quot;:2888035,&quot;title&quot;:&quot;Pope Leo XIV condemns u2018lust for poweru2019 and inequality in Equatorial Guinea&quot;,&quot;url&quot;:&quot;https:\/\/video.euronews.com\/mp4\/SHD\/42\/23\/79\/02\/SHD_PYR_4223792_20260422112504.mp4&quot;,&quot;programId&quot;:&quot;world&quot;,&quot;player&quot;:&quot;dailymotion&quot;,&quot;geoBlock&quot;:[&quot;&quot;],&quot;sources&quot;:[],&quot;description&quot;:&quot;The Holy Father of the Catholic Church made a stop in the final leg of his four-country tour of Africa. Equatorial Guinea is a secular country, with around three-fourths of its population Catholic.&quot;,&quot;isLive&quot;:false,&quot;articleUrl&quot;:&quot;https:\/\/www.euronews.com\/video\/2026\/04\/22\/pope-leo-xiv-condemns-lust-for-power-and-inequality-in-equatorial-guinea&quot;,&quot;duration&quot;:65000},{&quot;id&quot;:&quot;xa688ga&quot;,&quot;articleId&quot;:2887878,&quot;title&quot;:&quot;Synthetic drugs and digital crime: Why Central Asia is emerging as a new frontline&quot;,&quot;url&quot;:&quot;https:\/\/video.euronews.com\/mp4\/SHD\/42\/17\/79\/08\/SHD_PYR_4217798_20260421164105.mp4&quot;,&quot;programId&quot;:&quot;world&quot;,&quot;player&quot;:&quot;dailymotion&quot;,&quot;geoBlock&quot;:[&quot;&quot;],&quot;sources&quot;:[],&quot;description&quot;:&quot;The rise of synthetic drugs and digital trafficking methods is forcing a shift in global anti-narcotics strategies. Uzbekistan is advancing new initiatives to improve cross-border cooperation, financial oversight and public awareness.&quot;,&quot;isLive&quot;:false,&quot;articleUrl&quot;:&quot;https:\/\/www.euronews.com\/video\/2026\/04\/22\/synthetic-drugs-and-digital-crime-why-central-asia-is-emerging-as-a-new-frontline&quot;,&quot;duration&quot;:119120},{&quot;id&quot;:&quot;xa643eo&quot;,&quot;articleId&quot;:2887652,&quot;title&quot;:&quot;Timmy, the whale stranded off Germany's coast, swims off and gets stuck...again&quot;,&quot;url&quot;:&quot;https:\/\/video.euronews.com\/mp4\/SHD\/42\/09\/87\/08\/SHD_PYR_4209878_20260420181554.mp4&quot;,&quot;programId&quot;:&quot;europe-news&quot;,&quot;player&quot;:&quot;dailymotion&quot;,&quot;geoBlock&quot;:[&quot;&quot;],&quot;sources&quot;:[],&quot;description&quot;:&quot;The plan was to lift the whale from the seabed using inflatable cushions and transport it with pontoons back to the North Sea or possibly as far as the Atlantic Ocean.&quot;,&quot;isLive&quot;:false,&quot;articleUrl&quot;:&quot;https:\/\/www.euronews.com\/video\/2026\/04\/20\/timmy-the-whale-stranded-off-germanys-coast-swims-off-and-gets-stuckagain&quot;,&quot;duration&quot;:80640},{&quot;id&quot;:&quot;xa63v82&quot;,&quot;articleId&quot;:2886932,&quot;title&quot;:&quot;Following four years of full-scale war, which EU countries are hosting the most Ukrainians?&quot;,&quot;url&quot;:&quot;https:\/\/video.euronews.com\/mp4\/SHD\/41\/89\/27\/00\/SHD_PYR_4189270_20260420164914.mp4&quot;,&quot;programId&quot;:&quot;europe-in-motion&quot;,&quot;player&quot;:&quot;dailymotion&quot;,&quot;geoBlock&quot;:[&quot;&quot;],&quot;sources&quot;:[],&quot;description&quot;:&quot;Millions of Ukrainians remain under EU protection, yet some are heading back. From rising living costs to emotional strain, whatu2019s driving this unexpected reversal?&quot;,&quot;isLive&quot;:false,&quot;articleUrl&quot;:&quot;https:\/\/www.euronews.com\/video\/2026\/04\/21\/following-four-years-of-full-scale-war-which-eu-countries-are-hosting-the-most-ukrainians&quot;,&quot;duration&quot;:90000},{&quot;id&quot;:&quot;xa65l0g&quot;,&quot;articleId&quot;:2887746,&quot;title&quot;:&quot;Mexico City: Video shows armed man shooting at tourists at Teotihuacu00e1n pyramids&quot;,&quot;url&quot;:&quot;https:\/\/video.euronews.com\/mp4\/SHD\/42\/13\/07\/05\/SHD_PYR_4213075_20260421052842.mp4&quot;,&quot;programId&quot;:&quot;nocomment&quot;,&quot;player&quot;:&quot;dailymotion&quot;,&quot;geoBlock&quot;:[&quot;&quot;],&quot;sources&quot;:[],&quot;description&quot;:&quot;Video and photos published by local media shows a man standing with a gun on top of a pyramid while people duck for cover. A number of gunshots ring out in the videos.&quot;,&quot;isLive&quot;:false,&quot;articleUrl&quot;:&quot;https:\/\/www.euronews.com\/video\/2026\/04\/21\/mexico-city-video-shows-armed-man-shooting-at-tourists-at-teotihuacan-pyramids&quot;,&quot;duration&quot;:60000},{&quot;id&quot;:&quot;xa65v9s&quot;,&quot;articleId&quot;:2886917,&quot;title&quot;:&quot;Europe Today: Israel ties, Ukraine support top agenda as EU foreign ministers meet in Luxembourg&quot;,&quot;url&quot;:&quot;https:\/\/video.euronews.com\/mp4\/SHD\/41\/88\/47\/08\/SHD_PYR_4188478_20260421064044.mp4&quot;,&quot;programId&quot;:&quot;europe-today&quot;,&quot;player&quot;:&quot;dailymotion&quot;,&quot;geoBlock&quot;:[&quot;&quot;],&quot;sources&quot;:[],&quot;description&quot;:&quot;Tune in to Europe Today, Euronews' flagship morning programme at 8 am Brussels time. In just 20 minutes, we bring you up to speed on the biggest news of the day.&quot;,&quot;isLive&quot;:false,&quot;articleUrl&quot;:&quot;https:\/\/www.euronews.com\/video\/2026\/04\/21\/europe-today-eu-foreign-ministers-set-to-discuss-ukraine-loan-ties-with-israel&quot;,&quot;duration&quot;:1202040},{&quot;id&quot;:&quot;xa6d9qy&quot;,&quot;articleId&quot;:2888193,&quot;title&quot;:&quot;'Energy crisis will hit prices for months or even years,' says Commissioner Ju00f8rgensen&quot;,&quot;url&quot;:&quot;https:\/\/video.euronews.com\/mp4\/SHD\/42\/28\/98\/04\/SHD_PYR_4228984_20260422160853.mp4&quot;,&quot;programId&quot;:&quot;europe-news&quot;,&quot;player&quot;:&quot;dailymotion&quot;,&quot;geoBlock&quot;:[&quot;&quot;],&quot;sources&quot;:[],&quot;description&quot;:&quot;The European Commission announced on Wednesday a new 'fuel observatory' to monitor jet fuel stocks and prevent EU countries from hoarding fuel at others' expense.&quot;,&quot;isLive&quot;:false,&quot;articleUrl&quot;:&quot;https:\/\/www.euronews.com\/video\/2026\/04\/22\/energy-crisis-will-hit-prices-for-months-or-even-years-says-commissioner-jorgensen&quot;,&quot;duration&quot;:92000},{&quot;id&quot;:&quot;xa6cly8&quot;,&quot;articleId&quot;:2888010,&quot;title&quot;:&quot;Central Asian leaders back proposal for UN water agency&quot;,&quot;url&quot;:&quot;https:\/\/video.euronews.com\/mp4\/SHD\/42\/28\/97\/04\/SHD_PYR_4228974_20260422135518.mp4&quot;,&quot;programId&quot;:&quot;earth-news&quot;,&quot;player&quot;:&quot;dailymotion&quot;,&quot;geoBlock&quot;:[&quot;&quot;],&quot;sources&quot;:[],&quot;description&quot;:&quot;Leaders from across Central Asia, alongside representatives from countries including Georgia, Armenia, Mongolia and Azerbaijan, are taking part in discussions on regional environmental priorities.&quot;,&quot;isLive&quot;:false,&quot;articleUrl&quot;:&quot;https:\/\/www.euronews.com\/video\/2026\/04\/22\/central-asian-leaders-back-proposal-for-un-water-agency&quot;,&quot;duration&quot;:138040},{&quot;id&quot;:&quot;xa6cg4s&quot;,&quot;articleId&quot;:2887497,&quot;title&quot;:&quot;'Learn from Ukraine or defence money will be wasted,' Sanna Marin warns EU&quot;,&quot;url&quot;:&quot;https:\/\/video.euronews.com\/mp4\/SHD\/42\/04\/41\/06\/SHD_PYR_4204416_20260422131329.mp4&quot;,&quot;programId&quot;:&quot;12-minutes-with&quot;,&quot;player&quot;:&quot;dailymotion&quot;,&quot;geoBlock&quot;:[&quot;&quot;],&quot;sources&quot;:[],&quot;description&quot;:&quot;The former Finnish prime minister told Euronews that she &quot;cannot rule out&quot; that Russia is preparing for war with the rest of Europe, and that the bloc is &quot;as dependent on Ukrainian help as Ukraine is on EU support&quot;.&quot;,&quot;isLive&quot;:false,&quot;articleUrl&quot;:&quot;https:\/\/www.euronews.com\/video\/2026\/04\/22\/learn-from-ukraine-or-defence-money-will-be-wasted-sanna-marin-warns-eu&quot;,&quot;duration&quot;:720000},{&quot;id&quot;:&quot;xa6bxo4&quot;,&quot;articleId&quot;:2887795,&quot;title&quot;:&quot;Deepfakes of frontline Ukrainian soldiers aim to undermine morale&quot;,&quot;url&quot;:&quot;https:\/\/video.euronews.com\/mp4\/SHD\/42\/15\/02\/08\/SHD_PYR_4215028_20260422110103.mp4&quot;,&quot;programId&quot;:&quot;the-cube&quot;,&quot;player&quot;:&quot;dailymotion&quot;,&quot;geoBlock&quot;:[&quot;&quot;],&quot;sources&quot;:[],&quot;description&quot;:&quot;Moscow is using AI-generated videos of Ukrainian soldiers to portray the country as weak and undermine trust in its central command.&quot;,&quot;isLive&quot;:false,&quot;articleUrl&quot;:&quot;https:\/\/www.euronews.com\/video\/2026\/04\/22\/deepfakes-of-frontline-ukrainian-soldiers-aim-to-undermine-morale&quot;,&quot;duration&quot;:112040}]}\">\n<div class=\"js-superdiv u-aspect-ratio-16x9 u-position-relative b-videos-players__container\" data-video='{\"id\":\"xa6d5to\",\"articleId\":2888179,\"title\":\"Aerial footage shows widespread destruction in southern Lebanon\",\"url\":\"https:\/\/video.euronews.com\/mp4\/SHD\/42\/28\/63\/00\/SHD_PYR_4228630_20260422155220.mp4\",\"programId\":\"nocomment\",\"player\":\"dailymotion\",\"geoBlock\":[\"\"],\"sources\":[],\"description\":\"A 10-day ceasefire went into effect in Lebanon on Friday, but there have been several Israeli strikes and Hezbollah claimed its first attack on Tuesday.\",\"isLive\":false,\"articleUrl\":\"https:\/\/www.euronews.com\/video\/2026\/04\/22\/aerial-footage-shows-widespread-destruction-in-southern-lebanon\",\"duration\":60000}' data-sponsored=\"Partner content\"><img fetchpriority=\"high\" decoding=\"async\" class=\"js-poster-img c-article-media__img\" src=\"https:\/\/images.euronews.com\/articles\/stories\/09\/73\/17\/72\/1536x864_cmsv2_589cfd1e-da6c-5e9e-b746-4f30bd889b53-9731772.jpg\" width=\"1536\" height=\"864\" loading=\"eager\" alt=\"Displaced people cross a destroyed bridge as they return to their villages, following a ceasefire between Hezbollah and Israel\"><\/div>\n<div class=\"b-videos-players__text o-section\" id=\"js-replaceable-video-article-details\" data-obfuscatelink=\"1\">\n<div class=\"b-videos-players__headline\"><span class=\"article-label__name\">No Comment<\/span><\/p>\n<h1 class=\"c-article-title u-text-align--left u-padding-end-desktop-6 u-padding-1\">\n                                  Video.<\/p>\n<p>          Aerial footage shows widespread destruction in southern Lebanon<br \/>\n  <\/h1>\n<ul class=\"c-social-share c-social-share--video js-social-share-list \">\n<li class=\"c-social-share__item\"><img decoding=\"async\" src=\"https:\/\/static.euronews.com\/website\/images\/vector\/social-icons\/social_icon_fb.svg\" width=\"32\" height=\"32\" alt class=\"c-social-share__icon\" loading=\"lazy\"><span class=\"js-only-en js-obscurate\" aria-label=\"Share this article on Facebook\" data-obscure='{\"onClick\":\"fbLinkClick\", \"url\":\"https:\/\/www.facebook.com\/share.php?u=https%3A%2F%2Fwww.euronews.com%2Fvideo%2F2026%2F04%2F22%2Faerial-footage-shows-widespread-destruction-in-southern-lebanon%3Futm_source%3DFacebook%26utm_medium%3DSocial&amp;title=Aerial%20footage%20shows%20widespread%20destruction%20in%20southern%20Lebanon\", \"img\": \"{\"class\": \"c-social-share__icon\", \"src\": \"https:\/\/static.euronews.com\/website\/images\/vector\/social-icons\/social_icon_fb.svg\", \"width\":\"32\", \"height\":\"32\", \"loading\":\"lazy\", \"fetchpriority\":\"low\"}\", \"title\":\"Share this article on Facebook\", \"target\": \"_blank\", \"replace\": false}'><img decoding=\"async\" src=\"https:\/\/static.euronews.com\/website\/images\/vector\/social-icons\/social_icon_fb.svg\" width=\"32\" height=\"32\" alt class=\"c-social-share__icon\" loading=\"lazy\"><\/span><\/li>\n<li class=\"c-social-share__item\"><img decoding=\"async\" src=\"https:\/\/static.euronews.com\/website\/images\/vector\/social-icons\/social_icon_twitter.svg\" width=\"32\" height=\"32\" alt class=\"c-social-share__icon\" loading=\"lazy\"><span class=\"js-only-en js-obscurate\" aria-label=\"Share this article on Twitter\" data-obscure='{\"onClick\":\"twLinkClick\", \"url\":\"https:\/\/twitter.com\/intent\/tweet?text=Aerial%20footage%20shows%20widespread%20destruction%20in%20southern%20Lebanon&amp;url=https:\/\/www.euronews.com\/video\/2026\/04\/22\/aerial-footage-shows-widespread-destruction-in-southern-lebanon%3Futm_source%3DTwitter%26utm_medium%3DSocial\", \"img\": \"{\"class\": \"c-social-share__icon\", \"src\": \"https:\/\/static.euronews.com\/website\/images\/vector\/social-icons\/social_icon_twitter.svg\", \"width\":\"32\", \"height\":\"32\", \"loading\":\"lazy\", \"fetchpriority\":\"low\"}\", \"title\":\"Share this article on Twitter\", \"target\": \"_blank\", \"replace\": false}'><img decoding=\"async\" class=\"c-social-share__icon\" src=\"https:\/\/static.euronews.com\/website\/images\/vector\/social-icons\/social_icon_twitter.svg\" title=\"Twitter\" alt=\"Twitter\" width=\"32\" height=\"32\" loading=\"lazy\"><\/span><\/li>\n<li class=\"c-social-share__item\"><img decoding=\"async\" src=\"https:\/\/static.euronews.com\/website\/images\/vector\/social-icons\/social_icon_mail_white.svg\" width=\"22\" height=\"22\" alt class=\"c-social-share__icon\" loading=\"lazy\"><span class=\"js-only-en js-obscurate\" aria-label=\"Share\" data-obscure='{\"url\":\"mailto:?body=https:\/\/www.euronews.com\/video\/2026\/04\/22\/aerial-footage-shows-widespread-destruction-in-southern-lebanon\", \"img\": \"{\"class\": \"c-social-share__icon\", \"src\": \"https:\/\/static.euronews.com\/website\/images\/vector\/social-icons\/social_icon_mail_white.svg\", \"width\":\"22\", \"height\":\"22\"}\", \"title\":\"Share\", \"target\": \"_blank\", \"replace\": false}'><img decoding=\"async\" src=\"https:\/\/static.euronews.com\/website\/images\/vector\/social-icons\/social_icon_mail_white.svg\" width=\"22\" height=\"22\" alt class=\"c-social-share__icon\" loading=\"lazy\"><\/span><\/li>\n<li class=\"c-social-share__item js-tooltip c-tooltip\" aria-label=\"Copy\/paste the article video embed link below:\"><img decoding=\"async\" src=\"https:\/\/static.euronews.com\/website\/images\/vector\/social-icons\/social_icon_copy_link.svg\" width=\"16\" height=\"16\" alt class=\"c-social-share__icon\" loading=\"lazy\">\n<div class=\"c-tooltip__wrapper\">\n<div class=\"c-tooltip__content\">\n<div class=\"c-tooltip__title\">\n          Copy\/paste the link below:\n        <\/div>\n<\/div>\n<\/div>\n<\/li>\n<li class=\"c-social-share__item js-tooltip c-tooltip\"><img decoding=\"async\" src=\"https:\/\/static.euronews.com\/website\/images\/vector\/social-icons\/euronews_icons_embed.svg\" width=\"24\" height=\"24\" alt class=\"c-social-share__icon\" loading=\"lazy\">\n<div class=\"c-tooltip__wrapper\">\n<div class=\"c-tooltip__content\">\n<div class=\"c-tooltip__title\">\n          Copy\/paste the article video embed link below:\n        <\/div>\n<\/div>\n<\/div>\n<\/li>\n<\/ul>\n<\/div>\n<div class=\"b-videos-players__content\">\n<div class=\"b-videos-players__date-disclaimer\">\n<div class=\"b-videos-players__date u-margin-y-1\" data-timestamp=\"1776880965\">\n              Updated: <time datetime=\"2026-04-22 20:03:53 +02:00\">22\/04\/2026 &#8211; 20:03 GMT+2<\/time><\/div>\n<\/div>\n<div class=\"b-videos-players__summary-box \">\n<h2 class=\"summary summary--has-content-limited js-video-description\">A 10-day ceasefire went into effect in Lebanon on Friday, but there have been several Israeli strikes and Hezbollah claimed its first attack on Tuesday.<\/h2>\n<div class=\"b-videos-players__rest-of-text js-rest-of-text\">\n<div class=\"c-article-content\">\n<p>Footage on Wednesday showed widespread destruction in parts of southern Lebanon following Israel&#8217;s invasion of the area to carry out military operations against Hezbollah. <\/p>\n<div>\n<div class=\"c-ad u-show-for-mobile-only\">\n<div class=\"c-ad__placeholder\"><img loading=\"lazy\" decoding=\"async\" class=\"c-ad__placeholder__logo\" src=\"https:\/\/static.euronews.com\/website\/images\/logos\/logo-euronews-stacked-outlined-72x72-grey-9.svg\" width=\"72\" height=\"72\" alt><span>ADVERTISEMENT<\/span><\/div>\n<\/div>\n<div class=\"c-ad u-show-for-desktop\">\n<div class=\"c-ad__placeholder\"><img loading=\"lazy\" decoding=\"async\" class=\"c-ad__placeholder__logo\" src=\"https:\/\/static.euronews.com\/website\/images\/logos\/logo-euronews-stacked-outlined-72x72-grey-9.svg\" width=\"72\" height=\"72\" alt><span>ADVERTISEMENT<\/span><\/div>\n<\/div>\n<\/div>\n<p>The Israeli military has established a buffer zone stretching around 10 kilometers into Lebanese territory. <\/p>\n<p>Within this area, homes and infrastructure have been destroyed, with Israel saying the demolitions are aimed at eliminating Hezbollah positions and preventing fighters from operating near the border.<\/p>\n<p>Fighting between Israel and the Iran-backed Hezbollah broke out after the US and Israel launched their initial strikes on Iran.<\/p>\n<\/div>\n<div class=\"b-videos-players__tags\">\n<ul id=\"adb-article-tags\" class=\"c-tags-list\">\n<li class=\"c-tags-list__item\">\n<p>    Israel-Hezbollah conflict<\/p>\n<\/li>\n<li class=\"c-tags-list__item\">\n<p>    \tdemolition<\/p>\n<\/li>\n<li class=\"c-tags-list__item\">\n<p>    Israel<\/p>\n<\/li>\n<\/ul>\n<\/div>\n<\/div>\n<\/div>\n<\/div>\n<\/div>\n<div class=\"b-videos-players__playlist u-margin-bottom-desktop-3 u-margin-top-desktop-3 u-padding-bottom-desktop-down-2 u-padding-x-2 u-padding-x-desktop-3 u-position-relative\" id=\"js-videos-players__playlist\">\n<h2 class=\"b-videos-players__playlist__title\">Top stories<\/h2>\n<div class=\"u-position-relative u-margin-bottom-3 js-playlist-item\" data-articleid=\"2888179\">\n<article id class=\"the-media-object m-modeMobile-2 m-modeDesktop-2 m-modeXL-2 the-media-object--has-video the-media-object--no-label\" data-nid=\"2888179\" data-cid=\"9731772\" data-part-label=\"Partner content\">\n<figure id class=\"the-media-object__figure\"><img decoding=\"async\" class=\"the-media-object__image\" src=\"https:\/\/images.euronews.com\/articles\/stories\/09\/73\/17\/72\/320x180_cmsv2_589cfd1e-da6c-5e9e-b746-4f30bd889b53-9731772.jpg\" loading=\"lazy\" alt=\"Displaced people cross a destroyed bridge as they return to their villages, following a ceasefire between Hezbollah and Israel\" height=\"9\" width=\"16\"><span class=\"b-videos-players__playlist__label b-videos-players__playlist__label--now-playing the-media-object__now u-hide-for-all\">Now playing<\/span><span class=\"b-videos-players__playlist__label b-videos-players__playlist__label--next the-media-object__next u-hide-for-all\">Next<\/span><\/figure>\n<div class=\"the-media-object__content\">\n<h3 class=\"the-media-object__title u-color-white u-color-hover-grey \">\n<p>    Aerial footage shows widespread destruction in southern Lebanon<br \/>\n  <\/h3>\n<\/div>\n<\/article>\n<\/div>\n<div class=\"u-position-relative u-margin-bottom-3 js-playlist-item\" data-articleid=\"2888161\">\n<article id class=\"the-media-object m-modeMobile-2 m-modeDesktop-2 m-modeXL-2 the-media-object--has-video the-media-object--no-label\" data-nid=\"2888161\" data-cid=\"9731692\" data-part-label=\"Partner content\">\n<figure id class=\"the-media-object__figure\"><img decoding=\"async\" class=\"the-media-object__image\" src=\"https:\/\/images.euronews.com\/articles\/stories\/09\/73\/16\/92\/320x180_cmsv2_da8dcc1d-e0e8-5b99-b400-a7bd8702f18e-9731692.jpg\" loading=\"lazy\" alt=\"Madrid hosts Experience Macao Roadshow showcasing culture, food and tourism\" height=\"9\" width=\"16\"><span class=\"b-videos-players__playlist__label b-videos-players__playlist__label--now-playing the-media-object__now u-hide-for-all\">Now playing<\/span><span class=\"b-videos-players__playlist__label b-videos-players__playlist__label--next the-media-object__next u-hide-for-all\">Next<\/span><\/figure>\n<div class=\"the-media-object__content\">\n<h3 class=\"the-media-object__title u-color-white u-color-hover-grey \">\n<p>    Madrid hosts Experience Macao Roadshow showcasing culture, food and tourism<br \/>\n  <\/h3>\n<\/div>\n<\/article>\n<\/div>\n<div class=\"u-position-relative u-margin-bottom-3 js-playlist-item\" data-articleid=\"2888028\">\n<article id class=\"the-media-object m-modeMobile-2 m-modeDesktop-2 m-modeXL-2 the-media-object--has-video the-media-object--no-label\" data-nid=\"2888028\" data-cid=\"9730972\" data-part-label=\"Partner content\">\n<figure id class=\"the-media-object__figure\"><img decoding=\"async\" class=\"the-media-object__image\" src=\"https:\/\/images.euronews.com\/articles\/stories\/09\/73\/09\/72\/320x180_cmsv2_39b2bc42-1a3b-5635-91bb-1e420a260cd3-9730972.jpg\" loading=\"lazy\" alt=\"Soldiers and civilians observe two minutes of silence as they mark Israel's annual Memorial Day\" height=\"9\" width=\"16\"><span class=\"b-videos-players__playlist__label b-videos-players__playlist__label--now-playing the-media-object__now u-hide-for-all\">Now playing<\/span><span class=\"b-videos-players__playlist__label b-videos-players__playlist__label--next the-media-object__next u-hide-for-all\">Next<\/span><\/figure>\n<div class=\"the-media-object__content\">\n<h3 class=\"the-media-object__title u-color-white u-color-hover-grey \">\n<p>    Israelis mark Memorial Day during ongoing conflict<br \/>\n  <\/h3>\n<\/div>\n<\/article>\n<\/div>\n<div class=\"u-position-relative u-margin-bottom-3 js-playlist-item\" data-articleid=\"2888223\">\n<article id class=\"the-media-object m-modeMobile-2 m-modeDesktop-2 m-modeXL-2 the-media-object--has-video the-media-object--no-label\" data-nid=\"2888223\" data-cid=\"9732033\" data-part-label=\"Partner content\">\n<figure id class=\"the-media-object__figure\"><img decoding=\"async\" class=\"the-media-object__image\" src=\"https:\/\/images.euronews.com\/articles\/stories\/09\/73\/20\/33\/320x180_cmsv2_370a4b48-0aa8-5ad9-b0c2-48b2c155abfa-9732033.jpg\" loading=\"lazy\" alt=\"Latest news bulletin | April 22nd, 2026 \u2013 Evening\" height=\"9\" width=\"16\"><span class=\"b-videos-players__playlist__label b-videos-players__playlist__label--now-playing the-media-object__now u-hide-for-all\">Now playing<\/span><span class=\"b-videos-players__playlist__label b-videos-players__playlist__label--next the-media-object__next u-hide-for-all\">Next<\/span><\/figure>\n<div class=\"the-media-object__content\">\n<h3 class=\"the-media-object__title u-color-white u-color-hover-grey \">\n<p>    Latest news bulletin | April 22nd, 2026 \u2013 Evening<br \/>\n  <\/h3>\n<\/div>\n<\/article>\n<\/div>\n<div class=\"u-position-relative u-margin-bottom-3 js-playlist-item\" data-articleid=\"2888099\">\n<article id class=\"the-media-object m-modeMobile-2 m-modeDesktop-2 m-modeXL-2 the-media-object--has-video the-media-object--no-label\" data-nid=\"2888099\" data-cid=\"9731411\" data-part-label=\"Partner content\">\n<figure id class=\"the-media-object__figure\"><img decoding=\"async\" class=\"the-media-object__image\" src=\"https:\/\/images.euronews.com\/articles\/stories\/09\/73\/14\/11\/320x180_cmsv2_8f9a1e35-2ae6-51ad-b7bb-db5a03c5243d-9731411.jpg\" loading=\"lazy\" alt=\"Latest news bulletin | April 22nd, 2026 \u2013 Midday\" height=\"9\" width=\"16\"><span class=\"b-videos-players__playlist__label b-videos-players__playlist__label--now-playing the-media-object__now u-hide-for-all\">Now playing<\/span><span class=\"b-videos-players__playlist__label b-videos-players__playlist__label--next the-media-object__next u-hide-for-all\">Next<\/span><\/figure>\n<div class=\"the-media-object__content\">\n<h3 class=\"the-media-object__title u-color-white u-color-hover-grey \">\n<p>    Latest news bulletin | April 22nd, 2026 \u2013 Midday<br \/>\n  <\/h3>\n<\/div>\n<\/article>\n<\/div>\n<div class=\"u-position-relative u-margin-bottom-3 js-playlist-item\" data-articleid=\"2888035\">\n<article id class=\"the-media-object m-modeMobile-2 m-modeDesktop-2 m-modeXL-2 the-media-object--has-video the-media-object--has-related the-media-object--no-label\" data-nid=\"2888035\" data-cid=\"9731050\" data-part-label=\"Partner content\">\n<figure id class=\"the-media-object__figure\"><img decoding=\"async\" class=\"the-media-object__image\" src=\"https:\/\/images.euronews.com\/articles\/stories\/09\/73\/10\/50\/320x180_cmsv2_1f2f665d-69f7-5477-af1a-98c17aa678c5-9731050.jpg\" loading=\"lazy\" alt='Pope Leo XIV meets with the staff and patients of the \"Jean Pierre Olie\" Psychiatric Hospital in Malabo, Equatorial Guinea, 21 April 2026' height=\"9\" width=\"16\"><span class=\"b-videos-players__playlist__label b-videos-players__playlist__label--now-playing the-media-object__now u-hide-for-all\">Now playing<\/span><span class=\"b-videos-players__playlist__label b-videos-players__playlist__label--next the-media-object__next u-hide-for-all\">Next<\/span><\/figure>\n<div class=\"the-media-object__content\">\n<h3 class=\"the-media-object__title u-color-white u-color-hover-grey \">\n<p>    Pope Leo XIV condemns \u2018lust for power\u2019 in Equatorial Guinea<br \/>\n  <\/h3>\n<\/div>\n<\/article>\n<\/div>\n<div class=\"u-position-relative u-margin-bottom-3 js-playlist-item u-show-for-desktop js-the-media-object\" data-articleid=\"2887878\">\n<article id class=\"the-media-object m-modeMobile-2 m-modeDesktop-2 m-modeXL-2 the-media-object--has-video the-media-object--has-related the-media-object--no-label\" data-nid=\"2887878\" data-cid=\"9730120\" data-part-label=\"Partner content\">\n<figure id class=\"the-media-object__figure\"><img decoding=\"async\" class=\"the-media-object__image\" src=\"https:\/\/images.euronews.com\/articles\/stories\/09\/73\/01\/20\/320x180_cmsv2_16d53364-69d5-5995-a663-112bf8530e23-9730120.jpg\" loading=\"lazy\" alt=\"The International Forum on countering drug threats has begun.\" height=\"9\" width=\"16\"><span class=\"b-videos-players__playlist__label b-videos-players__playlist__label--now-playing the-media-object__now u-hide-for-all\">Now playing<\/span><span class=\"b-videos-players__playlist__label b-videos-players__playlist__label--next the-media-object__next u-hide-for-all\">Next<\/span><\/figure>\n<div class=\"the-media-object__content\">\n<h3 class=\"the-media-object__title u-color-white u-color-hover-grey \">\n<p>    Central Asia faces rising synthetic drug threat as trafficking evolves<br \/>\n  <\/h3>\n<\/div>\n<\/article>\n<\/div>\n<div class=\"u-position-relative u-margin-bottom-3 js-playlist-item u-show-for-desktop js-the-media-object\" data-articleid=\"2887766\">\n<article id class=\"the-media-object m-modeMobile-2 m-modeDesktop-2 m-modeXL-2 the-media-object--has-related the-media-object--no-label\" data-nid=\"2887766\" data-cid=\"9729506\" data-part-label=\"Partner content\">\n<figure id class=\"the-media-object__figure\"><img decoding=\"async\" class=\"the-media-object__image\" src=\"https:\/\/images.euronews.com\/articles\/stories\/09\/72\/95\/06\/320x180_cmsv2_b0687d54-1cf6-56a4-91e4-ba91127d1122-9729506.jpg\" loading=\"lazy\" alt=\"A police officer walks past billboards near the Serena Hotel ahead of the second round of negotiations between the US and Iran in Islamabad, 21 April, 2026 \" height=\"9\" width=\"16\"><span class=\"b-videos-players__playlist__label b-videos-players__playlist__label--now-playing the-media-object__now u-hide-for-all\">Now playing<\/span><span class=\"b-videos-players__playlist__label b-videos-players__playlist__label--next the-media-object__next u-hide-for-all\">Next<\/span><\/figure>\n<div class=\"the-media-object__content\">\n<h3 class=\"the-media-object__title u-color-white u-color-hover-grey \">\n<p>    Trump wants to extend Iran ceasefire, until negotiations conclude<br \/>\n  <\/h3>\n<\/div>\n<\/article>\n<\/div>\n<div class=\"u-position-relative u-margin-bottom-3 js-playlist-item u-show-for-desktop js-the-media-object\" data-articleid=\"2887652\">\n<article id class=\"the-media-object m-modeMobile-2 m-modeDesktop-2 m-modeXL-2 the-media-object--has-video the-media-object--has-related the-media-object--no-label\" data-nid=\"2887652\" data-cid=\"9728948\" data-part-label=\"Partner content\">\n<figure id class=\"the-media-object__figure\"><img decoding=\"async\" class=\"the-media-object__image\" src=\"https:\/\/images.euronews.com\/articles\/stories\/09\/72\/89\/48\/320x180_cmsv2_686997af-f228-5c90-a81c-e215980aa279-9728948.jpg\" loading=\"lazy\" alt=\"A work pontoon with a special excavator and smaller escort boats are in use near the stranded humpback whale off the island of Poel, 19 April, 2026\" height=\"9\" width=\"16\"><span class=\"b-videos-players__playlist__label b-videos-players__playlist__label--now-playing the-media-object__now u-hide-for-all\">Now playing<\/span><span class=\"b-videos-players__playlist__label b-videos-players__playlist__label--next the-media-object__next u-hide-for-all\">Next<\/span><\/figure>\n<div class=\"the-media-object__content\">\n<h3 class=\"the-media-object__title u-color-white u-color-hover-grey \">\n<p>    Whale stranded on German coast swims off and gets stuck again<br \/>\n  <\/h3>\n<\/div>\n<\/article>\n<\/div>\n<div class=\"u-position-relative u-margin-bottom-3 js-playlist-item u-show-for-desktop js-the-media-object\" data-articleid=\"2886932\">\n<article id class=\"the-media-object m-modeMobile-2 m-modeDesktop-2 m-modeXL-2 the-media-object--has-video the-media-object--has-related the-media-object--no-label\" data-nid=\"2886932\" data-cid=\"9725615\" data-part-label=\"Partner content\">\n<figure id class=\"the-media-object__figure\"><img decoding=\"async\" class=\"the-media-object__image\" src=\"https:\/\/images.euronews.com\/articles\/stories\/09\/72\/56\/15\/320x180_cmsv2_d9e941ca-0f70-55a2-92b0-0d140a2dbe10-9725615.jpg\" loading=\"lazy\" alt=\"A total of 4.40 million non-EU\u00a0citizens who fled Ukraine had\u00a0temporary protection\u00a0status in the EU in February 2026.\" height=\"9\" width=\"16\"><span class=\"b-videos-players__playlist__label b-videos-players__playlist__label--now-playing the-media-object__now u-hide-for-all\">Now playing<\/span><span class=\"b-videos-players__playlist__label b-videos-players__playlist__label--next the-media-object__next u-hide-for-all\">Next<\/span><\/figure>\n<div class=\"the-media-object__content\">\n<h3 class=\"the-media-object__title u-color-white u-color-hover-grey \">\n<p>    War in Ukraine: Which EU countries are hosting the most Ukrainians?<br \/>\n  <\/h3>\n<\/div>\n<\/article>\n<\/div>\n<div class=\"u-position-relative u-margin-bottom-3 js-playlist-item u-show-for-desktop js-the-media-object\" data-articleid=\"2887746\">\n<article id class=\"the-media-object m-modeMobile-2 m-modeDesktop-2 m-modeXL-2 the-media-object--has-video the-media-object--has-related the-media-object--no-label\" data-nid=\"2887746\" data-cid=\"9729376\" data-part-label=\"Partner content\">\n<figure id class=\"the-media-object__figure\"><img decoding=\"async\" class=\"the-media-object__image\" src=\"https:\/\/images.euronews.com\/articles\/stories\/09\/72\/93\/76\/320x180_cmsv2_327ff74d-d531-5a76-9cbd-826003100c6d-9729376.jpg\" loading=\"lazy\" alt=\"Forensic workers carry the body of a victim down a pyramid after authorities said a gunman opened fire, in Teotihuacan, Mexico, Monday, April 20, 2026.\" height=\"9\" width=\"16\"><span class=\"b-videos-players__playlist__label b-videos-players__playlist__label--now-playing the-media-object__now u-hide-for-all\">Now playing<\/span><span class=\"b-videos-players__playlist__label b-videos-players__playlist__label--next the-media-object__next u-hide-for-all\">Next<\/span><\/figure>\n<div class=\"the-media-object__content\">\n<h3 class=\"the-media-object__title u-color-white u-color-hover-grey \">\n<p>    Mexico City: Video shows armed man shooting at tourists at Teotihuac\u00e1n pyramids<br \/>\n  <\/h3>\n<\/div>\n<\/article>\n<\/div>\n<div class=\"u-position-relative u-margin-bottom-3 js-playlist-item u-show-for-desktop js-the-media-object\" data-articleid=\"2886917\">\n<article id class=\"the-media-object m-modeMobile-2 m-modeDesktop-2 m-modeXL-2 the-media-object--has-video the-media-object--no-label\" data-nid=\"2886917\" data-cid=\"9725449\" data-part-label=\"Partner content\">\n<figure id class=\"the-media-object__figure\"><img decoding=\"async\" class=\"the-media-object__image\" src=\"https:\/\/images.euronews.com\/articles\/stories\/09\/72\/54\/49\/320x180_cmsv2_84113e7b-5f20-596c-baf4-5ad2b7f976ea-9725449.jpg\" loading=\"lazy\" alt=\"Europe Today\" height=\"9\" width=\"16\"><span class=\"b-videos-players__playlist__label b-videos-players__playlist__label--now-playing the-media-object__now u-hide-for-all\">Now playing<\/span><span class=\"b-videos-players__playlist__label b-videos-players__playlist__label--next the-media-object__next u-hide-for-all\">Next<\/span><\/figure>\n<div class=\"the-media-object__content\">\n<h3 class=\"the-media-object__title u-color-white u-color-hover-grey \">\n<p>    Israel ties, Ukraine support top agenda as EU foreign ministers meet<br \/>\n  <\/h3>\n<\/div>\n<\/article>\n<\/div>\n<div class=\"u-position-relative u-margin-bottom-3 js-playlist-item u-show-for-desktop js-the-media-object\" data-articleid=\"2888193\">\n<article id class=\"the-media-object m-modeMobile-2 m-modeDesktop-2 m-modeXL-2 the-media-object--has-video the-media-object--no-label\" data-nid=\"2888193\" data-cid=\"9731824\" data-part-label=\"Partner content\">\n<figure id class=\"the-media-object__figure\"><img decoding=\"async\" class=\"the-media-object__image\" src=\"https:\/\/images.euronews.com\/articles\/stories\/09\/67\/46\/34\/320x180_cmsv2_e64c8b7d-153d-5b50-974e-933b24ffb99a-9674634.jpg\" loading=\"lazy\" alt=\"Gas prizes are displayed at a gas station with the European Central Bank in background in Frankfurt, Germany, Monday, March 2, 2026. \" height=\"9\" width=\"16\"><span class=\"b-videos-players__playlist__label b-videos-players__playlist__label--now-playing the-media-object__now u-hide-for-all\">Now playing<\/span><span class=\"b-videos-players__playlist__label b-videos-players__playlist__label--next the-media-object__next u-hide-for-all\">Next<\/span><\/figure>\n<div class=\"the-media-object__content\">\n<h3 class=\"the-media-object__title u-color-white u-color-hover-grey \">\n<p>    &#8216;Energy crisis will hit prices for months or even years,&#8217; says Commissioner J\u00f8rgensen<br \/>\n  <\/h3>\n<\/div>\n<\/article>\n<\/div>\n<div class=\"u-position-relative u-margin-bottom-3 js-playlist-item u-show-for-desktop js-the-media-object\" data-articleid=\"2888010\">\n<article id class=\"the-media-object m-modeMobile-2 m-modeDesktop-2 m-modeXL-2 the-media-object--has-video the-media-object--no-label\" data-nid=\"2888010\" data-cid=\"9730949\" data-part-label=\"Partner content\">\n<figure id class=\"the-media-object__figure\"><img decoding=\"async\" class=\"the-media-object__image\" src=\"https:\/\/images.euronews.com\/articles\/stories\/09\/73\/09\/49\/320x180_cmsv2_3eab8cbc-a46e-515f-9895-da8339de4f38-9730949.jpg\" loading=\"lazy\" alt=\"Regional Ecological Summit 2026 opens in Astana\" height=\"9\" width=\"16\"><span class=\"b-videos-players__playlist__label b-videos-players__playlist__label--now-playing the-media-object__now u-hide-for-all\">Now playing<\/span><span class=\"b-videos-players__playlist__label b-videos-players__playlist__label--next the-media-object__next u-hide-for-all\">Next<\/span><\/figure>\n<div class=\"the-media-object__content\">\n<h3 class=\"the-media-object__title u-color-white u-color-hover-grey \">\n<p>    Central Asian leaders back proposal for UN water agency<br \/>\n  <\/h3>\n<\/div>\n<\/article>\n<\/div>\n<div class=\"u-position-relative u-margin-bottom-3 js-playlist-item u-show-for-desktop js-the-media-object\" data-articleid=\"2887497\">\n<article id class=\"the-media-object m-modeMobile-2 m-modeDesktop-2 m-modeXL-2 the-media-object--has-video the-media-object--no-label\" data-nid=\"2887497\" data-cid=\"9728112\" data-part-label=\"Partner content\">\n<figure id class=\"the-media-object__figure\"><img decoding=\"async\" class=\"the-media-object__image\" src=\"https:\/\/images.euronews.com\/articles\/stories\/09\/72\/81\/12\/320x180_cmsv2_f64336ac-3c52-5e28-a2a2-abe8e8f91f69-9728112.jpg\" loading=\"lazy\" alt=\"Sanna Marin during a Euronews interview\" height=\"9\" width=\"16\"><span class=\"b-videos-players__playlist__label b-videos-players__playlist__label--now-playing the-media-object__now u-hide-for-all\">Now playing<\/span><span class=\"b-videos-players__playlist__label b-videos-players__playlist__label--next the-media-object__next u-hide-for-all\">Next<\/span><\/figure>\n<div class=\"the-media-object__content\">\n<h3 class=\"the-media-object__title u-color-white u-color-hover-grey \">\n<p>    &#8216;Learn from Ukraine or defence money will be wasted,&#8217; Sanna Marin warns EU<br \/>\n  <\/h3>\n<\/div>\n<\/article>\n<\/div>\n<div class=\"u-position-relative u-margin-bottom-3 js-playlist-item u-show-for-desktop js-the-media-object\" data-articleid=\"2887795\">\n<article id class=\"the-media-object m-modeMobile-2 m-modeDesktop-2 m-modeXL-2 the-media-object--has-video the-media-object--no-label\" data-nid=\"2887795\" data-cid=\"9729683\" data-part-label=\"Partner content\">\n<figure id class=\"the-media-object__figure\"><img decoding=\"async\" class=\"the-media-object__image\" src=\"https:\/\/images.euronews.com\/articles\/stories\/09\/72\/96\/83\/320x180_cmsv2_420181eb-5897-524c-a89f-7e30d6200959-9729683.jpg\" loading=\"lazy\" alt=\"Images from synthetic videos of Ukrainian soldiers circulating on social media. \" height=\"9\" width=\"16\"><span class=\"b-videos-players__playlist__label b-videos-players__playlist__label--now-playing the-media-object__now u-hide-for-all\">Now playing<\/span><span class=\"b-videos-players__playlist__label b-videos-players__playlist__label--next the-media-object__next u-hide-for-all\">Next<\/span><\/figure>\n<div class=\"the-media-object__content\">\n<h3 class=\"the-media-object__title u-color-white u-color-hover-grey \">\n<p>    Deepfakes of frontline Ukrainian soldiers aim to undermine morale<br \/>\n  <\/h3>\n<\/div>\n<\/article>\n<\/div>\n<\/div>\n<\/article>\n<article id class=\"the-media-object m-modeMobile-2 m-modeDesktop-2 m-modeXL-2 the-media-object--has-video the-media-object--no-label\" data-nid=\"2888179\" data-cid=\"9731772\" data-part-label=\"Partner content\">\n<figure id class=\"the-media-object__figure\"><img decoding=\"async\" class=\"the-media-object__image\" src=\"https:\/\/images.euronews.com\/articles\/stories\/09\/73\/17\/72\/320x180_cmsv2_589cfd1e-da6c-5e9e-b746-4f30bd889b53-9731772.jpg\" loading=\"lazy\" alt=\"Displaced people cross a destroyed bridge as they return to their villages, following a ceasefire between Hezbollah and Israel\" height=\"9\" width=\"16\"><span class=\"b-videos-players__playlist__label b-videos-players__playlist__label--now-playing the-media-object__now u-hide-for-all\">Now playing<\/span><span class=\"b-videos-players__playlist__label b-videos-players__playlist__label--next the-media-object__next u-hide-for-all\">Next<\/span><\/figure>\n<div class=\"the-media-object__content\">\n<h3 class=\"the-media-object__title u-color-white u-color-hover-grey \">\n<p>    Aerial footage shows widespread destruction in southern Lebanon<br \/>\n  <\/h3>\n<\/div>\n<\/article>\n<article id class=\"the-media-object m-modeMobile-2 m-modeDesktop-2 m-modeXL-2 the-media-object--has-video the-media-object--no-label\" data-nid=\"2888161\" data-cid=\"9731692\" data-part-label=\"Partner content\">\n<figure id class=\"the-media-object__figure\"><img decoding=\"async\" class=\"the-media-object__image\" src=\"https:\/\/images.euronews.com\/articles\/stories\/09\/73\/16\/92\/320x180_cmsv2_da8dcc1d-e0e8-5b99-b400-a7bd8702f18e-9731692.jpg\" loading=\"lazy\" alt=\"Madrid hosts Experience Macao Roadshow showcasing culture, food and tourism\" height=\"9\" width=\"16\"><span class=\"b-videos-players__playlist__label b-videos-players__playlist__label--now-playing the-media-object__now u-hide-for-all\">Now playing<\/span><span class=\"b-videos-players__playlist__label b-videos-players__playlist__label--next the-media-object__next u-hide-for-all\">Next<\/span><\/figure>\n<div class=\"the-media-object__content\">\n<h3 class=\"the-media-object__title u-color-white u-color-hover-grey \">\n<p>    Madrid hosts Experience Macao Roadshow showcasing culture, food and tourism<br \/>\n  <\/h3>\n<\/div>\n<\/article>\n<article id class=\"the-media-object m-modeMobile-2 m-modeDesktop-2 m-modeXL-2 the-media-object--has-video the-media-object--no-label\" data-nid=\"2888028\" data-cid=\"9730972\" data-part-label=\"Partner content\">\n<figure id class=\"the-media-object__figure\"><img decoding=\"async\" class=\"the-media-object__image\" src=\"https:\/\/images.euronews.com\/articles\/stories\/09\/73\/09\/72\/320x180_cmsv2_39b2bc42-1a3b-5635-91bb-1e420a260cd3-9730972.jpg\" loading=\"lazy\" alt=\"Soldiers and civilians observe two minutes of silence as they mark Israel's annual Memorial Day\" height=\"9\" width=\"16\"><span class=\"b-videos-players__playlist__label b-videos-players__playlist__label--now-playing the-media-object__now u-hide-for-all\">Now playing<\/span><span class=\"b-videos-players__playlist__label b-videos-players__playlist__label--next the-media-object__next u-hide-for-all\">Next<\/span><\/figure>\n<div class=\"the-media-object__content\">\n<h3 class=\"the-media-object__title u-color-white u-color-hover-grey \">\n<p>    Israelis mark Memorial Day during ongoing conflict<br \/>\n  <\/h3>\n<\/div>\n<\/article>\n<article id class=\"the-media-object m-modeMobile-2 m-modeDesktop-2 m-modeXL-2 the-media-object--has-video the-media-object--no-label\" data-nid=\"2888223\" data-cid=\"9732033\" data-part-label=\"Partner content\">\n<figure id class=\"the-media-object__figure\"><img decoding=\"async\" class=\"the-media-object__image\" src=\"https:\/\/images.euronews.com\/articles\/stories\/09\/73\/20\/33\/320x180_cmsv2_370a4b48-0aa8-5ad9-b0c2-48b2c155abfa-9732033.jpg\" loading=\"lazy\" alt=\"Latest news bulletin | April 22nd, 2026 \u2013 Evening\" height=\"9\" width=\"16\"><span class=\"b-videos-players__playlist__label b-videos-players__playlist__label--now-playing the-media-object__now u-hide-for-all\">Now playing<\/span><span class=\"b-videos-players__playlist__label b-videos-players__playlist__label--next the-media-object__next u-hide-for-all\">Next<\/span><\/figure>\n<div class=\"the-media-object__content\">\n<h3 class=\"the-media-object__title u-color-white u-color-hover-grey \">\n<p>    Latest news bulletin | April 22nd, 2026 \u2013 Evening<br \/>\n  <\/h3>\n<\/div>\n<\/article>\n<article id class=\"the-media-object m-modeMobile-2 m-modeDesktop-2 m-modeXL-2 the-media-object--has-video the-media-object--no-label\" data-nid=\"2888099\" data-cid=\"9731411\" data-part-label=\"Partner content\">\n<figure id class=\"the-media-object__figure\"><img decoding=\"async\" class=\"the-media-object__image\" src=\"https:\/\/images.euronews.com\/articles\/stories\/09\/73\/14\/11\/320x180_cmsv2_8f9a1e35-2ae6-51ad-b7bb-db5a03c5243d-9731411.jpg\" loading=\"lazy\" alt=\"Latest news bulletin | April 22nd, 2026 \u2013 Midday\" height=\"9\" width=\"16\"><span class=\"b-videos-players__playlist__label b-videos-players__playlist__label--now-playing the-media-object__now u-hide-for-all\">Now playing<\/span><span class=\"b-videos-players__playlist__label b-videos-players__playlist__label--next the-media-object__next u-hide-for-all\">Next<\/span><\/figure>\n<div class=\"the-media-object__content\">\n<h3 class=\"the-media-object__title u-color-white u-color-hover-grey \">\n<p>    Latest news bulletin | April 22nd, 2026 \u2013 Midday<br \/>\n  <\/h3>\n<\/div>\n<\/article>\n<article id class=\"the-media-object m-modeMobile-2 m-modeDesktop-2 m-modeXL-2 the-media-object--has-video the-media-object--has-related the-media-object--no-label\" data-nid=\"2888035\" data-cid=\"9731050\" data-part-label=\"Partner content\">\n<figure id class=\"the-media-object__figure\"><img decoding=\"async\" class=\"the-media-object__image\" src=\"https:\/\/images.euronews.com\/articles\/stories\/09\/73\/10\/50\/320x180_cmsv2_1f2f665d-69f7-5477-af1a-98c17aa678c5-9731050.jpg\" loading=\"lazy\" alt='Pope Leo XIV meets with the staff and patients of the \"Jean Pierre Olie\" Psychiatric Hospital in Malabo, Equatorial Guinea, 21 April 2026' height=\"9\" width=\"16\"><span class=\"b-videos-players__playlist__label b-videos-players__playlist__label--now-playing the-media-object__now u-hide-for-all\">Now playing<\/span><span class=\"b-videos-players__playlist__label b-videos-players__playlist__label--next the-media-object__next u-hide-for-all\">Next<\/span><\/figure>\n<div class=\"the-media-object__content\">\n<h3 class=\"the-media-object__title u-color-white u-color-hover-grey \">\n<p>    Pope Leo XIV condemns \u2018lust for power\u2019 in Equatorial Guinea<br \/>\n  <\/h3>\n<\/div>\n<\/article>\n<article id class=\"the-media-object m-modeMobile-2 m-modeDesktop-2 m-modeXL-2 the-media-object--has-video the-media-object--has-related the-media-object--no-label\" data-nid=\"2887878\" data-cid=\"9730120\" data-part-label=\"Partner content\">\n<figure id class=\"the-media-object__figure\"><img decoding=\"async\" class=\"the-media-object__image\" src=\"https:\/\/images.euronews.com\/articles\/stories\/09\/73\/01\/20\/320x180_cmsv2_16d53364-69d5-5995-a663-112bf8530e23-9730120.jpg\" loading=\"lazy\" alt=\"The International Forum on countering drug threats has begun.\" height=\"9\" width=\"16\"><span class=\"b-videos-players__playlist__label b-videos-players__playlist__label--now-playing the-media-object__now u-hide-for-all\">Now playing<\/span><span class=\"b-videos-players__playlist__label b-videos-players__playlist__label--next the-media-object__next u-hide-for-all\">Next<\/span><\/figure>\n<div class=\"the-media-object__content\">\n<h3 class=\"the-media-object__title u-color-white u-color-hover-grey \">\n<p>    Central Asia faces rising synthetic drug threat as trafficking evolves<br \/>\n  <\/h3>\n<\/div>\n<\/article>\n<article id class=\"the-media-object m-modeMobile-2 m-modeDesktop-2 m-modeXL-2 the-media-object--has-related the-media-object--no-label\" data-nid=\"2887766\" data-cid=\"9729506\" data-part-label=\"Partner content\">\n<figure id class=\"the-media-object__figure\"><img decoding=\"async\" class=\"the-media-object__image\" src=\"https:\/\/images.euronews.com\/articles\/stories\/09\/72\/95\/06\/320x180_cmsv2_b0687d54-1cf6-56a4-91e4-ba91127d1122-9729506.jpg\" loading=\"lazy\" alt=\"A police officer walks past billboards near the Serena Hotel ahead of the second round of negotiations between the US and Iran in Islamabad, 21 April, 2026 \" height=\"9\" width=\"16\"><span class=\"b-videos-players__playlist__label b-videos-players__playlist__label--now-playing the-media-object__now u-hide-for-all\">Now playing<\/span><span class=\"b-videos-players__playlist__label b-videos-players__playlist__label--next the-media-object__next u-hide-for-all\">Next<\/span><\/figure>\n<div class=\"the-media-object__content\">\n<h3 class=\"the-media-object__title u-color-white u-color-hover-grey \">\n<p>    Trump wants to extend Iran ceasefire, until negotiations conclude<br \/>\n  <\/h3>\n<\/div>\n<\/article>\n<article id class=\"the-media-object m-modeMobile-2 m-modeDesktop-2 m-modeXL-2 the-media-object--has-video the-media-object--has-related the-media-object--no-label\" data-nid=\"2887652\" data-cid=\"9728948\" data-part-label=\"Partner content\">\n<figure id class=\"the-media-object__figure\"><img decoding=\"async\" class=\"the-media-object__image\" src=\"https:\/\/images.euronews.com\/articles\/stories\/09\/72\/89\/48\/320x180_cmsv2_686997af-f228-5c90-a81c-e215980aa279-9728948.jpg\" loading=\"lazy\" alt=\"A work pontoon with a special excavator and smaller escort boats are in use near the stranded humpback whale off the island of Poel, 19 April, 2026\" height=\"9\" width=\"16\"><span class=\"b-videos-players__playlist__label b-videos-players__playlist__label--now-playing the-media-object__now u-hide-for-all\">Now playing<\/span><span class=\"b-videos-players__playlist__label b-videos-players__playlist__label--next the-media-object__next u-hide-for-all\">Next<\/span><\/figure>\n<div class=\"the-media-object__content\">\n<h3 class=\"the-media-object__title u-color-white u-color-hover-grey \">\n<p>    Whale stranded on German coast swims off and gets stuck again<br \/>\n  <\/h3>\n<\/div>\n<\/article>\n<article id class=\"the-media-object m-modeMobile-2 m-modeDesktop-2 m-modeXL-2 the-media-object--has-video the-media-object--has-related the-media-object--no-label\" data-nid=\"2886932\" data-cid=\"9725615\" data-part-label=\"Partner content\">\n<figure id class=\"the-media-object__figure\"><img decoding=\"async\" class=\"the-media-object__image\" src=\"https:\/\/images.euronews.com\/articles\/stories\/09\/72\/56\/15\/320x180_cmsv2_d9e941ca-0f70-55a2-92b0-0d140a2dbe10-9725615.jpg\" loading=\"lazy\" alt=\"A total of 4.40 million non-EU\u00a0citizens who fled Ukraine had\u00a0temporary protection\u00a0status in the EU in February 2026.\" height=\"9\" width=\"16\"><span class=\"b-videos-players__playlist__label b-videos-players__playlist__label--now-playing the-media-object__now u-hide-for-all\">Now playing<\/span><span class=\"b-videos-players__playlist__label b-videos-players__playlist__label--next the-media-object__next u-hide-for-all\">Next<\/span><\/figure>\n<div class=\"the-media-object__content\">\n<h3 class=\"the-media-object__title u-color-white u-color-hover-grey \">\n<p>    War in Ukraine: Which EU countries are hosting the most Ukrainians?<br \/>\n  <\/h3>\n<\/div>\n<\/article>\n<article id class=\"the-media-object m-modeMobile-2 m-modeDesktop-2 m-modeXL-2 the-media-object--has-video the-media-object--has-related the-media-object--no-label\" data-nid=\"2887746\" data-cid=\"9729376\" data-part-label=\"Partner content\">\n<figure id class=\"the-media-object__figure\"><img decoding=\"async\" class=\"the-media-object__image\" src=\"https:\/\/images.euronews.com\/articles\/stories\/09\/72\/93\/76\/320x180_cmsv2_327ff74d-d531-5a76-9cbd-826003100c6d-9729376.jpg\" loading=\"lazy\" alt=\"Forensic workers carry the body of a victim down a pyramid after authorities said a gunman opened fire, in Teotihuacan, Mexico, Monday, April 20, 2026.\" height=\"9\" width=\"16\"><span class=\"b-videos-players__playlist__label b-videos-players__playlist__label--now-playing the-media-object__now u-hide-for-all\">Now playing<\/span><span class=\"b-videos-players__playlist__label b-videos-players__playlist__label--next the-media-object__next u-hide-for-all\">Next<\/span><\/figure>\n<div class=\"the-media-object__content\">\n<h3 class=\"the-media-object__title u-color-white u-color-hover-grey \">\n<p>    Mexico City: Video shows armed man shooting at tourists at Teotihuac\u00e1n pyramids<br \/>\n  <\/h3>\n<\/div>\n<\/article>\n<article id class=\"the-media-object m-modeMobile-2 m-modeDesktop-2 m-modeXL-2 the-media-object--has-video the-media-object--no-label\" data-nid=\"2886917\" data-cid=\"9725449\" data-part-label=\"Partner content\">\n<figure id class=\"the-media-object__figure\"><img decoding=\"async\" class=\"the-media-object__image\" src=\"https:\/\/images.euronews.com\/articles\/stories\/09\/72\/54\/49\/320x180_cmsv2_84113e7b-5f20-596c-baf4-5ad2b7f976ea-9725449.jpg\" loading=\"lazy\" alt=\"Europe Today\" height=\"9\" width=\"16\"><span class=\"b-videos-players__playlist__label b-videos-players__playlist__label--now-playing the-media-object__now u-hide-for-all\">Now playing<\/span><span class=\"b-videos-players__playlist__label b-videos-players__playlist__label--next the-media-object__next u-hide-for-all\">Next<\/span><\/figure>\n<div class=\"the-media-object__content\">\n<h3 class=\"the-media-object__title u-color-white u-color-hover-grey \">\n<p>    Israel ties, Ukraine support top agenda as EU foreign ministers meet<br \/>\n  <\/h3>\n<\/div>\n<\/article>\n<article id class=\"the-media-object m-modeMobile-2 m-modeDesktop-2 m-modeXL-2 the-media-object--has-video the-media-object--no-label\" data-nid=\"2888193\" data-cid=\"9731824\" data-part-label=\"Partner content\">\n<figure id class=\"the-media-object__figure\"><img decoding=\"async\" class=\"the-media-object__image\" src=\"https:\/\/images.euronews.com\/articles\/stories\/09\/67\/46\/34\/320x180_cmsv2_e64c8b7d-153d-5b50-974e-933b24ffb99a-9674634.jpg\" loading=\"lazy\" alt=\"Gas prizes are displayed at a gas station with the European Central Bank in background in Frankfurt, Germany, Monday, March 2, 2026. \" height=\"9\" width=\"16\"><span class=\"b-videos-players__playlist__label b-videos-players__playlist__label--now-playing the-media-object__now u-hide-for-all\">Now playing<\/span><span class=\"b-videos-players__playlist__label b-videos-players__playlist__label--next the-media-object__next u-hide-for-all\">Next<\/span><\/figure>\n<div class=\"the-media-object__content\">\n<h3 class=\"the-media-object__title u-color-white u-color-hover-grey \">\n<p>    &#8216;Energy crisis will hit prices for months or even years,&#8217; says Commissioner J\u00f8rgensen<br \/>\n  <\/h3>\n<\/div>\n<\/article>\n<article id class=\"the-media-object m-modeMobile-2 m-modeDesktop-2 m-modeXL-2 the-media-object--has-video the-media-object--no-label\" data-nid=\"2888010\" data-cid=\"9730949\" data-part-label=\"Partner content\">\n<figure id class=\"the-media-object__figure\"><img decoding=\"async\" class=\"the-media-object__image\" src=\"https:\/\/images.euronews.com\/articles\/stories\/09\/73\/09\/49\/320x180_cmsv2_3eab8cbc-a46e-515f-9895-da8339de4f38-9730949.jpg\" loading=\"lazy\" alt=\"Regional Ecological Summit 2026 opens in Astana\" height=\"9\" width=\"16\"><span class=\"b-videos-players__playlist__label b-videos-players__playlist__label--now-playing the-media-object__now u-hide-for-all\">Now playing<\/span><span class=\"b-videos-players__playlist__label b-videos-players__playlist__label--next the-media-object__next u-hide-for-all\">Next<\/span><\/figure>\n<div class=\"the-media-object__content\">\n<h3 class=\"the-media-object__title u-color-white u-color-hover-grey \">\n<p>    Central Asian leaders back proposal for UN water agency<br \/>\n  <\/h3>\n<\/div>\n<\/article>\n<article id class=\"the-media-object m-modeMobile-2 m-modeDesktop-2 m-modeXL-2 the-media-object--has-video the-media-object--no-label\" data-nid=\"2887497\" data-cid=\"9728112\" data-part-label=\"Partner content\">\n<figure id class=\"the-media-object__figure\"><img decoding=\"async\" class=\"the-media-object__image\" src=\"https:\/\/images.euronews.com\/articles\/stories\/09\/72\/81\/12\/320x180_cmsv2_f64336ac-3c52-5e28-a2a2-abe8e8f91f69-9728112.jpg\" loading=\"lazy\" alt=\"Sanna Marin during a Euronews interview\" height=\"9\" width=\"16\"><span class=\"b-videos-players__playlist__label b-videos-players__playlist__label--now-playing the-media-object__now u-hide-for-all\">Now playing<\/span><span class=\"b-videos-players__playlist__label b-videos-players__playlist__label--next the-media-object__next u-hide-for-all\">Next<\/span><\/figure>\n<div class=\"the-media-object__content\">\n<h3 class=\"the-media-object__title u-color-white u-color-hover-grey \">\n<p>    &#8216;Learn from Ukraine or defence money will be wasted,&#8217; Sanna Marin warns EU<br \/>\n  <\/h3>\n<\/div>\n<\/article>\n<article id class=\"the-media-object m-modeMobile-2 m-modeDesktop-2 m-modeXL-2 the-media-object--has-video the-media-object--no-label\" data-nid=\"2887795\" data-cid=\"9729683\" data-part-label=\"Partner content\">\n<figure id class=\"the-media-object__figure\"><img decoding=\"async\" class=\"the-media-object__image\" src=\"https:\/\/images.euronews.com\/articles\/stories\/09\/72\/96\/83\/320x180_cmsv2_420181eb-5897-524c-a89f-7e30d6200959-9729683.jpg\" loading=\"lazy\" alt=\"Images from synthetic videos of Ukrainian soldiers circulating on social media. \" height=\"9\" width=\"16\"><span class=\"b-videos-players__playlist__label b-videos-players__playlist__label--now-playing the-media-object__now u-hide-for-all\">Now playing<\/span><span class=\"b-videos-players__playlist__label b-videos-players__playlist__label--next the-media-object__next u-hide-for-all\">Next<\/span><\/figure>\n<div class=\"the-media-object__content\">\n<h3 class=\"the-media-object__title u-color-white u-color-hover-grey \">\n<p>    Deepfakes of frontline Ukrainian soldiers aim to undermine morale<br \/>\n  <\/h3>\n<\/div>\n<\/article>\n<article id=\"abe-2887920-pos1-adaptive-more_from_no_comment\" class=\"the-media-object m-modeMobile-1 m-modeDesktop-1 m-modeXL-1 the-media-object--has-video\" data-nid=\"2887920\" data-cid=\"9730321\" data-part-label=\"Partner content\">\n<figure id=\"abe-2887920-label-pos1-adaptive-more_from_no_comment\" class=\"the-media-object__figure\"><img decoding=\"async\" class=\"the-media-object__image\" src=\"https:\/\/images.euronews.com\/articles\/stories\/09\/72\/43\/88\/320x180_cmsv2_e3b34e5b-5b7f-528f-bb8f-9fa52c1546e6-9724388.jpg\" loading=\"lazy\" alt=\"A stranded whale blows water as it got stuck on a sand bank in Kirchdorf on the island Poel, Germany, Thursday, April 9, 2026\" height=\"9\" width=\"16\"><\/figure>\n<div class=\"the-media-object__content\">\n                    No Comment<\/p>\n<h2 class=\"the-media-object__title u-color-white u-color-hover-grey \">\n<p>    Humpback whale Timmy remains stranded in shallow waters in northern Germany<br \/>\n  <\/h2>\n<\/div>\n<\/article>\n<article id=\"abe-2887751-pos2-adaptive-more_from_no_comment\" class=\"the-media-object the-media-object--bordered-mobile-only m-modeMobile-2 m-modeDesktop-1 m-modeXL-1 the-media-object--has-video\" data-nid=\"2887751\" data-cid=\"9729430\" data-part-label=\"Partner content\">\n<figure id=\"abe-2887751-label-pos2-adaptive-more_from_no_comment\" class=\"the-media-object__figure\"><img decoding=\"async\" class=\"the-media-object__image\" src=\"https:\/\/images.euronews.com\/articles\/stories\/09\/72\/94\/30\/320x180_cmsv2_2cd764fa-ded6-547e-98f8-7b46cd0a5094-9729430.jpg\" loading=\"lazy\" alt=\"A woman smokes marijuana to celebrate the annual cannabis holiday, a gathering of enthusiasts in New York City, USA, on 20 April 2026.\" height=\"9\" width=\"16\"><\/figure>\n<div class=\"the-media-object__content\">\n                    No Comment<\/p>\n<h2 class=\"the-media-object__title u-color-white u-color-hover-grey \">\n<p>    Marijuana smokers celebrate 420 in New York<br \/>\n  <\/h2>\n<\/div>\n<\/article>\n<article id=\"abe-2887746-pos3-adaptive-more_from_no_comment\" class=\"the-media-object the-media-object--bordered-mobile-only m-modeMobile-2 m-modeDesktop-1 m-modeXL-1 the-media-object--has-video\" data-nid=\"2887746\" data-cid=\"9729376\" data-part-label=\"Partner content\">\n<figure id=\"abe-2887746-label-pos3-adaptive-more_from_no_comment\" class=\"the-media-object__figure\"><img decoding=\"async\" class=\"the-media-object__image\" src=\"https:\/\/images.euronews.com\/articles\/stories\/09\/72\/93\/76\/320x180_cmsv2_327ff74d-d531-5a76-9cbd-826003100c6d-9729376.jpg\" loading=\"lazy\" alt=\"Forensic workers carry the body of a victim down a pyramid after authorities said a gunman opened fire, in Teotihuacan, Mexico, Monday, April 20, 2026.\" height=\"9\" width=\"16\"><\/figure>\n<div class=\"the-media-object__content\">\n                    No Comment<\/p>\n<h2 class=\"the-media-object__title u-color-white u-color-hover-grey \">\n<p>    Mexico City: Video shows armed man shooting at tourists at Teotihuac\u00e1n pyramids<br \/>\n  <\/h2>\n<\/div>\n<\/article>\n<article id=\"abe-2887528-pos4-adaptive-more_from_no_comment\" class=\"the-media-object the-media-object--bordered-mobile-only m-modeMobile-2 m-modeDesktop-1 m-modeXL-1 the-media-object--has-video\" data-nid=\"2887528\" data-cid=\"9728246\" data-part-label=\"Partner content\">\n<figure id=\"abe-2887528-label-pos4-adaptive-more_from_no_comment\" class=\"the-media-object__figure\"><img decoding=\"async\" class=\"the-media-object__image\" src=\"https:\/\/images.euronews.com\/articles\/stories\/09\/72\/82\/46\/320x180_cmsv2_5e89a005-3e90-5cbe-b4e4-e5b4cb2e64bb-9728246.jpg\" loading=\"lazy\" alt=\"Pope Leo XIV arrives in Kilamba, some 30 kilometers south of Luanda, Angola, to preside over Sunday Mass, Sunday, April 19, 2026.\" height=\"9\" width=\"16\"><\/figure>\n<div class=\"the-media-object__content\">\n                    No Comment<\/p>\n<h2 class=\"the-media-object__title u-color-white u-color-hover-grey \">\n<p>    Pope Leo XIV holds a giant open air Mass in Angola<br \/>\n  <\/h2>\n<\/div>\n<\/article>\n<article id=\"abe-2888086-pos1-adaptive-latest_video\" class=\"the-media-object m-modeMobile-1 m-modeDesktop-1 m-modeXL-1 the-media-object--has-video\" data-nid=\"2888086\" data-cid=\"9731323\" data-part-label=\"Partner content\">\n<figure id=\"abe-2888086-label-pos1-adaptive-latest_video\" class=\"the-media-object__figure\"><img decoding=\"async\" class=\"the-media-object__image\" src=\"https:\/\/images.euronews.com\/articles\/stories\/09\/73\/13\/23\/320x180_cmsv2_4a18a15d-d3bb-5bff-9a76-e384132ef7f5-9731323.jpg\" loading=\"lazy\" alt=\"A bill calls for up to six months in prison and a \u20ac30,000 fine for organisers of unauthorised gatherings of more than 250 people.\" height=\"9\" width=\"16\"><\/figure>\n<div class=\"the-media-object__content\">\n                    Culture news<\/p>\n<h2 class=\"the-media-object__title u-color-white u-color-hover-grey \">\n<p>    &#8216;Final rave&#8217;: French ravers in Marseille fear harsh crackdown on free parties<br \/>\n  <\/h2>\n<\/div>\n<\/article>\n<article id=\"abe-2888105-pos2-adaptive-latest_video\" class=\"the-media-object the-media-object--bordered-mobile-only m-modeMobile-2 m-modeDesktop-1 m-modeXL-1 the-media-object--has-video\" data-nid=\"2888105\" data-cid=\"9731429\" data-part-label=\"Partner content\">\n<figure id=\"abe-2888105-label-pos2-adaptive-latest_video\" class=\"the-media-object__figure\"><img decoding=\"async\" class=\"the-media-object__image\" src=\"https:\/\/images.euronews.com\/articles\/stories\/09\/73\/14\/29\/320x180_cmsv2_208e97f0-27c4-5624-a0f7-383a8911d060-9731429.jpg\" loading=\"lazy\" alt=\"Film of the Week: Michael\" height=\"9\" width=\"16\"><\/figure>\n<div class=\"the-media-object__content\">\n                    Cinema<\/p>\n<h2 class=\"the-media-object__title u-color-white u-color-hover-grey \">\n<p>    Euronews Culture&#8217;s Film of the Week: &#8216;Michael&#8217; &#8211; It&#8217;s bad. It&#8217;s really, really bad<br \/>\n  <\/h2>\n<\/div>\n<\/article>\n<article id=\"abe-2887927-pos3-adaptive-latest_video\" class=\"the-media-object the-media-object--bordered-mobile-only m-modeMobile-2 m-modeDesktop-1 m-modeXL-1 the-media-object--has-video\" data-nid=\"2887927\" data-cid=\"9731311\" data-part-label=\"Partner content\">\n<figure id=\"abe-2887927-label-pos3-adaptive-latest_video\" class=\"the-media-object__figure\"><img decoding=\"async\" class=\"the-media-object__image\" src=\"https:\/\/images.euronews.com\/articles\/stories\/09\/73\/03\/76\/320x180_cmsv2_2db25eb1-6040-579f-afab-6537fd04d2e5-9730376.jpg\" loading=\"lazy\" alt=\"Image of the lion dance show in Macau\" height=\"9\" width=\"16\"><\/figure>\n<div class=\"the-media-object__content\">\n                    Travel News<\/p>\n<h2 class=\"the-media-object__title u-color-white u-color-hover-grey \">\n<p>    Lions, mascots and robots: Macao displays its charms to captivate audiences in Madrid<br \/>\n  <\/h2>\n<\/div>\n<\/article>\n<article id=\"abe-2884845-pos4-adaptive-latest_video\" class=\"the-media-object the-media-object--bordered-mobile-only m-modeMobile-2 m-modeDesktop-1 m-modeXL-1 the-media-object--has-video\" data-nid=\"2884845\" data-cid=\"9715530\" data-part-label=\"Partner content\">\n<figure id=\"abe-2884845-label-pos4-adaptive-latest_video\" class=\"the-media-object__figure\"><img decoding=\"async\" class=\"the-media-object__image\" src=\"https:\/\/images.euronews.com\/articles\/stories\/09\/71\/55\/39\/320x180_cmsv2_51a0cb65-6f47-566c-a7cb-35fca940b321-9715539.jpg\" loading=\"lazy\" alt=\"How this country is building a regional food processing hub\" height=\"9\" width=\"16\"><\/figure>\n<div class=\"the-media-object__content\">\n                    East-West Connect<\/p>\n<h2 class=\"the-media-object__title u-color-white u-color-hover-grey \">\n<p>    How this country is building a regional food processing hub<br \/>\n  <\/h2>\n<\/div>\n<\/article>\n<article id=\"abe-2888138-pos5-adaptive-latest_video\" class=\"the-media-object the-media-object--bordered-mobile-only m-modeMobile-2 m-modeDesktop-1 m-modeXL-1 the-media-object--has-video\" data-nid=\"2888138\" data-cid=\"9731568\" data-part-label=\"Partner content\">\n<figure id=\"abe-2888138-label-pos5-adaptive-latest_video\" class=\"the-media-object__figure\"><img decoding=\"async\" class=\"the-media-object__image\" src=\"https:\/\/images.euronews.com\/articles\/stories\/09\/73\/15\/68\/320x180_cmsv2_9989022a-5f71-561e-84f9-16e665ed59e4-9731568.jpg\" loading=\"lazy\" alt=\"Ukrainian President Volodymyr Zelenskyy wants the vetoes lifted.\" height=\"9\" width=\"16\"><\/figure>\n<div class=\"the-media-object__content\">\n                    Europe News<\/p>\n<h2 class=\"the-media-object__title u-color-white u-color-hover-grey \">\n<p>    EU launches procedure to unblock \u20ac90bn Ukraine loan and new Russia sanctions<br \/>\n  <\/h2>\n<\/div>\n<\/article>\n<article id=\"abe-2887898-pos6-adaptive-latest_video\" class=\"the-media-object the-media-object--bordered-mobile-only m-modeMobile-2 m-modeDesktop-1 m-modeXL-1 the-media-object--has-video\" data-nid=\"2887898\" data-cid=\"9730238\" data-part-label=\"Partner content\">\n<figure id=\"abe-2887898-label-pos6-adaptive-latest_video\" class=\"the-media-object__figure\"><img decoding=\"async\" class=\"the-media-object__image\" src=\"https:\/\/images.euronews.com\/articles\/stories\/09\/73\/02\/38\/320x180_cmsv2_f4eb8fd1-4d5f-5d14-8e3c-cf1ba8ee0dbd-9730238.jpg\" loading=\"lazy\" alt=\"Deputy Prime Minister of Luxembourg, Xavier Bettel\" height=\"9\" width=\"16\"><\/figure>\n<div class=\"the-media-object__content\">\n                    Europe Today<\/p>\n<h2 class=\"the-media-object__title u-color-white u-color-hover-grey \">\n<p>    &#8216;I told Orb\u00e1n his LGBT law was homophobic,&#8217; says Luxembourg&#8217;s foreign minister<br \/>\n  <\/h2>\n<\/div>\n<\/article>\n<article id=\"abe-2887796-pos7-adaptive-latest_video\" class=\"the-media-object the-media-object--bordered-mobile-only m-modeMobile-2 m-modeDesktop-1 m-modeXL-1 the-media-object--has-video\" data-nid=\"2887796\" data-cid=\"9729732\" data-part-label=\"Partner content\">\n<figure id=\"abe-2887796-label-pos7-adaptive-latest_video\" class=\"the-media-object__figure\"><img decoding=\"async\" class=\"the-media-object__image\" src=\"https:\/\/images.euronews.com\/articles\/stories\/09\/72\/97\/32\/320x180_cmsv2_a629227b-0b2c-543f-ae69-e67772838bd5-9729732.jpg\" loading=\"lazy\" alt=\"Europe in Motion\" height=\"9\" width=\"16\"><\/figure>\n<div class=\"the-media-object__content\">\n                    Europe in Motion<\/p>\n<h2 class=\"the-media-object__title u-color-white u-color-hover-grey \">\n<p>    How do therapy costs compare around Europe?<br \/>\n  <\/h2>\n<\/div>\n<\/article>\n<article id=\"abe-2887595-pos8-adaptive-latest_video\" class=\"the-media-object the-media-object--bordered-mobile-only m-modeMobile-2 m-modeDesktop-1 m-modeXL-1 the-media-object--has-video\" data-nid=\"2887595\" data-cid=\"9728622\" data-part-label=\"Partner content\">\n<figure id=\"abe-2887595-label-pos8-adaptive-latest_video\" class=\"the-media-object__figure\"><img decoding=\"async\" class=\"the-media-object__image\" src=\"https:\/\/images.euronews.com\/articles\/stories\/09\/72\/86\/22\/320x180_cmsv2_ccc4ed1b-c2b5-5a61-abe1-6316ad03bf99-9728622.jpg\" loading=\"lazy\" alt=\"ASTANA\" height=\"9\" width=\"16\"><\/figure>\n<div class=\"the-media-object__content\">\n                    Water<\/p>\n<h2 class=\"the-media-object__title u-color-white u-color-hover-grey \">\n<p>    Central Asian leaders gather at first ever regional climate summit to discuss water crisis<br \/>\n  <\/h2>\n<\/div>\n<\/article>\n<article id=\"abe-2887967-pos9-adaptive-latest_video\" class=\"the-media-object the-media-object--bordered-mobile-only m-modeMobile-2 m-modeDesktop-1 m-modeXL-1 the-media-object--has-video\" data-nid=\"2887967\" data-cid=\"9730647\" data-part-label=\"Partner content\">\n<figure id=\"abe-2887967-label-pos9-adaptive-latest_video\" class=\"the-media-object__figure\"><img decoding=\"async\" class=\"the-media-object__image\" src=\"https:\/\/images.euronews.com\/articles\/stories\/09\/73\/06\/47\/320x180_cmsv2_adc3b977-6e7f-5fdf-b30a-9c2bb4f44e3a-9730647.jpg\" loading=\"lazy\" alt=\"Former Finnish PM, Sanna Marin, joins Euronews\" height=\"9\" width=\"16\"><\/figure>\n<div class=\"the-media-object__content\">\n                    Europe Today<\/p>\n<h2 class=\"the-media-object__title u-color-white u-color-hover-grey \">\n<p>    Europe can&#8217;t &#8216;rule out&#8217; a war with Russia says Sanna Marin<br \/>\n  <\/h2>\n<\/div>\n<\/article>\n<article id=\"abe-2886918-pos10-adaptive-latest_video\" class=\"the-media-object the-media-object--bordered-mobile-only m-modeMobile-2 m-modeDesktop-1 m-modeXL-1 the-media-object--has-video\" data-nid=\"2886918\" data-cid=\"9725452\" data-part-label=\"Partner content\">\n<figure id=\"abe-2886918-label-pos10-adaptive-latest_video\" class=\"the-media-object__figure\"><img decoding=\"async\" class=\"the-media-object__image\" src=\"https:\/\/images.euronews.com\/articles\/stories\/09\/72\/54\/52\/320x180_cmsv2_a1fa2b19-9fb3-5613-9145-c37b79bd0a83-9725452.jpg\" loading=\"lazy\" alt=\"Europe Today\" height=\"9\" width=\"16\"><\/figure>\n<div class=\"the-media-object__content\">\n                    Europe Today<\/p>\n<h2 class=\"the-media-object__title u-color-white u-color-hover-grey \">\n<p>    Europe Today: Bettel, Marin speak exclusively to Euronews as Hungary\u2019s Ukraine loan veto nears end<br \/>\n  <\/h2>\n<\/div>\n<\/article>\n<article id=\"abe-2887991-pos11-adaptive-latest_video\" class=\"the-media-object the-media-object--bordered-mobile-only m-modeMobile-2 m-modeDesktop-1 m-modeXL-1 the-media-object--has-video\" data-nid=\"2887991\" data-cid=\"9730865\" data-part-label=\"Partner content\">\n<figure id=\"abe-2887991-label-pos11-adaptive-latest_video\" class=\"the-media-object__figure\"><img decoding=\"async\" class=\"the-media-object__image\" src=\"https:\/\/images.euronews.com\/articles\/stories\/09\/73\/08\/65\/320x180_cmsv2_cae168f5-f5c9-51ab-b401-eb733a7f0870-9730865.jpg\" loading=\"lazy\" alt=\"The sun rises behind tankers anchored in the Strait of Hormuz off the coast of Qeshm Island, 18 April, 2026\" height=\"9\" width=\"16\"><\/figure>\n<div class=\"the-media-object__content\">\n                    Iran<\/p>\n<h2 class=\"the-media-object__title u-color-white u-color-hover-grey \">\n<p>    Iran seizes two cargo ships in Strait of Hormuz after three vessels fired on<br \/>\n  <\/h2>\n<\/div>\n<\/article>\n<article id=\"abe-2887899-pos12-adaptive-latest_video\" class=\"the-media-object the-media-object--bordered-mobile-only m-modeMobile-2 m-modeDesktop-1 m-modeXL-1 the-media-object--has-video\" data-nid=\"2887899\" data-cid=\"9730237\" data-part-label=\"Partner content\">\n<figure id=\"abe-2887899-label-pos12-adaptive-latest_video\" class=\"the-media-object__figure\"><img decoding=\"async\" class=\"the-media-object__image\" src=\"https:\/\/images.euronews.com\/articles\/stories\/09\/73\/02\/37\/320x180_cmsv2_5bf82840-429f-5675-8e90-f38e3272faa6-9730237.jpg\" loading=\"lazy\" alt=\"UK Ambassador to the UAE Edward Hobart speaks to Euronews' Jane Witherspoon, Abu Dhabi, 21 April 2026.\" height=\"9\" width=\"16\"><\/figure>\n<div class=\"the-media-object__content\">\n                    United Arab Emirates<\/p>\n<h2 class=\"the-media-object__title u-color-white u-color-hover-grey \">\n<p>    UK ambassador to UAE warns of regional risk but backs UAE resilience amid fragile Iran ceasefire<br \/>\n  <\/h2>\n<\/div>\n<\/article>\n<article id=\"abe-2886678-pos13-adaptive-latest_video\" class=\"the-media-object the-media-object--bordered-mobile-only m-modeMobile-2 m-modeDesktop-1 m-modeXL-1 the-media-object--has-video\" data-nid=\"2886678\" data-cid=\"9728395\" data-part-label=\"Partner content\">\n<figure id=\"abe-2886678-label-pos13-adaptive-latest_video\" class=\"the-media-object__figure\"><img decoding=\"async\" class=\"the-media-object__image\" src=\"https:\/\/images.euronews.com\/articles\/stories\/09\/72\/83\/95\/320x180_cmsv2_57a44407-2c16-5c6a-a8b4-d43d60569a83-9728395.jpg\" loading=\"lazy\" alt=\"Portuguese fishermen pull their net out of the sea onto the beach near Lisbon, 1 October, 2014\" height=\"9\" width=\"16\"><\/figure>\n<div class=\"the-media-object__content\">\n                    Earth News<\/p>\n<h2 class=\"the-media-object__title u-color-white u-color-hover-grey \">\n<p>    Acoustic tags and underwater robots help recover ghost fishing gear in Portugal<br \/>\n  <\/h2>\n<\/div>\n<\/article>\n<article id=\"abe-2887903-pos14-adaptive-latest_video\" class=\"the-media-object the-media-object--bordered-mobile-only m-modeMobile-2 m-modeDesktop-1 m-modeXL-1 the-media-object--has-video\" data-nid=\"2887903\" data-cid=\"9730266\" data-part-label=\"Partner content\">\n<figure id=\"abe-2887903-label-pos14-adaptive-latest_video\" class=\"the-media-object__figure\"><img decoding=\"async\" class=\"the-media-object__image\" src=\"https:\/\/images.euronews.com\/articles\/stories\/09\/73\/02\/66\/320x180_cmsv2_7605f45d-d0de-5a4d-a62c-d58f119a9b7e-9730266.jpg\" loading=\"lazy\" alt=\"Niels Eggerding, Managing Director, Frederique Constant \" height=\"9\" width=\"16\"><\/figure>\n<div class=\"the-media-object__content\">\n                    Lifestyle<\/p>\n<h2 class=\"the-media-object__title u-color-white u-color-hover-grey \">\n<p>    Time is on our side: Frederique Constant CEO Niels Eggerding sets sights on young watch lovers<br \/>\n  <\/h2>\n<\/div>\n<\/article>\n<article id=\"abe-2887867-pos15-adaptive-latest_video\" class=\"the-media-object the-media-object--bordered-mobile-only m-modeMobile-2 m-modeDesktop-1 m-modeXL-1 the-media-object--has-video\" data-nid=\"2887867\" data-cid=\"9730095\" data-part-label=\"Partner content\">\n<figure id=\"abe-2887867-label-pos15-adaptive-latest_video\" class=\"the-media-object__figure\"><img decoding=\"async\" class=\"the-media-object__image\" src=\"https:\/\/images.euronews.com\/articles\/stories\/09\/73\/00\/95\/320x180_cmsv2_3cb61368-8f43-55bd-a9bf-5cb5d16b53a1-9730095.jpg\" loading=\"lazy\" alt=\"Caroline Scheufele, Co-president and artistic director of Chopard at Watches and Wonders, Geneva 14 April 2026\" height=\"9\" width=\"16\"><\/figure>\n<div class=\"the-media-object__content\">\n                    Lifestyle<\/p>\n<h2 class=\"the-media-object__title u-color-white u-color-hover-grey \">\n<p>    The fine art of ethical sourcing: Chopard&#8217;s Caroline Scheufele digs deep for luxury jewels<br \/>\n  <\/h2>\n<\/div>\n<\/article>\n<article id=\"abe-2887922-pos16-adaptive-latest_video\" class=\"the-media-object the-media-object--bordered-mobile-only m-modeMobile-2 m-modeDesktop-1 m-modeXL-1 the-media-object--has-video\" data-nid=\"2887922\" data-cid=\"9730338\" data-part-label=\"Partner content\">\n<figure id=\"abe-2887922-label-pos16-adaptive-latest_video\" class=\"the-media-object__figure\"><img decoding=\"async\" class=\"the-media-object__image\" src=\"https:\/\/images.euronews.com\/articles\/stories\/09\/73\/03\/38\/320x180_cmsv2_c273415a-6f84-5793-b716-78ca28bfbfc5-9730338.jpg\" loading=\"lazy\" alt=\"The main entrance door of the Harbour Suites Old City hotel is sealed in Istanbul, 24 November, 2025\" height=\"9\" width=\"16\"><\/figure>\n<div class=\"the-media-object__content\">\n                    Europe News<\/p>\n<h2 class=\"the-media-object__title u-color-white u-color-hover-grey \">\n<p>    Six stand trial in Istanbul over insecticide poisoning deaths of Turkish-German family<br \/>\n  <\/h2>\n<\/div>\n<\/article>\n<p>[analyse_source url=&#8221;http:\/\/www.euronews.com\/video\/2026\/04\/22\/aerial-footage-shows-widespread-destruction-in-southern-lebanon&#8221;]<\/p>\n","protected":false},"excerpt":{"rendered":"<p>[analyse_image type=&#8221;featured&#8221; src=&#8221;https:\/\/images.euronews.com\/articles\/stories\/09\/73\/17\/72\/1200x675_cmsv2_589cfd1e-da6c-5e9e-b746-4f30bd889b53-9731772.jpg&#8221;] Europe News Son of Hungary&#8217;s outgoing prime minister discharged from military Europe News Exclusive: Hungary&#8217;s new government to review \u20ac16bn EU defence plan Europe News Spain&#8217;s far-right Vox returns to power in regional government Europe News Global Sumud Flotilla ready to new mission to Gaza Europe News Son of Hungary&#8217;s outgoing prime [&hellip;]<\/p>\n","protected":false},"author":1,"featured_media":0,"comment_status":"open","ping_status":"","sticky":false,"template":"","format":"standard","meta":{"footnotes":""},"categories":[90],"tags":[226,36],"class_list":["post-1896829","post","type-post","status-publish","format-standard","hentry","category-international","tag-crawlmanager","tag-euronews-com"],"_links":{"self":[{"href":"https:\/\/analyse.optim.biz\/index.php?rest_route=\/wp\/v2\/posts\/1896829","targetHints":{"allow":["GET"]}}],"collection":[{"href":"https:\/\/analyse.optim.biz\/index.php?rest_route=\/wp\/v2\/posts"}],"about":[{"href":"https:\/\/analyse.optim.biz\/index.php?rest_route=\/wp\/v2\/types\/post"}],"author":[{"embeddable":true,"href":"https:\/\/analyse.optim.biz\/index.php?rest_route=\/wp\/v2\/users\/1"}],"replies":[{"embeddable":true,"href":"https:\/\/analyse.optim.biz\/index.php?rest_route=%2Fwp%2Fv2%2Fcomments&post=1896829"}],"version-history":[{"count":0,"href":"https:\/\/analyse.optim.biz\/index.php?rest_route=\/wp\/v2\/posts\/1896829\/revisions"}],"wp:attachment":[{"href":"https:\/\/analyse.optim.biz\/index.php?rest_route=%2Fwp%2Fv2%2Fmedia&parent=1896829"}],"wp:term":[{"taxonomy":"category","embeddable":true,"href":"https:\/\/analyse.optim.biz\/index.php?rest_route=%2Fwp%2Fv2%2Fcategories&post=1896829"},{"taxonomy":"post_tag","embeddable":true,"href":"https:\/\/analyse.optim.biz\/index.php?rest_route=%2Fwp%2Fv2%2Ftags&post=1896829"}],"curies":[{"name":"wp","href":"https:\/\/api.w.org\/{rel}","templated":true}]}}