{"id":1896706,"date":"2026-04-22T14:39:28","date_gmt":"2026-04-22T11:39:28","guid":{"rendered":"https:\/\/analyse.optim.biz\/?p=1896706"},"modified":"2026-04-22T14:39:28","modified_gmt":"2026-04-22T11:39:28","slug":"vicepresedintele-cj-suceava-nicolae-robu-la-vernisajul-expozitiei-stefan-luchian-un-artist-universal-consiliul-judetean-suceava-sustine-si-va-continua-sa-sprijine-astfel","status":"publish","type":"post","link":"https:\/\/analyse.optim.biz\/?p=1896706","title":{"rendered":"Vicepre\u0219edintele CJ Suceava Nicolae Robu, la vernisajul expozi\u021biei \u201e\u0218tefan Luchian \u2013 un artist universal\u201d: Consiliul Jude\u021bean Suceava sus\u021bine \u0219i va continua s\u0103 sprijine astfel de ini\u021biative culturale, care contribuie la consolidarea identit\u0103\u021bii noastre \u0219i la promovarea valorilor autentice"},"content":{"rendered":"<p>[analyse_image type=&#8221;featured&#8221; src=&#8221;https:\/\/www.newsbucovina.ro\/wp-content\/uploads\/2026\/04\/WhatsApp-Image-2026-04-22-at-17.25.212.jpeghttps:\/\/cdn.newsbucovina.ro\/wp-content\/uploads\/2026\/04\/WhatsApp-Image-2026-04-22-at-17.25.212.jpeg&#8221;]<\/p>\n<div class=\"td-post-content tagdiv-type\">\n<div class=\"td-a-rec td-a-rec-id-content_top  tdi_3 td_block_template_1\"><strong>Intr\u0103 acum \u0219i \u00een grupul de <\/p>\n<div class=\"wp-block-button\"><a class=\"wp-block-button__link wp-element-button\" href=\"https:\/\/t.me\/+TH8wcfnp8fw5NWI0\">Telegram News Bucovina<\/a><\/div>\n<p><\/strong><\/div>\n<p>Vicepre\u0219edintele Consiliului Jude\u021bean Suceava, Nicolae Robu, a participat miercuri, la Muzeul Na\u021bional al Bucovinei, la vernisajul expozi\u021biei \u201e\u0218tefan Luchian \u2013 un artist universal\u201d, organizat cu ocazia \u00eemplinirii a 110 ani de la trecerea \u00een eternitate a marelui pictor rom\u00e2n \u0218tefan Luchian.<\/p>\n<figure class=\"wp-block-gallery has-nested-images columns-default is-cropped wp-block-gallery-1 is-layout-flex wp-block-gallery-is-layout-flex\">\n<figure class=\"wp-block-image size-large\"><a href=\"https:\/\/cdn.newsbucovina.ro\/wp-content\/uploads\/2026\/04\/WhatsApp-Image-2026-04-22-at-17.25.16.jpeg\"><img loading=\"lazy\" decoding=\"async\" width=\"1024\" height=\"683\" data-id=\"436763\" src=\"https:\/\/cdn.newsbucovina.ro\/wp-content\/uploads\/2026\/04\/WhatsApp-Image-2026-04-22-at-17.25.16-1024x683.jpeg\" alt class=\"wp-image-436763\"><\/a><\/figure>\n<figure class=\"wp-block-image size-large\"><a href=\"https:\/\/cdn.newsbucovina.ro\/wp-content\/uploads\/2026\/04\/WhatsApp-Image-2026-04-22-at-17.25.17-1.jpeg\"><img loading=\"lazy\" decoding=\"async\" width=\"1024\" height=\"683\" data-id=\"436762\" src=\"https:\/\/cdn.newsbucovina.ro\/wp-content\/uploads\/2026\/04\/WhatsApp-Image-2026-04-22-at-17.25.17-1-1024x683.jpeg\" alt class=\"wp-image-436762\"><\/a><\/figure>\n<figure class=\"wp-block-image size-large\"><a href=\"https:\/\/cdn.newsbucovina.ro\/wp-content\/uploads\/2026\/04\/WhatsApp-Image-2026-04-22-at-17.25.17-2.jpeg\"><img loading=\"lazy\" decoding=\"async\" width=\"1024\" height=\"683\" data-id=\"436766\" src=\"https:\/\/cdn.newsbucovina.ro\/wp-content\/uploads\/2026\/04\/WhatsApp-Image-2026-04-22-at-17.25.17-2-1024x683.jpeg\" alt class=\"wp-image-436766\"><\/a><\/figure>\n<figure class=\"wp-block-image size-large\"><a href=\"https:\/\/cdn.newsbucovina.ro\/wp-content\/uploads\/2026\/04\/WhatsApp-Image-2026-04-22-at-17.25.17-3.jpeg\"><img decoding=\"async\" loading=\"lazy\" width=\"1024\" height=\"683\" data-id=\"436768\" src=\"https:\/\/cdn.newsbucovina.ro\/wp-content\/uploads\/2026\/04\/WhatsApp-Image-2026-04-22-at-17.25.17-3-1024x683.jpeg\" alt class=\"wp-image-436768\"><\/a><\/figure>\n<figure class=\"wp-block-image size-large\"><a href=\"https:\/\/cdn.newsbucovina.ro\/wp-content\/uploads\/2026\/04\/WhatsApp-Image-2026-04-22-at-17.25.17.jpeg\"><img decoding=\"async\" loading=\"lazy\" width=\"1024\" height=\"683\" data-id=\"436773\" src=\"https:\/\/cdn.newsbucovina.ro\/wp-content\/uploads\/2026\/04\/WhatsApp-Image-2026-04-22-at-17.25.17-1024x683.jpeg\" alt class=\"wp-image-436773\"><\/a><\/figure>\n<figure class=\"wp-block-image size-large\"><a href=\"https:\/\/cdn.newsbucovina.ro\/wp-content\/uploads\/2026\/04\/WhatsApp-Image-2026-04-22-at-17.25.18-1.jpeg\"><img decoding=\"async\" loading=\"lazy\" width=\"1024\" height=\"683\" data-id=\"436774\" src=\"https:\/\/cdn.newsbucovina.ro\/wp-content\/uploads\/2026\/04\/WhatsApp-Image-2026-04-22-at-17.25.18-1-1024x683.jpeg\" alt class=\"wp-image-436774\"><\/a><\/figure>\n<figure class=\"wp-block-image size-large\"><a href=\"https:\/\/cdn.newsbucovina.ro\/wp-content\/uploads\/2026\/04\/WhatsApp-Image-2026-04-22-at-17.25.18-2.jpeg\"><img decoding=\"async\" loading=\"lazy\" width=\"1024\" height=\"683\" data-id=\"436770\" src=\"https:\/\/cdn.newsbucovina.ro\/wp-content\/uploads\/2026\/04\/WhatsApp-Image-2026-04-22-at-17.25.18-2-1024x683.jpeg\" alt class=\"wp-image-436770\"><\/a><\/figure>\n<figure class=\"wp-block-image size-large\"><a href=\"https:\/\/cdn.newsbucovina.ro\/wp-content\/uploads\/2026\/04\/WhatsApp-Image-2026-04-22-at-17.25.18.jpeg\"><img decoding=\"async\" loading=\"lazy\" width=\"1024\" height=\"683\" data-id=\"436775\" src=\"https:\/\/cdn.newsbucovina.ro\/wp-content\/uploads\/2026\/04\/WhatsApp-Image-2026-04-22-at-17.25.18-1024x683.jpeg\" alt class=\"wp-image-436775\"><\/a><\/figure>\n<figure class=\"wp-block-image size-large\"><a href=\"https:\/\/cdn.newsbucovina.ro\/wp-content\/uploads\/2026\/04\/WhatsApp-Image-2026-04-22-at-17.25.19.jpeg\"><img decoding=\"async\" loading=\"lazy\" width=\"1024\" height=\"683\" data-id=\"436771\" src=\"https:\/\/cdn.newsbucovina.ro\/wp-content\/uploads\/2026\/04\/WhatsApp-Image-2026-04-22-at-17.25.19-1024x683.jpeg\" alt class=\"wp-image-436771\"><\/a><\/figure>\n<figure class=\"wp-block-image size-large\"><a href=\"https:\/\/cdn.newsbucovina.ro\/wp-content\/uploads\/2026\/04\/WhatsApp-Image-2026-04-22-at-17.25.21.jpeg\"><img decoding=\"async\" loading=\"lazy\" width=\"1024\" height=\"683\" data-id=\"436776\" src=\"https:\/\/cdn.newsbucovina.ro\/wp-content\/uploads\/2026\/04\/WhatsApp-Image-2026-04-22-at-17.25.21-1024x683.jpeg\" alt class=\"wp-image-436776\"><\/a><\/figure>\n<figure class=\"wp-block-image size-large\"><a href=\"https:\/\/cdn.newsbucovina.ro\/wp-content\/uploads\/2026\/04\/WhatsApp-Image-2026-04-22-at-17.25.22.jpeg\"><img decoding=\"async\" loading=\"lazy\" width=\"1024\" height=\"683\" data-id=\"436777\" src=\"https:\/\/cdn.newsbucovina.ro\/wp-content\/uploads\/2026\/04\/WhatsApp-Image-2026-04-22-at-17.25.22-1024x683.jpeg\" alt class=\"wp-image-436777\"><\/a><\/figure>\n<figure class=\"wp-block-image size-large\"><a href=\"https:\/\/cdn.newsbucovina.ro\/wp-content\/uploads\/2026\/04\/WhatsApp-Image-2026-04-22-at-17.25.23.jpeg\"><img decoding=\"async\" loading=\"lazy\" width=\"1024\" height=\"683\" data-id=\"436778\" src=\"https:\/\/cdn.newsbucovina.ro\/wp-content\/uploads\/2026\/04\/WhatsApp-Image-2026-04-22-at-17.25.23-1024x683.jpeg\" alt class=\"wp-image-436778\"><\/a><\/figure>\n<figure class=\"wp-block-image size-large\"><a href=\"https:\/\/cdn.newsbucovina.ro\/wp-content\/uploads\/2026\/04\/WhatsApp-Image-2026-04-22-at-17.25.26.jpeg\"><img decoding=\"async\" loading=\"lazy\" width=\"1024\" height=\"683\" data-id=\"436764\" src=\"https:\/\/cdn.newsbucovina.ro\/wp-content\/uploads\/2026\/04\/WhatsApp-Image-2026-04-22-at-17.25.26-1024x683.jpeg\" alt class=\"wp-image-436764\"><\/a><\/figure>\n<figure class=\"wp-block-image size-large\"><a href=\"https:\/\/cdn.newsbucovina.ro\/wp-content\/uploads\/2026\/04\/WhatsApp-Image-2026-04-22-at-17.25.191.jpeg\"><img decoding=\"async\" loading=\"lazy\" width=\"1024\" height=\"683\" data-id=\"436767\" src=\"https:\/\/cdn.newsbucovina.ro\/wp-content\/uploads\/2026\/04\/WhatsApp-Image-2026-04-22-at-17.25.191-1024x683.jpeg\" alt class=\"wp-image-436767\"><\/a><\/figure>\n<figure class=\"wp-block-image size-large\"><a href=\"https:\/\/cdn.newsbucovina.ro\/wp-content\/uploads\/2026\/04\/WhatsApp-Image-2026-04-22-at-17.25.192.jpeg\"><img decoding=\"async\" loading=\"lazy\" width=\"1024\" height=\"683\" data-id=\"436765\" src=\"https:\/\/cdn.newsbucovina.ro\/wp-content\/uploads\/2026\/04\/WhatsApp-Image-2026-04-22-at-17.25.192-1024x683.jpeg\" alt class=\"wp-image-436765\"><\/a><\/figure>\n<figure class=\"wp-block-image size-large\"><a href=\"https:\/\/cdn.newsbucovina.ro\/wp-content\/uploads\/2026\/04\/WhatsApp-Image-2026-04-22-at-17.25.201.jpeg\"><img decoding=\"async\" loading=\"lazy\" width=\"1024\" height=\"683\" data-id=\"436779\" src=\"https:\/\/cdn.newsbucovina.ro\/wp-content\/uploads\/2026\/04\/WhatsApp-Image-2026-04-22-at-17.25.201-1024x683.jpeg\" alt class=\"wp-image-436779\"><\/a><\/figure>\n<figure class=\"wp-block-image size-large\"><a href=\"https:\/\/cdn.newsbucovina.ro\/wp-content\/uploads\/2026\/04\/WhatsApp-Image-2026-04-22-at-17.25.202.jpeg\"><img decoding=\"async\" loading=\"lazy\" width=\"1024\" height=\"683\" data-id=\"436780\" src=\"https:\/\/cdn.newsbucovina.ro\/wp-content\/uploads\/2026\/04\/WhatsApp-Image-2026-04-22-at-17.25.202-1024x683.jpeg\" alt class=\"wp-image-436780\"><\/a><\/figure>\n<figure class=\"wp-block-image size-large\"><a href=\"https:\/\/cdn.newsbucovina.ro\/wp-content\/uploads\/2026\/04\/WhatsApp-Image-2026-04-22-at-17.25.203.jpeg\"><img decoding=\"async\" loading=\"lazy\" width=\"1024\" height=\"683\" data-id=\"436781\" src=\"https:\/\/cdn.newsbucovina.ro\/wp-content\/uploads\/2026\/04\/WhatsApp-Image-2026-04-22-at-17.25.203-1024x683.jpeg\" alt class=\"wp-image-436781\"><\/a><\/figure>\n<figure class=\"wp-block-image size-large\"><a href=\"https:\/\/cdn.newsbucovina.ro\/wp-content\/uploads\/2026\/04\/WhatsApp-Image-2026-04-22-at-17.25.211.jpeg\"><img decoding=\"async\" loading=\"lazy\" width=\"1024\" height=\"683\" data-id=\"436782\" src=\"https:\/\/cdn.newsbucovina.ro\/wp-content\/uploads\/2026\/04\/WhatsApp-Image-2026-04-22-at-17.25.211-1024x683.jpeg\" alt class=\"wp-image-436782\"><\/a><\/figure>\n<figure class=\"wp-block-image size-large\"><a href=\"https:\/\/cdn.newsbucovina.ro\/wp-content\/uploads\/2026\/04\/WhatsApp-Image-2026-04-22-at-17.25.212.jpeg\"><img decoding=\"async\" loading=\"lazy\" width=\"1024\" height=\"683\" data-id=\"436769\" src=\"https:\/\/cdn.newsbucovina.ro\/wp-content\/uploads\/2026\/04\/WhatsApp-Image-2026-04-22-at-17.25.212-1024x683.jpeg\" alt class=\"wp-image-436769\"><\/a><\/figure>\n<\/figure>\n<p>Expozi\u021bia reune\u0219te, \u00een premier\u0103 pentru Suceava, 42 de lucr\u0103ri reprezentative ale artistului \u2013 flori, peisaje, portrete \u0219i naturi statice \u2013 care eviden\u021biaz\u0103 sensibilitatea \u0219i for\u021ba expresiv\u0103 a unuia dintre cei mai importan\u021bi arti\u0219ti plastici din istoria artei rom\u00e2ne\u0219ti.<\/p>\n<p>Evenimentul este rodul unei colabor\u0103ri \u00eentre institu\u021bii muzeale de prestigiu din Rom\u00e2nia \u0219i ofer\u0103 publicului sucevean o \u00eent\u00e2lnire autentic\u0103 cu arta de \u00eenalt\u0103 calitate a maestrului Luchian.<\/p>\n<p>\u00cen cadrul alocu\u021biunii sale, vicepre\u0219edintele Nicolae Robu a subliniat importan\u021ba ini\u021biativelor culturale de acest gen: \u201e\u0218tefan Luchian r\u0103m\u00e2ne un reper fundamental al artei rom\u00e2ne\u0219ti, continu\u00e2nd tradi\u021bia deschis\u0103 de Nicolae Grigorescu \u0219i Ion Andreescu, dar \u0219i inspir\u00e2nd genera\u021bii \u00eentregi de arti\u0219ti. Consiliul Jude\u021bean Suceava sus\u021bine \u0219i va continua s\u0103 sprijine astfel de ini\u021biative culturale, care contribuie la consolidarea identit\u0103\u021bii noastre \u0219i la promovarea valorilor autentice. \u00cei invit pe to\u021bi sucevenii \u0219i pe to\u021bi iubitorii de art\u0103 s\u0103 viziteze aceast\u0103 expozi\u021bie deosebit\u0103 \u0219i s\u0103 redescopere frumuse\u021bea \u0219i profunzimea operei lui \u0218tefan Luchian.\u201d<\/p>\n<p>Expozi\u021bia \u201e\u0218tefan Luchian \u2013 un artist universal\u201d poate fi vizitat\u0103 la Muzeul de Istorie Suceava \u00een perioada 22 aprilie \u2013 21 iunie 2026, zilnic, \u00een intervalul orar 10:00 \u2013 18:00.<\/p>\n<div class=\"td-a-rec td-a-rec-id-content_bottom  tdi_4 td_block_template_1\"><strong>Intr\u0103 acum \u0219i \u00een grupul de <\/p>\n<div class=\"wp-block-button\"><a class=\"wp-block-button__link wp-element-button\" href=\"https:\/\/t.me\/+TH8wcfnp8fw5NWI0\">Telegram News Bucovina<\/a><\/div>\n<p><\/strong><\/div>\n<\/div>\n<div class=\"td-post-content tagdiv-type\">\n<div class=\"td-a-rec td-a-rec-id-content_top  tdi_3 td_block_template_1\"><strong>Intr\u0103 acum \u0219i \u00een grupul de <\/p>\n<div class=\"wp-block-button\"><a class=\"wp-block-button__link wp-element-button\" href=\"https:\/\/t.me\/+TH8wcfnp8fw5NWI0\">Telegram News Bucovina<\/a><\/div>\n<p><\/strong><\/div>\n<p>Vicepre\u0219edintele Consiliului Jude\u021bean Suceava, Nicolae Robu, a participat miercuri, la Muzeul Na\u021bional al Bucovinei, la vernisajul expozi\u021biei \u201e\u0218tefan Luchian \u2013 un artist universal\u201d, organizat cu ocazia \u00eemplinirii a 110 ani de la trecerea \u00een eternitate a marelui pictor rom\u00e2n \u0218tefan Luchian.<\/p>\n<figure class=\"wp-block-gallery has-nested-images columns-default is-cropped wp-block-gallery-1 is-layout-flex wp-block-gallery-is-layout-flex\">\n<figure class=\"wp-block-image size-large\"><a href=\"https:\/\/cdn.newsbucovina.ro\/wp-content\/uploads\/2026\/04\/WhatsApp-Image-2026-04-22-at-17.25.16.jpeg\"><img loading=\"lazy\" decoding=\"async\" width=\"1024\" height=\"683\" data-id=\"436763\" src=\"https:\/\/cdn.newsbucovina.ro\/wp-content\/uploads\/2026\/04\/WhatsApp-Image-2026-04-22-at-17.25.16-1024x683.jpeg\" alt class=\"wp-image-436763\"><\/a><\/figure>\n<figure class=\"wp-block-image size-large\"><a href=\"https:\/\/cdn.newsbucovina.ro\/wp-content\/uploads\/2026\/04\/WhatsApp-Image-2026-04-22-at-17.25.17-1.jpeg\"><img loading=\"lazy\" decoding=\"async\" width=\"1024\" height=\"683\" data-id=\"436762\" src=\"https:\/\/cdn.newsbucovina.ro\/wp-content\/uploads\/2026\/04\/WhatsApp-Image-2026-04-22-at-17.25.17-1-1024x683.jpeg\" alt class=\"wp-image-436762\"><\/a><\/figure>\n<figure class=\"wp-block-image size-large\"><a href=\"https:\/\/cdn.newsbucovina.ro\/wp-content\/uploads\/2026\/04\/WhatsApp-Image-2026-04-22-at-17.25.17-2.jpeg\"><img loading=\"lazy\" decoding=\"async\" width=\"1024\" height=\"683\" data-id=\"436766\" src=\"https:\/\/cdn.newsbucovina.ro\/wp-content\/uploads\/2026\/04\/WhatsApp-Image-2026-04-22-at-17.25.17-2-1024x683.jpeg\" alt class=\"wp-image-436766\"><\/a><\/figure>\n<figure class=\"wp-block-image size-large\"><a href=\"https:\/\/cdn.newsbucovina.ro\/wp-content\/uploads\/2026\/04\/WhatsApp-Image-2026-04-22-at-17.25.17-3.jpeg\"><img decoding=\"async\" loading=\"lazy\" width=\"1024\" height=\"683\" data-id=\"436768\" src=\"https:\/\/cdn.newsbucovina.ro\/wp-content\/uploads\/2026\/04\/WhatsApp-Image-2026-04-22-at-17.25.17-3-1024x683.jpeg\" alt class=\"wp-image-436768\"><\/a><\/figure>\n<figure class=\"wp-block-image size-large\"><a href=\"https:\/\/cdn.newsbucovina.ro\/wp-content\/uploads\/2026\/04\/WhatsApp-Image-2026-04-22-at-17.25.17.jpeg\"><img decoding=\"async\" loading=\"lazy\" width=\"1024\" height=\"683\" data-id=\"436773\" src=\"https:\/\/cdn.newsbucovina.ro\/wp-content\/uploads\/2026\/04\/WhatsApp-Image-2026-04-22-at-17.25.17-1024x683.jpeg\" alt class=\"wp-image-436773\"><\/a><\/figure>\n<figure class=\"wp-block-image size-large\"><a href=\"https:\/\/cdn.newsbucovina.ro\/wp-content\/uploads\/2026\/04\/WhatsApp-Image-2026-04-22-at-17.25.18-1.jpeg\"><img decoding=\"async\" loading=\"lazy\" width=\"1024\" height=\"683\" data-id=\"436774\" src=\"https:\/\/cdn.newsbucovina.ro\/wp-content\/uploads\/2026\/04\/WhatsApp-Image-2026-04-22-at-17.25.18-1-1024x683.jpeg\" alt class=\"wp-image-436774\"><\/a><\/figure>\n<figure class=\"wp-block-image size-large\"><a href=\"https:\/\/cdn.newsbucovina.ro\/wp-content\/uploads\/2026\/04\/WhatsApp-Image-2026-04-22-at-17.25.18-2.jpeg\"><img decoding=\"async\" loading=\"lazy\" width=\"1024\" height=\"683\" data-id=\"436770\" src=\"https:\/\/cdn.newsbucovina.ro\/wp-content\/uploads\/2026\/04\/WhatsApp-Image-2026-04-22-at-17.25.18-2-1024x683.jpeg\" alt class=\"wp-image-436770\"><\/a><\/figure>\n<figure class=\"wp-block-image size-large\"><a href=\"https:\/\/cdn.newsbucovina.ro\/wp-content\/uploads\/2026\/04\/WhatsApp-Image-2026-04-22-at-17.25.18.jpeg\"><img decoding=\"async\" loading=\"lazy\" width=\"1024\" height=\"683\" data-id=\"436775\" src=\"https:\/\/cdn.newsbucovina.ro\/wp-content\/uploads\/2026\/04\/WhatsApp-Image-2026-04-22-at-17.25.18-1024x683.jpeg\" alt class=\"wp-image-436775\"><\/a><\/figure>\n<figure class=\"wp-block-image size-large\"><a href=\"https:\/\/cdn.newsbucovina.ro\/wp-content\/uploads\/2026\/04\/WhatsApp-Image-2026-04-22-at-17.25.19.jpeg\"><img decoding=\"async\" loading=\"lazy\" width=\"1024\" height=\"683\" data-id=\"436771\" src=\"https:\/\/cdn.newsbucovina.ro\/wp-content\/uploads\/2026\/04\/WhatsApp-Image-2026-04-22-at-17.25.19-1024x683.jpeg\" alt class=\"wp-image-436771\"><\/a><\/figure>\n<figure class=\"wp-block-image size-large\"><a href=\"https:\/\/cdn.newsbucovina.ro\/wp-content\/uploads\/2026\/04\/WhatsApp-Image-2026-04-22-at-17.25.21.jpeg\"><img decoding=\"async\" loading=\"lazy\" width=\"1024\" height=\"683\" data-id=\"436776\" src=\"https:\/\/cdn.newsbucovina.ro\/wp-content\/uploads\/2026\/04\/WhatsApp-Image-2026-04-22-at-17.25.21-1024x683.jpeg\" alt class=\"wp-image-436776\"><\/a><\/figure>\n<figure class=\"wp-block-image size-large\"><a href=\"https:\/\/cdn.newsbucovina.ro\/wp-content\/uploads\/2026\/04\/WhatsApp-Image-2026-04-22-at-17.25.22.jpeg\"><img decoding=\"async\" loading=\"lazy\" width=\"1024\" height=\"683\" data-id=\"436777\" src=\"https:\/\/cdn.newsbucovina.ro\/wp-content\/uploads\/2026\/04\/WhatsApp-Image-2026-04-22-at-17.25.22-1024x683.jpeg\" alt class=\"wp-image-436777\"><\/a><\/figure>\n<figure class=\"wp-block-image size-large\"><a href=\"https:\/\/cdn.newsbucovina.ro\/wp-content\/uploads\/2026\/04\/WhatsApp-Image-2026-04-22-at-17.25.23.jpeg\"><img decoding=\"async\" loading=\"lazy\" width=\"1024\" height=\"683\" data-id=\"436778\" src=\"https:\/\/cdn.newsbucovina.ro\/wp-content\/uploads\/2026\/04\/WhatsApp-Image-2026-04-22-at-17.25.23-1024x683.jpeg\" alt class=\"wp-image-436778\"><\/a><\/figure>\n<figure class=\"wp-block-image size-large\"><a href=\"https:\/\/cdn.newsbucovina.ro\/wp-content\/uploads\/2026\/04\/WhatsApp-Image-2026-04-22-at-17.25.26.jpeg\"><img decoding=\"async\" loading=\"lazy\" width=\"1024\" height=\"683\" data-id=\"436764\" src=\"https:\/\/cdn.newsbucovina.ro\/wp-content\/uploads\/2026\/04\/WhatsApp-Image-2026-04-22-at-17.25.26-1024x683.jpeg\" alt class=\"wp-image-436764\"><\/a><\/figure>\n<figure class=\"wp-block-image size-large\"><a href=\"https:\/\/cdn.newsbucovina.ro\/wp-content\/uploads\/2026\/04\/WhatsApp-Image-2026-04-22-at-17.25.191.jpeg\"><img decoding=\"async\" loading=\"lazy\" width=\"1024\" height=\"683\" data-id=\"436767\" src=\"https:\/\/cdn.newsbucovina.ro\/wp-content\/uploads\/2026\/04\/WhatsApp-Image-2026-04-22-at-17.25.191-1024x683.jpeg\" alt class=\"wp-image-436767\"><\/a><\/figure>\n<figure class=\"wp-block-image size-large\"><a href=\"https:\/\/cdn.newsbucovina.ro\/wp-content\/uploads\/2026\/04\/WhatsApp-Image-2026-04-22-at-17.25.192.jpeg\"><img decoding=\"async\" loading=\"lazy\" width=\"1024\" height=\"683\" data-id=\"436765\" src=\"https:\/\/cdn.newsbucovina.ro\/wp-content\/uploads\/2026\/04\/WhatsApp-Image-2026-04-22-at-17.25.192-1024x683.jpeg\" alt class=\"wp-image-436765\"><\/a><\/figure>\n<figure class=\"wp-block-image size-large\"><a href=\"https:\/\/cdn.newsbucovina.ro\/wp-content\/uploads\/2026\/04\/WhatsApp-Image-2026-04-22-at-17.25.201.jpeg\"><img decoding=\"async\" loading=\"lazy\" width=\"1024\" height=\"683\" data-id=\"436779\" src=\"https:\/\/cdn.newsbucovina.ro\/wp-content\/uploads\/2026\/04\/WhatsApp-Image-2026-04-22-at-17.25.201-1024x683.jpeg\" alt class=\"wp-image-436779\"><\/a><\/figure>\n<figure class=\"wp-block-image size-large\"><a href=\"https:\/\/cdn.newsbucovina.ro\/wp-content\/uploads\/2026\/04\/WhatsApp-Image-2026-04-22-at-17.25.202.jpeg\"><img decoding=\"async\" loading=\"lazy\" width=\"1024\" height=\"683\" data-id=\"436780\" src=\"https:\/\/cdn.newsbucovina.ro\/wp-content\/uploads\/2026\/04\/WhatsApp-Image-2026-04-22-at-17.25.202-1024x683.jpeg\" alt class=\"wp-image-436780\"><\/a><\/figure>\n<figure class=\"wp-block-image size-large\"><a href=\"https:\/\/cdn.newsbucovina.ro\/wp-content\/uploads\/2026\/04\/WhatsApp-Image-2026-04-22-at-17.25.203.jpeg\"><img decoding=\"async\" loading=\"lazy\" width=\"1024\" height=\"683\" data-id=\"436781\" src=\"https:\/\/cdn.newsbucovina.ro\/wp-content\/uploads\/2026\/04\/WhatsApp-Image-2026-04-22-at-17.25.203-1024x683.jpeg\" alt class=\"wp-image-436781\"><\/a><\/figure>\n<figure class=\"wp-block-image size-large\"><a href=\"https:\/\/cdn.newsbucovina.ro\/wp-content\/uploads\/2026\/04\/WhatsApp-Image-2026-04-22-at-17.25.211.jpeg\"><img decoding=\"async\" loading=\"lazy\" width=\"1024\" height=\"683\" data-id=\"436782\" src=\"https:\/\/cdn.newsbucovina.ro\/wp-content\/uploads\/2026\/04\/WhatsApp-Image-2026-04-22-at-17.25.211-1024x683.jpeg\" alt class=\"wp-image-436782\"><\/a><\/figure>\n<figure class=\"wp-block-image size-large\"><a href=\"https:\/\/cdn.newsbucovina.ro\/wp-content\/uploads\/2026\/04\/WhatsApp-Image-2026-04-22-at-17.25.212.jpeg\"><img decoding=\"async\" loading=\"lazy\" width=\"1024\" height=\"683\" data-id=\"436769\" src=\"https:\/\/cdn.newsbucovina.ro\/wp-content\/uploads\/2026\/04\/WhatsApp-Image-2026-04-22-at-17.25.212-1024x683.jpeg\" alt class=\"wp-image-436769\"><\/a><\/figure>\n<\/figure>\n<p>Expozi\u021bia reune\u0219te, \u00een premier\u0103 pentru Suceava, 42 de lucr\u0103ri reprezentative ale artistului \u2013 flori, peisaje, portrete \u0219i naturi statice \u2013 care eviden\u021biaz\u0103 sensibilitatea \u0219i for\u021ba expresiv\u0103 a unuia dintre cei mai importan\u021bi arti\u0219ti plastici din istoria artei rom\u00e2ne\u0219ti.<\/p>\n<p>Evenimentul este rodul unei colabor\u0103ri \u00eentre institu\u021bii muzeale de prestigiu din Rom\u00e2nia \u0219i ofer\u0103 publicului sucevean o \u00eent\u00e2lnire autentic\u0103 cu arta de \u00eenalt\u0103 calitate a maestrului Luchian.<\/p>\n<p>\u00cen cadrul alocu\u021biunii sale, vicepre\u0219edintele Nicolae Robu a subliniat importan\u021ba ini\u021biativelor culturale de acest gen: \u201e\u0218tefan Luchian r\u0103m\u00e2ne un reper fundamental al artei rom\u00e2ne\u0219ti, continu\u00e2nd tradi\u021bia deschis\u0103 de Nicolae Grigorescu \u0219i Ion Andreescu, dar \u0219i inspir\u00e2nd genera\u021bii \u00eentregi de arti\u0219ti. Consiliul Jude\u021bean Suceava sus\u021bine \u0219i va continua s\u0103 sprijine astfel de ini\u021biative culturale, care contribuie la consolidarea identit\u0103\u021bii noastre \u0219i la promovarea valorilor autentice. \u00cei invit pe to\u021bi sucevenii \u0219i pe to\u021bi iubitorii de art\u0103 s\u0103 viziteze aceast\u0103 expozi\u021bie deosebit\u0103 \u0219i s\u0103 redescopere frumuse\u021bea \u0219i profunzimea operei lui \u0218tefan Luchian.\u201d<\/p>\n<p>Expozi\u021bia \u201e\u0218tefan Luchian \u2013 un artist universal\u201d poate fi vizitat\u0103 la Muzeul de Istorie Suceava \u00een perioada 22 aprilie \u2013 21 iunie 2026, zilnic, \u00een intervalul orar 10:00 \u2013 18:00.<\/p>\n<div class=\"td-a-rec td-a-rec-id-content_bottom  tdi_4 td_block_template_1\"><strong>Intr\u0103 acum \u0219i \u00een grupul de <\/p>\n<div class=\"wp-block-button\"><a class=\"wp-block-button__link wp-element-button\" href=\"https:\/\/t.me\/+TH8wcfnp8fw5NWI0\">Telegram News Bucovina<\/a><\/div>\n<p><\/strong><\/div>\n<\/div>\n<p>[analyse_source url=&#8221;https:\/\/www.newsbucovina.ro\/actualitate\/436761\/vicepresedintele-cj-suceava-nicolae-robu-la-vernisajul-expozitiei-stefan-luchian-un-artist-universal-consiliul-judetean-suceava-sustine-si-va-continua-sa-sprijine-astfel&#8221;]<\/p>\n","protected":false},"excerpt":{"rendered":"<p>[analyse_image type=&#8221;featured&#8221; src=&#8221;https:\/\/www.newsbucovina.ro\/wp-content\/uploads\/2026\/04\/WhatsApp-Image-2026-04-22-at-17.25.212.jpeghttps:\/\/cdn.newsbucovina.ro\/wp-content\/uploads\/2026\/04\/WhatsApp-Image-2026-04-22-at-17.25.212.jpeg&#8221;] Intr\u0103 acum \u0219i \u00een grupul de Telegram News Bucovina Vicepre\u0219edintele Consiliului Jude\u021bean Suceava, Nicolae Robu, a participat miercuri, la Muzeul Na\u021bional al Bucovinei, la vernisajul expozi\u021biei \u201e\u0218tefan Luchian \u2013 un artist universal\u201d, organizat cu ocazia \u00eemplinirii a 110 ani de la trecerea \u00een eternitate a marelui pictor rom\u00e2n \u0218tefan Luchian. Expozi\u021bia reune\u0219te, [&hellip;]<\/p>\n","protected":false},"author":1,"featured_media":0,"comment_status":"open","ping_status":"","sticky":false,"template":"","format":"standard","meta":{"footnotes":""},"categories":[89],"tags":[226,165],"class_list":["post-1896706","post","type-post","status-publish","format-standard","hentry","category-romania","tag-crawlmanager","tag-newsbucovina-ro"],"_links":{"self":[{"href":"https:\/\/analyse.optim.biz\/index.php?rest_route=\/wp\/v2\/posts\/1896706","targetHints":{"allow":["GET"]}}],"collection":[{"href":"https:\/\/analyse.optim.biz\/index.php?rest_route=\/wp\/v2\/posts"}],"about":[{"href":"https:\/\/analyse.optim.biz\/index.php?rest_route=\/wp\/v2\/types\/post"}],"author":[{"embeddable":true,"href":"https:\/\/analyse.optim.biz\/index.php?rest_route=\/wp\/v2\/users\/1"}],"replies":[{"embeddable":true,"href":"https:\/\/analyse.optim.biz\/index.php?rest_route=%2Fwp%2Fv2%2Fcomments&post=1896706"}],"version-history":[{"count":0,"href":"https:\/\/analyse.optim.biz\/index.php?rest_route=\/wp\/v2\/posts\/1896706\/revisions"}],"wp:attachment":[{"href":"https:\/\/analyse.optim.biz\/index.php?rest_route=%2Fwp%2Fv2%2Fmedia&parent=1896706"}],"wp:term":[{"taxonomy":"category","embeddable":true,"href":"https:\/\/analyse.optim.biz\/index.php?rest_route=%2Fwp%2Fv2%2Fcategories&post=1896706"},{"taxonomy":"post_tag","embeddable":true,"href":"https:\/\/analyse.optim.biz\/index.php?rest_route=%2Fwp%2Fv2%2Ftags&post=1896706"}],"curies":[{"name":"wp","href":"https:\/\/api.w.org\/{rel}","templated":true}]}}