{"id":1896705,"date":"2026-04-21T07:50:25","date_gmt":"2026-04-21T04:50:25","guid":{"rendered":"https:\/\/analyse.optim.biz\/?p=1896705"},"modified":"2026-04-21T07:50:25","modified_gmt":"2026-04-21T04:50:25","slug":"ninsori-slabe-pe-dn-17a-sadova-paltinu-drdp-iasi-atrage-atentia-asupra-conditiilor-de-drum-pe-fondul-avertizarilor-meteo","status":"publish","type":"post","link":"https:\/\/analyse.optim.biz\/?p=1896705","title":{"rendered":"Ninsori slabe pe DN 17A Sadova \u2013 Paltinu. DRDP Ia\u0219i atrage aten\u021bia asupra condi\u021biilor de drum pe fondul avertiz\u0103rilor meteo"},"content":{"rendered":"<p>[analyse_image type=&#8221;featured&#8221; src=&#8221;https:\/\/www.newsbucovina.ro\/wp-content\/uploads\/2026\/04\/Screenshot-11.pnghttps:\/\/cdn.newsbucovina.ro\/wp-content\/uploads\/2026\/04\/Screenshot-11.png&#8221;]<\/p>\n<div class=\"td-post-content tagdiv-type\">\n<div class=\"td-a-rec td-a-rec-id-content_top  tdi_3 td_block_template_1\"><strong>Intr\u0103 acum \u0219i \u00een grupul de <\/p>\n<div class=\"wp-block-button\"><a class=\"wp-block-button__link wp-element-button\" href=\"https:\/\/t.me\/+TH8wcfnp8fw5NWI0\">Telegram News Bucovina<\/a><\/div>\n<p><\/strong><\/div>\n<p>Ninsori slabe au fost \u00eenregistrate \u00een aceast\u0103 diminea\u021b\u0103 pe sectorul DN 17A Sadova \u2013 Paltinu, \u00een contextul aten\u021bion\u0103rilor meteorologice emise de Administra\u021bia Na\u021bional\u0103 de Meteorologie.<\/p>\n<figure class=\"wp-block-image size-large\"><a href=\"https:\/\/cdn.newsbucovina.ro\/wp-content\/uploads\/2026\/04\/Screenshot-11.png\"><img loading=\"lazy\" decoding=\"async\" width=\"1024\" height=\"517\" src=\"https:\/\/cdn.newsbucovina.ro\/wp-content\/uploads\/2026\/04\/Screenshot-11-1024x517.png\" alt class=\"wp-image-436648\"><\/a><\/figure>\n<p>Potrivit DRDP Ia\u0219i, carosabilul este umed, iar temperatura aerului se men\u021bine \u00een jurul valorii de <strong>1\u00b0C<\/strong>. De\u0219i ninsorile sunt slabe, condi\u021biile de drum r\u0103m\u00e2n dificile, mai ales pe fondul r\u0103cirii accentuate anun\u021bate pentru urm\u0103toarele zile.<\/p>\n<p>Aceste precipita\u021bii se \u00eenscriu \u00een cadrul <strong>Codului Galben<\/strong> de ninsoare valabil p\u00e2n\u0103 m\u00e2ine sear\u0103 la altitudini de peste 1.400 m \u00een Carpa\u021bii Orientali, unde se pot acumula straturi de z\u0103pad\u0103 de 10-15 cm, iar local chiar peste 20-25 cm. Totodat\u0103, informarea meteorologic\u0103 general\u0103 avertizeaz\u0103 asupra ploilor moderate, precipita\u021biilor mixte \u0219i a brumei \u00een depresiuni.<\/p>\n<p><strong>DRDP Ia\u0219i recomand\u0103 conduc\u0103torilor auto s\u0103 circule cu aten\u021bie sporit\u0103<\/strong>, s\u0103 adapteze viteza la condi\u021biile de drum, s\u0103 p\u0103streze o distan\u021b\u0103 mai mare fa\u021b\u0103 de vehiculul din fa\u021b\u0103 \u0219i s\u0103 evite manevrele bru\u015fte.<\/p>\n<p>Vremea nefavorabil\u0103 se va men\u021bine cel pu\u021bin p\u00e2n\u0103 miercuri diminea\u021b\u0103, cu temperaturi sc\u0103zute \u0219i posibile brume, mai ales \u00een jum\u0103tatea de nord a jude\u021bului.<\/p>\n<figure class=\"wp-block-embed is-type-video is-provider-youtube wp-block-embed-youtube wp-embed-aspect-16-9 wp-has-aspect-ratio\">\n<div class=\"wp-block-embed__wrapper\">\n<div class=\"youtube-embed\" data-video_id=\"9_OWzkg4Pxg\"><iframe loading=\"lazy\" title=\"Cum Transformi o r\u00e2p\u0103 \u00een Raiul b\u0103rba\u021bilor - CE AR FI S\u0102 ... bei bere afumat\u0103 ..cu gust de afine?\" width=\"696\" height=\"392\" src=\"https:\/\/www.youtube.com\/embed\/9_OWzkg4Pxg?start=2&amp;feature=oembed\" frameborder allow=\"accelerometer; autoplay; clipboard-write; encrypted-media; gyroscope; picture-in-picture; web-share\" referrerpolicy=\"strict-origin-when-cross-origin\" allowfullscreen><\/iframe><\/div>\n<\/div>\n<\/figure>\n<div class=\"td-a-rec td-a-rec-id-content_bottom  tdi_4 td_block_template_1\"><strong>Intr\u0103 acum \u0219i \u00een grupul de <\/p>\n<div class=\"wp-block-button\"><a class=\"wp-block-button__link wp-element-button\" href=\"https:\/\/t.me\/+TH8wcfnp8fw5NWI0\">Telegram News Bucovina<\/a><\/div>\n<p><\/strong><\/div>\n<\/div>\n<div class=\"td-post-content tagdiv-type\">\n<div class=\"td-a-rec td-a-rec-id-content_top  tdi_3 td_block_template_1\"><strong>Intr\u0103 acum \u0219i \u00een grupul de <\/p>\n<div class=\"wp-block-button\"><a class=\"wp-block-button__link wp-element-button\" href=\"https:\/\/t.me\/+TH8wcfnp8fw5NWI0\">Telegram News Bucovina<\/a><\/div>\n<p><\/strong><\/div>\n<p>Ninsori slabe au fost \u00eenregistrate \u00een aceast\u0103 diminea\u021b\u0103 pe sectorul DN 17A Sadova \u2013 Paltinu, \u00een contextul aten\u021bion\u0103rilor meteorologice emise de Administra\u021bia Na\u021bional\u0103 de Meteorologie.<\/p>\n<figure class=\"wp-block-image size-large\"><a href=\"https:\/\/cdn.newsbucovina.ro\/wp-content\/uploads\/2026\/04\/Screenshot-11.png\"><img loading=\"lazy\" decoding=\"async\" width=\"1024\" height=\"517\" src=\"https:\/\/cdn.newsbucovina.ro\/wp-content\/uploads\/2026\/04\/Screenshot-11-1024x517.png\" alt class=\"wp-image-436648\"><\/a><\/figure>\n<p>Potrivit DRDP Ia\u0219i, carosabilul este umed, iar temperatura aerului se men\u021bine \u00een jurul valorii de <strong>1\u00b0C<\/strong>. De\u0219i ninsorile sunt slabe, condi\u021biile de drum r\u0103m\u00e2n dificile, mai ales pe fondul r\u0103cirii accentuate anun\u021bate pentru urm\u0103toarele zile.<\/p>\n<p>Aceste precipita\u021bii se \u00eenscriu \u00een cadrul <strong>Codului Galben<\/strong> de ninsoare valabil p\u00e2n\u0103 m\u00e2ine sear\u0103 la altitudini de peste 1.400 m \u00een Carpa\u021bii Orientali, unde se pot acumula straturi de z\u0103pad\u0103 de 10-15 cm, iar local chiar peste 20-25 cm. Totodat\u0103, informarea meteorologic\u0103 general\u0103 avertizeaz\u0103 asupra ploilor moderate, precipita\u021biilor mixte \u0219i a brumei \u00een depresiuni.<\/p>\n<p><strong>DRDP Ia\u0219i recomand\u0103 conduc\u0103torilor auto s\u0103 circule cu aten\u021bie sporit\u0103<\/strong>, s\u0103 adapteze viteza la condi\u021biile de drum, s\u0103 p\u0103streze o distan\u021b\u0103 mai mare fa\u021b\u0103 de vehiculul din fa\u021b\u0103 \u0219i s\u0103 evite manevrele bru\u015fte.<\/p>\n<p>Vremea nefavorabil\u0103 se va men\u021bine cel pu\u021bin p\u00e2n\u0103 miercuri diminea\u021b\u0103, cu temperaturi sc\u0103zute \u0219i posibile brume, mai ales \u00een jum\u0103tatea de nord a jude\u021bului.<\/p>\n<figure class=\"wp-block-embed is-type-video is-provider-youtube wp-block-embed-youtube wp-embed-aspect-16-9 wp-has-aspect-ratio\">\n<div class=\"wp-block-embed__wrapper\">\n<div class=\"youtube-embed\" data-video_id=\"9_OWzkg4Pxg\"><iframe loading=\"lazy\" title=\"Cum Transformi o r\u00e2p\u0103 \u00een Raiul b\u0103rba\u021bilor - CE AR FI S\u0102 ... bei bere afumat\u0103 ..cu gust de afine?\" width=\"696\" height=\"392\" src=\"https:\/\/www.youtube.com\/embed\/9_OWzkg4Pxg?start=2&amp;feature=oembed\" frameborder allow=\"accelerometer; autoplay; clipboard-write; encrypted-media; gyroscope; picture-in-picture; web-share\" referrerpolicy=\"strict-origin-when-cross-origin\" allowfullscreen><\/iframe><\/div>\n<\/div>\n<\/figure>\n<div class=\"td-a-rec td-a-rec-id-content_bottom  tdi_4 td_block_template_1\"><strong>Intr\u0103 acum \u0219i \u00een grupul de <\/p>\n<div class=\"wp-block-button\"><a class=\"wp-block-button__link wp-element-button\" href=\"https:\/\/t.me\/+TH8wcfnp8fw5NWI0\">Telegram News Bucovina<\/a><\/div>\n<p><\/strong><\/div>\n<\/div>\n<p>[analyse_source url=&#8221;https:\/\/www.newsbucovina.ro\/actualitate\/436647\/ninsori-slabe-pe-dn-17a-sadova-paltinu-drdp-iasi-atrage-atentia-asupra-conditiilor-de-drum-pe-fondul-avertizarilor-meteo&#8221;]<\/p>\n","protected":false},"excerpt":{"rendered":"<p>[analyse_image type=&#8221;featured&#8221; src=&#8221;https:\/\/www.newsbucovina.ro\/wp-content\/uploads\/2026\/04\/Screenshot-11.pnghttps:\/\/cdn.newsbucovina.ro\/wp-content\/uploads\/2026\/04\/Screenshot-11.png&#8221;] Intr\u0103 acum \u0219i \u00een grupul de Telegram News Bucovina Ninsori slabe au fost \u00eenregistrate \u00een aceast\u0103 diminea\u021b\u0103 pe sectorul DN 17A Sadova \u2013 Paltinu, \u00een contextul aten\u021bion\u0103rilor meteorologice emise de Administra\u021bia Na\u021bional\u0103 de Meteorologie. Potrivit DRDP Ia\u0219i, carosabilul este umed, iar temperatura aerului se men\u021bine \u00een jurul valorii de 1\u00b0C. De\u0219i ninsorile [&hellip;]<\/p>\n","protected":false},"author":1,"featured_media":0,"comment_status":"open","ping_status":"","sticky":false,"template":"","format":"standard","meta":{"footnotes":""},"categories":[89],"tags":[226,165],"class_list":["post-1896705","post","type-post","status-publish","format-standard","hentry","category-romania","tag-crawlmanager","tag-newsbucovina-ro"],"_links":{"self":[{"href":"https:\/\/analyse.optim.biz\/index.php?rest_route=\/wp\/v2\/posts\/1896705","targetHints":{"allow":["GET"]}}],"collection":[{"href":"https:\/\/analyse.optim.biz\/index.php?rest_route=\/wp\/v2\/posts"}],"about":[{"href":"https:\/\/analyse.optim.biz\/index.php?rest_route=\/wp\/v2\/types\/post"}],"author":[{"embeddable":true,"href":"https:\/\/analyse.optim.biz\/index.php?rest_route=\/wp\/v2\/users\/1"}],"replies":[{"embeddable":true,"href":"https:\/\/analyse.optim.biz\/index.php?rest_route=%2Fwp%2Fv2%2Fcomments&post=1896705"}],"version-history":[{"count":0,"href":"https:\/\/analyse.optim.biz\/index.php?rest_route=\/wp\/v2\/posts\/1896705\/revisions"}],"wp:attachment":[{"href":"https:\/\/analyse.optim.biz\/index.php?rest_route=%2Fwp%2Fv2%2Fmedia&parent=1896705"}],"wp:term":[{"taxonomy":"category","embeddable":true,"href":"https:\/\/analyse.optim.biz\/index.php?rest_route=%2Fwp%2Fv2%2Fcategories&post=1896705"},{"taxonomy":"post_tag","embeddable":true,"href":"https:\/\/analyse.optim.biz\/index.php?rest_route=%2Fwp%2Fv2%2Ftags&post=1896705"}],"curies":[{"name":"wp","href":"https:\/\/api.w.org\/{rel}","templated":true}]}}