{"id":1896702,"date":"2026-04-21T07:26:17","date_gmt":"2026-04-21T04:26:17","guid":{"rendered":"https:\/\/analyse.optim.biz\/?p=1896702"},"modified":"2026-04-21T07:26:17","modified_gmt":"2026-04-21T04:26:17","slug":"doua-premii-i-obtinute-de-elevi-suceveni-la-olimpiada-nationala-de-religie-cultul-romano-catolic-limba-romana-2026","status":"publish","type":"post","link":"https:\/\/analyse.optim.biz\/?p=1896702","title":{"rendered":"Dou\u0103 premii I ob\u021binute de elevi suceveni la Olimpiada Na\u021bional\u0103 de Religie, Cultul Romano-Catolic (limba rom\u00e2n\u0103) \u2013 2026"},"content":{"rendered":"<p>[analyse_image type=&#8221;featured&#8221; src=&#8221;https:\/\/www.newsbucovina.ro\/wp-content\/uploads\/2026\/04\/catolica.jpeghttps:\/\/cdn.newsbucovina.ro\/wp-content\/uploads\/2026\/04\/catolica.jpeg&#8221;]<\/p>\n<div class=\"td-post-content tagdiv-type\">\n<div class=\"td-a-rec td-a-rec-id-content_top  tdi_3 td_block_template_1\"><strong>Intr\u0103 acum \u0219i \u00een grupul de <\/p>\n<div class=\"wp-block-button\"><a class=\"wp-block-button__link wp-element-button\" href=\"https:\/\/t.me\/+TH8wcfnp8fw5NWI0\">Telegram News Bucovina<\/a><\/div>\n<p><\/strong><\/div>\n<p>Lotul jude\u021bului Suceava a \u00eenregistrat rezultate bune la etapa na\u021bional\u0103 a Olimpiadei de Religie, Cultul Romano-Catolic (limba rom\u00e2n\u0103), clasele V-XII, care s-a desf\u0103\u0219urat \u00een perioada 6-9 aprilie 2026 la Liceul \u201eEp. Dr. Alexandru Rusu\u201d din Baia Mare, jude\u021bul Maramure\u0219.<\/p>\n<figure class=\"wp-block-image size-large\"><a href=\"https:\/\/cdn.newsbucovina.ro\/wp-content\/uploads\/2026\/04\/catolica.jpeg\"><img loading=\"lazy\" decoding=\"async\" width=\"1024\" height=\"597\" src=\"https:\/\/cdn.newsbucovina.ro\/wp-content\/uploads\/2026\/04\/catolica-1024x597.jpeg\" alt class=\"wp-image-436636\"><\/a><\/figure>\n<p>Jude\u021bul Suceava a fost reprezentat de <strong>6 elevi<\/strong> de la urm\u0103toarele unit\u0103\u021bi de \u00eenv\u0103\u021b\u0103m\u00e2nt:<\/p>\n<ul class=\"wp-block-list\">\n<li>Colegiul de Art\u0103 \u201eCiprian Porumbescu\u201d Suceava<\/li>\n<li>Colegiul Na\u021bional \u201eMihai Eminescu\u201d Suceava<\/li>\n<li>Colegiul Na\u021bional \u201ePetru Rare\u0219\u201d Suceava<\/li>\n<li>Colegiul Na\u021bional \u201e\u0218tefan cel Mare\u201d Suceava<\/li>\n<li>Liceul cu Program Sportiv Suceava<\/li>\n<\/ul>\n<p>Elevii suceveni au ob\u021binut <strong>dou\u0103 premii I<\/strong>, prin:<\/p>\n<ul class=\"wp-block-list\">\n<li><strong>Ciubotariu Aida<\/strong>, clasa a X-a, Colegiul Na\u021bional \u201eMihai Eminescu\u201d Suceava<\/li>\n<li><strong>Mure\u0219an Patrisia-Elena<\/strong>, clasa a XI-a, Colegiul Na\u021bional \u201ePetru Rare\u0219\u201d Suceava<\/li>\n<\/ul>\n<p>Ambele eleve au fost coordonate de <strong>prof. pr. Iulian Sescu<\/strong>, care a \u00eenso\u021bit lotul sucevean la competi\u021bie.<\/p>\n<p>Lotul jude\u021bului Suceava a fost coordonat de inspectorul \u0219colar pentru religie, prof. <strong>Daniela-Lumini\u021ba Ceredeev<\/strong>.<\/p>\n<figure class=\"wp-block-embed is-type-video is-provider-youtube wp-block-embed-youtube wp-embed-aspect-16-9 wp-has-aspect-ratio\">\n<div class=\"wp-block-embed__wrapper\">\n<div class=\"youtube-embed\" data-video_id=\"9_OWzkg4Pxg\"><iframe loading=\"lazy\" title=\"Cum Transformi o r\u00e2p\u0103 \u00een Raiul b\u0103rba\u021bilor - CE AR FI S\u0102 ... bei bere afumat\u0103 ..cu gust de afine?\" width=\"696\" height=\"392\" src=\"https:\/\/www.youtube.com\/embed\/9_OWzkg4Pxg?start=2&amp;feature=oembed\" frameborder allow=\"accelerometer; autoplay; clipboard-write; encrypted-media; gyroscope; picture-in-picture; web-share\" referrerpolicy=\"strict-origin-when-cross-origin\" allowfullscreen><\/iframe><\/div>\n<\/div>\n<\/figure>\n<div class=\"td-a-rec td-a-rec-id-content_bottom  tdi_4 td_block_template_1\"><strong>Intr\u0103 acum \u0219i \u00een grupul de <\/p>\n<div class=\"wp-block-button\"><a class=\"wp-block-button__link wp-element-button\" href=\"https:\/\/t.me\/+TH8wcfnp8fw5NWI0\">Telegram News Bucovina<\/a><\/div>\n<p><\/strong><\/div>\n<\/div>\n<div class=\"td-post-content tagdiv-type\">\n<div class=\"td-a-rec td-a-rec-id-content_top  tdi_3 td_block_template_1\"><strong>Intr\u0103 acum \u0219i \u00een grupul de <\/p>\n<div class=\"wp-block-button\"><a class=\"wp-block-button__link wp-element-button\" href=\"https:\/\/t.me\/+TH8wcfnp8fw5NWI0\">Telegram News Bucovina<\/a><\/div>\n<p><\/strong><\/div>\n<p>Lotul jude\u021bului Suceava a \u00eenregistrat rezultate bune la etapa na\u021bional\u0103 a Olimpiadei de Religie, Cultul Romano-Catolic (limba rom\u00e2n\u0103), clasele V-XII, care s-a desf\u0103\u0219urat \u00een perioada 6-9 aprilie 2026 la Liceul \u201eEp. Dr. Alexandru Rusu\u201d din Baia Mare, jude\u021bul Maramure\u0219.<\/p>\n<figure class=\"wp-block-image size-large\"><a href=\"https:\/\/cdn.newsbucovina.ro\/wp-content\/uploads\/2026\/04\/catolica.jpeg\"><img loading=\"lazy\" decoding=\"async\" width=\"1024\" height=\"597\" src=\"https:\/\/cdn.newsbucovina.ro\/wp-content\/uploads\/2026\/04\/catolica-1024x597.jpeg\" alt class=\"wp-image-436636\"><\/a><\/figure>\n<p>Jude\u021bul Suceava a fost reprezentat de <strong>6 elevi<\/strong> de la urm\u0103toarele unit\u0103\u021bi de \u00eenv\u0103\u021b\u0103m\u00e2nt:<\/p>\n<ul class=\"wp-block-list\">\n<li>Colegiul de Art\u0103 \u201eCiprian Porumbescu\u201d Suceava<\/li>\n<li>Colegiul Na\u021bional \u201eMihai Eminescu\u201d Suceava<\/li>\n<li>Colegiul Na\u021bional \u201ePetru Rare\u0219\u201d Suceava<\/li>\n<li>Colegiul Na\u021bional \u201e\u0218tefan cel Mare\u201d Suceava<\/li>\n<li>Liceul cu Program Sportiv Suceava<\/li>\n<\/ul>\n<p>Elevii suceveni au ob\u021binut <strong>dou\u0103 premii I<\/strong>, prin:<\/p>\n<ul class=\"wp-block-list\">\n<li><strong>Ciubotariu Aida<\/strong>, clasa a X-a, Colegiul Na\u021bional \u201eMihai Eminescu\u201d Suceava<\/li>\n<li><strong>Mure\u0219an Patrisia-Elena<\/strong>, clasa a XI-a, Colegiul Na\u021bional \u201ePetru Rare\u0219\u201d Suceava<\/li>\n<\/ul>\n<p>Ambele eleve au fost coordonate de <strong>prof. pr. Iulian Sescu<\/strong>, care a \u00eenso\u021bit lotul sucevean la competi\u021bie.<\/p>\n<p>Lotul jude\u021bului Suceava a fost coordonat de inspectorul \u0219colar pentru religie, prof. <strong>Daniela-Lumini\u021ba Ceredeev<\/strong>.<\/p>\n<figure class=\"wp-block-embed is-type-video is-provider-youtube wp-block-embed-youtube wp-embed-aspect-16-9 wp-has-aspect-ratio\">\n<div class=\"wp-block-embed__wrapper\">\n<div class=\"youtube-embed\" data-video_id=\"9_OWzkg4Pxg\"><iframe loading=\"lazy\" title=\"Cum Transformi o r\u00e2p\u0103 \u00een Raiul b\u0103rba\u021bilor - CE AR FI S\u0102 ... bei bere afumat\u0103 ..cu gust de afine?\" width=\"696\" height=\"392\" src=\"https:\/\/www.youtube.com\/embed\/9_OWzkg4Pxg?start=2&amp;feature=oembed\" frameborder allow=\"accelerometer; autoplay; clipboard-write; encrypted-media; gyroscope; picture-in-picture; web-share\" referrerpolicy=\"strict-origin-when-cross-origin\" allowfullscreen><\/iframe><\/div>\n<\/div>\n<\/figure>\n<div class=\"td-a-rec td-a-rec-id-content_bottom  tdi_4 td_block_template_1\"><strong>Intr\u0103 acum \u0219i \u00een grupul de <\/p>\n<div class=\"wp-block-button\"><a class=\"wp-block-button__link wp-element-button\" href=\"https:\/\/t.me\/+TH8wcfnp8fw5NWI0\">Telegram News Bucovina<\/a><\/div>\n<p><\/strong><\/div>\n<\/div>\n<p>[analyse_source url=&#8221;https:\/\/www.newsbucovina.ro\/actualitate\/436635\/doua-premii-i-obtinute-de-elevi-suceveni-la-olimpiada-nationala-de-religie-cultul-romano-catolic-limba-romana-2026&#8243;]<\/p>\n","protected":false},"excerpt":{"rendered":"<p>[analyse_image type=&#8221;featured&#8221; src=&#8221;https:\/\/www.newsbucovina.ro\/wp-content\/uploads\/2026\/04\/catolica.jpeghttps:\/\/cdn.newsbucovina.ro\/wp-content\/uploads\/2026\/04\/catolica.jpeg&#8221;] Intr\u0103 acum \u0219i \u00een grupul de Telegram News Bucovina Lotul jude\u021bului Suceava a \u00eenregistrat rezultate bune la etapa na\u021bional\u0103 a Olimpiadei de Religie, Cultul Romano-Catolic (limba rom\u00e2n\u0103), clasele V-XII, care s-a desf\u0103\u0219urat \u00een perioada 6-9 aprilie 2026 la Liceul \u201eEp. Dr. Alexandru Rusu\u201d din Baia Mare, jude\u021bul Maramure\u0219. Jude\u021bul Suceava a fost [&hellip;]<\/p>\n","protected":false},"author":1,"featured_media":0,"comment_status":"open","ping_status":"","sticky":false,"template":"","format":"standard","meta":{"footnotes":""},"categories":[89],"tags":[226,165],"class_list":["post-1896702","post","type-post","status-publish","format-standard","hentry","category-romania","tag-crawlmanager","tag-newsbucovina-ro"],"_links":{"self":[{"href":"https:\/\/analyse.optim.biz\/index.php?rest_route=\/wp\/v2\/posts\/1896702","targetHints":{"allow":["GET"]}}],"collection":[{"href":"https:\/\/analyse.optim.biz\/index.php?rest_route=\/wp\/v2\/posts"}],"about":[{"href":"https:\/\/analyse.optim.biz\/index.php?rest_route=\/wp\/v2\/types\/post"}],"author":[{"embeddable":true,"href":"https:\/\/analyse.optim.biz\/index.php?rest_route=\/wp\/v2\/users\/1"}],"replies":[{"embeddable":true,"href":"https:\/\/analyse.optim.biz\/index.php?rest_route=%2Fwp%2Fv2%2Fcomments&post=1896702"}],"version-history":[{"count":0,"href":"https:\/\/analyse.optim.biz\/index.php?rest_route=\/wp\/v2\/posts\/1896702\/revisions"}],"wp:attachment":[{"href":"https:\/\/analyse.optim.biz\/index.php?rest_route=%2Fwp%2Fv2%2Fmedia&parent=1896702"}],"wp:term":[{"taxonomy":"category","embeddable":true,"href":"https:\/\/analyse.optim.biz\/index.php?rest_route=%2Fwp%2Fv2%2Fcategories&post=1896702"},{"taxonomy":"post_tag","embeddable":true,"href":"https:\/\/analyse.optim.biz\/index.php?rest_route=%2Fwp%2Fv2%2Ftags&post=1896702"}],"curies":[{"name":"wp","href":"https:\/\/api.w.org\/{rel}","templated":true}]}}