{"id":1896701,"date":"2026-04-21T07:19:07","date_gmt":"2026-04-21T04:19:07","guid":{"rendered":"https:\/\/analyse.optim.biz\/?p=1896701"},"modified":"2026-04-21T07:19:07","modified_gmt":"2026-04-21T04:19:07","slug":"olimpiada-nationala-de-religie-penticostala-2026-lotul-judetului-suceava-revine-de-la-oradea-cu-patru-premii-i","status":"publish","type":"post","link":"https:\/\/analyse.optim.biz\/?p=1896701","title":{"rendered":"Olimpiada Na\u021bional\u0103 de Religie Penticostal\u0103 2026: Lotul jude\u021bului Suceava revine de la Oradea cu patru premii I"},"content":{"rendered":"<p>[analyse_image type=&#8221;featured&#8221; src=&#8221;https:\/\/www.newsbucovina.ro\/wp-content\/uploads\/2026\/04\/penticostala.jpeghttps:\/\/cdn.newsbucovina.ro\/wp-content\/uploads\/2026\/04\/penticostala.jpeg&#8221;]<\/p>\n<div class=\"td-post-content tagdiv-type\">\n<div class=\"td-a-rec td-a-rec-id-content_top  tdi_3 td_block_template_1\"><strong>Intr\u0103 acum \u0219i \u00een grupul de <\/p>\n<div class=\"wp-block-button\"><a class=\"wp-block-button__link wp-element-button\" href=\"https:\/\/t.me\/+TH8wcfnp8fw5NWI0\">Telegram News Bucovina<\/a><\/div>\n<p><\/strong><\/div>\n<p>Lotul jude\u021bului Suceava a ob\u021binut rezultate excep\u021bionale la etapa final\u0103 a Olimpiadei Na\u021bionale de Religie Penticostal\u0103, care s-a desf\u0103\u0219urat \u00een perioada 1-4 aprilie 2026 la Liceul Teologic Penticostal \u201eBETEL\u201d din Oradea, jud. Bihor.<\/p>\n<figure class=\"wp-block-image size-large\"><a href=\"https:\/\/cdn.newsbucovina.ro\/wp-content\/uploads\/2026\/04\/penticostala.jpeg\"><img loading=\"lazy\" decoding=\"async\" width=\"1024\" height=\"768\" src=\"https:\/\/cdn.newsbucovina.ro\/wp-content\/uploads\/2026\/04\/penticostala-1024x768.jpeg\" alt class=\"wp-image-436633\"><\/a><\/figure>\n<p>Cei <strong>14 elevi<\/strong> suceveni, \u00eenso\u021bi\u021bi de prof. <strong>Duciuc Melania<\/strong> de la \u0218coala Gimnazial\u0103 \u201eAurelian Stanciu\u201d Salcea, au concurat al\u0103turi de elevi din 18 jude\u021be ale \u021b\u0103rii \u0219i au revenit acas\u0103 cu <strong>patru premii I, un premiu III \u0219i trei men\u021biuni<\/strong>, confirm\u00e2nd \u00eenc\u0103 o dat\u0103 valoarea \u0219i seriozitatea preg\u0103tirii religioase din \u0219colile sucevene.<\/p>\n<p><strong>Rezultatele complete ale lotului sucevean:<\/strong><\/p>\n<ul class=\"wp-block-list\">\n<li><strong>Premiul I<\/strong> \u2013 Ni\u021bu Doroteia, clasa a V-a, Liceul Tehnologic \u201eIon Nistor\u201d Vicovu de Sus (coord. prof. Filip Ni\u021bu)<\/li>\n<li><strong>Premiul I<\/strong> \u2013 Ni\u021bu Otilia, clasa a VII-a, Liceul Tehnologic \u201eIon Nistor\u201d Vicovu de Sus (coord. prof. Filip Ni\u021bu)<\/li>\n<li><strong>Premiul I<\/strong> \u2013 Cerni\u0219ov Riana, clasa a X-a, Liceul Teoretic \u201eFiladelfia\u201d Suceava (coord. prof. dr. Carmen Marici)<\/li>\n<li><strong>Premiul I<\/strong> \u2013 Zetu Rebeca, clasa a XI-a, Colegiul Na\u021bional \u201e\u0218tefan cel Mare\u201d Suceava (coord. prof. dr. Carmen Marici)<\/li>\n<li><strong>Premiul III<\/strong> \u2013 Cioban Alexia-Patricia, clasa a X-a, Colegiul Tehnic \u201eLa\u021bcu Vod\u0103\u201d Siret (coord. prof. Liviu Humeniuc)<\/li>\n<li><strong>Men\u021biune<\/strong> \u2013 Curelu\u0219\u0103 Elisa Andreea, clasa a V-a, Liceul Tehnologic \u201eMihai Eminescu\u201d Dumbr\u0103veni (coord. prof. Beniamin \u0218fabu)<\/li>\n<li><strong>Men\u021biune<\/strong> \u2013 Calancea Georgea, clasa a VIII-a, Liceul Tehnologic \u201eVasile Gherasim\u201d Marginea (coord. prof. Simon Mugurel Prelipcean)<\/li>\n<li><strong>Men\u021biune<\/strong> \u2013 Cazac Samuel, clasa a IX-a, Colegiul Tehnic \u201eRegele Ferdinand I\u201d R\u0103d\u0103u\u021bi (coord. prof. Simion Buzduga)<\/li>\n<\/ul>\n<p>Lotul jude\u021bului Suceava a fost coordonat de inspectorul \u0219colar pentru religie, prof. <strong>Daniela Ceredeev<\/strong>, \u0219i de prof. metodist <strong>Andrei Varasciuc<\/strong>, membru al Comisiei centrale de organizare a olimpiadei.<\/p>\n<figure class=\"wp-block-embed is-type-video is-provider-youtube wp-block-embed-youtube wp-embed-aspect-16-9 wp-has-aspect-ratio\">\n<div class=\"wp-block-embed__wrapper\">\n<div class=\"youtube-embed\" data-video_id=\"9_OWzkg4Pxg\"><iframe loading=\"lazy\" title=\"Cum Transformi o r\u00e2p\u0103 \u00een Raiul b\u0103rba\u021bilor - CE AR FI S\u0102 ... bei bere afumat\u0103 ..cu gust de afine?\" width=\"696\" height=\"392\" src=\"https:\/\/www.youtube.com\/embed\/9_OWzkg4Pxg?start=2&amp;feature=oembed\" frameborder allow=\"accelerometer; autoplay; clipboard-write; encrypted-media; gyroscope; picture-in-picture; web-share\" referrerpolicy=\"strict-origin-when-cross-origin\" allowfullscreen><\/iframe><\/div>\n<\/div>\n<\/figure>\n<div class=\"td-a-rec td-a-rec-id-content_bottom  tdi_4 td_block_template_1\"><strong>Intr\u0103 acum \u0219i \u00een grupul de <\/p>\n<div class=\"wp-block-button\"><a class=\"wp-block-button__link wp-element-button\" href=\"https:\/\/t.me\/+TH8wcfnp8fw5NWI0\">Telegram News Bucovina<\/a><\/div>\n<p><\/strong><\/div>\n<\/div>\n<div class=\"td-post-content tagdiv-type\">\n<div class=\"td-a-rec td-a-rec-id-content_top  tdi_3 td_block_template_1\"><strong>Intr\u0103 acum \u0219i \u00een grupul de <\/p>\n<div class=\"wp-block-button\"><a class=\"wp-block-button__link wp-element-button\" href=\"https:\/\/t.me\/+TH8wcfnp8fw5NWI0\">Telegram News Bucovina<\/a><\/div>\n<p><\/strong><\/div>\n<p>Lotul jude\u021bului Suceava a ob\u021binut rezultate excep\u021bionale la etapa final\u0103 a Olimpiadei Na\u021bionale de Religie Penticostal\u0103, care s-a desf\u0103\u0219urat \u00een perioada 1-4 aprilie 2026 la Liceul Teologic Penticostal \u201eBETEL\u201d din Oradea, jud. Bihor.<\/p>\n<figure class=\"wp-block-image size-large\"><a href=\"https:\/\/cdn.newsbucovina.ro\/wp-content\/uploads\/2026\/04\/penticostala.jpeg\"><img loading=\"lazy\" decoding=\"async\" width=\"1024\" height=\"768\" src=\"https:\/\/cdn.newsbucovina.ro\/wp-content\/uploads\/2026\/04\/penticostala-1024x768.jpeg\" alt class=\"wp-image-436633\"><\/a><\/figure>\n<p>Cei <strong>14 elevi<\/strong> suceveni, \u00eenso\u021bi\u021bi de prof. <strong>Duciuc Melania<\/strong> de la \u0218coala Gimnazial\u0103 \u201eAurelian Stanciu\u201d Salcea, au concurat al\u0103turi de elevi din 18 jude\u021be ale \u021b\u0103rii \u0219i au revenit acas\u0103 cu <strong>patru premii I, un premiu III \u0219i trei men\u021biuni<\/strong>, confirm\u00e2nd \u00eenc\u0103 o dat\u0103 valoarea \u0219i seriozitatea preg\u0103tirii religioase din \u0219colile sucevene.<\/p>\n<p><strong>Rezultatele complete ale lotului sucevean:<\/strong><\/p>\n<ul class=\"wp-block-list\">\n<li><strong>Premiul I<\/strong> \u2013 Ni\u021bu Doroteia, clasa a V-a, Liceul Tehnologic \u201eIon Nistor\u201d Vicovu de Sus (coord. prof. Filip Ni\u021bu)<\/li>\n<li><strong>Premiul I<\/strong> \u2013 Ni\u021bu Otilia, clasa a VII-a, Liceul Tehnologic \u201eIon Nistor\u201d Vicovu de Sus (coord. prof. Filip Ni\u021bu)<\/li>\n<li><strong>Premiul I<\/strong> \u2013 Cerni\u0219ov Riana, clasa a X-a, Liceul Teoretic \u201eFiladelfia\u201d Suceava (coord. prof. dr. Carmen Marici)<\/li>\n<li><strong>Premiul I<\/strong> \u2013 Zetu Rebeca, clasa a XI-a, Colegiul Na\u021bional \u201e\u0218tefan cel Mare\u201d Suceava (coord. prof. dr. Carmen Marici)<\/li>\n<li><strong>Premiul III<\/strong> \u2013 Cioban Alexia-Patricia, clasa a X-a, Colegiul Tehnic \u201eLa\u021bcu Vod\u0103\u201d Siret (coord. prof. Liviu Humeniuc)<\/li>\n<li><strong>Men\u021biune<\/strong> \u2013 Curelu\u0219\u0103 Elisa Andreea, clasa a V-a, Liceul Tehnologic \u201eMihai Eminescu\u201d Dumbr\u0103veni (coord. prof. Beniamin \u0218fabu)<\/li>\n<li><strong>Men\u021biune<\/strong> \u2013 Calancea Georgea, clasa a VIII-a, Liceul Tehnologic \u201eVasile Gherasim\u201d Marginea (coord. prof. Simon Mugurel Prelipcean)<\/li>\n<li><strong>Men\u021biune<\/strong> \u2013 Cazac Samuel, clasa a IX-a, Colegiul Tehnic \u201eRegele Ferdinand I\u201d R\u0103d\u0103u\u021bi (coord. prof. Simion Buzduga)<\/li>\n<\/ul>\n<p>Lotul jude\u021bului Suceava a fost coordonat de inspectorul \u0219colar pentru religie, prof. <strong>Daniela Ceredeev<\/strong>, \u0219i de prof. metodist <strong>Andrei Varasciuc<\/strong>, membru al Comisiei centrale de organizare a olimpiadei.<\/p>\n<figure class=\"wp-block-embed is-type-video is-provider-youtube wp-block-embed-youtube wp-embed-aspect-16-9 wp-has-aspect-ratio\">\n<div class=\"wp-block-embed__wrapper\">\n<div class=\"youtube-embed\" data-video_id=\"9_OWzkg4Pxg\"><iframe loading=\"lazy\" title=\"Cum Transformi o r\u00e2p\u0103 \u00een Raiul b\u0103rba\u021bilor - CE AR FI S\u0102 ... bei bere afumat\u0103 ..cu gust de afine?\" width=\"696\" height=\"392\" src=\"https:\/\/www.youtube.com\/embed\/9_OWzkg4Pxg?start=2&amp;feature=oembed\" frameborder allow=\"accelerometer; autoplay; clipboard-write; encrypted-media; gyroscope; picture-in-picture; web-share\" referrerpolicy=\"strict-origin-when-cross-origin\" allowfullscreen><\/iframe><\/div>\n<\/div>\n<\/figure>\n<div class=\"td-a-rec td-a-rec-id-content_bottom  tdi_4 td_block_template_1\"><strong>Intr\u0103 acum \u0219i \u00een grupul de <\/p>\n<div class=\"wp-block-button\"><a class=\"wp-block-button__link wp-element-button\" href=\"https:\/\/t.me\/+TH8wcfnp8fw5NWI0\">Telegram News Bucovina<\/a><\/div>\n<p><\/strong><\/div>\n<\/div>\n<p>[analyse_source url=&#8221;https:\/\/www.newsbucovina.ro\/actualitate\/436632\/olimpiada-nationala-de-religie-penticostala-2026-lotul-judetului-suceava-revine-de-la-oradea-cu-patru-premii-i&#8221;]<\/p>\n","protected":false},"excerpt":{"rendered":"<p>[analyse_image type=&#8221;featured&#8221; src=&#8221;https:\/\/www.newsbucovina.ro\/wp-content\/uploads\/2026\/04\/penticostala.jpeghttps:\/\/cdn.newsbucovina.ro\/wp-content\/uploads\/2026\/04\/penticostala.jpeg&#8221;] Intr\u0103 acum \u0219i \u00een grupul de Telegram News Bucovina Lotul jude\u021bului Suceava a ob\u021binut rezultate excep\u021bionale la etapa final\u0103 a Olimpiadei Na\u021bionale de Religie Penticostal\u0103, care s-a desf\u0103\u0219urat \u00een perioada 1-4 aprilie 2026 la Liceul Teologic Penticostal \u201eBETEL\u201d din Oradea, jud. Bihor. Cei 14 elevi suceveni, \u00eenso\u021bi\u021bi de prof. Duciuc Melania de [&hellip;]<\/p>\n","protected":false},"author":1,"featured_media":0,"comment_status":"open","ping_status":"","sticky":false,"template":"","format":"standard","meta":{"footnotes":""},"categories":[89],"tags":[226,165],"class_list":["post-1896701","post","type-post","status-publish","format-standard","hentry","category-romania","tag-crawlmanager","tag-newsbucovina-ro"],"_links":{"self":[{"href":"https:\/\/analyse.optim.biz\/index.php?rest_route=\/wp\/v2\/posts\/1896701","targetHints":{"allow":["GET"]}}],"collection":[{"href":"https:\/\/analyse.optim.biz\/index.php?rest_route=\/wp\/v2\/posts"}],"about":[{"href":"https:\/\/analyse.optim.biz\/index.php?rest_route=\/wp\/v2\/types\/post"}],"author":[{"embeddable":true,"href":"https:\/\/analyse.optim.biz\/index.php?rest_route=\/wp\/v2\/users\/1"}],"replies":[{"embeddable":true,"href":"https:\/\/analyse.optim.biz\/index.php?rest_route=%2Fwp%2Fv2%2Fcomments&post=1896701"}],"version-history":[{"count":0,"href":"https:\/\/analyse.optim.biz\/index.php?rest_route=\/wp\/v2\/posts\/1896701\/revisions"}],"wp:attachment":[{"href":"https:\/\/analyse.optim.biz\/index.php?rest_route=%2Fwp%2Fv2%2Fmedia&parent=1896701"}],"wp:term":[{"taxonomy":"category","embeddable":true,"href":"https:\/\/analyse.optim.biz\/index.php?rest_route=%2Fwp%2Fv2%2Fcategories&post=1896701"},{"taxonomy":"post_tag","embeddable":true,"href":"https:\/\/analyse.optim.biz\/index.php?rest_route=%2Fwp%2Fv2%2Ftags&post=1896701"}],"curies":[{"name":"wp","href":"https:\/\/api.w.org\/{rel}","templated":true}]}}