{"id":1896700,"date":"2026-04-21T07:12:40","date_gmt":"2026-04-21T04:12:40","guid":{"rendered":"https:\/\/analyse.optim.biz\/?p=1896700"},"modified":"2026-04-21T07:12:40","modified_gmt":"2026-04-21T04:12:40","slug":"serviciul-de-distributie-a-gazelor-naturale-va-fi-sistat-miercuri-pe-mai-multe-strazi-din-municipiul-suceava","status":"publish","type":"post","link":"https:\/\/analyse.optim.biz\/?p=1896700","title":{"rendered":"Serviciul de distribu\u021bie a gazelor naturale va fi sistat miercuri pe mai multe str\u0103zi din municipiul Suceava"},"content":{"rendered":"<p>[analyse_image type=&#8221;featured&#8221; src=&#8221;https:\/\/www.newsbucovina.ro\/wp-content\/uploads\/2020\/09\/gaz-metan-aragaz-foc.jpeghttps:\/\/cdn.newsbucovina.ro\/wp-content\/uploads\/2020\/09\/gaz-metan-aragaz-foc.jpeg&#8221;]<\/p>\n<div class=\"td-post-content tagdiv-type\">\n<div class=\"td-a-rec td-a-rec-id-content_top  tdi_3 td_block_template_1\"><strong>Intr\u0103 acum \u0219i \u00een grupul de <\/p>\n<div class=\"wp-block-button\"><a class=\"wp-block-button__link wp-element-button\" href=\"https:\/\/t.me\/+TH8wcfnp8fw5NWI0\">Telegram News Bucovina<\/a><\/div>\n<p><\/strong><\/div>\n<p>Compania Delgaz Grid anun\u021b\u0103 c\u0103 este nevoit\u0103 s\u0103 sisteze temporar alimentarea cu gaz miercuri, 22 aprilie, \u00een intervalul orar 09:00-16:00, la consumatori de pe str\u0103zile Nicolae Grigorescu, Mircea Hrisca, Eusebiu Camilar, Mircea Motrici, Sofroni Constantin \u0219i par\u021bial pe strada Cuza Vod\u0103 \u0219i Calea Burdujeni din municipiul Suceava pentru efectuarea unor lucr\u0103ri specifice la sistemul de distribu\u021bie a gazelor naturale.<\/p>\n<div class=\"wp-block-image\">\n<figure class=\"aligncenter size-full\"><a href=\"https:\/\/cdn.newsbucovina.ro\/wp-content\/uploads\/2020\/09\/gaz-metan-aragaz-foc.jpeg\"><img loading=\"lazy\" decoding=\"async\" width=\"720\" height=\"408\" src=\"https:\/\/cdn.newsbucovina.ro\/wp-content\/uploads\/2020\/09\/gaz-metan-aragaz-foc.jpeg.webp\" alt class=\"wp-image-297567\"><\/a><\/figure>\n<\/div>\n<p>Compania solicit\u0103 consumatorilor s\u0103 \u00eenchid\u0103 toate focurile, iar dup\u0103 reluarea distribu\u021biei gazelor naturale s\u0103 supravegheze modul de ardere a acestora timp de 30 minute.<\/p>\n<p>\u00cen cazul \u00een care simt miros specific de gaz, consumatorii sunt ruga\u021bi s\u0103 anun\u021be imediat dispeceratul de urgen\u021b\u0103 al Delgaz Grid la unul dintre numerele de telefon: <strong>0800.800.928<\/strong> (num\u0103r gratuit, apelabil din principalele re\u021bele de telefonie fix\u0103 \u0219i mobil\u0103) sau <strong>0265.200.928<\/strong> (num\u0103r taxabil cu tarif local din re\u021beaua Telekom \u0219i cu tariful operatorului din toate celelalte re\u021bele de telefonie).<\/p>\n<p>\u201eRegret\u0103m disconfortul creat \u0219i le mul\u021bumim clien\u021bilor pentru \u00een\u021belegerea \u0219i sprijinul acordat pentru desf\u0103\u0219urarea acestor lucr\u0103ri care au ca scop final \u00eembun\u0103t\u0103\u021birea serviciului de distribu\u021bie a gazelor naturale pentru consumatori\u201d, se arat\u0103 \u00een comunicatul Delgaz Grid.<\/p>\n<figure class=\"wp-block-embed is-type-video is-provider-youtube wp-block-embed-youtube wp-embed-aspect-16-9 wp-has-aspect-ratio\">\n<div class=\"wp-block-embed__wrapper\">\n<div class=\"youtube-embed\" data-video_id=\"9_OWzkg4Pxg\"><iframe loading=\"lazy\" title=\"Cum Transformi o r\u00e2p\u0103 \u00een Raiul b\u0103rba\u021bilor - CE AR FI S\u0102 ... bei bere afumat\u0103 ..cu gust de afine?\" width=\"696\" height=\"392\" src=\"https:\/\/www.youtube.com\/embed\/9_OWzkg4Pxg?start=2&amp;feature=oembed\" frameborder allow=\"accelerometer; autoplay; clipboard-write; encrypted-media; gyroscope; picture-in-picture; web-share\" referrerpolicy=\"strict-origin-when-cross-origin\" allowfullscreen><\/iframe><\/div>\n<\/div>\n<\/figure>\n<div class=\"td-a-rec td-a-rec-id-content_bottom  tdi_4 td_block_template_1\"><strong>Intr\u0103 acum \u0219i \u00een grupul de <\/p>\n<div class=\"wp-block-button\"><a class=\"wp-block-button__link wp-element-button\" href=\"https:\/\/t.me\/+TH8wcfnp8fw5NWI0\">Telegram News Bucovina<\/a><\/div>\n<p><\/strong><\/div>\n<\/div>\n<div class=\"td-post-content tagdiv-type\">\n<div class=\"td-a-rec td-a-rec-id-content_top  tdi_3 td_block_template_1\"><strong>Intr\u0103 acum \u0219i \u00een grupul de <\/p>\n<div class=\"wp-block-button\"><a class=\"wp-block-button__link wp-element-button\" href=\"https:\/\/t.me\/+TH8wcfnp8fw5NWI0\">Telegram News Bucovina<\/a><\/div>\n<p><\/strong><\/div>\n<p>Compania Delgaz Grid anun\u021b\u0103 c\u0103 este nevoit\u0103 s\u0103 sisteze temporar alimentarea cu gaz miercuri, 22 aprilie, \u00een intervalul orar 09:00-16:00, la consumatori de pe str\u0103zile Nicolae Grigorescu, Mircea Hrisca, Eusebiu Camilar, Mircea Motrici, Sofroni Constantin \u0219i par\u021bial pe strada Cuza Vod\u0103 \u0219i Calea Burdujeni din municipiul Suceava pentru efectuarea unor lucr\u0103ri specifice la sistemul de distribu\u021bie a gazelor naturale.<\/p>\n<div class=\"wp-block-image\">\n<figure class=\"aligncenter size-full\"><a href=\"https:\/\/cdn.newsbucovina.ro\/wp-content\/uploads\/2020\/09\/gaz-metan-aragaz-foc.jpeg\"><img loading=\"lazy\" decoding=\"async\" width=\"720\" height=\"408\" src=\"https:\/\/cdn.newsbucovina.ro\/wp-content\/uploads\/2020\/09\/gaz-metan-aragaz-foc.jpeg.webp\" alt class=\"wp-image-297567\"><\/a><\/figure>\n<\/div>\n<p>Compania solicit\u0103 consumatorilor s\u0103 \u00eenchid\u0103 toate focurile, iar dup\u0103 reluarea distribu\u021biei gazelor naturale s\u0103 supravegheze modul de ardere a acestora timp de 30 minute.<\/p>\n<p>\u00cen cazul \u00een care simt miros specific de gaz, consumatorii sunt ruga\u021bi s\u0103 anun\u021be imediat dispeceratul de urgen\u021b\u0103 al Delgaz Grid la unul dintre numerele de telefon: <strong>0800.800.928<\/strong> (num\u0103r gratuit, apelabil din principalele re\u021bele de telefonie fix\u0103 \u0219i mobil\u0103) sau <strong>0265.200.928<\/strong> (num\u0103r taxabil cu tarif local din re\u021beaua Telekom \u0219i cu tariful operatorului din toate celelalte re\u021bele de telefonie).<\/p>\n<p>\u201eRegret\u0103m disconfortul creat \u0219i le mul\u021bumim clien\u021bilor pentru \u00een\u021belegerea \u0219i sprijinul acordat pentru desf\u0103\u0219urarea acestor lucr\u0103ri care au ca scop final \u00eembun\u0103t\u0103\u021birea serviciului de distribu\u021bie a gazelor naturale pentru consumatori\u201d, se arat\u0103 \u00een comunicatul Delgaz Grid.<\/p>\n<figure class=\"wp-block-embed is-type-video is-provider-youtube wp-block-embed-youtube wp-embed-aspect-16-9 wp-has-aspect-ratio\">\n<div class=\"wp-block-embed__wrapper\">\n<div class=\"youtube-embed\" data-video_id=\"9_OWzkg4Pxg\"><iframe loading=\"lazy\" title=\"Cum Transformi o r\u00e2p\u0103 \u00een Raiul b\u0103rba\u021bilor - CE AR FI S\u0102 ... bei bere afumat\u0103 ..cu gust de afine?\" width=\"696\" height=\"392\" src=\"https:\/\/www.youtube.com\/embed\/9_OWzkg4Pxg?start=2&amp;feature=oembed\" frameborder allow=\"accelerometer; autoplay; clipboard-write; encrypted-media; gyroscope; picture-in-picture; web-share\" referrerpolicy=\"strict-origin-when-cross-origin\" allowfullscreen><\/iframe><\/div>\n<\/div>\n<\/figure>\n<div class=\"td-a-rec td-a-rec-id-content_bottom  tdi_4 td_block_template_1\"><strong>Intr\u0103 acum \u0219i \u00een grupul de <\/p>\n<div class=\"wp-block-button\"><a class=\"wp-block-button__link wp-element-button\" href=\"https:\/\/t.me\/+TH8wcfnp8fw5NWI0\">Telegram News Bucovina<\/a><\/div>\n<p><\/strong><\/div>\n<\/div>\n<p>[analyse_source url=&#8221;https:\/\/www.newsbucovina.ro\/actualitate\/436630\/serviciul-de-distributie-a-gazelor-naturale-va-fi-sistat-miercuri-pe-mai-multe-strazi-din-municipiul-suceava&#8221;]<\/p>\n","protected":false},"excerpt":{"rendered":"<p>[analyse_image type=&#8221;featured&#8221; src=&#8221;https:\/\/www.newsbucovina.ro\/wp-content\/uploads\/2020\/09\/gaz-metan-aragaz-foc.jpeghttps:\/\/cdn.newsbucovina.ro\/wp-content\/uploads\/2020\/09\/gaz-metan-aragaz-foc.jpeg&#8221;] Intr\u0103 acum \u0219i \u00een grupul de Telegram News Bucovina Compania Delgaz Grid anun\u021b\u0103 c\u0103 este nevoit\u0103 s\u0103 sisteze temporar alimentarea cu gaz miercuri, 22 aprilie, \u00een intervalul orar 09:00-16:00, la consumatori de pe str\u0103zile Nicolae Grigorescu, Mircea Hrisca, Eusebiu Camilar, Mircea Motrici, Sofroni Constantin \u0219i par\u021bial pe strada Cuza Vod\u0103 \u0219i Calea [&hellip;]<\/p>\n","protected":false},"author":1,"featured_media":0,"comment_status":"open","ping_status":"","sticky":false,"template":"","format":"standard","meta":{"footnotes":""},"categories":[89],"tags":[226,165],"class_list":["post-1896700","post","type-post","status-publish","format-standard","hentry","category-romania","tag-crawlmanager","tag-newsbucovina-ro"],"_links":{"self":[{"href":"https:\/\/analyse.optim.biz\/index.php?rest_route=\/wp\/v2\/posts\/1896700","targetHints":{"allow":["GET"]}}],"collection":[{"href":"https:\/\/analyse.optim.biz\/index.php?rest_route=\/wp\/v2\/posts"}],"about":[{"href":"https:\/\/analyse.optim.biz\/index.php?rest_route=\/wp\/v2\/types\/post"}],"author":[{"embeddable":true,"href":"https:\/\/analyse.optim.biz\/index.php?rest_route=\/wp\/v2\/users\/1"}],"replies":[{"embeddable":true,"href":"https:\/\/analyse.optim.biz\/index.php?rest_route=%2Fwp%2Fv2%2Fcomments&post=1896700"}],"version-history":[{"count":0,"href":"https:\/\/analyse.optim.biz\/index.php?rest_route=\/wp\/v2\/posts\/1896700\/revisions"}],"wp:attachment":[{"href":"https:\/\/analyse.optim.biz\/index.php?rest_route=%2Fwp%2Fv2%2Fmedia&parent=1896700"}],"wp:term":[{"taxonomy":"category","embeddable":true,"href":"https:\/\/analyse.optim.biz\/index.php?rest_route=%2Fwp%2Fv2%2Fcategories&post=1896700"},{"taxonomy":"post_tag","embeddable":true,"href":"https:\/\/analyse.optim.biz\/index.php?rest_route=%2Fwp%2Fv2%2Ftags&post=1896700"}],"curies":[{"name":"wp","href":"https:\/\/api.w.org\/{rel}","templated":true}]}}