{"id":1896699,"date":"2026-04-20T18:36:01","date_gmt":"2026-04-20T15:36:01","guid":{"rendered":"https:\/\/analyse.optim.biz\/?p=1896699"},"modified":"2026-04-20T18:36:01","modified_gmt":"2026-04-20T15:36:01","slug":"sofer-ranit-la-falticeni-masina-a-fost-strapunsa-de-parapetul-de-protectie","status":"publish","type":"post","link":"https:\/\/analyse.optim.biz\/?p=1896699","title":{"rendered":"\u0218ofer r\u0103nit la F\u0103lticeni: Ma\u0219ina a fost str\u0103puns\u0103 de parapetul de protec\u021bie"},"content":{"rendered":"<p>[analyse_image type=&#8221;featured&#8221; src=&#8221;https:\/\/www.newsbucovina.ro\/wp-content\/uploads\/2026\/04\/WhatsApp-Image-2026-04-20-at-21.29.531.jpeghttps:\/\/cdn.newsbucovina.ro\/wp-content\/uploads\/2026\/04\/WhatsApp-Image-2026-04-20-at-21.29.531.jpeg&#8221;]<\/p>\n<div class=\"td-post-content tagdiv-type\">\n<div class=\"td-a-rec td-a-rec-id-content_top  tdi_3 td_block_template_1\"><strong>Intr\u0103 acum \u0219i \u00een grupul de <\/p>\n<div class=\"wp-block-button\"><a class=\"wp-block-button__link wp-element-button\" href=\"https:\/\/t.me\/+TH8wcfnp8fw5NWI0\">Telegram News Bucovina<\/a><\/div>\n<p><\/strong><\/div>\n<p>Un accident rutier a avut loc luni seara pe raza municipiului F\u0103lticeni, soldat cu r\u0103nirea conduc\u0103torului auto.<\/p>\n<figure class=\"wp-block-gallery has-nested-images columns-default is-cropped wp-block-gallery-1 is-layout-flex wp-block-gallery-is-layout-flex\">\n<figure class=\"wp-block-image size-large\"><a href=\"https:\/\/cdn.newsbucovina.ro\/wp-content\/uploads\/2026\/04\/WhatsApp-Image-2026-04-20-at-21.29.52.jpeg\"><img loading=\"lazy\" decoding=\"async\" width=\"768\" height=\"1024\" data-id=\"436626\" src=\"https:\/\/cdn.newsbucovina.ro\/wp-content\/uploads\/2026\/04\/WhatsApp-Image-2026-04-20-at-21.29.52-768x1024.jpeg\" alt class=\"wp-image-436626\"><\/a><\/figure>\n<figure class=\"wp-block-image size-large\"><a href=\"https:\/\/cdn.newsbucovina.ro\/wp-content\/uploads\/2026\/04\/WhatsApp-Image-2026-04-20-at-21.29.531.jpeg\"><img loading=\"lazy\" decoding=\"async\" width=\"1024\" height=\"768\" data-id=\"436625\" src=\"https:\/\/cdn.newsbucovina.ro\/wp-content\/uploads\/2026\/04\/WhatsApp-Image-2026-04-20-at-21.29.531-1024x768.jpeg\" alt class=\"wp-image-436625\"><\/a><\/figure>\n<\/figure>\n<p>Potrivit slt Radu Gabriel din cadrul ISU Suceava, un autoturism a intrat \u00een coliziune cu un parapet de protec\u021bie. La fa\u021ba locului au intervenit de urgen\u021b\u0103 pompierii militari din cadrul Deta\u0219amentului F\u0103lticeni cu o autospecial\u0103 pentru descarcerare, sprijini\u021bi de dou\u0103 echipaje ale Serviciului de Ambulan\u021b\u0103 Jude\u021bean (SAJ) Suceava.<\/p>\n<p>\u00cen accident a fost implicat doar conduc\u0103torul autoturismului, un b\u0103rbat \u00een v\u00e2rst\u0103 de aproximativ 60 de ani. Echipajul SMURD B2 din cadrul Deta\u0219amentului F\u0103lticeni, care se \u00eentorcea de la o alt\u0103 interven\u021bie, a extras victima din vehicul \u0219i i-a acordat primul ajutor medical la fa\u021ba locului.<\/p>\n<p>B\u0103rbatul, care se afla \u00een stare semicon\u0219tient\u0103, a fost predat ulterior unui echipaj SAJ \u00eencadrat cu medic, fiind transportat la spital pentru investiga\u021bii suplimentare \u0219i tratament de specialitate.<\/p>\n<p>Poli\u021bi\u0219tii rutieri au demarat cercet\u0103rile pentru stabilirea cauzelor exacte care au dus la producerea accidentului.<\/p>\n<figure class=\"wp-block-embed is-type-video is-provider-youtube wp-block-embed-youtube wp-embed-aspect-16-9 wp-has-aspect-ratio\">\n<div class=\"wp-block-embed__wrapper\">\n<div class=\"youtube-embed\" data-video_id=\"9_OWzkg4Pxg\"><iframe loading=\"lazy\" title=\"Cum Transformi o r\u00e2p\u0103 \u00een Raiul b\u0103rba\u021bilor - CE AR FI S\u0102 ... bei bere afumat\u0103 ..cu gust de afine?\" width=\"696\" height=\"392\" src=\"https:\/\/www.youtube.com\/embed\/9_OWzkg4Pxg?start=2&amp;feature=oembed\" frameborder allow=\"accelerometer; autoplay; clipboard-write; encrypted-media; gyroscope; picture-in-picture; web-share\" referrerpolicy=\"strict-origin-when-cross-origin\" allowfullscreen><\/iframe><\/div>\n<\/div>\n<\/figure>\n<div class=\"td-a-rec td-a-rec-id-content_bottom  tdi_4 td_block_template_1\"><strong>Intr\u0103 acum \u0219i \u00een grupul de <\/p>\n<div class=\"wp-block-button\"><a class=\"wp-block-button__link wp-element-button\" href=\"https:\/\/t.me\/+TH8wcfnp8fw5NWI0\">Telegram News Bucovina<\/a><\/div>\n<p><\/strong><\/div>\n<\/div>\n<div class=\"td-post-content tagdiv-type\">\n<div class=\"td-a-rec td-a-rec-id-content_top  tdi_3 td_block_template_1\"><strong>Intr\u0103 acum \u0219i \u00een grupul de <\/p>\n<div class=\"wp-block-button\"><a class=\"wp-block-button__link wp-element-button\" href=\"https:\/\/t.me\/+TH8wcfnp8fw5NWI0\">Telegram News Bucovina<\/a><\/div>\n<p><\/strong><\/div>\n<p>Un accident rutier a avut loc luni seara pe raza municipiului F\u0103lticeni, soldat cu r\u0103nirea conduc\u0103torului auto.<\/p>\n<figure class=\"wp-block-gallery has-nested-images columns-default is-cropped wp-block-gallery-1 is-layout-flex wp-block-gallery-is-layout-flex\">\n<figure class=\"wp-block-image size-large\"><a href=\"https:\/\/cdn.newsbucovina.ro\/wp-content\/uploads\/2026\/04\/WhatsApp-Image-2026-04-20-at-21.29.52.jpeg\"><img loading=\"lazy\" decoding=\"async\" width=\"768\" height=\"1024\" data-id=\"436626\" src=\"https:\/\/cdn.newsbucovina.ro\/wp-content\/uploads\/2026\/04\/WhatsApp-Image-2026-04-20-at-21.29.52-768x1024.jpeg\" alt class=\"wp-image-436626\"><\/a><\/figure>\n<figure class=\"wp-block-image size-large\"><a href=\"https:\/\/cdn.newsbucovina.ro\/wp-content\/uploads\/2026\/04\/WhatsApp-Image-2026-04-20-at-21.29.531.jpeg\"><img loading=\"lazy\" decoding=\"async\" width=\"1024\" height=\"768\" data-id=\"436625\" src=\"https:\/\/cdn.newsbucovina.ro\/wp-content\/uploads\/2026\/04\/WhatsApp-Image-2026-04-20-at-21.29.531-1024x768.jpeg\" alt class=\"wp-image-436625\"><\/a><\/figure>\n<\/figure>\n<p>Potrivit slt Radu Gabriel din cadrul ISU Suceava, un autoturism a intrat \u00een coliziune cu un parapet de protec\u021bie. La fa\u021ba locului au intervenit de urgen\u021b\u0103 pompierii militari din cadrul Deta\u0219amentului F\u0103lticeni cu o autospecial\u0103 pentru descarcerare, sprijini\u021bi de dou\u0103 echipaje ale Serviciului de Ambulan\u021b\u0103 Jude\u021bean (SAJ) Suceava.<\/p>\n<p>\u00cen accident a fost implicat doar conduc\u0103torul autoturismului, un b\u0103rbat \u00een v\u00e2rst\u0103 de aproximativ 60 de ani. Echipajul SMURD B2 din cadrul Deta\u0219amentului F\u0103lticeni, care se \u00eentorcea de la o alt\u0103 interven\u021bie, a extras victima din vehicul \u0219i i-a acordat primul ajutor medical la fa\u021ba locului.<\/p>\n<p>B\u0103rbatul, care se afla \u00een stare semicon\u0219tient\u0103, a fost predat ulterior unui echipaj SAJ \u00eencadrat cu medic, fiind transportat la spital pentru investiga\u021bii suplimentare \u0219i tratament de specialitate.<\/p>\n<p>Poli\u021bi\u0219tii rutieri au demarat cercet\u0103rile pentru stabilirea cauzelor exacte care au dus la producerea accidentului.<\/p>\n<figure class=\"wp-block-embed is-type-video is-provider-youtube wp-block-embed-youtube wp-embed-aspect-16-9 wp-has-aspect-ratio\">\n<div class=\"wp-block-embed__wrapper\">\n<div class=\"youtube-embed\" data-video_id=\"9_OWzkg4Pxg\"><iframe loading=\"lazy\" title=\"Cum Transformi o r\u00e2p\u0103 \u00een Raiul b\u0103rba\u021bilor - CE AR FI S\u0102 ... bei bere afumat\u0103 ..cu gust de afine?\" width=\"696\" height=\"392\" src=\"https:\/\/www.youtube.com\/embed\/9_OWzkg4Pxg?start=2&amp;feature=oembed\" frameborder allow=\"accelerometer; autoplay; clipboard-write; encrypted-media; gyroscope; picture-in-picture; web-share\" referrerpolicy=\"strict-origin-when-cross-origin\" allowfullscreen><\/iframe><\/div>\n<\/div>\n<\/figure>\n<div class=\"td-a-rec td-a-rec-id-content_bottom  tdi_4 td_block_template_1\"><strong>Intr\u0103 acum \u0219i \u00een grupul de <\/p>\n<div class=\"wp-block-button\"><a class=\"wp-block-button__link wp-element-button\" href=\"https:\/\/t.me\/+TH8wcfnp8fw5NWI0\">Telegram News Bucovina<\/a><\/div>\n<p><\/strong><\/div>\n<\/div>\n<p>[analyse_source url=&#8221;https:\/\/www.newsbucovina.ro\/actualitate\/436624\/sofer-ranit-la-falticeni-masina-a-fost-strapunsa-de-parapetul-de-protectie&#8221;]<\/p>\n","protected":false},"excerpt":{"rendered":"<p>[analyse_image type=&#8221;featured&#8221; src=&#8221;https:\/\/www.newsbucovina.ro\/wp-content\/uploads\/2026\/04\/WhatsApp-Image-2026-04-20-at-21.29.531.jpeghttps:\/\/cdn.newsbucovina.ro\/wp-content\/uploads\/2026\/04\/WhatsApp-Image-2026-04-20-at-21.29.531.jpeg&#8221;] Intr\u0103 acum \u0219i \u00een grupul de Telegram News Bucovina Un accident rutier a avut loc luni seara pe raza municipiului F\u0103lticeni, soldat cu r\u0103nirea conduc\u0103torului auto. Potrivit slt Radu Gabriel din cadrul ISU Suceava, un autoturism a intrat \u00een coliziune cu un parapet de protec\u021bie. La fa\u021ba locului au intervenit de urgen\u021b\u0103 [&hellip;]<\/p>\n","protected":false},"author":1,"featured_media":0,"comment_status":"open","ping_status":"","sticky":false,"template":"","format":"standard","meta":{"footnotes":""},"categories":[89],"tags":[226,165],"class_list":["post-1896699","post","type-post","status-publish","format-standard","hentry","category-romania","tag-crawlmanager","tag-newsbucovina-ro"],"_links":{"self":[{"href":"https:\/\/analyse.optim.biz\/index.php?rest_route=\/wp\/v2\/posts\/1896699","targetHints":{"allow":["GET"]}}],"collection":[{"href":"https:\/\/analyse.optim.biz\/index.php?rest_route=\/wp\/v2\/posts"}],"about":[{"href":"https:\/\/analyse.optim.biz\/index.php?rest_route=\/wp\/v2\/types\/post"}],"author":[{"embeddable":true,"href":"https:\/\/analyse.optim.biz\/index.php?rest_route=\/wp\/v2\/users\/1"}],"replies":[{"embeddable":true,"href":"https:\/\/analyse.optim.biz\/index.php?rest_route=%2Fwp%2Fv2%2Fcomments&post=1896699"}],"version-history":[{"count":0,"href":"https:\/\/analyse.optim.biz\/index.php?rest_route=\/wp\/v2\/posts\/1896699\/revisions"}],"wp:attachment":[{"href":"https:\/\/analyse.optim.biz\/index.php?rest_route=%2Fwp%2Fv2%2Fmedia&parent=1896699"}],"wp:term":[{"taxonomy":"category","embeddable":true,"href":"https:\/\/analyse.optim.biz\/index.php?rest_route=%2Fwp%2Fv2%2Fcategories&post=1896699"},{"taxonomy":"post_tag","embeddable":true,"href":"https:\/\/analyse.optim.biz\/index.php?rest_route=%2Fwp%2Fv2%2Ftags&post=1896699"}],"curies":[{"name":"wp","href":"https:\/\/api.w.org\/{rel}","templated":true}]}}