{"id":1896697,"date":"2026-04-22T13:29:29","date_gmt":"2026-04-22T10:29:29","guid":{"rendered":"https:\/\/analyse.optim.biz\/?p=1896697"},"modified":"2026-04-22T13:29:29","modified_gmt":"2026-04-22T10:29:29","slug":"sedinta-importanta-la-directia-judeteana-de-mediu-suceava-pentru-analizarea-autorizatiei-pentru-depozitul-de-deseuri-din-pasul-mestecanis-se-prefigureaza-un-aviz-negativ","status":"publish","type":"post","link":"https:\/\/analyse.optim.biz\/?p=1896697","title":{"rendered":"\u0218edin\u021b\u0103 important\u0103 la Direc\u021bia Jude\u021bean\u0103 de Mediu Suceava pentru analizarea autoriza\u021biei pentru depozitul de de\u0219euri din Pasul Mestec\u0103ni\u0219. Se prefigureaz\u0103 un aviz negativ"},"content":{"rendered":"<p>[analyse_image type=&#8221;featured&#8221; src=&#8221;https:\/\/www.newsbucovina.ro\/wp-content\/uploads\/2023\/04\/groapa-depozit-mestecanis.jpghttps:\/\/cdn.newsbucovina.ro\/wp-content\/uploads\/2023\/04\/groapa-depozit-mestecanis.jpg&#8221;]<\/p>\n<div class=\"td-post-content tagdiv-type\">\n<div class=\"td-a-rec td-a-rec-id-content_top  tdi_3 td_block_template_1\"><strong>Intr\u0103 acum \u0219i \u00een grupul de <\/p>\n<div class=\"wp-block-button\"><a class=\"wp-block-button__link wp-element-button\" href=\"https:\/\/t.me\/+TH8wcfnp8fw5NWI0\">Telegram News Bucovina<\/a><\/div>\n<p><\/strong><\/div>\n<p>Comisia de Analiz\u0103 Tehnic\u0103 se va reuni vineri, 24 aprilie 2026, la ora 12:00, la sediul Direc\u021biei Jude\u021bene de Mediu Suceava, pentru a analiza solicitarea Consiliului Jude\u021bean Suceava privind acordul de mediu pentru \u201eCentrul de Management Integrat al De\u0219eurilor Pojor\u00e2ta \u2013 Depozitul Ecologic de De\u0219euri Pojor\u00e2ta\u201d.<\/p>\n<div class=\"wp-block-image\">\n<figure class=\"aligncenter size-full\"><a href=\"https:\/\/cdn.newsbucovina.ro\/wp-content\/uploads\/2023\/04\/groapa-depozit-mestecanis.jpg\"><img loading=\"lazy\" decoding=\"async\" width=\"730\" height=\"505\" src=\"https:\/\/cdn.newsbucovina.ro\/wp-content\/uploads\/2023\/04\/groapa-depozit-mestecanis.jpg\" alt class=\"wp-image-363008\"><\/a><\/figure>\n<\/div>\n<p>Proiectul, amplasat \u00een comuna Pojor\u00e2ta, face obiectul procedurii de evaluare a impactului asupra mediului, conform Legii nr. 292\/2018 \u0219i a celorlalte acte normative \u00een domeniu (O.U.G. nr. 57\/2007, Legea apelor nr. 107\/1996 etc.).<\/p>\n<p>\u00cen vederea \u0219edin\u021bei, Direc\u021bia Jude\u021bean\u0103 de Mediu Suceava a transmis tuturor membrilor Comisiei de Analiz\u0103 Tehnic\u0103 documenta\u021bia aferent\u0103 Autoriza\u021biei Integrate de Mediu \u0219i solicit\u0103 ca ace\u0219tia s\u0103 transmit\u0103, \u00een scris, eventualele solicit\u0103ri de completare\/informa\u021bii suplimentare sau puncte de vedere p\u00e2n\u0103 la data de 23 aprilie 2026.<\/p>\n<p>Potrivit anun\u021bului oficial, \u00een \u0219edin\u021ba din 24 aprilie vor fi prezentate doar proiectele pentru care se primesc puncte de vedere scrise de la to\u021bi membrii Comisiei. APM Suceava precizeaz\u0103 c\u0103 solicit\u0103 prezen\u021ba fizic\u0103 a tuturor membrilor Comisiei de Analiz\u0103 Tehnic\u0103, reprezentan\u021bi ai institu\u021biilor \u0219i autorit\u0103\u021bilor competente. Conducerea Agen\u021biei pentru Protec\u021bia Mediului Suceava atrage aten\u021bia c\u0103, \u00een cazul \u00een care nu vor fi primite punctele de vedere scrise \u0219i nu va exista participare la \u0219edin\u021b\u0103, se vor \u00eenregistra \u00eent\u00e2rzieri \u00een derularea procedurii de reglementare.<\/p>\n<p>Potrivit unor surse apropiate situa\u021biei APM Suceava va da aviz negativ \u00een aceast\u0103 \u0219edin\u021b\u0103.<\/p>\n<p>Consiliul Jude\u021bean Suceava este titularul proiectului pentru realizarea Depozitului Ecologic de De\u0219euri Pojor\u00e2ta, investi\u021bie de interes jude\u021bean destinat\u0103 managementului integrat al de\u0219eurilor.<\/p>\n<p>Reamintim c\u0103 pre\u0219edintele CJ Suceava, Gheorghe \u0218oldan, a sus\u021binut \u00eenc\u0103 de la preluarea mandatului c\u0103 nu \u00ee\u0219i propune s\u0103 deschid\u0103 depozitul ecologic de de\u0219euri de la Mestec\u0103ni\u0219.<\/p>\n<p>\u201e\u00cen momentul de fa\u021b\u0103 acolo este o problem\u0103 foarte grav\u0103 de mediu \u0219i o problem\u0103 a turismului din zon\u0103 fiindc\u0103 nu po\u021bi spune c\u0103 atragi foarte mul\u021bi turi\u0219ti pe un drum european foarte tranzitat \u0219i tu ai fix acolo o groap\u0103 de gunoi\u201d, declara \u0218oldan \u00een urm\u0103 cu un an.<\/p>\n<p>\u201eVom \u00eencerca g\u0103sirea unei solu\u021bii prin care s\u0103 nu d\u0103m foarte mul\u021bi bani \u00eenapoi \u0219i s\u0103 \u00eencerc\u0103m s\u0103 facem o relocare a investi\u021biei care este acolo. Vorbim de o sum\u0103 de 36 de milioane de lei dac\u0103 ar fi s\u0103 fie da\u021bi banii \u00eenapoi\u201d, a mai ar\u0103tat \u0218oldan.<\/p>\n<div class=\"td-a-rec td-a-rec-id-content_bottom  tdi_4 td_block_template_1\"><strong>Intr\u0103 acum \u0219i \u00een grupul de <\/p>\n<div class=\"wp-block-button\"><a class=\"wp-block-button__link wp-element-button\" href=\"https:\/\/t.me\/+TH8wcfnp8fw5NWI0\">Telegram News Bucovina<\/a><\/div>\n<p><\/strong><\/div>\n<\/div>\n<div class=\"td-post-content tagdiv-type\">\n<div class=\"td-a-rec td-a-rec-id-content_top  tdi_3 td_block_template_1\"><strong>Intr\u0103 acum \u0219i \u00een grupul de <\/p>\n<div class=\"wp-block-button\"><a class=\"wp-block-button__link wp-element-button\" href=\"https:\/\/t.me\/+TH8wcfnp8fw5NWI0\">Telegram News Bucovina<\/a><\/div>\n<p><\/strong><\/div>\n<p>Comisia de Analiz\u0103 Tehnic\u0103 se va reuni vineri, 24 aprilie 2026, la ora 12:00, la sediul Direc\u021biei Jude\u021bene de Mediu Suceava, pentru a analiza solicitarea Consiliului Jude\u021bean Suceava privind acordul de mediu pentru \u201eCentrul de Management Integrat al De\u0219eurilor Pojor\u00e2ta \u2013 Depozitul Ecologic de De\u0219euri Pojor\u00e2ta\u201d.<\/p>\n<div class=\"wp-block-image\">\n<figure class=\"aligncenter size-full\"><a href=\"https:\/\/cdn.newsbucovina.ro\/wp-content\/uploads\/2023\/04\/groapa-depozit-mestecanis.jpg\"><img loading=\"lazy\" decoding=\"async\" width=\"730\" height=\"505\" src=\"https:\/\/cdn.newsbucovina.ro\/wp-content\/uploads\/2023\/04\/groapa-depozit-mestecanis.jpg\" alt class=\"wp-image-363008\"><\/a><\/figure>\n<\/div>\n<p>Proiectul, amplasat \u00een comuna Pojor\u00e2ta, face obiectul procedurii de evaluare a impactului asupra mediului, conform Legii nr. 292\/2018 \u0219i a celorlalte acte normative \u00een domeniu (O.U.G. nr. 57\/2007, Legea apelor nr. 107\/1996 etc.).<\/p>\n<p>\u00cen vederea \u0219edin\u021bei, Direc\u021bia Jude\u021bean\u0103 de Mediu Suceava a transmis tuturor membrilor Comisiei de Analiz\u0103 Tehnic\u0103 documenta\u021bia aferent\u0103 Autoriza\u021biei Integrate de Mediu \u0219i solicit\u0103 ca ace\u0219tia s\u0103 transmit\u0103, \u00een scris, eventualele solicit\u0103ri de completare\/informa\u021bii suplimentare sau puncte de vedere p\u00e2n\u0103 la data de 23 aprilie 2026.<\/p>\n<p>Potrivit anun\u021bului oficial, \u00een \u0219edin\u021ba din 24 aprilie vor fi prezentate doar proiectele pentru care se primesc puncte de vedere scrise de la to\u021bi membrii Comisiei. APM Suceava precizeaz\u0103 c\u0103 solicit\u0103 prezen\u021ba fizic\u0103 a tuturor membrilor Comisiei de Analiz\u0103 Tehnic\u0103, reprezentan\u021bi ai institu\u021biilor \u0219i autorit\u0103\u021bilor competente. Conducerea Agen\u021biei pentru Protec\u021bia Mediului Suceava atrage aten\u021bia c\u0103, \u00een cazul \u00een care nu vor fi primite punctele de vedere scrise \u0219i nu va exista participare la \u0219edin\u021b\u0103, se vor \u00eenregistra \u00eent\u00e2rzieri \u00een derularea procedurii de reglementare.<\/p>\n<p>Potrivit unor surse apropiate situa\u021biei APM Suceava va da aviz negativ \u00een aceast\u0103 \u0219edin\u021b\u0103.<\/p>\n<p>Consiliul Jude\u021bean Suceava este titularul proiectului pentru realizarea Depozitului Ecologic de De\u0219euri Pojor\u00e2ta, investi\u021bie de interes jude\u021bean destinat\u0103 managementului integrat al de\u0219eurilor.<\/p>\n<p>Reamintim c\u0103 pre\u0219edintele CJ Suceava, Gheorghe \u0218oldan, a sus\u021binut \u00eenc\u0103 de la preluarea mandatului c\u0103 nu \u00ee\u0219i propune s\u0103 deschid\u0103 depozitul ecologic de de\u0219euri de la Mestec\u0103ni\u0219.<\/p>\n<p>\u201e\u00cen momentul de fa\u021b\u0103 acolo este o problem\u0103 foarte grav\u0103 de mediu \u0219i o problem\u0103 a turismului din zon\u0103 fiindc\u0103 nu po\u021bi spune c\u0103 atragi foarte mul\u021bi turi\u0219ti pe un drum european foarte tranzitat \u0219i tu ai fix acolo o groap\u0103 de gunoi\u201d, declara \u0218oldan \u00een urm\u0103 cu un an.<\/p>\n<p>\u201eVom \u00eencerca g\u0103sirea unei solu\u021bii prin care s\u0103 nu d\u0103m foarte mul\u021bi bani \u00eenapoi \u0219i s\u0103 \u00eencerc\u0103m s\u0103 facem o relocare a investi\u021biei care este acolo. Vorbim de o sum\u0103 de 36 de milioane de lei dac\u0103 ar fi s\u0103 fie da\u021bi banii \u00eenapoi\u201d, a mai ar\u0103tat \u0218oldan.<\/p>\n<div class=\"td-a-rec td-a-rec-id-content_bottom  tdi_4 td_block_template_1\"><strong>Intr\u0103 acum \u0219i \u00een grupul de <\/p>\n<div class=\"wp-block-button\"><a class=\"wp-block-button__link wp-element-button\" href=\"https:\/\/t.me\/+TH8wcfnp8fw5NWI0\">Telegram News Bucovina<\/a><\/div>\n<p><\/strong><\/div>\n<\/div>\n<p>[analyse_source url=&#8221;https:\/\/www.newsbucovina.ro\/actualitate\/436759\/sedinta-importanta-la-directia-judeteana-de-mediu-suceava-pentru-analizarea-autorizatiei-pentru-depozitul-de-deseuri-din-pasul-mestecanis-se-prefigureaza-un-aviz-negativ&#8221;]<\/p>\n","protected":false},"excerpt":{"rendered":"<p>[analyse_image type=&#8221;featured&#8221; src=&#8221;https:\/\/www.newsbucovina.ro\/wp-content\/uploads\/2023\/04\/groapa-depozit-mestecanis.jpghttps:\/\/cdn.newsbucovina.ro\/wp-content\/uploads\/2023\/04\/groapa-depozit-mestecanis.jpg&#8221;] Intr\u0103 acum \u0219i \u00een grupul de Telegram News Bucovina Comisia de Analiz\u0103 Tehnic\u0103 se va reuni vineri, 24 aprilie 2026, la ora 12:00, la sediul Direc\u021biei Jude\u021bene de Mediu Suceava, pentru a analiza solicitarea Consiliului Jude\u021bean Suceava privind acordul de mediu pentru \u201eCentrul de Management Integrat al De\u0219eurilor Pojor\u00e2ta \u2013 Depozitul Ecologic [&hellip;]<\/p>\n","protected":false},"author":1,"featured_media":0,"comment_status":"open","ping_status":"","sticky":false,"template":"","format":"standard","meta":{"footnotes":""},"categories":[89],"tags":[226,165],"class_list":["post-1896697","post","type-post","status-publish","format-standard","hentry","category-romania","tag-crawlmanager","tag-newsbucovina-ro"],"_links":{"self":[{"href":"https:\/\/analyse.optim.biz\/index.php?rest_route=\/wp\/v2\/posts\/1896697","targetHints":{"allow":["GET"]}}],"collection":[{"href":"https:\/\/analyse.optim.biz\/index.php?rest_route=\/wp\/v2\/posts"}],"about":[{"href":"https:\/\/analyse.optim.biz\/index.php?rest_route=\/wp\/v2\/types\/post"}],"author":[{"embeddable":true,"href":"https:\/\/analyse.optim.biz\/index.php?rest_route=\/wp\/v2\/users\/1"}],"replies":[{"embeddable":true,"href":"https:\/\/analyse.optim.biz\/index.php?rest_route=%2Fwp%2Fv2%2Fcomments&post=1896697"}],"version-history":[{"count":0,"href":"https:\/\/analyse.optim.biz\/index.php?rest_route=\/wp\/v2\/posts\/1896697\/revisions"}],"wp:attachment":[{"href":"https:\/\/analyse.optim.biz\/index.php?rest_route=%2Fwp%2Fv2%2Fmedia&parent=1896697"}],"wp:term":[{"taxonomy":"category","embeddable":true,"href":"https:\/\/analyse.optim.biz\/index.php?rest_route=%2Fwp%2Fv2%2Fcategories&post=1896697"},{"taxonomy":"post_tag","embeddable":true,"href":"https:\/\/analyse.optim.biz\/index.php?rest_route=%2Fwp%2Fv2%2Ftags&post=1896697"}],"curies":[{"name":"wp","href":"https:\/\/api.w.org\/{rel}","templated":true}]}}