{"id":1896687,"date":"2026-04-22T05:00:00","date_gmt":"2026-04-22T02:00:00","guid":{"rendered":"https:\/\/analyse.optim.biz\/?p=1896687"},"modified":"2026-04-22T05:00:00","modified_gmt":"2026-04-22T02:00:00","slug":"22-aprilie-sfantul-ierarh-teodor-sicheotul-episcopul-anastasiopolei","status":"publish","type":"post","link":"https:\/\/analyse.optim.biz\/?p=1896687","title":{"rendered":"22 aprilie: Sf\u00e2ntul Ierarh Teodor Sicheotul, episcopul Anastasiopolei"},"content":{"rendered":"<p>[analyse_image type=&#8221;featured&#8221; src=&#8221;https:\/\/www.activenews.ro\/images\/articole\/155582.png&#8221;]<\/p>\n<div class=\"articleBody\" data-key=\"articleBody\">&lt;div&gt;&lt;span style=&#8221;font-weight: bold;&#8221;&gt;Via\u021ba Sf\u00e2ntului Teodor a fost scris\u0103 de ucenicul s\u0103u Eleusie. Teodor s-a n\u0103scut \u00een jurul anului 530 \u00een satul Sicheon din Galatia. \u00cenc\u0103 de la na\u0219tere a avut o rela\u021bie aparte cu Sf\u00e2ntul Gheorghe sub a c\u0103rui ocrotire a stat \u0219i a c\u0103rui evlavie a purtat-o toat\u0103 via\u021ba.&lt;\/span&gt;&lt;\/div&gt; &lt;div&gt; &lt;div&gt;&lt;br \/&gt; &lt;\/div&gt; &lt;div&gt;Dedicat vie\u021buirii austere \u0219i-a s\u0103pat o chilie \u00een preajma unei biserici dedicate Sf\u00e2ntului Gheorghe.M\u00e2nat din prea mult\u0103 r\u00e2vn\u0103, a exagerat cu nevoin\u021bele ajung\u00e2nd s\u0103-\u0219i pun\u0103 via\u021ba \u00een pericol.&lt;\/div&gt; &lt;div&gt;&lt;br \/&gt; &lt;\/div&gt; &lt;div&gt;A fost dus f\u0103r\u0103 \u00eent\u00e2rziere la casa episcopului din Anastasiopol unde a primit \u00eengrijiri. Uimit de devotamentul duhovnicesc al lui Teodor, \u00eendat\u0103 ce \u0219i-a revenit, episcopul l-a hirotonit.&lt;\/div&gt; &lt;div&gt;&lt;br \/&gt; &lt;\/div&gt; &lt;div&gt;La c\u00e2tva timp dup\u0103, pentru \u00eent\u0103rirea sa duhovniceasc\u0103, Teodor a plecat \u00eentr-un pelerinaj la locurile sfinte. A vizitat Ierusalimul \u0219i \u021aara Sf\u00e2nt\u0103, aleg\u00e2nd mai ales s\u0103 mearg\u0103 s\u0103 cear\u0103 sfat p\u0103rin\u021bilor monahi \u00eembun\u0103t\u0103\u021bi\u021bi din acea vreme. Stare\u021bul m\u00e2n\u0103stirii Khoziba i-a dat schima monahal\u0103. Astfel \u00eent\u0103rit s-a \u00eentors \u00een patria sa, \u0219i \u00een apropierea bisericii Sf\u00e2ntului Gheorghe a ridicat o m\u00e2n\u0103stire unde s\u0103 se nevoiasc\u0103 el \u0219i ucenicii s\u0103i.&lt;\/div&gt; &lt;div&gt;&lt;br \/&gt; &lt;\/div&gt; &lt;div&gt;Cunoscut pentru sporirea sa duhovniceasc\u0103, Teodor a \u00eenceput s\u0103 fie c\u0103utat de mul\u021bime de oameni pentru sfat.&lt;\/div&gt; &lt;div&gt;&lt;br \/&gt; &lt;\/div&gt; &lt;div&gt;\u00centre cei ce l-au cercetat s-a aflat \u0219i un general bizantin numit Mavrichie, care l-a vizitat dup\u0103 o important\u0103 victorie \u00eempotriva per\u0219ilor. Acestui general Teodor i-a profe\u021bit c\u0103 se va urca pe tronul imperial, fapt ce s-a adeverit ulterior \u00een anul 582.&lt;\/div&gt; &lt;div&gt;&lt;br \/&gt; &lt;\/div&gt; &lt;div&gt;La moartea episcopului Timotei de Anastasiopol, clerul \u0219i poporul deopotriv\u0103 au cerut ca Teodor s\u0103 \u00eei urmeze demnit\u0103\u021bii episcopale. Teodor a refuzat, \u00eens\u0103 dup\u0103 \u00eendelungi insisten\u021be, inclusiv ale episcopilor din eparhiile vecine, a acceptat \u00een\u0103l\u021barea la episcopie.&lt;\/div&gt; &lt;div&gt;&lt;br \/&gt; &lt;\/div&gt; &lt;div&gt;S-a dedicat datoriilor pastorale, \u00eens\u0103 inima sa a r\u0103mas iubitoare de rug\u0103ciunea \u00een singur\u0103tate. Ca s\u0103 poat\u0103 l\u0103muri pentru sine aceast\u0103 lupt\u0103 a mai f\u0103cut o c\u0103l\u0103torie la Ierusalim. Acolo s-a sf\u0103tuit cu un b\u0103tr\u00e2n pustnic numit Antioh care l-a sf\u0103tuit s\u0103 devin\u0103 pustnic. \u00centorc\u00e2ndu-se, i-a cerut mitropolitului Pavel de Ancira s\u0103 \u00eei numeasc\u0103 un succesor \u00eens\u0103 lovindu-se de refuzul acestuia a trebuit s\u0103 apeleze la Patriarh \u0219i la \u00cemp\u0103rat.&lt;\/div&gt; &lt;div&gt;&lt;br \/&gt; &lt;\/div&gt; &lt;div&gt;Pentru multa sa smerenie i s-a acceptat cererea cu condi\u021bia s\u0103 poarte \u00een continuare \u00eensemnele episcopale.&lt;\/div&gt; &lt;div&gt;&lt;br \/&gt; &lt;\/div&gt; &lt;div&gt;S-a \u00eentors fericit la m\u00e2n\u0103stire \u0219i la via\u021ba pustniceasc\u0103. Restul vie\u021bii l-a petrecut \u00een solitudine ajut\u00e2nd foarte mult\u0103 lume prin rug\u0103ciunile \u0219i minunile pe care le-a s\u0103v\u00e2r\u0219it.&lt;\/div&gt; &lt;div&gt;&lt;br \/&gt; &lt;\/div&gt; &lt;div&gt;A trecut la Domnul \u00een anul 613 iar sfintele sale moa\u0219te au fost depuse \u00een biserica Sf\u00e2ntului Gheorghe pe care a iubit-o at\u00e2t de mult \u0219i care \u00een onoarea Sf\u00e2ntului Teodor a primit \u0219i numele de Sikeota.&lt;\/div&gt; &lt;div&gt;&lt;br \/&gt; &lt;\/div&gt;&lt;span style=&#8221;font-weight: bold;&#8221;&gt;Sfin\u021bii Mucenici Rafail, Irina \u0219i Nicolae din Insula Lesvos&lt;\/span&gt;&lt;br \/&gt; &lt;br \/&gt; A fost voia Domnului ca sfintele moa\u0219te s\u0103 fie aflate dup\u0103 aproape 500 de ani, iar desco\u00adperirea lor s\u0103 se fac\u0103 chiar sub \u00eendru\u00admarea sfin\u021bilor mucenici. Ei s-au ar\u0103tat \u00een vise sau vedenii unor oameni credincio\u0219i c\u0103rora le-au des\u00ad\u00adcoperit mucenicia lor, dar \u0219i unde tre\u00adbuiau s\u0103 sape ca s\u0103 g\u0103seasc\u0103 urme ale sfintei m\u0103\u00adn\u0103s\u00adtiri.&lt;br \/&gt; &lt;br \/&gt; Pr\u0103znuire \u00een ziua de mar\u021bi din S\u0103pt\u0103m\u00e2na Luminat\u0103 \u0219i pe 9 aprilie.&lt;br \/&gt; &lt;\/div&gt;<\/div>\n<p>[analyse_source url=&#8221;https:\/\/www.activenews.ro\/cultura\/22-aprilie-Sfantul-Ierarh-Teodor-Sicheotul-episcopul-Anastasiopolei-155582&#8243;]<\/p>\n","protected":false},"excerpt":{"rendered":"<p>[analyse_image type=&#8221;featured&#8221; src=&#8221;https:\/\/www.activenews.ro\/images\/articole\/155582.png&#8221;] &lt;div&gt;&lt;span style=&#8221;font-weight: bold;&#8221;&gt;Via\u021ba Sf\u00e2ntului Teodor a fost scris\u0103 de ucenicul s\u0103u Eleusie. Teodor s-a n\u0103scut \u00een jurul anului 530 \u00een satul Sicheon din Galatia. \u00cenc\u0103 de la na\u0219tere a avut o rela\u021bie aparte cu Sf\u00e2ntul Gheorghe sub a c\u0103rui ocrotire a stat \u0219i a c\u0103rui evlavie a purtat-o toat\u0103 via\u021ba.&lt;\/span&gt;&lt;\/div&gt; &lt;div&gt; &lt;div&gt;&lt;br [&hellip;]<\/p>\n","protected":false},"author":1,"featured_media":0,"comment_status":"open","ping_status":"","sticky":false,"template":"","format":"standard","meta":{"footnotes":""},"categories":[89],"tags":[98,226],"class_list":["post-1896687","post","type-post","status-publish","format-standard","hentry","category-romania","tag-activenews-ro","tag-crawlmanager"],"_links":{"self":[{"href":"https:\/\/analyse.optim.biz\/index.php?rest_route=\/wp\/v2\/posts\/1896687","targetHints":{"allow":["GET"]}}],"collection":[{"href":"https:\/\/analyse.optim.biz\/index.php?rest_route=\/wp\/v2\/posts"}],"about":[{"href":"https:\/\/analyse.optim.biz\/index.php?rest_route=\/wp\/v2\/types\/post"}],"author":[{"embeddable":true,"href":"https:\/\/analyse.optim.biz\/index.php?rest_route=\/wp\/v2\/users\/1"}],"replies":[{"embeddable":true,"href":"https:\/\/analyse.optim.biz\/index.php?rest_route=%2Fwp%2Fv2%2Fcomments&post=1896687"}],"version-history":[{"count":0,"href":"https:\/\/analyse.optim.biz\/index.php?rest_route=\/wp\/v2\/posts\/1896687\/revisions"}],"wp:attachment":[{"href":"https:\/\/analyse.optim.biz\/index.php?rest_route=%2Fwp%2Fv2%2Fmedia&parent=1896687"}],"wp:term":[{"taxonomy":"category","embeddable":true,"href":"https:\/\/analyse.optim.biz\/index.php?rest_route=%2Fwp%2Fv2%2Fcategories&post=1896687"},{"taxonomy":"post_tag","embeddable":true,"href":"https:\/\/analyse.optim.biz\/index.php?rest_route=%2Fwp%2Fv2%2Ftags&post=1896687"}],"curies":[{"name":"wp","href":"https:\/\/api.w.org\/{rel}","templated":true}]}}