{"id":1896673,"date":"2026-04-21T21:00:00","date_gmt":"2026-04-21T18:00:00","guid":{"rendered":"https:\/\/analyse.optim.biz\/?p=1896673"},"modified":"2026-04-21T21:00:00","modified_gmt":"2026-04-21T18:00:00","slug":"22-aprilie-1990-startul-pietei-universitatii-in-urma-cu-36-de-ani-incepea-cea-mai-ampla-manifestatie-anticomunista-din-europa-centrala-si-de-est-video-si-galerie-foto","status":"publish","type":"post","link":"https:\/\/analyse.optim.biz\/?p=1896673","title":{"rendered":"22 aprilie 1990, startul Pie\u021bei Universit\u0103\u021bii. \u00cen urm\u0103 cu 36 de ani \u00eencepea cea mai ampl\u0103 manifesta\u021bie anticomunist\u0103 din Europa Central\u0103 \u0219i de Est. VIDEO \u0219i GALERIE FOTO"},"content":{"rendered":"<p>[analyse_image type=&#8221;featured&#8221; src=&#8221;https:\/\/www.activenews.ro\/images\/articole\/142781.jpg&#8221;]<\/p>\n<div class=\"articleBody\" data-key=\"articleBody\">&lt;iframe src=&#8221;https:\/\/www.youtube.com\/embed\/iIbzYMjQjDA&#8221; title=&#8221;YouTube video player&#8221; allow=&#8221;accelerometer; autoplay; clipboard-write; encrypted-media; gyroscope; picture-in-picture; web-share&#8221; allowfullscreen=&#8221;&#8221; width=&#8221;560&#8243; height=&#8221;315&#8243; frameborder=&#8221;0&#8243;&gt;&lt;\/iframe&gt; &lt;div&gt;&lt;span style=&#8221;font-weight: bold;&#8221;&gt;Pe 22 aprilie 1990, la 4 luni de la c\u0103derea comunismului, dup\u0103 un mar\u0219 cu un incident violent la adresa unui participant, manifestan\u021bii vin \u00een Pia\u021ba Universit\u0103\u021bii din Bucure\u0219ti, unul dintre locurile-simbol ale insurec\u021biei anticomuniste din decembrie 1989, pentru a striga \u00eempotriva regimului neocomunist instaurat prin conspira\u021bie, cu Ion Iliescu, Petre Roman \u0219i Silviu Brucan la putere, to\u021bi trei vechi comuni\u0219ti nomenclaturi\u0219ti bol\u0219evici urm\u0103ri\u021bi pentru rela\u021bii cu structurile sovietice de informa\u021bii. Victor Roncea \u0219i Andrei Rochian, doi dintre participan\u021bi, blocheaz\u0103 traficul cu panourile de metal care \u00eemprejmuiau un \u0219antier din zona spiatlului Col\u021bea, afectat \u00een timpul evenimentelor din 1989. Astfel se ocup\u0103 Pia\u021ba. Pe 24 aprilie, Liga Studen\u021bilor condus\u0103 de Marian Munteanu deschide balconul Universit\u0103\u021bii care, sub icoana Maicii Domnului \u0219i portretul lui Eminescu, devine tribuna exprim\u0103rii anticomunismului natural al rom\u00e2nilor. Asocia\u021bia Studen\u021bilor Arhitec\u021bi \u00eempreun\u0103 cu colegii de la Institutul de Arte Plastice \u0219i Liceul Nicolae Tonitza decoreaz\u0103 Pia\u021ba \u0219i proiecteaz\u0103 pe un ecran dispus pe cl\u0103direa Arhitecturii film\u0103ri care prezint\u0103 adev\u0103rurile despre conspira\u021bia KGB-GRU-FSN din decembrie 1989. \u00cen urma catalog\u0103rii protestatarilor drept \u201egolani\u201d, de c\u0103tre Ion Iliescu, George Roncea creeaz\u0103 efigia \u201eGolan\u201d pe care o \u00eenm\u00e2neaz\u0103 participan\u021bilor. Ac\u021biunea anticomunist\u0103 a c\u0103p\u0103tat denumirea de \u201eFenomenul Pia\u021ba Universit\u0103\u021bii\u201d \u0219i a devenit cunoscut\u0103 \u00een \u00eentreaga lume sub numele de &lt;a href=&#8221;http:\/\/en.wikipedia.org\/wiki\/Golaniad&#8221; target=&#8221;_blank&#8221; rel=&#8221;&#8221;&gt;Golaniada&lt;\/a&gt;. &lt;span style=&#8221;color: rgb(239, 0, 27);&#8221;&gt;ActiveNews&lt;\/span&gt; v\u0103 prezint\u0103 \u00een Galeria Foto din baza materialului o expozi\u021bie de fotografii online dedicat\u0103 Fenomenului, cu urm\u0103torul text explicativ:&lt;br \/&gt; &lt;\/span&gt;&lt;\/div&gt; &lt;div&gt;&nbsp;&lt;\/div&gt; &lt;div&gt;&lt;span class=&#8221;d2edcug0 hpfvmrgz qv66sw1b c1et5uql lr9zc1uh a8c37x1j fe6kdd0r mau55g9w c8b282yb keod5gw0 nxhoafnm aigsh9s9 d3f4x2em iv3no6db jq4qci2q a3bd9o3v b1v8xokw oo9gr5id&#8221; dir=&#8221;auto&#8221;&gt;Fenomenul Pia\u021ba Universit\u0103\u021bii 1989 \u2013 1990 a reprezentat cu adev\u0103rat readucerea la Bucure\u0219ti a axei lumii, extirpate din spa\u021biul public al Rom\u00e2niei dup\u0103 ocupa\u021bia bol\u0219evic\u0103 a Rusiei sovietice. Nicic\u00e2nd nu se mai v\u0103zuse \u00een Agora \u021b\u0103rii o asemenea manifestare de credin\u021b\u0103 \u0219i lupt\u0103 deschis\u0103 \u0219i non-violent\u0103, pentru libertate, nicic\u00e2nd nu s-a mai v\u0103zut de atunci un astfel de fenomen ingenuu. &lt;\/span&gt;&lt;\/div&gt; &lt;div&gt;&nbsp;&lt;\/div&gt; &lt;div&gt;&lt;span class=&#8221;d2edcug0 hpfvmrgz qv66sw1b c1et5uql lr9zc1uh a8c37x1j fe6kdd0r mau55g9w c8b282yb keod5gw0 nxhoafnm aigsh9s9 d3f4x2em iv3no6db jq4qci2q a3bd9o3v b1v8xokw oo9gr5id&#8221; dir=&#8221;auto&#8221;&gt;Unicitatea Fenomenului declan\u0219at \u00een aprilie 1990 de tinerii care fuseser\u0103 deja pe baricadele din 1989 \u00een acela\u0219i loc sacru const\u0103 \u0219i \u00een caracterul ei profund cultural \u0219i moral. Acolo, sub icoana Maicii Domnului adus\u0103 de la Putna \u0219i \u00eentre portretele \u201eRom\u00e2nului Absolut\u201d din Balconul Universit\u0103\u021bii, s-a recitat Doina lui Eminescu interzis\u0103 de ocupan\u021bii sovietici, de acolo s-a transmis salutul de solidaritate al dramaturgului &#8220;academician\u2013golan\u201d Eugen Ionescu, acolo au cuv\u00e2ntat poetul cre\u0219tin Ioan Alexandru \u0219i P\u0103rintele Constantin Galeriu, de acolo a binecuv\u00e2ntat manifesta\u021bia cel mai mare teolog al secolului trecut, P\u0103rintele Dumitru St\u0103niloae, acolo s-a c\u00e2ntat \u201eImnul Golanilor\u201d \u0219i \u201eDoamne, vino, Doamne\u201d, \u00een emo\u021bia de mas\u0103 a elitei active a Rom\u00e2niei \u0219i acolo a r\u0103sunat vibrant, pentru prima oar\u0103 \u00een libertate dup\u0103 45 de ani, din pieptul a 100.000 de rom\u00e2ni, troparul \u00cenvierii Domnului: \u201eHristos a \u00eenviat din mor\u021bi cu moartea pre moarte c\u0103lc\u00e2nd!\u201d. &lt;\/span&gt;&lt;\/div&gt; &lt;div&gt;&nbsp;&lt;\/div&gt; &lt;div&gt;&lt;span class=&#8221;d2edcug0 hpfvmrgz qv66sw1b c1et5uql lr9zc1uh a8c37x1j fe6kdd0r mau55g9w c8b282yb keod5gw0 nxhoafnm aigsh9s9 d3f4x2em iv3no6db jq4qci2q a3bd9o3v b1v8xokw oo9gr5id&#8221; dir=&#8221;auto&#8221;&gt;Totodat\u0103, la fel de important, Pia\u021ba Universit\u0103\u021bii s-a constituit \u00een prima resurs\u0103 de informa\u021bii reale a Rom\u00e2niei, prin fa\u021bada Institutului de Arhitectur\u0103, transformat\u0103 de studentul la Arte Plastice, viitorul ziarist George Roncea, \u00eentr-un portal de comunicare direct\u0103 cu rom\u00e2nii. Pe l\u00e2ng\u0103 mesajele dispuse pe frontispiciul cl\u0103dirii lui Grigore Cerchez ce poart\u0103 numele lui Ion Mincu, acolo a fost difuzat\u0103 pentru prima oar\u0103 \u00een Rom\u00e2nia, pe un ecran gigant plasat cu greu dar reu\u0219it\u0103 din baza de la ultimul etaj, filmarea ascuns\u0103 de regim \u00een care conspiratorul GRU\/KGB Nicolae Militaru, afirma \u00een sediul CC al PCR, c\u0103tre fiul de agent NKVD Petre Roman, agentul sovietic Silviu Brucan \u0219i \u0219colitul la Moscova Ion Iliescu, c\u0103 \u201eFrontul Salv\u0103rii Na\u021bionale fiin\u021beaz\u0103 de \u0219ase luni de zile!\u201d.&lt;br \/&gt; &lt;br \/&gt; \u201eNoi de-aicea nu plec\u0103m, nu plec\u0103m acas\u0103, p\u00e2n\u0103 nu vom c\u00e2\u0219tiga libertatea noastr\u0103\u201d, era refrenul preferat al zecilor de mii de participan\u021bi din \u201eZona Liber\u0103 de Neocomunism a Rom\u00e2niei\u201d. \u00centr-adev\u0103r, ultimii pleca\u021bi nu au f\u0103cut-o de bun\u0103 voie ci numai ridica\u021bi pe sus \u00een c\u0103tu\u0219ele mili\u021bienilor transforma\u021bi peste noapte \u00een poli\u021bi\u0219ti, lovi\u021bi sub paturile de arm\u0103 ale jandarmilor proasp\u0103t redenumi\u021bi din trupe\u021bi ai Securit\u0103\u021bii \u0219i, apoi, mai ales, \u00eens\u00e2ngera\u021bi de b\u00e2tele \u0219i chiar topoarele minerilor manipula\u021bi de conduc\u0103torii vizibili sau din umbr\u0103 ai FSN. Cei aresta\u021bi \u0219i maltrata\u021bi \u2013 elevi, studen\u021bi, intelectuali sau simpli bucure\u0219teni revolta\u021bi &#8211; au fost \u00eencarcera\u021bi ilegal \u00een condi\u021bii de lag\u0103r \u0219i tortura\u021bi, uneori bestial.&lt;br \/&gt; &lt;br \/&gt; Finalul dramatic al manifesta\u021biei nu mai are nimic de a face cu energia demonstra\u021biei pa\u0219nice de 52 de zile. Este o eviden\u021b\u0103 pentru orice om informat c\u0103 opera\u021biunea din 13 iunie 1990 a fost jocul mai multor servicii speciale, din Rom\u00e2nia \u0219i de aiurea, fiecare cu interesul lui. &lt;\/span&gt;&lt;\/div&gt; &lt;div&gt;&nbsp;&lt;\/div&gt; &lt;div&gt;&lt;span class=&#8221;d2edcug0 hpfvmrgz qv66sw1b c1et5uql lr9zc1uh a8c37x1j fe6kdd0r mau55g9w c8b282yb keod5gw0 nxhoafnm aigsh9s9 d3f4x2em iv3no6db jq4qci2q a3bd9o3v b1v8xokw oo9gr5id&#8221; dir=&#8221;auto&#8221;&gt;Pentru cei mai tineri amintim doar fraza interceptat\u0103 dintr-o transmisiune a Ministerului de Interne: \u201eVa rog sa-l informati pe domnul presedinte: dam foc la toate autobuzele. Aceasta a fost intelegerea\u201d. Pe de alt\u0103 parte, ast\u0103zi cunoa\u0219tem c\u0103 la subsolul \u0219i primele nivele ale sediului Poli\u021biei Capitalei se afla o parte din arhiva Securit\u0103\u021bii Municipiului Bucure\u0219ti \u00een care se stocaser\u0103 monitoriz\u0103rile evenimentelor din decembrie 1989 \u2013 audio, video \u0219i scrise &#8211; care puteau afecta serios interesele Armatei conduse acum de capi din agentura sovietic\u0103 din Rom\u00e2nia. Fotograful Nic Hanu a \u00eenregistrat \u00een imaginile sale mai multe eviden\u021be care demonstreaz\u0103 indubitabil pentru un specialist c\u0103 modul uniform \u0219i puternic \u00een care au ars autobuzele nu poate fi datorat doar unor sticle incendiare (\u0219i ele venite de unde?). La fel, mai ales, explozia a c\u0103rei ciuperc\u0103 se ridic\u0103 p\u00e2n\u0103 la etajul 4 al cl\u0103dirii Poli\u021biei. &lt;br \/&gt; &lt;br \/&gt; Ce a urmat, p\u00e2n\u0103 azi, se \u0219tie, se vede cu ochiul liber \u0219i se simte, din p\u0103cate, pe spatele bietului rom\u00e2n \u0219i \u00een dauna resurselor p\u0103m\u00e2nturilor lui dumnezeie\u0219ti milenare: men\u021binerea Rom\u00e2niei, conform \u00een\u021belegerilor secrete de la Malta, \u00een sfera de influen\u021b\u0103 sovietic\u0103, atunci, ruso-german\u0103, acum. Doar un cutremur venit de la Washington, pe care \u00eel a\u0219teptau \u0219i manifestan\u021bii din Pia\u021ba Universit\u0103\u021bii 1989 &#8211; 1990, urmat de un vulcan a c\u0103rui lav\u0103 s\u0103 topeasc\u0103 toate nodurile re\u021belei planetare anti-umane comunist-progresiste, mai poate surpa, poate, acest e\u0219afodaj nefast pentru Rom\u00e2nia.&lt;br \/&gt; &lt;br \/&gt; \u201eS-ar putea spune c\u0103 acea genera\u021bie frumoas\u0103 \u0219i triumful ei de o clip\u0103 au fost doar un vis frumos care s-a risipit \u00een t\u0103ria zilei cu proza ei nemiloas\u0103. Dar cine nu \u0219tie c\u0103 cea mai conturat\u0103 realitate este mai \u00eent\u00e2i un vis frumos? Aici, la umbra Carpa\u021bilor, oamenii n-au \u00eencetat niciodat\u0103 s\u0103 cread\u0103 \u00een puterea vis\u0103rii.\u201d, scrie \u00een Catalogul Expozi\u021biei profesorul Ilie B\u0103descu, membru corespondent al Academiei Rom\u00e2ne, membru al Consiliului \u0218tiin\u021bific al Institutului Na\u021bional pentru Studiul Totalitarismului \u0219i director al Institutului de Sociologie al Academiei Rom\u00e2ne.&lt;\/span&gt;&nbsp;&lt;\/div&gt; &lt;div&gt;&nbsp;&lt;\/div&gt; &lt;div&gt;Citi\u021bi &lt;span style=&#8221;font-weight: bold;&#8221;&gt;&lt;a href=&#8221;https:\/\/www.activenews.ro\/opinii\/Profesorul-Ilie-Badescu-Fenomenul-Piata-Universitatii-1989-%E2%80%93-1990-sau-caderea-unui-imperiu-ateu-167400&#8243; target=&#8221;_blank&#8221; rel=&#8221;&#8221;&gt;Profesorul Ilie B\u0103descu: Fenomenul Pia\u021ba Universit\u0103\u021bii 1989 \u2013 1990 sau c\u0103derea unui imperiu ateu&lt;\/a&gt;&lt;\/span&gt;&lt;\/div&gt; &lt;div&gt;&nbsp;&lt;\/div&gt; &lt;div&gt;&lt;img src=&#8221;https:\/\/www.activenews.ro\/documente\/Piata Universitatii 1990 Foto Emanuel Parvu.jpg&#8221; alt=&#8221;&#8221; style=&#8221;margin-top:0px;margin-right:0px;margin-bottom:0px;margin-left:0px;;width:1080px;;height:608px;&#8221; border=&#8221;0&#8243; \/&gt;&lt;span style=&#8221;font-weight: bold;&#8221;&gt;&lt;\/span&gt;&lt;br \/&gt; &lt;br \/&gt; &lt;\/div&gt; &lt;div&gt;Pia\u021ba va r\u0103m\u00e2ne blocat\u0103 p\u00e2n\u0103 la 13 iunie 1990, c\u00e2nd revolta a fost &#8220;spart\u0103&#8221;. Mii de mineri au venit \u00een Capital\u0103 pentru a pune cap\u0103t demonstra\u021biilor anticomuniste din Pia\u021ba Universit\u0103\u021bii. Sute de oameni nevinova\u021bi au fost crunt b\u0103tu\u021bi \u0219i aresta\u021bi. 746 de persoane au fost r\u0103nite \u00een acele confrunt\u0103ri, iar \u0219ase au murit, oficial. \u00cen realitate, au fost zeci de mor\u021bi \u00eengropa\u021bi apoi ca \u201enecunoscu\u021bi\u201d \u00een cimitirul Str\u0103ule\u0219ti.&lt;br \/&gt; &lt;\/div&gt; &lt;div&gt;&nbsp;&lt;\/div&gt; &lt;div&gt;Nici p\u00e2n\u0103 ast\u0103zi numele cu greutate din dosar nu au r\u0103spuns pentru atrocit\u0103\u021bile de atunci.&lt;br \/&gt; &lt;br \/&gt; &lt;\/div&gt; &lt;div&gt;Exist\u0103 un dosar penal deschis de procurorii militari. Printre cei acuza\u021bi de infrac\u021biuni contra umanit\u0103\u021bii se afl\u0103 fostul pre\u0219edinte Ion Iliescu, fostul premier Petre Roman \u0219i fostul director al SRI Virgil M\u0103gureanu.&lt;br \/&gt; &lt;br \/&gt; &lt;\/div&gt; &lt;div&gt;De asemenea, au fost pu\u0219i sub urm\u0103rire penal\u0103 Gelu Voican Voiculescu, fost viceprim-ministru al guvernului interimar al Rom\u00e2niei; Nicolae Dumitru, fost prim-vicepre\u0219edinte al Frontului Salv\u0103rii Na\u021bionale; general (rez.) Mugurel Cristian Florescu, fost adjunct al procurorului general al Rom\u00e2niei \u0219i \u0219ef al Direc\u021biei Procuraturilor Militare.&lt;\/div&gt; &lt;div&gt;&nbsp;&lt;\/div&gt; &lt;div&gt;\u00cen cauz\u0103, s-a mai dispus punerea \u00een mi\u0219care a ac\u021biunii penale fa\u021b\u0103 de amiral (rez.) Emil &#8220;Cico&#8221; Dumitrescu, fost membru al Consiliului Provizoriu de Uniune Na\u021bional\u0103 (CPUN) \u0219i \u0219ef al Direc\u021biei Generale de Cultur\u0103, Pres\u0103 \u0219i Sport din cadrul Ministerului de Interne; Cazemir Ionescu, fost vicepre\u0219edinte al CPUN; mogulul penal Adrian S\u00e2rbu, fost \u0219ef de cabinet \u0219i consilier al prim-ministrului; Miron Cozma, fost pre\u0219edinte al Biroului Executiv al Ligii Sindicatelor Miniere Libere &#8220;Valea Jiului&#8221;; Matei Drella, lider de sindicat la Exploatarea Minier\u0103 B\u0103rb\u0103teni; Cornel Pl\u0103ie\u0219 Burlec fost ministru adjunct la Ministerul Minelor; general (rez.) Vasile Dobrinoiu, fost comandant al \u0219colii Militare Superioare de Ofi\u021beri a Ministerului de Interne; general (rez.) Petre Petre, fost comandant al Unit\u0103\u021bii Militare 0575 M\u0103gurele, apar\u021bin\u00e2nd Ministerului de Interne.&lt;br \/&gt; &lt;br \/&gt; &lt;\/div&gt; &lt;div&gt;Din probatoriul administrat \u00een cauz\u0103 a rezultat c\u0103, \u00een perioada 11 \u2014 15 iunie 1990, inculpa\u021bii au aderat la atacul generalizat \u0219i sistematic lansat \u00eempotriva unei popula\u021bii civile, respectiv \u00eempotriva manifestan\u021bilor din Pia\u021ba Universit\u0103\u021bii din Bucure\u0219ti, precum \u0219i a popula\u021biei Capitalei, atac \u00een care a fost implicat\u0103 participarea for\u021belor armate ale Ministerului de Interne, Ministerului Ap\u0103r\u0103rii Na\u021bionale, Serviciului Rom\u00e2n de Informa\u021bii, precum \u0219i a unui num\u0103r de peste zece mii de mineri \u0219i al\u021bi muncitori din mai multe zone ale \u021b\u0103rii, sus\u021bin procurorii. &lt;\/div&gt; &lt;div&gt;&nbsp;&lt;\/div&gt; &lt;div&gt;Citi\u021bi &lt;a href=&#8221;http:\/\/www.activenews.ro\/stiri\/Crimele-din-13-15-Iunie-1990-povestite-de-martorii-lor.-Fenomenul-Piata-Universitatii-%E2%80%9ERebeliunea-Legionara-si-Mineriada-expuse-de-ActiveNews-in-exclusivitate.-EXPOZITIE-Online-DOCUMENTE-ale-Armatei-si-RECHIZITORIUL-Parchetului-Militar-167407&#8243; target=&#8221;_blank&#8221; rel=&#8221;&#8221;&gt;Crimele din 13-15 Iunie 1990 povestite de martorii lor. Fenomenul Pia\u021ba Universit\u0103\u021bii, \u201eRebeliunea Legionar\u0103\u201d \u0219i Mineriada expuse de ActiveNews \u00een exclusivitate. EXPOZI\u021aIE Online, DOCUMENTE ale Armatei \u0219i RECHIZITORIUL Parchetului Militar&lt;\/a&gt;&lt;\/div&gt; &lt;div&gt;&lt;a href=&#8221;http:\/\/www.activenews.ro\/stiri\/Crimele-din-13-15-Iunie-1990-povestite-de-martorii-lor.-Fenomenul-Piata-Universitatii-%E2%80%9ERebeliunea-Legionara-si-Mineriada-expuse-de-ActiveNews-in-exclusivitate.-EXPOZITIE-Online-DOCUMENTE-ale-Armatei-si-RECHIZITORIUL-Parchetului-Militar-167407&#8243; target=&#8221;_blank&#8221; rel=&#8221;&#8221;&gt;&lt;\/a&gt; &lt;br \/&gt; &lt;\/div&gt; &lt;div&gt;&lt;span style=&#8221;font-weight: bold;&#8221;&gt;O &lt;span style=&#8221;color: rgb(239, 0, 27);&#8221;&gt;GALERIE FOTO&lt;\/span&gt; a trei autori &#8211; Nic Hanu, Pascal Ilie Virgil \u0219i Victor Roncea &#8211; cu imagini de la evenimentul de peste 50 de zile, mai jos, dup\u0103 film\u0103rile despre acest moment (Expozi\u021bia a avut loc la &lt;a href=&#8221;http:\/\/muzeulbucurestiului.ro\/expo-uzpr-piata\/&#8221; target=&#8221;_blank&#8221; rel=&#8221;&#8221;&gt;Muzeul de Istorie a Bucure\u0219tilor&lt;\/a&gt; &#8211; Palatul Su\u021bu, &lt;a href=&#8221;http:\/\/palatulculturii.ro\/expozitii-si-evenimente\/-piaa-universitii-1990.-pe-urmele-printelui-justin-dublu-eveniment-la-muzeul-unirii-547&#8243; target=&#8221;_blank&#8221; rel=&#8221;&#8221;&gt;Muzeul Unirii din Ia\u0219i&lt;\/a&gt; \u0219i &lt;a href=&#8221;http:\/\/www.bursa.ro\/fenomenul-piata-universitatii-expus-de-nic-hanu-pascal-ilie-virgil-si-victor-roncea-a-ajuns-la-cetatea-rasnov-69870048&#8243; target=&#8221;_blank&#8221; rel=&#8221;&#8221;&gt;Festivalul de Film Istoric \u201eR\u0103zboi \u0219i Pace\u201d&lt;\/a&gt; de la Cetatea R\u00e2\u0219nov):&lt;\/span&gt;&lt;\/div&gt; &lt;p&gt;Crimele de la Mineriad\u0103 dezvaluite de martori oculari la expozi\u021bia Fenomenul Pia\u021ba Universit\u0103\u021bii &#8217;90: &lt;iframe src=&#8221;https:\/\/www.youtube.com\/embed\/3hYg5Sg0O0o&#8221; title=&#8221;YouTube video player&#8221; allow=&#8221;accelerometer; autoplay; clipboard-write; encrypted-media; gyroscope; picture-in-picture&#8221; allowfullscreen=&#8221;&#8221; width=&#8221;560&#8243; height=&#8221;315&#8243; frameborder=&#8221;0&#8243;&gt;&lt;\/iframe&gt;&lt;\/p&gt; &lt;p&gt;Victor Roncea la Radio Trinitas \u0219i Nic Hanu la Radio Rom\u00e2nia despre Fenomenul Pia\u021ba Universit\u0103\u021bii la Su\u021bu: &lt;iframe src=&#8221;https:\/\/www.youtube.com\/embed\/Rt4QvepuE20&#8243; title=&#8221;YouTube video player&#8221; allow=&#8221;accelerometer; autoplay; clipboard-write; encrypted-media; gyroscope; picture-in-picture&#8221; allowfullscreen=&#8221;&#8221; width=&#8221;560&#8243; height=&#8221;315&#8243; frameborder=&#8221;0&#8243;&gt;&lt;\/iframe&gt;&lt;\/p&gt;<\/div>\n<p>[analyse_source url=&#8221;https:\/\/www.activenews.ro\/cultura-istorie\/22-aprilie-1990-startul-Pietei-Universitatii.-In-urma-cu-36-de-ani-incepea-cea-mai-ampla-manifestatie-anticomunista-din-Europa-Centrala-si-de-Est.-VIDEO-si-GALERIE-FOTO-142781&#8243;]<\/p>\n","protected":false},"excerpt":{"rendered":"<p>[analyse_image type=&#8221;featured&#8221; src=&#8221;https:\/\/www.activenews.ro\/images\/articole\/142781.jpg&#8221;] &lt;iframe src=&#8221;https:\/\/www.youtube.com\/embed\/iIbzYMjQjDA&#8221; title=&#8221;YouTube video player&#8221; allow=&#8221;accelerometer; autoplay; clipboard-write; encrypted-media; gyroscope; picture-in-picture; web-share&#8221; allowfullscreen=&#8221;&#8221; width=&#8221;560&#8243; height=&#8221;315&#8243; frameborder=&#8221;0&#8243;&gt;&lt;\/iframe&gt; &lt;div&gt;&lt;span style=&#8221;font-weight: bold;&#8221;&gt;Pe 22 aprilie 1990, la 4 luni de la c\u0103derea comunismului, dup\u0103 un mar\u0219 cu un incident violent la adresa unui participant, manifestan\u021bii vin \u00een Pia\u021ba Universit\u0103\u021bii din Bucure\u0219ti, unul dintre locurile-simbol ale insurec\u021biei [&hellip;]<\/p>\n","protected":false},"author":1,"featured_media":0,"comment_status":"open","ping_status":"","sticky":false,"template":"","format":"standard","meta":{"footnotes":""},"categories":[89],"tags":[98,226],"class_list":["post-1896673","post","type-post","status-publish","format-standard","hentry","category-romania","tag-activenews-ro","tag-crawlmanager"],"_links":{"self":[{"href":"https:\/\/analyse.optim.biz\/index.php?rest_route=\/wp\/v2\/posts\/1896673","targetHints":{"allow":["GET"]}}],"collection":[{"href":"https:\/\/analyse.optim.biz\/index.php?rest_route=\/wp\/v2\/posts"}],"about":[{"href":"https:\/\/analyse.optim.biz\/index.php?rest_route=\/wp\/v2\/types\/post"}],"author":[{"embeddable":true,"href":"https:\/\/analyse.optim.biz\/index.php?rest_route=\/wp\/v2\/users\/1"}],"replies":[{"embeddable":true,"href":"https:\/\/analyse.optim.biz\/index.php?rest_route=%2Fwp%2Fv2%2Fcomments&post=1896673"}],"version-history":[{"count":0,"href":"https:\/\/analyse.optim.biz\/index.php?rest_route=\/wp\/v2\/posts\/1896673\/revisions"}],"wp:attachment":[{"href":"https:\/\/analyse.optim.biz\/index.php?rest_route=%2Fwp%2Fv2%2Fmedia&parent=1896673"}],"wp:term":[{"taxonomy":"category","embeddable":true,"href":"https:\/\/analyse.optim.biz\/index.php?rest_route=%2Fwp%2Fv2%2Fcategories&post=1896673"},{"taxonomy":"post_tag","embeddable":true,"href":"https:\/\/analyse.optim.biz\/index.php?rest_route=%2Fwp%2Fv2%2Ftags&post=1896673"}],"curies":[{"name":"wp","href":"https:\/\/api.w.org\/{rel}","templated":true}]}}