{"id":189643,"date":"2014-12-22T12:19:56","date_gmt":"2014-12-22T09:19:56","guid":{"rendered":"https:\/\/analyse.optim.biz\/?p=189643"},"modified":"2014-12-22T12:19:56","modified_gmt":"2014-12-22T09:19:56","slug":"toti-oamenii-presedintelui-cine-sunt-consilierii-lui-klaus-iohannis","status":"publish","type":"post","link":"https:\/\/analyse.optim.biz\/?p=189643","title":{"rendered":"To\u021bi oamenii pre\u0219edintelui. Cine sunt consilierii lui Klaus Iohannis?"},"content":{"rendered":"<div class=\"entry data-app-meta data-app-meta-article\" data-embed-base-url-canonical=\"https:\/\/www.digi24.ro\/embed\/stiri\/actualitate\/politica\/toti-oamenii-presedintelui-cine-sunt-consilierii-lui-klaus-iohannis-338152\">\n<p data-index=\"1\">George Scutaru va fi consilierul preziden\u0163ial pe probleme de securitate na\u0163ional\u0103, dup\u0103 ce \u015fi-a dat demisia din Parlament \u00een urm\u0103 cu c\u00e2teva zile.<strong> Membru al PNL din 2001, George Scutaru a condus organiza\u0163ia partidului din Buz\u0103u \u015fi era la al treilea mandat consecutiv de parlamentar. Absolvent al Facultatii de Istorie a Universit\u0103\u0163ii Bucure\u015fti, s-a specializat pe probleme de securitate.\u00a0<\/strong><\/p>\n<p data-index=\"2\">Andrei Muraru va fi consilier pentru rela\u0163ia cu societatea civil\u0103 \u015fi autorit\u0103\u0163ile publice. A fost pre\u015fedinte al Institutului pentru Investigarea Crimelor Comunismului.<\/p>\n<p data-index=\"3\"><strong>\u00cen mandatul s\u0103u, institu\u0163ia a demsacat mai mul\u0163i tor\u0163ionari din perioada comunist\u0103, \u00eempotriva c\u0103rora au fost deschise \u015fi anchete penale. Din 2006, a fost timp de un an consilier al premierului C\u0103lin Popescu T\u0103riceanu. L-a sf\u0103tuit pe Klaus Iohannis \u015fi \u00een timpul campaniei electorale.\u00a0<\/strong><\/p>\n<p data-index=\"4\">Puternic contestat de opinia public\u0103, Dan Mihalache se reg\u0103se\u015fte \u00een cele din urm\u0103 \u00een echipa de consilieri a pre\u015fedintelui, \u015fi chiar \u015fef al Cancelariei preziden\u0163iale.<strong> \u00cen ultima perioad\u0103 a fost secretar general adjunct al PNL.<\/strong> Dan Mihalache a fost jurnalist, \u00een anii &#8217;90 \u015fi membru al partidului lui Teodor Mele\u015fcan. I-a consiliat anterior at\u00e2t pe Adrian N\u0103stase c\u00e2t \u015fi pe Crin Antonescu<strong>. A pierdut pozi\u0163ia de secretar general adjunct al Guvernului Ponta dup\u0103 ce a spus c\u0103, dac\u0103 parteneriatul cu statele unite depinde de existen\u0163a ANI, atunci &#8220;mai bine f\u0103r\u0103&#8221;<\/strong>.<\/p>\n<p data-index=\"5\"><strong>Fostul comisar european pentru multilingvism, Leonard Orban, a fost cooptat \u015fi el \u00een echipa noului pre\u015fedinte, pentru domeniul afacerilor europene.<\/strong> A fost secretar de stat \u00een Ministerul Integr\u0103rii Europene \u015fi ministru al Afacerilor Europene \u00een guvernele Boc, Ungureanu \u015fi primul Executiv Ponta. A mai fost \u015fi consilier preziden\u0163ial al pre\u015fedintelui Traian B\u0103sescu.<\/p>\n<p data-index=\"6\"><strong>De Externe se va ocupa fostul ministru din 2008, Laz\u0103r Com\u0103nescu.<\/strong> A fost in ultimii ani ambasador al Rom\u00e2niei \u00een Germania. \u015ei-a \u00eenceput cariera \u00een urm\u0103 cu 42 de ani perioad\u0103 \u00een care a urcat treptat in ierarhia Ministerului de Externe, din poyitia de consilier pina la cea de ambasador, secretar de stat si ministru.<\/p>\n<p data-index=\"7\">D<strong>e mediul de afaceri se va ocupa Cosmin Marinescu. Este \u00een acest moment conferen\u0163iar universitar la ASE, dar a mai ocupat func\u0163ii politice. A fost consilierul ministrului de Finan\u0163e Daniel Chi\u0163oiu.<\/strong><\/p>\n<p data-index=\"8\">Tatiana Niculescu Bran, scriitoare \u015fi fost jurnalist BBC, va fi purt\u0103torul de cuv\u00e2nt al lui Klaus Iohannis. Departamentul de Protocol va fi condus \u00een continuare de actualul consilier de stat al lui Traian B\u0103sescu, Delia Dinu. Compartimentul constitu\u0163ional -legislativ va fi coordonat de Simina T\u0103n\u0103sescu, profesor universitar, doctor \u00een drept constitu\u0163ional. Iar Laurentiu Stefan, fost consilier politic al ambasadei SUA, ar putea deveni consilier prezidential pentru analiz\u0103 politic\u0103.<\/p>\n<\/div>\n<p> Source URL: https:\/\/www.digi24.ro\/stiri\/actualitate\/politica\/toti-oamenii-presedintelui-cine-sunt-consilierii-lui-klaus-iohannis-338152<\/p>\n","protected":false},"excerpt":{"rendered":"<p>George Scutaru va fi consilierul preziden\u0163ial pe probleme de securitate na\u0163ional\u0103, dup\u0103 ce \u015fi-a dat demisia din Parlament \u00een urm\u0103 cu c\u00e2teva zile. Membru al PNL din 2001, George Scutaru a condus organiza\u0163ia partidului din Buz\u0103u \u015fi era la al treilea mandat consecutiv de parlamentar. Absolvent al Facultatii de Istorie a Universit\u0103\u0163ii Bucure\u015fti, s-a specializat [&hellip;]<\/p>\n","protected":false},"author":1,"featured_media":189644,"comment_status":"open","ping_status":"","sticky":false,"template":"","format":"standard","meta":{"footnotes":""},"categories":[2],"tags":[11],"class_list":["post-189643","post","type-post","status-publish","format-standard","has-post-thumbnail","hentry","category-politics","tag-digi24"],"_links":{"self":[{"href":"https:\/\/analyse.optim.biz\/index.php?rest_route=\/wp\/v2\/posts\/189643","targetHints":{"allow":["GET"]}}],"collection":[{"href":"https:\/\/analyse.optim.biz\/index.php?rest_route=\/wp\/v2\/posts"}],"about":[{"href":"https:\/\/analyse.optim.biz\/index.php?rest_route=\/wp\/v2\/types\/post"}],"author":[{"embeddable":true,"href":"https:\/\/analyse.optim.biz\/index.php?rest_route=\/wp\/v2\/users\/1"}],"replies":[{"embeddable":true,"href":"https:\/\/analyse.optim.biz\/index.php?rest_route=%2Fwp%2Fv2%2Fcomments&post=189643"}],"version-history":[{"count":0,"href":"https:\/\/analyse.optim.biz\/index.php?rest_route=\/wp\/v2\/posts\/189643\/revisions"}],"wp:featuredmedia":[{"embeddable":true,"href":"https:\/\/analyse.optim.biz\/index.php?rest_route=\/wp\/v2\/media\/189644"}],"wp:attachment":[{"href":"https:\/\/analyse.optim.biz\/index.php?rest_route=%2Fwp%2Fv2%2Fmedia&parent=189643"}],"wp:term":[{"taxonomy":"category","embeddable":true,"href":"https:\/\/analyse.optim.biz\/index.php?rest_route=%2Fwp%2Fv2%2Fcategories&post=189643"},{"taxonomy":"post_tag","embeddable":true,"href":"https:\/\/analyse.optim.biz\/index.php?rest_route=%2Fwp%2Fv2%2Ftags&post=189643"}],"curies":[{"name":"wp","href":"https:\/\/api.w.org\/{rel}","templated":true}]}}