{"id":1896427,"date":"2026-04-22T06:35:02","date_gmt":"2026-04-22T03:35:02","guid":{"rendered":"https:\/\/analyse.optim.biz\/?p=1896427"},"modified":"2026-04-22T06:35:02","modified_gmt":"2026-04-22T03:35:02","slug":"o-primarie-din-alba-cu-doar-10-angajati-a-platit-38-de-abonamente-telefonice-factura-de-peste-100-000-de-lei-din-bani-publici-descoperita-de-curtea-de-conturi","status":"publish","type":"post","link":"https:\/\/analyse.optim.biz\/?p=1896427","title":{"rendered":"O prim\u0103rie din Alba cu doar 10 angaja\u021bi a pl\u0103tit 38 de abonamente telefonice: factur\u0103 de peste 100.000 de lei din bani publici, descoperit\u0103 de Curtea de Conturi"},"content":{"rendered":"<p>[analyse_image type=&#8221;featured&#8221; src=&#8221;https:\/\/media.realitatea.net\/multimedia\/image\/202602\/w1920\/telefon_33f7de333d.jpg&#8221;]<\/p>\n<div class=\"article-box-content\">\n&lt;!&#8211;            <\/p>\n<div class=\"article-box-content\" role=\"section\" aria-label=\"Con&#539;inutul articolului\">&#8211;&gt;<\/p>\n<div id=\"digital-atelier-mobile\"><\/div>\n<div id=\"permanent-position-before-content\"><\/div>\n<div id=\"digital-atelier-desktop\"><\/div>\n<div class=\"realitatea-article-content-box\">\n<p>Potrivit raportului, \u00een perioada noiembrie 2023 &#8211; noiembrie 2025, institu\u021bia a majorat nelegal cheltuielile cu bunuri \u0219i servicii cu peste 114.000 de lei, \u00een principal prin decontarea a 38 de abonamente de telefonie mobil\u0103, de\u0219i \u00een cadrul prim\u0103riei figureaz\u0103 doar 10 angaja\u021bi. Valoarea acestor abonamente a fost de 113.594,59 lei. Inspectorii au constatat \u0219i dep\u0103\u0219irea plafonului legal de 35 de lei per abonament, stabilit prin Legea nr. 296\/2023, fiind decontat\u0103 suplimentar suma de 902,59 lei peste limita permis\u0103.<\/p>\n<div id=\"adocean-mobile-positon\">\n<div data-ao-pid=\"1s3nVeO8d7fVQQxZ8qBwmwF8nJdHUjAHhp2PqUhQfRb.D7\"><\/div>\n<\/p><\/div>\n<p>Raportul indic\u0103 \u0219i nerespectarea prevederilor legale privind achizi\u021biile publice \u00een perioada 2021-2025. Printre nereguli se num\u0103r\u0103 lipsa elabor\u0103rii \u0219i actualiz\u0103rii programului anual al achizi\u021biilor publice, nepublicarea unor achizi\u021bii \u00een SEAP \u0219i ne\u00eentocmirea documentelor justificative necesare. \u00cen acela\u0219i interval, au fost identificate achizi\u021bii directe \u00een valoare de aproximativ 8,7 milioane de lei pentru care nu au fost transmise notific\u0103ri \u00een SEAP, contrar prevederilor legale.<\/p>\n<div id=\"truvid-mobile-postion\"><\/div>\n<div id=\"adocean-desktop-positon\">\n<div data-ao-pid=\"1s3nVeO8d7fVQQxZ8qBwmwF8nJdHUjAHhp2PqUhQfRb.D7\"><\/div>\n<\/div>\n<h2>Amenzi aplicate de Camera de Conturi<\/h2>\n<p>Pentru abaterile privind achizi\u021biile publice, autoritatea local\u0103 a fost sanc\u021bionat\u0103 cu o amend\u0103 de 5.000 de lei. Totodat\u0103, inspectorii au constatat c\u0103 institu\u021bia nu a respectat regulile privind controlul financiar preventiv, cheltuielile fiind angajate \u0219i pl\u0103tite f\u0103r\u0103 viza prealabil\u0103 obligatorie. Pentru aceast\u0103 abatere a fost aplicat\u0103 o amend\u0103 de 2.500 de lei, conform <a href=\"https:\/\/ziarulunirea.ro\/o-primarie-din-alba-a-descoperit-comunicarea-fara-numar-pe-bani-publici-38-de-abonamente-de-telefonie-mobila-la-10-angajati-in-valoare-de-peste-100-000-lei-989749\/\" target=\"_blank\" rel=\"noopener\">presei locale.<\/a><\/p>\n<p>Valoarea total\u0103 a sanc\u021biunilor aplicate \u00een urma controlului se ridic\u0103 la 7.500 de lei. Raportul relev\u0103 probleme legate at\u00e2t de gestionarea cheltuielilor publice, c\u00e2t \u0219i de respectarea procedurilor legale \u00een activitatea administra\u021biei locale.<\/p>\n<div id=\"truvid-desktop-postion\"><\/div>\n<\/div>\n<div data-ao-pid=\"acVcznEUnS79iL7oRf2OfNAAE8XviPKkQ6AW09XriFv.87\"><\/div>\n<div class=\"realitatea-add\">\n<div class=\"realitatea-in-article-partner\"><\/div>\n<\/div>\n<div class=\"realitatea-partners-news realitatea-partners-design\">\n<hr class=\"realitatea-partners-news-hr\">\n<div class=\"d-flex justify-content-center w-100 flex-row mt-5 mb-5\">\n                                <!--  &amp; \/32628511\/Realitatea.netV2_articol_mobile\/300x250_1 --><\/p>\n<div id=\"div-gpt-ad-1625071005196-0\"><\/div>\n<\/p><\/div>\n<hr class=\"realitatea-partners-news-hr\">\n<article class>\n<div class=\"article-box-image\">\n<figure>\n                    <a href=\"https:\/\/www.tabu.ro\/designerul-care-a-socat-cu-o-colectie-inspirata-din-tragedia-de-la-colectiv-a-murit-la-doar-42-de-ani\/\" data-href=\"\/\/locale.realitatea.net\/2026\/04\/c2fa3a143eb31f2c6066b5b4832e3c96.jpg\" class=\"progressive replace\" title=\"Designerul care a \u0219ocat cu o colec\u021bie inspirat\u0103 din tragedia de la Colectiv a murit la doar 42 de ani\" rel=\"noopener external nofollow\" target=\"_blank\"><br \/>\n                                    <img decoding=\"async\" src=\"https:\/\/media.realitatea.net\/multimedia\/placeholder\/placeholder-article.webp\" class=\"preview w-100\" alt=\"Articol partener\"><br \/>\n                    <\/a><br \/>\n                <\/figure>\n<\/p><\/div>\n<div class=\"article-box-section\">\n<h3>TABU.RO<\/h3>\n<\/p><\/div>\n<div class=\"article-box-title\">\n                <a href=\"https:\/\/www.tabu.ro\/designerul-care-a-socat-cu-o-colectie-inspirata-din-tragedia-de-la-colectiv-a-murit-la-doar-42-de-ani\/\" title=\"Designerul care a \u0219ocat cu o colec\u021bie inspirat\u0103 din tragedia de la Colectiv a murit la doar 42 de ani\" rel=\"noopener external nofollow\" target=\"_blank\"><br \/>\n                    <span>Designerul care a \u0219ocat cu o colec\u021bie inspirat\u0103 din tragedia de la Colectiv a murit la doar 42 de ani<\/span><br \/>\n                <\/a>\n            <\/div>\n<\/article>\n<hr class=\"realitatea-partners-news-hr\">\n            <\/div>\n<\/p><\/div>\n<div class=\"articleBody\" data-key=\"articleBody\">Potrivit raportului, in perioada noiembrie 2023 &#8211; noiembrie 2025, institutia a majorat nelegal cheltuielile cu bunuri si servicii cu peste 114.000 de lei, in principal prin decontarea a 38 de abonamente de telefonie mobila, desi in cadrul primariei figureaza doar 10 angajati. Valoarea acestor abonamente a fost de 113.594,59 lei. Inspectorii au constatat si depasirea plafonului legal de 35 de lei per abonament, stabilit prin Legea nr. 296\/2023, fiind decontata suplimentar suma de 902,59 lei peste limita permisa.Raportul indica si nerespectarea prevederilor legale privind achizitiile publice in perioada 2021-2025. Printre nereguli se numara lipsa elaborarii si actualizarii programului anual al achizitiilor publice, nepublicarea unor achizitii in SEAP si neintocmirea documentelor justificative necesare. In acelasi interval, au fost identificate achizitii directe in valoare de aproximativ 8,7 milioane de lei pentru care nu au fost transmise notificari in SEAP, contrar prevederilor legale.Amenzi aplicate de Camera de ConturiPentru abaterile privind achizitiile publice, autoritatea locala a fost sanctionata cu o amenda de 5.000 de lei. Totodata, inspectorii au constatat ca institutia nu a respectat regulile privind controlul financiar preventiv, cheltuielile fiind angajate si platite fara viza prealabila obligatorie. Pentru aceasta abatere a fost aplicata o amenda de 2.500 de lei, conform presei locale.Valoarea totala a sanctiunilor aplicate in urma controlului se ridica la 7.500 de lei. Raportul releva probleme legate atat de gestionarea cheltuielilor publice, cat si de respectarea procedurilor legale in activitatea administratiei locale.<\/div>\n<\/p>\n<p>[analyse_source url=&#8221;https:\/\/www.realitatea.net\/stiri\/actual\/o-primarie-din-alba-cu-doar-10-angajati-a-platit-38-de-abonamente-telefonice-factura-de-peste-100000-de-lei-din-bani-publici-descoperita-de-curtea-de-conturi_69e86c16d66846270932afd6&#8243;]<\/p>\n","protected":false},"excerpt":{"rendered":"<p>[analyse_image type=&#8221;featured&#8221; src=&#8221;https:\/\/media.realitatea.net\/multimedia\/image\/202602\/w1920\/telefon_33f7de333d.jpg&#8221;] &lt;!&#8211; &#8211;&gt; Potrivit raportului, \u00een perioada noiembrie 2023 &#8211; noiembrie 2025, institu\u021bia a majorat nelegal cheltuielile cu bunuri \u0219i servicii cu peste 114.000 de lei, \u00een principal prin decontarea a 38 de abonamente de telefonie mobil\u0103, de\u0219i \u00een cadrul prim\u0103riei figureaz\u0103 doar 10 angaja\u021bi. Valoarea acestor abonamente a fost de 113.594,59 lei. [&hellip;]<\/p>\n","protected":false},"author":1,"featured_media":0,"comment_status":"open","ping_status":"","sticky":false,"template":"","format":"standard","meta":{"footnotes":""},"categories":[89],"tags":[226,15],"class_list":["post-1896427","post","type-post","status-publish","format-standard","hentry","category-romania","tag-crawlmanager","tag-realitatea-net"],"_links":{"self":[{"href":"https:\/\/analyse.optim.biz\/index.php?rest_route=\/wp\/v2\/posts\/1896427","targetHints":{"allow":["GET"]}}],"collection":[{"href":"https:\/\/analyse.optim.biz\/index.php?rest_route=\/wp\/v2\/posts"}],"about":[{"href":"https:\/\/analyse.optim.biz\/index.php?rest_route=\/wp\/v2\/types\/post"}],"author":[{"embeddable":true,"href":"https:\/\/analyse.optim.biz\/index.php?rest_route=\/wp\/v2\/users\/1"}],"replies":[{"embeddable":true,"href":"https:\/\/analyse.optim.biz\/index.php?rest_route=%2Fwp%2Fv2%2Fcomments&post=1896427"}],"version-history":[{"count":0,"href":"https:\/\/analyse.optim.biz\/index.php?rest_route=\/wp\/v2\/posts\/1896427\/revisions"}],"wp:attachment":[{"href":"https:\/\/analyse.optim.biz\/index.php?rest_route=%2Fwp%2Fv2%2Fmedia&parent=1896427"}],"wp:term":[{"taxonomy":"category","embeddable":true,"href":"https:\/\/analyse.optim.biz\/index.php?rest_route=%2Fwp%2Fv2%2Fcategories&post=1896427"},{"taxonomy":"post_tag","embeddable":true,"href":"https:\/\/analyse.optim.biz\/index.php?rest_route=%2Fwp%2Fv2%2Ftags&post=1896427"}],"curies":[{"name":"wp","href":"https:\/\/api.w.org\/{rel}","templated":true}]}}