{"id":1896422,"date":"2026-04-22T06:32:18","date_gmt":"2026-04-22T03:32:18","guid":{"rendered":"https:\/\/analyse.optim.biz\/?p=1896422"},"modified":"2026-04-22T06:32:18","modified_gmt":"2026-04-22T03:32:18","slug":"escaladare-in-orientul-mijlociu-iranul-ataca-nave-comerciale-in-stramtoarea-hormuz","status":"publish","type":"post","link":"https:\/\/analyse.optim.biz\/?p=1896422","title":{"rendered":"Escaladare \u00een Orientul Mijlociu. Iranul atac\u0103 nave comerciale \u00een Str\u00e2mtoarea Hormuz"},"content":{"rendered":"<p>[analyse_image type=&#8221;featured&#8221; src=&#8221;https:\/\/media.realitatea.net\/multimedia\/image\/202603\/w1920\/profimedia-0869202910_f5a2a44b2a.jpg&#8221;]<\/p>\n<div class=\"article-box-content\">\n&lt;!&#8211;            <\/p>\n<div class=\"article-box-content\" role=\"section\" aria-label=\"Con&#539;inutul articolului\">&#8211;&gt;<\/p>\n<div id=\"digital-atelier-mobile\"><\/div>\n<div id=\"permanent-position-before-content\"><\/div>\n<div id=\"digital-atelier-desktop\"><\/div>\n<div class=\"realitatea-article-content-box\">\n<p data-path-to-node=\"3\">Un nou incident armat a avut loc miercuri diminea\u021b\u0103 \u00een apropierea Str\u00e2mtorii Ormuz, unde o nav\u0103 portcontainer a devenit \u021binta unui atac direct lansat de for\u021bele paramilitare iraniene. Incidentul marcheaz\u0103 o nou\u0103 etap\u0103 de escaladare \u00eentr-o regiune deja m\u0103cinat\u0103 de conflicte diplomatice \u0219i militare.<\/p>\n<div id=\"adocean-mobile-positon\">\n<div data-ao-pid=\"1s3nVeO8d7fVQQxZ8qBwmwF8nJdHUjAHhp2PqUhQfRb.D7\"><\/div>\n<\/p><\/div>\n<h2 data-path-to-node=\"4\">Atac f\u0103r\u0103 avertisment \u00een largul Omanului<\/h2>\n<p data-path-to-node=\"5\">Potrivit raportului transmis de Organiza\u021bia pentru Opera\u021biuni Comerciale Maritime din Regatul Unit (UKMTO), c\u0103pitanul navei a relatat c\u0103 vasul a fost interceptat de o ambarca\u021biune militar\u0103 apar\u021bin\u00e2nd Gardienilor Revolu\u021biei Islamice din Iran. Atacul s-a produs brusc, f\u0103r\u0103 niciun avertisment prealabil prin radio pe frecven\u021ba oficial\u0103 VHF.<\/p>\n<p data-path-to-node=\"6\">Focul deschis asupra navei a provocat avarii grave la puntea de comand\u0103, \u00eens\u0103, din fericire, autorit\u0103\u021bile britanice au confirmat c\u0103 to\u021bi membrii echipajului sunt \u00een siguran\u021b\u0103. \u00cen urma incidentului nu au izbucnit incendii \u0219i nu au fost detectate scurgeri care s\u0103 afecteze mediul marin.<\/p>\n<div id=\"truvid-mobile-postion\"><\/div>\n<div id=\"adocean-desktop-positon\">\n<div data-ao-pid=\"1s3nVeO8d7fVQQxZ8qBwmwF8nJdHUjAHhp2PqUhQfRb.D7\"><\/div>\n<\/div>\n<h2 data-path-to-node=\"7\">Contextul unei crize globale \u00een transport<\/h2>\n<p data-path-to-node=\"8\">Acest atac nu este unul izolat, ci survine pe fondul unei strategii a Teheranului de a restric\u021biona circula\u021bia prin Str\u00e2mtoarea Ormuz, punct vital pentru comer\u021bul mondial. Tensiunile au explodat dup\u0103 atacurile lansate de Statele Unite \u0219i Israel asupra unor \u021binte din Iran la finalul lunii februarie, ac\u021biuni care au atras promisiuni de represalii dure din partea regimului iranian.<\/p>\n<h2 data-path-to-node=\"9\">Blocaj maritim \u0219i presiuni economice<\/h2>\n<p data-path-to-node=\"10\">\u00cen prezent, traficul maritim \u00een zon\u0103 se afl\u0103 \u00eentr-un punct critic, aproape de un blocaj total. Situa\u021bia este alimentat\u0103 de dou\u0103 for\u021be opuse. Ac\u021biunile Iranului: Incidente armate \u0219i \u00eencerc\u0103ri de control asupra rutelor comerciale. Sanc\u021biunile SUA: Restric\u021bii severe impuse navelor care au f\u0103cut escal\u0103 \u00een porturi iraniene, m\u0103sur\u0103 menit\u0103 s\u0103 sufoce schimburile comerciale ale Teheranului.<\/p>\n<div id=\"truvid-desktop-postion\"><\/div>\n<\/div>\n<div data-ao-pid=\"acVcznEUnS79iL7oRf2OfNAAE8XviPKkQ6AW09XriFv.87\"><\/div>\n<div class=\"realitatea-add\">\n<div class=\"realitatea-in-article-partner\"><\/div>\n<\/div>\n<div class=\"realitatea-partners-news realitatea-partners-design\">\n<hr class=\"realitatea-partners-news-hr\">\n<div class=\"d-flex justify-content-center w-100 flex-row mt-5 mb-5\">\n                                <!--  &amp; \/32628511\/Realitatea.netV2_articol_mobile\/300x250_1 --><\/p>\n<div id=\"div-gpt-ad-1625071005196-0\"><\/div>\n<\/p><\/div>\n<hr class=\"realitatea-partners-news-hr\">\n<article class>\n<div class=\"article-box-image\">\n<figure>\n                    <a href=\"https:\/\/www.tabu.ro\/designerul-care-a-socat-cu-o-colectie-inspirata-din-tragedia-de-la-colectiv-a-murit-la-doar-42-de-ani\/\" data-href=\"\/\/locale.realitatea.net\/2026\/04\/c2fa3a143eb31f2c6066b5b4832e3c96.jpg\" class=\"progressive replace\" title=\"Designerul care a \u0219ocat cu o colec\u021bie inspirat\u0103 din tragedia de la Colectiv a murit la doar 42 de ani\" rel=\"noopener external nofollow\" target=\"_blank\"><br \/>\n                                    <img decoding=\"async\" src=\"https:\/\/media.realitatea.net\/multimedia\/placeholder\/placeholder-article.webp\" class=\"preview w-100\" alt=\"Articol partener\"><br \/>\n                    <\/a><br \/>\n                <\/figure>\n<\/p><\/div>\n<div class=\"article-box-section\">\n<h3>TABU.RO<\/h3>\n<\/p><\/div>\n<div class=\"article-box-title\">\n                <a href=\"https:\/\/www.tabu.ro\/designerul-care-a-socat-cu-o-colectie-inspirata-din-tragedia-de-la-colectiv-a-murit-la-doar-42-de-ani\/\" title=\"Designerul care a \u0219ocat cu o colec\u021bie inspirat\u0103 din tragedia de la Colectiv a murit la doar 42 de ani\" rel=\"noopener external nofollow\" target=\"_blank\"><br \/>\n                    <span>Designerul care a \u0219ocat cu o colec\u021bie inspirat\u0103 din tragedia de la Colectiv a murit la doar 42 de ani<\/span><br \/>\n                <\/a>\n            <\/div>\n<\/article>\n<hr class=\"realitatea-partners-news-hr\">\n            <\/div>\n<\/p><\/div>\n<div class=\"articleBody\" data-key=\"articleBody\">Un nou incident armat a avut loc miercuri dimineata in apropierea Stramtorii Ormuz, unde o nava portcontainer a devenit tinta unui atac direct lansat de fortele paramilitare iraniene. Incidentul marcheaza o noua etapa de escaladare intr-o regiune deja macinata de conflicte diplomatice si militare.Atac fara avertisment in largul OmanuluiPotrivit raportului transmis de Organizatia pentru Operatiuni Comerciale Maritime din Regatul Unit (UKMTO), capitanul navei a relatat ca vasul a fost interceptat de o ambarcatiune militara apartinand Gardienilor Revolutiei Islamice din Iran. Atacul s-a produs brusc, fara niciun avertisment prealabil prin radio pe frecventa oficiala VHF.Focul deschis asupra navei a provocat avarii grave la puntea de comanda, insa, din fericire, autoritatile britanice au confirmat ca toti membrii echipajului sunt in siguranta. In urma incidentului nu au izbucnit incendii si nu au fost detectate scurgeri care sa afecteze mediul marin.Contextul unei crize globale in transportAcest atac nu este unul izolat, ci survine pe fondul unei strategii a Teheranului de a restrictiona circulatia prin Stramtoarea Ormuz, punct vital pentru comertul mondial. Tensiunile au explodat dupa atacurile lansate de Statele Unite si Israel asupra unor tinte din Iran la finalul lunii februarie, actiuni care au atras promisiuni de represalii dure din partea regimului iranian.Blocaj maritim si presiuni economiceIn prezent, traficul maritim in zona se afla intr-un punct critic, aproape de un blocaj total. Situatia este alimentata de doua forte opuse. Actiunile Iranului: Incidente armate si incercari de control asupra rutelor comerciale. Sanctiunile SUA: Restrictii severe impuse navelor care au facut escala in porturi iraniene, masura menita sa sufoce schimburile comerciale ale Teheranului.<\/div>\n<\/p>\n<p>[analyse_source url=&#8221;https:\/\/www.realitatea.net\/stiri\/actual\/escaladare-in-orientul-mijlociu-iranul-ataca-nave-comerciale-in-stramtoarea-hormuz_69e86b722f31965acb417652&#8243;]<\/p>\n","protected":false},"excerpt":{"rendered":"<p>[analyse_image type=&#8221;featured&#8221; src=&#8221;https:\/\/media.realitatea.net\/multimedia\/image\/202603\/w1920\/profimedia-0869202910_f5a2a44b2a.jpg&#8221;] &lt;!&#8211; &#8211;&gt; Un nou incident armat a avut loc miercuri diminea\u021b\u0103 \u00een apropierea Str\u00e2mtorii Ormuz, unde o nav\u0103 portcontainer a devenit \u021binta unui atac direct lansat de for\u021bele paramilitare iraniene. Incidentul marcheaz\u0103 o nou\u0103 etap\u0103 de escaladare \u00eentr-o regiune deja m\u0103cinat\u0103 de conflicte diplomatice \u0219i militare. Atac f\u0103r\u0103 avertisment \u00een largul Omanului [&hellip;]<\/p>\n","protected":false},"author":1,"featured_media":0,"comment_status":"open","ping_status":"","sticky":false,"template":"","format":"standard","meta":{"footnotes":""},"categories":[89],"tags":[226,15],"class_list":["post-1896422","post","type-post","status-publish","format-standard","hentry","category-romania","tag-crawlmanager","tag-realitatea-net"],"_links":{"self":[{"href":"https:\/\/analyse.optim.biz\/index.php?rest_route=\/wp\/v2\/posts\/1896422","targetHints":{"allow":["GET"]}}],"collection":[{"href":"https:\/\/analyse.optim.biz\/index.php?rest_route=\/wp\/v2\/posts"}],"about":[{"href":"https:\/\/analyse.optim.biz\/index.php?rest_route=\/wp\/v2\/types\/post"}],"author":[{"embeddable":true,"href":"https:\/\/analyse.optim.biz\/index.php?rest_route=\/wp\/v2\/users\/1"}],"replies":[{"embeddable":true,"href":"https:\/\/analyse.optim.biz\/index.php?rest_route=%2Fwp%2Fv2%2Fcomments&post=1896422"}],"version-history":[{"count":0,"href":"https:\/\/analyse.optim.biz\/index.php?rest_route=\/wp\/v2\/posts\/1896422\/revisions"}],"wp:attachment":[{"href":"https:\/\/analyse.optim.biz\/index.php?rest_route=%2Fwp%2Fv2%2Fmedia&parent=1896422"}],"wp:term":[{"taxonomy":"category","embeddable":true,"href":"https:\/\/analyse.optim.biz\/index.php?rest_route=%2Fwp%2Fv2%2Fcategories&post=1896422"},{"taxonomy":"post_tag","embeddable":true,"href":"https:\/\/analyse.optim.biz\/index.php?rest_route=%2Fwp%2Fv2%2Ftags&post=1896422"}],"curies":[{"name":"wp","href":"https:\/\/api.w.org\/{rel}","templated":true}]}}